{"id":1006657,"date":"2019-10-21T13:17:07","date_gmt":"2019-10-21T10:17:07","guid":{"rendered":"https:\/\/darkamazi.site\/?p=1006657"},"modified":"2019-10-21T13:17:07","modified_gmt":"2019-10-21T10:17:07","slug":"guney-kurdistanda-4300-yillik-saray-bulundu","status":"publish","type":"post","link":"https:\/\/darkamazi.site\/archives\/1006657","title":{"rendered":"G\u00dcNEY K\u00dcRD\u0130STANDA 4300 YILLIK SARAY BULUNDU"},"content":{"rendered":"<h2><strong>CNN\u2019in haberine g\u00f6re G\u00fcney K\u00fcrdistan\u2019da Mittani d\u00f6nemine ait 4.300 y\u0131ll\u0131k eski bir saray bulundu. <\/strong><\/h2>\n<p>Kemun sitesinde bulunan eski yap\u0131, Musul baraj\u0131n\u0131n in\u015fas\u0131 nedeniyle sular alt\u0131nda kalm\u0131\u015ft\u0131. Baraj suyunun \u00e7ekilmesiyle birlikte ortaya \u00e7\u0131kan tarihi eser arkeologlar\u0131 harekete ge\u00e7irdi. K\u00fcrt ve Alman arkeologlar kemun sitesinde bulunan eski yap\u0131 \u00fczerinde \u00e7al\u0131\u015fmaya ba\u015flad\u0131lar. K\u00fcrt arkeolog Hasan Ahmet Qas\u0131m, bronz \u00e7a\u011f\u0131na ait kal\u0131nt\u0131lar i\u00e7in; \u201cSon y\u0131llarda G\u00fcney K\u00fcrdistan da bulunan en \u00f6nemli arkeolojik ke\u015fiflerden biri\u201d dedi.<\/p>\n<p>CNN international\u2019in haberine g\u00f6re, saray Mittani\u2019lerin b\u00f6lgede egemen oldu\u011fu d\u00f6neme ait. Bu ke\u015fif Mittani uygarl\u0131\u011f\u0131 hakk\u0131nda daha fazla bilgi edinmeye vesile olacak. Saray\u0131n baz\u0131 b\u00f6l\u00fcmleri, ola\u011fan\u00fcst\u00fc bir \u015fekilde korundu\u011fu ifade ediliyor. \u00d6zellikle o d\u00f6neme ait saraylar\u0131n karakteristik \u00f6zelli\u011fi olan mavi ve k\u0131rm\u0131z\u0131 tonlardaki duvar resimleri, \u00fczerleri yaz\u0131l\u0131 olan kil tabletler de bunlar aras\u0131nda yer al\u0131yor.<\/p>\n<p>Saray, ba\u015flang\u0131\u00e7ta Dicle nehrine 100 m kadar mesafede ki y\u00fcksek\u00e7e bir noktada bulunuyordu. Duvarlar\u0131 2 m kal\u0131nl\u0131\u011f\u0131nda ve 7 m y\u00fcksekli\u011finde. Ara\u015ft\u0131rmac\u0131lar, tabletlerdeki yaz\u0131lar\u0131n yard\u0131m\u0131 ile Mittani uygarl\u0131\u011f\u0131n\u0131n i\u00e7yap\u0131s\u0131, ekonomik \u00f6rg\u00fctlemesi, ba\u015fkenti ve kom\u015fu b\u00f6lgelerin idari merkezleri hakk\u0131nda bilgi elde edebileceklerini, s\u00f6yl\u00fcyorlar.<\/p>\n<p>&nbsp;<\/p>\n","protected":false},"excerpt":{"rendered":"<p>CNN\u2019in haberine g\u00f6re G\u00fcney K\u00fcrdistan\u2019da Mittani d\u00f6nemine ait 4.300 y\u0131ll\u0131k eski bir saray bulundu. Kemun sitesinde bulunan eski yap\u0131, Musul baraj\u0131n\u0131n in\u015fas\u0131 nedeniyle sular alt\u0131nda kalm\u0131\u015ft\u0131. Baraj suyunun \u00e7ekilmesiyle birlikte ortaya \u00e7\u0131kan tarihi eser arkeologlar\u0131 harekete ge\u00e7irdi. K\u00fcrt ve Alman arkeologlar kemun sitesinde bulunan eski yap\u0131 \u00fczerinde \u00e7al\u0131\u015fmaya ba\u015flad\u0131lar. K\u00fcrt arkeolog Hasan Ahmet Qas\u0131m, bronz [&hellip;]<\/p>\n","protected":false},"author":2,"featured_media":1006658,"comment_status":"closed","ping_status":"closed","sticky":false,"template":"","format":"standard","meta":{"footnotes":""},"categories":[4],"tags":[31],"class_list":["post-1006657","post","type-post","status-publish","format-standard","has-post-thumbnail","hentry","category-yasamdan","tag-onemli"],"blocksy_meta":[],"seo_head":"<!-- This site is optimized with the Yoast SEO plugin v27.5 - https:\/\/yoast.com\/product\/yoast-seo-wordpress\/ -->\n<title>G\u00dcNEY K\u00dcRD\u0130STANDA 4300 YILLIK SARAY BULUNDU - Darka Mazi<\/title>\n<meta name=\"robots\" content=\"index, follow, max-snippet:-1, max-image-preview:large, max-video-preview:-1\" \/>\n<link rel=\"canonical\" href=\"https:\/\/darkamazi.site\/archives\/1006657\" \/>\n<meta property=\"og:locale\" content=\"en_US\" \/>\n<meta property=\"og:type\" content=\"article\" \/>\n<meta property=\"og:title\" content=\"G\u00dcNEY K\u00dcRD\u0130STANDA 4300 YILLIK SARAY BULUNDU - Darka Mazi\" \/>\n<meta property=\"og:description\" content=\"CNN\u2019in haberine g\u00f6re G\u00fcney K\u00fcrdistan\u2019da Mittani d\u00f6nemine ait 4.300 y\u0131ll\u0131k eski bir saray bulundu. Kemun sitesinde bulunan eski yap\u0131, Musul baraj\u0131n\u0131n in\u015fas\u0131 nedeniyle sular alt\u0131nda kalm\u0131\u015ft\u0131. Baraj suyunun \u00e7ekilmesiyle birlikte ortaya \u00e7\u0131kan tarihi eser arkeologlar\u0131 harekete ge\u00e7irdi. K\u00fcrt ve Alman arkeologlar kemun sitesinde bulunan eski yap\u0131 \u00fczerinde \u00e7al\u0131\u015fmaya ba\u015flad\u0131lar. K\u00fcrt arkeolog Hasan Ahmet Qas\u0131m, bronz [&hellip;]\" \/>\n<meta property=\"og:url\" content=\"https:\/\/darkamazi.site\/archives\/1006657\" \/>\n<meta property=\"og:site_name\" content=\"Darka Mazi\" \/>\n<meta property=\"article:publisher\" content=\"https:\/\/www.facebook.com\/DarkaMaziturkce\" \/>\n<meta property=\"article:published_time\" content=\"2019-10-21T10:17:07+00:00\" \/>\n<meta property=\"og:image\" content=\"https:\/\/darkamazi.site\/file\/2019\/10\/G\u00dcNEY-K\u00dcRD\u0130STANDA-4300-YILLIK-SARAY-BULUNDU.jpeg\" \/>\n\t<meta property=\"og:image:width\" content=\"992\" \/>\n\t<meta property=\"og:image:height\" content=\"556\" \/>\n\t<meta property=\"og:image:type\" content=\"image\/jpeg\" \/>\n<meta name=\"author\" content=\"darka mazi\" \/>\n<meta name=\"twitter:card\" content=\"summary_large_image\" \/>\n<meta name=\"twitter:creator\" content=\"@DarkaMaziTurkce\" \/>\n<meta name=\"twitter:site\" content=\"@DarkaMaziTurkce\" \/>\n<meta name=\"twitter:label1\" content=\"Written by\" \/>\n\t<meta name=\"twitter:data1\" content=\"darka mazi\" \/>\n\t<meta name=\"twitter:label2\" content=\"Est. reading time\" \/>\n\t<meta name=\"twitter:data2\" content=\"1 minute\" \/>\n<script type=\"application\/ld+json\" class=\"seo-schema-graph\">{\"@context\":\"https:\\\/\\\/schema.org\",\"@graph\":[{\"@type\":\"NewsArticle\",\"@id\":\"https:\\\/\\\/darkamazi.site\\\/archives\\\/1006657#article\",\"isPartOf\":{\"@id\":\"https:\\\/\\\/darkamazi.site\\\/archives\\\/1006657\"},\"author\":{\"name\":\"darka mazi\",\"@id\":\"https:\\\/\\\/darkamazi.site\\\/#\\\/schema\\\/person\\\/67986a95ac546c16760365877ef4a9d3\"},\"headline\":\"G\u00dcNEY K\u00dcRD\u0130STANDA 4300 YILLIK SARAY BULUNDU\",\"datePublished\":\"2019-10-21T10:17:07+00:00\",\"mainEntityOfPage\":{\"@id\":\"https:\\\/\\\/darkamazi.site\\\/archives\\\/1006657\"},\"wordCount\":248,\"publisher\":{\"@id\":\"https:\\\/\\\/darkamazi.site\\\/#organization\"},\"image\":{\"@id\":\"https:\\\/\\\/darkamazi.site\\\/archives\\\/1006657#primaryimage\"},\"thumbnailUrl\":\"https:\\\/\\\/darkamazi.site\\\/darka-content\\\/uploads\\\/2019\\\/10\\\/G\u00dcNEY-K\u00dcRD\u0130STANDA-4300-YILLIK-SARAY-BULUNDU.jpeg\",\"keywords\":[\"\u00f6nemli\"],\"articleSection\":[\"ya\u015famdan\"],\"inLanguage\":\"en-US\"},{\"@type\":\"WebPage\",\"@id\":\"https:\\\/\\\/darkamazi.site\\\/archives\\\/1006657\",\"url\":\"https:\\\/\\\/darkamazi.site\\\/archives\\\/1006657\",\"name\":\"G\u00dcNEY K\u00dcRD\u0130STANDA 4300 YILLIK SARAY BULUNDU - Darka Mazi\",\"isPartOf\":{\"@id\":\"https:\\\/\\\/darkamazi.site\\\/#website\"},\"primaryImageOfPage\":{\"@id\":\"https:\\\/\\\/darkamazi.site\\\/archives\\\/1006657#primaryimage\"},\"image\":{\"@id\":\"https:\\\/\\\/darkamazi.site\\\/archives\\\/1006657#primaryimage\"},\"thumbnailUrl\":\"https:\\\/\\\/darkamazi.site\\\/darka-content\\\/uploads\\\/2019\\\/10\\\/G\u00dcNEY-K\u00dcRD\u0130STANDA-4300-YILLIK-SARAY-BULUNDU.jpeg\",\"datePublished\":\"2019-10-21T10:17:07+00:00\",\"breadcrumb\":{\"@id\":\"https:\\\/\\\/darkamazi.site\\\/archives\\\/1006657#breadcrumb\"},\"inLanguage\":\"en-US\",\"potentialAction\":[{\"@type\":\"ReadAction\",\"target\":[\"https:\\\/\\\/darkamazi.site\\\/archives\\\/1006657\"]}]},{\"@type\":\"ImageObject\",\"inLanguage\":\"en-US\",\"@id\":\"https:\\\/\\\/darkamazi.site\\\/archives\\\/1006657#primaryimage\",\"url\":\"https:\\\/\\\/darkamazi.site\\\/darka-content\\\/uploads\\\/2019\\\/10\\\/G\u00dcNEY-K\u00dcRD\u0130STANDA-4300-YILLIK-SARAY-BULUNDU.jpeg\",\"contentUrl\":\"https:\\\/\\\/darkamazi.site\\\/darka-content\\\/uploads\\\/2019\\\/10\\\/G\u00dcNEY-K\u00dcRD\u0130STANDA-4300-YILLIK-SARAY-BULUNDU.jpeg\",\"width\":992,\"height\":556},{\"@type\":\"BreadcrumbList\",\"@id\":\"https:\\\/\\\/darkamazi.site\\\/archives\\\/1006657#breadcrumb\",\"itemListElement\":[{\"@type\":\"ListItem\",\"position\":1,\"name\":\"Home\",\"item\":\"https:\\\/\\\/darkamazi.site\\\/\"},{\"@type\":\"ListItem\",\"position\":2,\"name\":\"G\u00dcNEY K\u00dcRD\u0130STANDA 4300 YILLIK SARAY BULUNDU\"}]},{\"@type\":\"WebSite\",\"@id\":\"https:\\\/\\\/darkamazi.site\\\/#website\",\"url\":\"https:\\\/\\\/darkamazi.site\\\/\",\"name\":\"Darka Mazi\",\"description\":\"Ana Sayfa\",\"publisher\":{\"@id\":\"https:\\\/\\\/darkamazi.site\\\/#organization\"},\"potentialAction\":[{\"@type\":\"SearchAction\",\"target\":{\"@type\":\"EntryPoint\",\"urlTemplate\":\"https:\\\/\\\/darkamazi.site\\\/?s={search_term_string}\"},\"query-input\":{\"@type\":\"PropertyValueSpecification\",\"valueRequired\":true,\"valueName\":\"search_term_string\"}}],\"inLanguage\":\"en-US\"},{\"@type\":\"Organization\",\"@id\":\"https:\\\/\\\/darkamazi.site\\\/#organization\",\"name\":\"Darka Mazi T\u00fcrk\u00e7e\",\"alternateName\":\"Darka Mazi\",\"url\":\"https:\\\/\\\/darkamazi.site\\\/\",\"logo\":{\"@type\":\"ImageObject\",\"inLanguage\":\"en-US\",\"@id\":\"https:\\\/\\\/darkamazi.site\\\/#\\\/schema\\\/logo\\\/image\\\/\",\"url\":\"https:\\\/\\\/darkamazi.site\\\/darka-content\\\/uploads\\\/2017\\\/12\\\/darka-mazi-logo.png\",\"contentUrl\":\"https:\\\/\\\/darkamazi.site\\\/darka-content\\\/uploads\\\/2017\\\/12\\\/darka-mazi-logo.png\",\"width\":151,\"height\":75,\"caption\":\"Darka Mazi T\u00fcrk\u00e7e\"},\"image\":{\"@id\":\"https:\\\/\\\/darkamazi.site\\\/#\\\/schema\\\/logo\\\/image\\\/\"},\"sameAs\":[\"https:\\\/\\\/www.facebook.com\\\/DarkaMaziturkce\",\"https:\\\/\\\/x.com\\\/DarkaMaziTurkce\"]},{\"@type\":\"Person\",\"@id\":\"https:\\\/\\\/darkamazi.site\\\/#\\\/schema\\\/person\\\/67986a95ac546c16760365877ef4a9d3\",\"name\":\"darka mazi\",\"sameAs\":[\"https:\\\/\\\/darkamazi.site\"],\"url\":\"https:\\\/\\\/darkamazi.site\\\/archives\\\/author\\\/turkish\"}]}<\/script>\n<!-- \/ Yoast SEO plugin. -->","seo_head_json":{"title":"G\u00dcNEY K\u00dcRD\u0130STANDA 4300 YILLIK SARAY BULUNDU - Darka Mazi","robots":{"index":"index","follow":"follow","max-snippet":"max-snippet:-1","max-image-preview":"max-image-preview:large","max-video-preview":"max-video-preview:-1"},"canonical":"https:\/\/darkamazi.site\/archives\/1006657","og_locale":"en_US","og_type":"article","og_title":"G\u00dcNEY K\u00dcRD\u0130STANDA 4300 YILLIK SARAY BULUNDU - Darka Mazi","og_description":"CNN\u2019in haberine g\u00f6re G\u00fcney K\u00fcrdistan\u2019da Mittani d\u00f6nemine ait 4.300 y\u0131ll\u0131k eski bir saray bulundu. Kemun sitesinde bulunan eski yap\u0131, Musul baraj\u0131n\u0131n in\u015fas\u0131 nedeniyle sular alt\u0131nda kalm\u0131\u015ft\u0131. Baraj suyunun \u00e7ekilmesiyle birlikte ortaya \u00e7\u0131kan tarihi eser arkeologlar\u0131 harekete ge\u00e7irdi. K\u00fcrt ve Alman arkeologlar kemun sitesinde bulunan eski yap\u0131 \u00fczerinde \u00e7al\u0131\u015fmaya ba\u015flad\u0131lar. K\u00fcrt arkeolog Hasan Ahmet Qas\u0131m, bronz [&hellip;]","og_url":"https:\/\/darkamazi.site\/archives\/1006657","og_site_name":"Darka Mazi","article_publisher":"https:\/\/www.facebook.com\/DarkaMaziturkce","article_published_time":"2019-10-21T10:17:07+00:00","og_image":[{"width":992,"height":556,"url":"https:\/\/darkamazi.site\/file\/2019\/10\/G\u00dcNEY-K\u00dcRD\u0130STANDA-4300-YILLIK-SARAY-BULUNDU.jpeg","type":"image\/jpeg"}],"author":"darka mazi","twitter_card":"summary_large_image","twitter_creator":"@DarkaMaziTurkce","twitter_site":"@DarkaMaziTurkce","twitter_misc":{"Written by":"darka mazi","Est. reading time":"1 minute"},"schema":{"@context":"https:\/\/schema.org","@graph":[{"@type":"NewsArticle","@id":"https:\/\/darkamazi.site\/archives\/1006657#article","isPartOf":{"@id":"https:\/\/darkamazi.site\/archives\/1006657"},"author":{"name":"darka mazi","@id":"https:\/\/darkamazi.site\/#\/schema\/person\/67986a95ac546c16760365877ef4a9d3"},"headline":"G\u00dcNEY K\u00dcRD\u0130STANDA 4300 YILLIK SARAY BULUNDU","datePublished":"2019-10-21T10:17:07+00:00","mainEntityOfPage":{"@id":"https:\/\/darkamazi.site\/archives\/1006657"},"wordCount":248,"publisher":{"@id":"https:\/\/darkamazi.site\/#organization"},"image":{"@id":"https:\/\/darkamazi.site\/archives\/1006657#primaryimage"},"thumbnailUrl":"https:\/\/darkamazi.site\/file\/2019\/10\/G\u00dcNEY-K\u00dcRD\u0130STANDA-4300-YILLIK-SARAY-BULUNDU.jpeg","keywords":["\u00f6nemli"],"articleSection":["ya\u015famdan"],"inLanguage":"en-US"},{"@type":"WebPage","@id":"https:\/\/darkamazi.site\/archives\/1006657","url":"https:\/\/darkamazi.site\/archives\/1006657","name":"G\u00dcNEY K\u00dcRD\u0130STANDA 4300 YILLIK SARAY BULUNDU - Darka Mazi","isPartOf":{"@id":"https:\/\/darkamazi.site\/#website"},"primaryImageOfPage":{"@id":"https:\/\/darkamazi.site\/archives\/1006657#primaryimage"},"image":{"@id":"https:\/\/darkamazi.site\/archives\/1006657#primaryimage"},"thumbnailUrl":"https:\/\/darkamazi.site\/file\/2019\/10\/G\u00dcNEY-K\u00dcRD\u0130STANDA-4300-YILLIK-SARAY-BULUNDU.jpeg","datePublished":"2019-10-21T10:17:07+00:00","breadcrumb":{"@id":"https:\/\/darkamazi.site\/archives\/1006657#breadcrumb"},"inLanguage":"en-US","potentialAction":[{"@type":"ReadAction","target":["https:\/\/darkamazi.site\/archives\/1006657"]}]},{"@type":"ImageObject","inLanguage":"en-US","@id":"https:\/\/darkamazi.site\/archives\/1006657#primaryimage","url":"https:\/\/darkamazi.site\/file\/2019\/10\/G\u00dcNEY-K\u00dcRD\u0130STANDA-4300-YILLIK-SARAY-BULUNDU.jpeg","contentUrl":"https:\/\/darkamazi.site\/file\/2019\/10\/G\u00dcNEY-K\u00dcRD\u0130STANDA-4300-YILLIK-SARAY-BULUNDU.jpeg","width":992,"height":556},{"@type":"BreadcrumbList","@id":"https:\/\/darkamazi.site\/archives\/1006657#breadcrumb","itemListElement":[{"@type":"ListItem","position":1,"name":"Home","item":"https:\/\/darkamazi.site\/"},{"@type":"ListItem","position":2,"name":"G\u00dcNEY K\u00dcRD\u0130STANDA 4300 YILLIK SARAY BULUNDU"}]},{"@type":"WebSite","@id":"https:\/\/darkamazi.site\/#website","url":"https:\/\/darkamazi.site\/","name":"Darka Mazi","description":"Ana Sayfa","publisher":{"@id":"https:\/\/darkamazi.site\/#organization"},"potentialAction":[{"@type":"SearchAction","target":{"@type":"EntryPoint","urlTemplate":"https:\/\/darkamazi.site\/?s={search_term_string}"},"query-input":{"@type":"PropertyValueSpecification","valueRequired":true,"valueName":"search_term_string"}}],"inLanguage":"en-US"},{"@type":"Organization","@id":"https:\/\/darkamazi.site\/#organization","name":"Darka Mazi T\u00fcrk\u00e7e","alternateName":"Darka Mazi","url":"https:\/\/darkamazi.site\/","logo":{"@type":"ImageObject","inLanguage":"en-US","@id":"https:\/\/darkamazi.site\/#\/schema\/logo\/image\/","url":"https:\/\/darkamazi.site\/file\/2017\/12\/darka-mazi-logo.png","contentUrl":"https:\/\/darkamazi.site\/file\/2017\/12\/darka-mazi-logo.png","width":151,"height":75,"caption":"Darka Mazi T\u00fcrk\u00e7e"},"image":{"@id":"https:\/\/darkamazi.site\/#\/schema\/logo\/image\/"},"sameAs":["https:\/\/www.facebook.com\/DarkaMaziturkce","https:\/\/x.com\/DarkaMaziTurkce"]},{"@type":"Person","@id":"https:\/\/darkamazi.site\/#\/schema\/person\/67986a95ac546c16760365877ef4a9d3","name":"darka mazi","sameAs":["https:\/\/darkamazi.site"],"url":"https:\/\/darkamazi.site\/archives\/author\/turkish"}]}},"_links":{"self":[{"href":"https:\/\/darkamazi.site\/funavuv\/wp\/v2\/posts\/1006657","targetHints":{"allow":["GET"]}}],"collection":[{"href":"https:\/\/darkamazi.site\/funavuv\/wp\/v2\/posts"}],"about":[{"href":"https:\/\/darkamazi.site\/funavuv\/wp\/v2\/types\/post"}],"author":[{"embeddable":true,"href":"https:\/\/darkamazi.site\/funavuv\/wp\/v2\/users\/2"}],"replies":[{"embeddable":true,"href":"https:\/\/darkamazi.site\/funavuv\/wp\/v2\/comments?post=1006657"}],"version-history":[{"count":0,"href":"https:\/\/darkamazi.site\/funavuv\/wp\/v2\/posts\/1006657\/revisions"}],"wp:featuredmedia":[{"embeddable":true,"href":"https:\/\/darkamazi.site\/funavuv\/wp\/v2\/media\/1006658"}],"wp:attachment":[{"href":"https:\/\/darkamazi.site\/funavuv\/wp\/v2\/media?parent=1006657"}],"wp:term":[{"taxonomy":"category","embeddable":true,"href":"https:\/\/darkamazi.site\/funavuv\/wp\/v2\/categories?post=1006657"},{"taxonomy":"post_tag","embeddable":true,"href":"https:\/\/darkamazi.site\/funavuv\/wp\/v2\/tags?post=1006657"}],"curies":[{"name":"wp","href":"https:\/\/api.w.org\/{rel}","templated":true}]}}