{"id":1006661,"date":"2019-10-21T13:14:24","date_gmt":"2019-10-21T10:14:24","guid":{"rendered":"https:\/\/darkamazi.site\/?p=1006661"},"modified":"2019-10-21T13:14:24","modified_gmt":"2019-10-21T10:14:24","slug":"imf-turkiyeye-donuk-yeni-bir-rapor-yayinladi","status":"publish","type":"post","link":"https:\/\/darkamazi.site\/archives\/1006661","title":{"rendered":"IMF T\u00dcRK\u0130YE\u2019YE D\u00d6N\u00dcK YEN\u0130 B\u0130R RAPOR YAYINLADI"},"content":{"rendered":"<h2><strong>T\u00fcrkiye ekonomisinin Rojavay\u0131 i\u015fgal hareketi ile beraber ya\u015fad\u0131\u011f\u0131 kriz daha da derinle\u015fti. Son\u00a0 y\u0131llarda T\u00fcrkiye ekonomisi d\u00fcnya ekonomi otoriteleri taraf\u0131ndan da g\u00fcvensiz olarak kabul ediliyor.<\/strong><\/h2>\n<p>IMF, T\u00fcrkiye\u2019nin 2019 y\u0131l\u0131 b\u00fcy\u00fcme tahminini % 0,2 olarak revize etti.<\/p>\n<p>T\u00fcrkiye i\u00e7in y\u0131lsonu enflasyon tahmini \u00a0%17,5\u2019\u2019ten\u00a0 %15,7\u2019ye \u00e7eken IMF, i\u015fsizlik beklentisini ise\u00a0 %12,7 \u2018den\u00a0 %13,8\u2019e y\u00fckseltti.<\/p>\n<p>IMF, T\u00fcrkiye\u2019de \u00f6zel sekt\u00f6r\u00fcn bilan\u00e7olar\u0131n\u0131n onar\u0131lmas\u0131, ekonomik kurumlar\u0131n kredibilitesinin ve ba\u011f\u0131ms\u0131zl\u0131klar\u0131n\u0131n yeniden tesisi edilmesi i\u00e7in geni\u015f kapsaml\u0131 ve a\u00e7\u0131k \u015fekilde tart\u0131\u015f\u0131lm\u0131\u015f bir politika plan\u0131na ihtiyac\u0131 oldu\u011funu vurgulad\u0131.<\/p>\n<p><em>ENFLASYON TAHM\u0130N\u0130N\u0130 D\u00dc\u015e\u00dcRD\u00dc<\/em><\/p>\n<p>IMF\u2019nin T\u00fcrkiye i\u00e7in tahmini de bu y\u0131l i\u00e7in %17,5\u2019den\u00a0 % y\u00fczde 15,7\u2019ye ve gelecek y\u0131l\u0131 i\u00e7in y\u00fczde 14,7\u2019den y\u00fczde 12,6\u2019ya \u00e7ekti<\/p>\n<p><em>\u0130\u015eS\u0130ZL\u0130K BEKLENT\u0130S\u0130N\u0130 Y\u00dcKSELT\u0130 <\/em><\/p>\n<p>T\u00fcrkiye i\u00e7in i\u015fsizlik oran\u0131 beklentisini artt\u0131ran IMF, bu y\u0131l i\u00e7in y\u00fczde 12,7 den y\u00fczde 13,8\u2019e ve 2020 i\u00e7in de y\u00fczde 11,7 den y\u00fczde 13,7 ye y\u00fckselti.<\/p>\n<p>T\u00fcrkiye de her 3 ki\u015fiden 1\u2019i i\u015fsiz. H\u0131zla artan i\u015fsizlik verileri 13 milyonu a\u015ft\u0131. T\u00fcrkiye\u2019nin \u201csavunma bakanl\u0131\u011f\u0131\u201d\u00a0 b\u00fct\u00e7esini artt\u0131rmas\u0131, sa\u011fl\u0131k ve e\u011fitim b\u00fct\u00e7esinde azalmaya yol a\u00e7t\u0131. \u0130\u00e7erde yoksulla\u015fma h\u0131zla geli\u015firken d\u0131\u015f bor\u00e7 endeksi de 500 milyar dolar\u0131 buldu. T\u00fcrkiye\u2019nin t\u00fcm ekonomisini K\u00fcrdistan\u2019a yapt\u0131\u011f\u0131 askeri sefere yat\u0131rmas\u0131 mevcut ekonomik krizi daha da derinle\u015ftirece\u011fi tahmin ediliyor.<\/p>\n","protected":false},"excerpt":{"rendered":"<p>T\u00fcrkiye ekonomisinin Rojavay\u0131 i\u015fgal hareketi ile beraber ya\u015fad\u0131\u011f\u0131 kriz daha da derinle\u015fti. Son\u00a0 y\u0131llarda T\u00fcrkiye ekonomisi d\u00fcnya ekonomi otoriteleri taraf\u0131ndan da g\u00fcvensiz olarak kabul ediliyor. IMF, T\u00fcrkiye\u2019nin 2019 y\u0131l\u0131 b\u00fcy\u00fcme tahminini % 0,2 olarak revize etti. T\u00fcrkiye i\u00e7in y\u0131lsonu enflasyon tahmini \u00a0%17,5\u2019\u2019ten\u00a0 %15,7\u2019ye \u00e7eken IMF, i\u015fsizlik beklentisini ise\u00a0 %12,7 \u2018den\u00a0 %13,8\u2019e y\u00fckseltti. IMF, T\u00fcrkiye\u2019de \u00f6zel [&hellip;]<\/p>\n","protected":false},"author":2,"featured_media":1006662,"comment_status":"closed","ping_status":"closed","sticky":false,"template":"","format":"standard","meta":{"footnotes":""},"categories":[5],"tags":[31],"class_list":["post-1006661","post","type-post","status-publish","format-standard","has-post-thumbnail","hentry","category-ekonomi","tag-onemli"],"blocksy_meta":[],"seo_head":"<!-- This site is optimized with the Yoast SEO plugin v27.5 - https:\/\/yoast.com\/product\/yoast-seo-wordpress\/ -->\n<title>IMF T\u00dcRK\u0130YE\u2019YE D\u00d6N\u00dcK YEN\u0130 B\u0130R RAPOR YAYINLADI - Darka Mazi<\/title>\n<meta name=\"robots\" content=\"index, follow, max-snippet:-1, max-image-preview:large, max-video-preview:-1\" \/>\n<link rel=\"canonical\" href=\"https:\/\/darkamazi.site\/archives\/1006661\" \/>\n<meta property=\"og:locale\" content=\"en_US\" \/>\n<meta property=\"og:type\" content=\"article\" \/>\n<meta property=\"og:title\" content=\"IMF T\u00dcRK\u0130YE\u2019YE D\u00d6N\u00dcK YEN\u0130 B\u0130R RAPOR YAYINLADI - Darka Mazi\" \/>\n<meta property=\"og:description\" content=\"T\u00fcrkiye ekonomisinin Rojavay\u0131 i\u015fgal hareketi ile beraber ya\u015fad\u0131\u011f\u0131 kriz daha da derinle\u015fti. Son\u00a0 y\u0131llarda T\u00fcrkiye ekonomisi d\u00fcnya ekonomi otoriteleri taraf\u0131ndan da g\u00fcvensiz olarak kabul ediliyor. IMF, T\u00fcrkiye\u2019nin 2019 y\u0131l\u0131 b\u00fcy\u00fcme tahminini % 0,2 olarak revize etti. T\u00fcrkiye i\u00e7in y\u0131lsonu enflasyon tahmini \u00a0%17,5\u2019\u2019ten\u00a0 %15,7\u2019ye \u00e7eken IMF, i\u015fsizlik beklentisini ise\u00a0 %12,7 \u2018den\u00a0 %13,8\u2019e y\u00fckseltti. IMF, T\u00fcrkiye\u2019de \u00f6zel [&hellip;]\" \/>\n<meta property=\"og:url\" content=\"https:\/\/darkamazi.site\/archives\/1006661\" \/>\n<meta property=\"og:site_name\" content=\"Darka Mazi\" \/>\n<meta property=\"article:publisher\" content=\"https:\/\/www.facebook.com\/DarkaMaziturkce\" \/>\n<meta property=\"article:published_time\" content=\"2019-10-21T10:14:24+00:00\" \/>\n<meta property=\"og:image\" content=\"https:\/\/darkamazi.site\/file\/2019\/10\/IMF-T\u00dcRK\u0130YE\u2019YE-D\u00d6N\u00dcK-YEN\u0130-B\u0130R-RAPOR-YAYINLADI.jpg\" \/>\n\t<meta property=\"og:image:width\" content=\"650\" \/>\n\t<meta property=\"og:image:height\" content=\"365\" \/>\n\t<meta property=\"og:image:type\" content=\"image\/jpeg\" \/>\n<meta name=\"author\" content=\"darka mazi\" \/>\n<meta name=\"twitter:card\" content=\"summary_large_image\" \/>\n<meta name=\"twitter:creator\" content=\"@DarkaMaziTurkce\" \/>\n<meta name=\"twitter:site\" content=\"@DarkaMaziTurkce\" \/>\n<meta name=\"twitter:label1\" content=\"Written by\" \/>\n\t<meta name=\"twitter:data1\" content=\"darka mazi\" \/>\n\t<meta name=\"twitter:label2\" content=\"Est. reading time\" \/>\n\t<meta name=\"twitter:data2\" content=\"1 minute\" \/>\n<script type=\"application\/ld+json\" class=\"seo-schema-graph\">{\"@context\":\"https:\\\/\\\/schema.org\",\"@graph\":[{\"@type\":\"NewsArticle\",\"@id\":\"https:\\\/\\\/darkamazi.site\\\/archives\\\/1006661#article\",\"isPartOf\":{\"@id\":\"https:\\\/\\\/darkamazi.site\\\/archives\\\/1006661\"},\"author\":{\"name\":\"darka mazi\",\"@id\":\"https:\\\/\\\/darkamazi.site\\\/#\\\/schema\\\/person\\\/67986a95ac546c16760365877ef4a9d3\"},\"headline\":\"IMF T\u00dcRK\u0130YE\u2019YE D\u00d6N\u00dcK YEN\u0130 B\u0130R RAPOR YAYINLADI\",\"datePublished\":\"2019-10-21T10:14:24+00:00\",\"mainEntityOfPage\":{\"@id\":\"https:\\\/\\\/darkamazi.site\\\/archives\\\/1006661\"},\"wordCount\":283,\"publisher\":{\"@id\":\"https:\\\/\\\/darkamazi.site\\\/#organization\"},\"image\":{\"@id\":\"https:\\\/\\\/darkamazi.site\\\/archives\\\/1006661#primaryimage\"},\"thumbnailUrl\":\"https:\\\/\\\/darkamazi.site\\\/darka-content\\\/uploads\\\/2019\\\/10\\\/IMF-T\u00dcRK\u0130YE\u2019YE-D\u00d6N\u00dcK-YEN\u0130-B\u0130R-RAPOR-YAYINLADI.jpg\",\"keywords\":[\"\u00f6nemli\"],\"articleSection\":[\"Ekonomi\"],\"inLanguage\":\"en-US\"},{\"@type\":\"WebPage\",\"@id\":\"https:\\\/\\\/darkamazi.site\\\/archives\\\/1006661\",\"url\":\"https:\\\/\\\/darkamazi.site\\\/archives\\\/1006661\",\"name\":\"IMF T\u00dcRK\u0130YE\u2019YE D\u00d6N\u00dcK YEN\u0130 B\u0130R RAPOR YAYINLADI - Darka Mazi\",\"isPartOf\":{\"@id\":\"https:\\\/\\\/darkamazi.site\\\/#website\"},\"primaryImageOfPage\":{\"@id\":\"https:\\\/\\\/darkamazi.site\\\/archives\\\/1006661#primaryimage\"},\"image\":{\"@id\":\"https:\\\/\\\/darkamazi.site\\\/archives\\\/1006661#primaryimage\"},\"thumbnailUrl\":\"https:\\\/\\\/darkamazi.site\\\/darka-content\\\/uploads\\\/2019\\\/10\\\/IMF-T\u00dcRK\u0130YE\u2019YE-D\u00d6N\u00dcK-YEN\u0130-B\u0130R-RAPOR-YAYINLADI.jpg\",\"datePublished\":\"2019-10-21T10:14:24+00:00\",\"breadcrumb\":{\"@id\":\"https:\\\/\\\/darkamazi.site\\\/archives\\\/1006661#breadcrumb\"},\"inLanguage\":\"en-US\",\"potentialAction\":[{\"@type\":\"ReadAction\",\"target\":[\"https:\\\/\\\/darkamazi.site\\\/archives\\\/1006661\"]}]},{\"@type\":\"ImageObject\",\"inLanguage\":\"en-US\",\"@id\":\"https:\\\/\\\/darkamazi.site\\\/archives\\\/1006661#primaryimage\",\"url\":\"https:\\\/\\\/darkamazi.site\\\/darka-content\\\/uploads\\\/2019\\\/10\\\/IMF-T\u00dcRK\u0130YE\u2019YE-D\u00d6N\u00dcK-YEN\u0130-B\u0130R-RAPOR-YAYINLADI.jpg\",\"contentUrl\":\"https:\\\/\\\/darkamazi.site\\\/darka-content\\\/uploads\\\/2019\\\/10\\\/IMF-T\u00dcRK\u0130YE\u2019YE-D\u00d6N\u00dcK-YEN\u0130-B\u0130R-RAPOR-YAYINLADI.jpg\",\"width\":650,\"height\":365},{\"@type\":\"BreadcrumbList\",\"@id\":\"https:\\\/\\\/darkamazi.site\\\/archives\\\/1006661#breadcrumb\",\"itemListElement\":[{\"@type\":\"ListItem\",\"position\":1,\"name\":\"Home\",\"item\":\"https:\\\/\\\/darkamazi.site\\\/\"},{\"@type\":\"ListItem\",\"position\":2,\"name\":\"IMF T\u00dcRK\u0130YE\u2019YE D\u00d6N\u00dcK YEN\u0130 B\u0130R RAPOR YAYINLADI\"}]},{\"@type\":\"WebSite\",\"@id\":\"https:\\\/\\\/darkamazi.site\\\/#website\",\"url\":\"https:\\\/\\\/darkamazi.site\\\/\",\"name\":\"Darka Mazi\",\"description\":\"Ana Sayfa\",\"publisher\":{\"@id\":\"https:\\\/\\\/darkamazi.site\\\/#organization\"},\"potentialAction\":[{\"@type\":\"SearchAction\",\"target\":{\"@type\":\"EntryPoint\",\"urlTemplate\":\"https:\\\/\\\/darkamazi.site\\\/?s={search_term_string}\"},\"query-input\":{\"@type\":\"PropertyValueSpecification\",\"valueRequired\":true,\"valueName\":\"search_term_string\"}}],\"inLanguage\":\"en-US\"},{\"@type\":\"Organization\",\"@id\":\"https:\\\/\\\/darkamazi.site\\\/#organization\",\"name\":\"Darka Mazi T\u00fcrk\u00e7e\",\"alternateName\":\"Darka Mazi\",\"url\":\"https:\\\/\\\/darkamazi.site\\\/\",\"logo\":{\"@type\":\"ImageObject\",\"inLanguage\":\"en-US\",\"@id\":\"https:\\\/\\\/darkamazi.site\\\/#\\\/schema\\\/logo\\\/image\\\/\",\"url\":\"https:\\\/\\\/darkamazi.site\\\/darka-content\\\/uploads\\\/2017\\\/12\\\/darka-mazi-logo.png\",\"contentUrl\":\"https:\\\/\\\/darkamazi.site\\\/darka-content\\\/uploads\\\/2017\\\/12\\\/darka-mazi-logo.png\",\"width\":151,\"height\":75,\"caption\":\"Darka Mazi T\u00fcrk\u00e7e\"},\"image\":{\"@id\":\"https:\\\/\\\/darkamazi.site\\\/#\\\/schema\\\/logo\\\/image\\\/\"},\"sameAs\":[\"https:\\\/\\\/www.facebook.com\\\/DarkaMaziturkce\",\"https:\\\/\\\/x.com\\\/DarkaMaziTurkce\"]},{\"@type\":\"Person\",\"@id\":\"https:\\\/\\\/darkamazi.site\\\/#\\\/schema\\\/person\\\/67986a95ac546c16760365877ef4a9d3\",\"name\":\"darka mazi\",\"sameAs\":[\"https:\\\/\\\/darkamazi.site\"],\"url\":\"https:\\\/\\\/darkamazi.site\\\/archives\\\/author\\\/turkish\"}]}<\/script>\n<!-- \/ Yoast SEO plugin. -->","seo_head_json":{"title":"IMF T\u00dcRK\u0130YE\u2019YE D\u00d6N\u00dcK YEN\u0130 B\u0130R RAPOR YAYINLADI - Darka Mazi","robots":{"index":"index","follow":"follow","max-snippet":"max-snippet:-1","max-image-preview":"max-image-preview:large","max-video-preview":"max-video-preview:-1"},"canonical":"https:\/\/darkamazi.site\/archives\/1006661","og_locale":"en_US","og_type":"article","og_title":"IMF T\u00dcRK\u0130YE\u2019YE D\u00d6N\u00dcK YEN\u0130 B\u0130R RAPOR YAYINLADI - Darka Mazi","og_description":"T\u00fcrkiye ekonomisinin Rojavay\u0131 i\u015fgal hareketi ile beraber ya\u015fad\u0131\u011f\u0131 kriz daha da derinle\u015fti. Son\u00a0 y\u0131llarda T\u00fcrkiye ekonomisi d\u00fcnya ekonomi otoriteleri taraf\u0131ndan da g\u00fcvensiz olarak kabul ediliyor. IMF, T\u00fcrkiye\u2019nin 2019 y\u0131l\u0131 b\u00fcy\u00fcme tahminini % 0,2 olarak revize etti. T\u00fcrkiye i\u00e7in y\u0131lsonu enflasyon tahmini \u00a0%17,5\u2019\u2019ten\u00a0 %15,7\u2019ye \u00e7eken IMF, i\u015fsizlik beklentisini ise\u00a0 %12,7 \u2018den\u00a0 %13,8\u2019e y\u00fckseltti. IMF, T\u00fcrkiye\u2019de \u00f6zel [&hellip;]","og_url":"https:\/\/darkamazi.site\/archives\/1006661","og_site_name":"Darka Mazi","article_publisher":"https:\/\/www.facebook.com\/DarkaMaziturkce","article_published_time":"2019-10-21T10:14:24+00:00","og_image":[{"width":650,"height":365,"url":"https:\/\/darkamazi.site\/file\/2019\/10\/IMF-T\u00dcRK\u0130YE\u2019YE-D\u00d6N\u00dcK-YEN\u0130-B\u0130R-RAPOR-YAYINLADI.jpg","type":"image\/jpeg"}],"author":"darka mazi","twitter_card":"summary_large_image","twitter_creator":"@DarkaMaziTurkce","twitter_site":"@DarkaMaziTurkce","twitter_misc":{"Written by":"darka mazi","Est. reading time":"1 minute"},"schema":{"@context":"https:\/\/schema.org","@graph":[{"@type":"NewsArticle","@id":"https:\/\/darkamazi.site\/archives\/1006661#article","isPartOf":{"@id":"https:\/\/darkamazi.site\/archives\/1006661"},"author":{"name":"darka mazi","@id":"https:\/\/darkamazi.site\/#\/schema\/person\/67986a95ac546c16760365877ef4a9d3"},"headline":"IMF T\u00dcRK\u0130YE\u2019YE D\u00d6N\u00dcK YEN\u0130 B\u0130R RAPOR YAYINLADI","datePublished":"2019-10-21T10:14:24+00:00","mainEntityOfPage":{"@id":"https:\/\/darkamazi.site\/archives\/1006661"},"wordCount":283,"publisher":{"@id":"https:\/\/darkamazi.site\/#organization"},"image":{"@id":"https:\/\/darkamazi.site\/archives\/1006661#primaryimage"},"thumbnailUrl":"https:\/\/darkamazi.site\/file\/2019\/10\/IMF-T\u00dcRK\u0130YE\u2019YE-D\u00d6N\u00dcK-YEN\u0130-B\u0130R-RAPOR-YAYINLADI.jpg","keywords":["\u00f6nemli"],"articleSection":["Ekonomi"],"inLanguage":"en-US"},{"@type":"WebPage","@id":"https:\/\/darkamazi.site\/archives\/1006661","url":"https:\/\/darkamazi.site\/archives\/1006661","name":"IMF T\u00dcRK\u0130YE\u2019YE D\u00d6N\u00dcK YEN\u0130 B\u0130R RAPOR YAYINLADI - Darka Mazi","isPartOf":{"@id":"https:\/\/darkamazi.site\/#website"},"primaryImageOfPage":{"@id":"https:\/\/darkamazi.site\/archives\/1006661#primaryimage"},"image":{"@id":"https:\/\/darkamazi.site\/archives\/1006661#primaryimage"},"thumbnailUrl":"https:\/\/darkamazi.site\/file\/2019\/10\/IMF-T\u00dcRK\u0130YE\u2019YE-D\u00d6N\u00dcK-YEN\u0130-B\u0130R-RAPOR-YAYINLADI.jpg","datePublished":"2019-10-21T10:14:24+00:00","breadcrumb":{"@id":"https:\/\/darkamazi.site\/archives\/1006661#breadcrumb"},"inLanguage":"en-US","potentialAction":[{"@type":"ReadAction","target":["https:\/\/darkamazi.site\/archives\/1006661"]}]},{"@type":"ImageObject","inLanguage":"en-US","@id":"https:\/\/darkamazi.site\/archives\/1006661#primaryimage","url":"https:\/\/darkamazi.site\/file\/2019\/10\/IMF-T\u00dcRK\u0130YE\u2019YE-D\u00d6N\u00dcK-YEN\u0130-B\u0130R-RAPOR-YAYINLADI.jpg","contentUrl":"https:\/\/darkamazi.site\/file\/2019\/10\/IMF-T\u00dcRK\u0130YE\u2019YE-D\u00d6N\u00dcK-YEN\u0130-B\u0130R-RAPOR-YAYINLADI.jpg","width":650,"height":365},{"@type":"BreadcrumbList","@id":"https:\/\/darkamazi.site\/archives\/1006661#breadcrumb","itemListElement":[{"@type":"ListItem","position":1,"name":"Home","item":"https:\/\/darkamazi.site\/"},{"@type":"ListItem","position":2,"name":"IMF T\u00dcRK\u0130YE\u2019YE D\u00d6N\u00dcK YEN\u0130 B\u0130R RAPOR YAYINLADI"}]},{"@type":"WebSite","@id":"https:\/\/darkamazi.site\/#website","url":"https:\/\/darkamazi.site\/","name":"Darka Mazi","description":"Ana Sayfa","publisher":{"@id":"https:\/\/darkamazi.site\/#organization"},"potentialAction":[{"@type":"SearchAction","target":{"@type":"EntryPoint","urlTemplate":"https:\/\/darkamazi.site\/?s={search_term_string}"},"query-input":{"@type":"PropertyValueSpecification","valueRequired":true,"valueName":"search_term_string"}}],"inLanguage":"en-US"},{"@type":"Organization","@id":"https:\/\/darkamazi.site\/#organization","name":"Darka Mazi T\u00fcrk\u00e7e","alternateName":"Darka Mazi","url":"https:\/\/darkamazi.site\/","logo":{"@type":"ImageObject","inLanguage":"en-US","@id":"https:\/\/darkamazi.site\/#\/schema\/logo\/image\/","url":"https:\/\/darkamazi.site\/file\/2017\/12\/darka-mazi-logo.png","contentUrl":"https:\/\/darkamazi.site\/file\/2017\/12\/darka-mazi-logo.png","width":151,"height":75,"caption":"Darka Mazi T\u00fcrk\u00e7e"},"image":{"@id":"https:\/\/darkamazi.site\/#\/schema\/logo\/image\/"},"sameAs":["https:\/\/www.facebook.com\/DarkaMaziturkce","https:\/\/x.com\/DarkaMaziTurkce"]},{"@type":"Person","@id":"https:\/\/darkamazi.site\/#\/schema\/person\/67986a95ac546c16760365877ef4a9d3","name":"darka mazi","sameAs":["https:\/\/darkamazi.site"],"url":"https:\/\/darkamazi.site\/archives\/author\/turkish"}]}},"_links":{"self":[{"href":"https:\/\/darkamazi.site\/funavuv\/wp\/v2\/posts\/1006661","targetHints":{"allow":["GET"]}}],"collection":[{"href":"https:\/\/darkamazi.site\/funavuv\/wp\/v2\/posts"}],"about":[{"href":"https:\/\/darkamazi.site\/funavuv\/wp\/v2\/types\/post"}],"author":[{"embeddable":true,"href":"https:\/\/darkamazi.site\/funavuv\/wp\/v2\/users\/2"}],"replies":[{"embeddable":true,"href":"https:\/\/darkamazi.site\/funavuv\/wp\/v2\/comments?post=1006661"}],"version-history":[{"count":0,"href":"https:\/\/darkamazi.site\/funavuv\/wp\/v2\/posts\/1006661\/revisions"}],"wp:featuredmedia":[{"embeddable":true,"href":"https:\/\/darkamazi.site\/funavuv\/wp\/v2\/media\/1006662"}],"wp:attachment":[{"href":"https:\/\/darkamazi.site\/funavuv\/wp\/v2\/media?parent=1006661"}],"wp:term":[{"taxonomy":"category","embeddable":true,"href":"https:\/\/darkamazi.site\/funavuv\/wp\/v2\/categories?post=1006661"},{"taxonomy":"post_tag","embeddable":true,"href":"https:\/\/darkamazi.site\/funavuv\/wp\/v2\/tags?post=1006661"}],"curies":[{"name":"wp","href":"https:\/\/api.w.org\/{rel}","templated":true}]}}