{"id":1006668,"date":"2019-10-21T13:00:54","date_gmt":"2019-10-21T10:00:54","guid":{"rendered":"https:\/\/darkamazi.site\/?p=1006668"},"modified":"2019-10-21T13:00:54","modified_gmt":"2019-10-21T10:00:54","slug":"kuzey-dogu-suriye-ozerk-yonetimi-trump-etnik-temizligin-onunu-aciyor","status":"publish","type":"post","link":"https:\/\/darkamazi.site\/archives\/1006668","title":{"rendered":"KUZEY DO\u011eU SUR\u0130YE \u00d6ZERK Y\u00d6NET\u0130M\u0130 : TRUMP ETN\u0130K TEM\u0130ZL\u0130\u011e\u0130N \u00d6N\u00dcN\u00dc A\u00c7IYOR"},"content":{"rendered":"<h2><strong>\u00d6zerk y\u00f6netim; T\u00fcrk devleti nin yap\u0131lan ate\u015fkes anla\u015fmas\u0131na ba\u011fl\u0131 kalmad\u0131\u011f\u0131n\u0131 duyurdu.<\/strong><\/h2>\n<p>Yap\u0131lan ate\u015fkes anla\u015fmas\u0131na ragmen i\u015fgalci T\u00fcrk devleti \u00a0askeri g\u00fc\u00e7lerini sava\u015f\u00a0 b\u00f6lgesine intikali devam ediyor. Bunun \u00fczerine \u00f6zerk y\u00f6netim i\u015fgalci t\u00fcrk devletinin ate\u015fkesi ihlal etmesine g\u00f6z yuman amerika devletini ele\u015ftirerek \u015f\u00f6yle dedi: Trump\u2019\u0131n \u201cate\u015fkes ba\u015far\u0131l\u0131 y\u00fcr\u00fcyor ve t\u00fcrkiye ate\u015fkese ba\u011fl\u0131\u00a0 kal\u0131yor\u201d a\u00e7\u0131klamas\u0131n\u0131 esefle kar\u015f\u0131l\u0131yoruz. Ama ger\u00e7ek \u015fu\u2019ki i\u015fgalci t\u00fcrk ordusu ve \u00e7eteleri ate\u015fkese ba\u015fl\u0131 kalmam\u0131\u015ft\u0131r.<\/p>\n<p>K\u00fcrtler yeni b\u00f6lgelere yerle\u015ftirilecek diyen Trump bilsin ki; yeni yerle\u015fim b\u00f6lgeleri k\u00fcrtleri etnik\u00a0 temizlikle y\u00fcz y\u00fcze b\u0131rakacak\u00a0 ve\u00a0 i\u015fgalci T\u00fcrk devletinin amac\u0131 da budur, diye belirtildi.<\/p>\n<p>Yerle\u015fim yerelerinden g\u00f6\u00e7ertilen siviller uluslaras\u0131 g\u00fc\u00e7lerin\u00a0 g\u00f6zetimi ve garant\u00f6rl\u00fc\u011f\u00fc alt\u0131nda tekrar yerle\u015fkelrrine d\u00f6nmelerini ve uluslaras\u0131 g\u00fcvenlik g\u00fc\u00e7leri tarf\u0131ndan korunmalar\u0131n\u0131 talebinde bulundular.<\/p>\n<p>\u00d6zerk y\u00f6netimin uluslaras\u0131 topluma seslenerek:\u00a0 i\u015fgalci t\u00fcrk ordusu ve ona ba\u011fl\u0131 \u00e7etelerin rojavadan \u00e7\u0131kar\u0131lmas\u0131 i\u00e7in bask\u0131 olu\u015fturmalar\u0131n\u0131\u00a0 ve acilen uluslaras\u0131 bir heyetin b\u00f6lgede kullan\u0131lan \u201cyasakl\u0131 silahlar\u0131n ara\u015ft\u0131rmas\u0131n\u0131 istedi\u201d<\/p>\n<p>&nbsp;<\/p>\n","protected":false},"excerpt":{"rendered":"<p>\u00d6zerk y\u00f6netim; T\u00fcrk devleti nin yap\u0131lan ate\u015fkes anla\u015fmas\u0131na ba\u011fl\u0131 kalmad\u0131\u011f\u0131n\u0131 duyurdu. Yap\u0131lan ate\u015fkes anla\u015fmas\u0131na ragmen i\u015fgalci T\u00fcrk devleti \u00a0askeri g\u00fc\u00e7lerini sava\u015f\u00a0 b\u00f6lgesine intikali devam ediyor. Bunun \u00fczerine \u00f6zerk y\u00f6netim i\u015fgalci t\u00fcrk devletinin ate\u015fkesi ihlal etmesine g\u00f6z yuman amerika devletini ele\u015ftirerek \u015f\u00f6yle dedi: Trump\u2019\u0131n \u201cate\u015fkes ba\u015far\u0131l\u0131 y\u00fcr\u00fcyor ve t\u00fcrkiye ate\u015fkese ba\u011fl\u0131\u00a0 kal\u0131yor\u201d a\u00e7\u0131klamas\u0131n\u0131 esefle kar\u015f\u0131l\u0131yoruz. Ama [&hellip;]<\/p>\n","protected":false},"author":2,"featured_media":1006669,"comment_status":"closed","ping_status":"closed","sticky":false,"template":"","format":"standard","meta":{"footnotes":""},"categories":[3],"tags":[31],"class_list":["post-1006668","post","type-post","status-publish","format-standard","has-post-thumbnail","hentry","category-kurdistan","tag-onemli"],"blocksy_meta":[],"seo_head":"<!-- This site is optimized with the Yoast SEO plugin v27.5 - https:\/\/yoast.com\/product\/yoast-seo-wordpress\/ -->\n<title>KUZEY DO\u011eU SUR\u0130YE \u00d6ZERK Y\u00d6NET\u0130M\u0130 : TRUMP ETN\u0130K TEM\u0130ZL\u0130\u011e\u0130N \u00d6N\u00dcN\u00dc A\u00c7IYOR - Darka Mazi<\/title>\n<meta name=\"robots\" content=\"index, follow, max-snippet:-1, max-image-preview:large, max-video-preview:-1\" \/>\n<link rel=\"canonical\" href=\"https:\/\/darkamazi.site\/archives\/1006668\" \/>\n<meta property=\"og:locale\" content=\"en_US\" \/>\n<meta property=\"og:type\" content=\"article\" \/>\n<meta property=\"og:title\" content=\"KUZEY DO\u011eU SUR\u0130YE \u00d6ZERK Y\u00d6NET\u0130M\u0130 : TRUMP ETN\u0130K TEM\u0130ZL\u0130\u011e\u0130N \u00d6N\u00dcN\u00dc A\u00c7IYOR - Darka Mazi\" \/>\n<meta property=\"og:description\" content=\"\u00d6zerk y\u00f6netim; T\u00fcrk devleti nin yap\u0131lan ate\u015fkes anla\u015fmas\u0131na ba\u011fl\u0131 kalmad\u0131\u011f\u0131n\u0131 duyurdu. Yap\u0131lan ate\u015fkes anla\u015fmas\u0131na ragmen i\u015fgalci T\u00fcrk devleti \u00a0askeri g\u00fc\u00e7lerini sava\u015f\u00a0 b\u00f6lgesine intikali devam ediyor. Bunun \u00fczerine \u00f6zerk y\u00f6netim i\u015fgalci t\u00fcrk devletinin ate\u015fkesi ihlal etmesine g\u00f6z yuman amerika devletini ele\u015ftirerek \u015f\u00f6yle dedi: Trump\u2019\u0131n \u201cate\u015fkes ba\u015far\u0131l\u0131 y\u00fcr\u00fcyor ve t\u00fcrkiye ate\u015fkese ba\u011fl\u0131\u00a0 kal\u0131yor\u201d a\u00e7\u0131klamas\u0131n\u0131 esefle kar\u015f\u0131l\u0131yoruz. Ama [&hellip;]\" \/>\n<meta property=\"og:url\" content=\"https:\/\/darkamazi.site\/archives\/1006668\" \/>\n<meta property=\"og:site_name\" content=\"Darka Mazi\" \/>\n<meta property=\"article:publisher\" content=\"https:\/\/www.facebook.com\/DarkaMaziturkce\" \/>\n<meta property=\"article:published_time\" content=\"2019-10-21T10:00:54+00:00\" \/>\n<meta property=\"og:image\" content=\"https:\/\/darkamazi.site\/file\/2019\/10\/kuzey-ve-dogu-suriye-ozerk-yonetimi3.jpg\" \/>\n\t<meta property=\"og:image:width\" content=\"700\" \/>\n\t<meta property=\"og:image:height\" content=\"350\" \/>\n\t<meta property=\"og:image:type\" content=\"image\/jpeg\" \/>\n<meta name=\"author\" content=\"darka mazi\" \/>\n<meta name=\"twitter:card\" content=\"summary_large_image\" \/>\n<meta name=\"twitter:creator\" content=\"@DarkaMaziTurkce\" \/>\n<meta name=\"twitter:site\" content=\"@DarkaMaziTurkce\" \/>\n<meta name=\"twitter:label1\" content=\"Written by\" \/>\n\t<meta name=\"twitter:data1\" content=\"darka mazi\" \/>\n\t<meta name=\"twitter:label2\" content=\"Est. reading time\" \/>\n\t<meta name=\"twitter:data2\" content=\"1 minute\" \/>\n<script type=\"application\/ld+json\" class=\"seo-schema-graph\">{\"@context\":\"https:\\\/\\\/schema.org\",\"@graph\":[{\"@type\":\"NewsArticle\",\"@id\":\"https:\\\/\\\/darkamazi.site\\\/archives\\\/1006668#article\",\"isPartOf\":{\"@id\":\"https:\\\/\\\/darkamazi.site\\\/archives\\\/1006668\"},\"author\":{\"name\":\"darka mazi\",\"@id\":\"https:\\\/\\\/darkamazi.site\\\/#\\\/schema\\\/person\\\/67986a95ac546c16760365877ef4a9d3\"},\"headline\":\"KUZEY DO\u011eU SUR\u0130YE \u00d6ZERK Y\u00d6NET\u0130M\u0130 : TRUMP ETN\u0130K TEM\u0130ZL\u0130\u011e\u0130N \u00d6N\u00dcN\u00dc A\u00c7IYOR\",\"datePublished\":\"2019-10-21T10:00:54+00:00\",\"mainEntityOfPage\":{\"@id\":\"https:\\\/\\\/darkamazi.site\\\/archives\\\/1006668\"},\"wordCount\":241,\"publisher\":{\"@id\":\"https:\\\/\\\/darkamazi.site\\\/#organization\"},\"image\":{\"@id\":\"https:\\\/\\\/darkamazi.site\\\/archives\\\/1006668#primaryimage\"},\"thumbnailUrl\":\"https:\\\/\\\/darkamazi.site\\\/darka-content\\\/uploads\\\/2019\\\/10\\\/kuzey-ve-dogu-suriye-ozerk-yonetimi3.jpg\",\"keywords\":[\"\u00f6nemli\"],\"articleSection\":[\"Kurdistan\"],\"inLanguage\":\"en-US\"},{\"@type\":\"WebPage\",\"@id\":\"https:\\\/\\\/darkamazi.site\\\/archives\\\/1006668\",\"url\":\"https:\\\/\\\/darkamazi.site\\\/archives\\\/1006668\",\"name\":\"KUZEY DO\u011eU SUR\u0130YE \u00d6ZERK Y\u00d6NET\u0130M\u0130 : TRUMP ETN\u0130K TEM\u0130ZL\u0130\u011e\u0130N \u00d6N\u00dcN\u00dc A\u00c7IYOR - Darka Mazi\",\"isPartOf\":{\"@id\":\"https:\\\/\\\/darkamazi.site\\\/#website\"},\"primaryImageOfPage\":{\"@id\":\"https:\\\/\\\/darkamazi.site\\\/archives\\\/1006668#primaryimage\"},\"image\":{\"@id\":\"https:\\\/\\\/darkamazi.site\\\/archives\\\/1006668#primaryimage\"},\"thumbnailUrl\":\"https:\\\/\\\/darkamazi.site\\\/darka-content\\\/uploads\\\/2019\\\/10\\\/kuzey-ve-dogu-suriye-ozerk-yonetimi3.jpg\",\"datePublished\":\"2019-10-21T10:00:54+00:00\",\"breadcrumb\":{\"@id\":\"https:\\\/\\\/darkamazi.site\\\/archives\\\/1006668#breadcrumb\"},\"inLanguage\":\"en-US\",\"potentialAction\":[{\"@type\":\"ReadAction\",\"target\":[\"https:\\\/\\\/darkamazi.site\\\/archives\\\/1006668\"]}]},{\"@type\":\"ImageObject\",\"inLanguage\":\"en-US\",\"@id\":\"https:\\\/\\\/darkamazi.site\\\/archives\\\/1006668#primaryimage\",\"url\":\"https:\\\/\\\/darkamazi.site\\\/darka-content\\\/uploads\\\/2019\\\/10\\\/kuzey-ve-dogu-suriye-ozerk-yonetimi3.jpg\",\"contentUrl\":\"https:\\\/\\\/darkamazi.site\\\/darka-content\\\/uploads\\\/2019\\\/10\\\/kuzey-ve-dogu-suriye-ozerk-yonetimi3.jpg\",\"width\":700,\"height\":350},{\"@type\":\"BreadcrumbList\",\"@id\":\"https:\\\/\\\/darkamazi.site\\\/archives\\\/1006668#breadcrumb\",\"itemListElement\":[{\"@type\":\"ListItem\",\"position\":1,\"name\":\"Home\",\"item\":\"https:\\\/\\\/darkamazi.site\\\/\"},{\"@type\":\"ListItem\",\"position\":2,\"name\":\"KUZEY DO\u011eU SUR\u0130YE \u00d6ZERK Y\u00d6NET\u0130M\u0130 : TRUMP ETN\u0130K TEM\u0130ZL\u0130\u011e\u0130N \u00d6N\u00dcN\u00dc A\u00c7IYOR\"}]},{\"@type\":\"WebSite\",\"@id\":\"https:\\\/\\\/darkamazi.site\\\/#website\",\"url\":\"https:\\\/\\\/darkamazi.site\\\/\",\"name\":\"Darka Mazi\",\"description\":\"Ana Sayfa\",\"publisher\":{\"@id\":\"https:\\\/\\\/darkamazi.site\\\/#organization\"},\"potentialAction\":[{\"@type\":\"SearchAction\",\"target\":{\"@type\":\"EntryPoint\",\"urlTemplate\":\"https:\\\/\\\/darkamazi.site\\\/?s={search_term_string}\"},\"query-input\":{\"@type\":\"PropertyValueSpecification\",\"valueRequired\":true,\"valueName\":\"search_term_string\"}}],\"inLanguage\":\"en-US\"},{\"@type\":\"Organization\",\"@id\":\"https:\\\/\\\/darkamazi.site\\\/#organization\",\"name\":\"Darka Mazi T\u00fcrk\u00e7e\",\"alternateName\":\"Darka Mazi\",\"url\":\"https:\\\/\\\/darkamazi.site\\\/\",\"logo\":{\"@type\":\"ImageObject\",\"inLanguage\":\"en-US\",\"@id\":\"https:\\\/\\\/darkamazi.site\\\/#\\\/schema\\\/logo\\\/image\\\/\",\"url\":\"https:\\\/\\\/darkamazi.site\\\/darka-content\\\/uploads\\\/2017\\\/12\\\/darka-mazi-logo.png\",\"contentUrl\":\"https:\\\/\\\/darkamazi.site\\\/darka-content\\\/uploads\\\/2017\\\/12\\\/darka-mazi-logo.png\",\"width\":151,\"height\":75,\"caption\":\"Darka Mazi T\u00fcrk\u00e7e\"},\"image\":{\"@id\":\"https:\\\/\\\/darkamazi.site\\\/#\\\/schema\\\/logo\\\/image\\\/\"},\"sameAs\":[\"https:\\\/\\\/www.facebook.com\\\/DarkaMaziturkce\",\"https:\\\/\\\/x.com\\\/DarkaMaziTurkce\"]},{\"@type\":\"Person\",\"@id\":\"https:\\\/\\\/darkamazi.site\\\/#\\\/schema\\\/person\\\/67986a95ac546c16760365877ef4a9d3\",\"name\":\"darka mazi\",\"sameAs\":[\"https:\\\/\\\/darkamazi.site\"],\"url\":\"https:\\\/\\\/darkamazi.site\\\/archives\\\/author\\\/turkish\"}]}<\/script>\n<!-- \/ Yoast SEO plugin. -->","seo_head_json":{"title":"KUZEY DO\u011eU SUR\u0130YE \u00d6ZERK Y\u00d6NET\u0130M\u0130 : TRUMP ETN\u0130K TEM\u0130ZL\u0130\u011e\u0130N \u00d6N\u00dcN\u00dc A\u00c7IYOR - Darka Mazi","robots":{"index":"index","follow":"follow","max-snippet":"max-snippet:-1","max-image-preview":"max-image-preview:large","max-video-preview":"max-video-preview:-1"},"canonical":"https:\/\/darkamazi.site\/archives\/1006668","og_locale":"en_US","og_type":"article","og_title":"KUZEY DO\u011eU SUR\u0130YE \u00d6ZERK Y\u00d6NET\u0130M\u0130 : TRUMP ETN\u0130K TEM\u0130ZL\u0130\u011e\u0130N \u00d6N\u00dcN\u00dc A\u00c7IYOR - Darka Mazi","og_description":"\u00d6zerk y\u00f6netim; T\u00fcrk devleti nin yap\u0131lan ate\u015fkes anla\u015fmas\u0131na ba\u011fl\u0131 kalmad\u0131\u011f\u0131n\u0131 duyurdu. Yap\u0131lan ate\u015fkes anla\u015fmas\u0131na ragmen i\u015fgalci T\u00fcrk devleti \u00a0askeri g\u00fc\u00e7lerini sava\u015f\u00a0 b\u00f6lgesine intikali devam ediyor. Bunun \u00fczerine \u00f6zerk y\u00f6netim i\u015fgalci t\u00fcrk devletinin ate\u015fkesi ihlal etmesine g\u00f6z yuman amerika devletini ele\u015ftirerek \u015f\u00f6yle dedi: Trump\u2019\u0131n \u201cate\u015fkes ba\u015far\u0131l\u0131 y\u00fcr\u00fcyor ve t\u00fcrkiye ate\u015fkese ba\u011fl\u0131\u00a0 kal\u0131yor\u201d a\u00e7\u0131klamas\u0131n\u0131 esefle kar\u015f\u0131l\u0131yoruz. Ama [&hellip;]","og_url":"https:\/\/darkamazi.site\/archives\/1006668","og_site_name":"Darka Mazi","article_publisher":"https:\/\/www.facebook.com\/DarkaMaziturkce","article_published_time":"2019-10-21T10:00:54+00:00","og_image":[{"width":700,"height":350,"url":"https:\/\/darkamazi.site\/file\/2019\/10\/kuzey-ve-dogu-suriye-ozerk-yonetimi3.jpg","type":"image\/jpeg"}],"author":"darka mazi","twitter_card":"summary_large_image","twitter_creator":"@DarkaMaziTurkce","twitter_site":"@DarkaMaziTurkce","twitter_misc":{"Written by":"darka mazi","Est. reading time":"1 minute"},"schema":{"@context":"https:\/\/schema.org","@graph":[{"@type":"NewsArticle","@id":"https:\/\/darkamazi.site\/archives\/1006668#article","isPartOf":{"@id":"https:\/\/darkamazi.site\/archives\/1006668"},"author":{"name":"darka mazi","@id":"https:\/\/darkamazi.site\/#\/schema\/person\/67986a95ac546c16760365877ef4a9d3"},"headline":"KUZEY DO\u011eU SUR\u0130YE \u00d6ZERK Y\u00d6NET\u0130M\u0130 : TRUMP ETN\u0130K TEM\u0130ZL\u0130\u011e\u0130N \u00d6N\u00dcN\u00dc A\u00c7IYOR","datePublished":"2019-10-21T10:00:54+00:00","mainEntityOfPage":{"@id":"https:\/\/darkamazi.site\/archives\/1006668"},"wordCount":241,"publisher":{"@id":"https:\/\/darkamazi.site\/#organization"},"image":{"@id":"https:\/\/darkamazi.site\/archives\/1006668#primaryimage"},"thumbnailUrl":"https:\/\/darkamazi.site\/file\/2019\/10\/kuzey-ve-dogu-suriye-ozerk-yonetimi3.jpg","keywords":["\u00f6nemli"],"articleSection":["Kurdistan"],"inLanguage":"en-US"},{"@type":"WebPage","@id":"https:\/\/darkamazi.site\/archives\/1006668","url":"https:\/\/darkamazi.site\/archives\/1006668","name":"KUZEY DO\u011eU SUR\u0130YE \u00d6ZERK Y\u00d6NET\u0130M\u0130 : TRUMP ETN\u0130K TEM\u0130ZL\u0130\u011e\u0130N \u00d6N\u00dcN\u00dc A\u00c7IYOR - Darka Mazi","isPartOf":{"@id":"https:\/\/darkamazi.site\/#website"},"primaryImageOfPage":{"@id":"https:\/\/darkamazi.site\/archives\/1006668#primaryimage"},"image":{"@id":"https:\/\/darkamazi.site\/archives\/1006668#primaryimage"},"thumbnailUrl":"https:\/\/darkamazi.site\/file\/2019\/10\/kuzey-ve-dogu-suriye-ozerk-yonetimi3.jpg","datePublished":"2019-10-21T10:00:54+00:00","breadcrumb":{"@id":"https:\/\/darkamazi.site\/archives\/1006668#breadcrumb"},"inLanguage":"en-US","potentialAction":[{"@type":"ReadAction","target":["https:\/\/darkamazi.site\/archives\/1006668"]}]},{"@type":"ImageObject","inLanguage":"en-US","@id":"https:\/\/darkamazi.site\/archives\/1006668#primaryimage","url":"https:\/\/darkamazi.site\/file\/2019\/10\/kuzey-ve-dogu-suriye-ozerk-yonetimi3.jpg","contentUrl":"https:\/\/darkamazi.site\/file\/2019\/10\/kuzey-ve-dogu-suriye-ozerk-yonetimi3.jpg","width":700,"height":350},{"@type":"BreadcrumbList","@id":"https:\/\/darkamazi.site\/archives\/1006668#breadcrumb","itemListElement":[{"@type":"ListItem","position":1,"name":"Home","item":"https:\/\/darkamazi.site\/"},{"@type":"ListItem","position":2,"name":"KUZEY DO\u011eU SUR\u0130YE \u00d6ZERK Y\u00d6NET\u0130M\u0130 : TRUMP ETN\u0130K TEM\u0130ZL\u0130\u011e\u0130N \u00d6N\u00dcN\u00dc A\u00c7IYOR"}]},{"@type":"WebSite","@id":"https:\/\/darkamazi.site\/#website","url":"https:\/\/darkamazi.site\/","name":"Darka Mazi","description":"Ana Sayfa","publisher":{"@id":"https:\/\/darkamazi.site\/#organization"},"potentialAction":[{"@type":"SearchAction","target":{"@type":"EntryPoint","urlTemplate":"https:\/\/darkamazi.site\/?s={search_term_string}"},"query-input":{"@type":"PropertyValueSpecification","valueRequired":true,"valueName":"search_term_string"}}],"inLanguage":"en-US"},{"@type":"Organization","@id":"https:\/\/darkamazi.site\/#organization","name":"Darka Mazi T\u00fcrk\u00e7e","alternateName":"Darka Mazi","url":"https:\/\/darkamazi.site\/","logo":{"@type":"ImageObject","inLanguage":"en-US","@id":"https:\/\/darkamazi.site\/#\/schema\/logo\/image\/","url":"https:\/\/darkamazi.site\/file\/2017\/12\/darka-mazi-logo.png","contentUrl":"https:\/\/darkamazi.site\/file\/2017\/12\/darka-mazi-logo.png","width":151,"height":75,"caption":"Darka Mazi T\u00fcrk\u00e7e"},"image":{"@id":"https:\/\/darkamazi.site\/#\/schema\/logo\/image\/"},"sameAs":["https:\/\/www.facebook.com\/DarkaMaziturkce","https:\/\/x.com\/DarkaMaziTurkce"]},{"@type":"Person","@id":"https:\/\/darkamazi.site\/#\/schema\/person\/67986a95ac546c16760365877ef4a9d3","name":"darka mazi","sameAs":["https:\/\/darkamazi.site"],"url":"https:\/\/darkamazi.site\/archives\/author\/turkish"}]}},"_links":{"self":[{"href":"https:\/\/darkamazi.site\/funavuv\/wp\/v2\/posts\/1006668","targetHints":{"allow":["GET"]}}],"collection":[{"href":"https:\/\/darkamazi.site\/funavuv\/wp\/v2\/posts"}],"about":[{"href":"https:\/\/darkamazi.site\/funavuv\/wp\/v2\/types\/post"}],"author":[{"embeddable":true,"href":"https:\/\/darkamazi.site\/funavuv\/wp\/v2\/users\/2"}],"replies":[{"embeddable":true,"href":"https:\/\/darkamazi.site\/funavuv\/wp\/v2\/comments?post=1006668"}],"version-history":[{"count":0,"href":"https:\/\/darkamazi.site\/funavuv\/wp\/v2\/posts\/1006668\/revisions"}],"wp:featuredmedia":[{"embeddable":true,"href":"https:\/\/darkamazi.site\/funavuv\/wp\/v2\/media\/1006669"}],"wp:attachment":[{"href":"https:\/\/darkamazi.site\/funavuv\/wp\/v2\/media?parent=1006668"}],"wp:term":[{"taxonomy":"category","embeddable":true,"href":"https:\/\/darkamazi.site\/funavuv\/wp\/v2\/categories?post=1006668"},{"taxonomy":"post_tag","embeddable":true,"href":"https:\/\/darkamazi.site\/funavuv\/wp\/v2\/tags?post=1006668"}],"curies":[{"name":"wp","href":"https:\/\/api.w.org\/{rel}","templated":true}]}}