{"id":1006676,"date":"2019-10-21T12:47:36","date_gmt":"2019-10-21T09:47:36","guid":{"rendered":"https:\/\/darkamazi.site\/?p=1006676"},"modified":"2019-10-21T12:47:36","modified_gmt":"2019-10-21T09:47:36","slug":"lubnanda-hukumetten-geri-adim","status":"publish","type":"post","link":"https:\/\/darkamazi.site\/archives\/1006676","title":{"rendered":"L\u00dcBNAN\u2019DA H\u00dcK\u00dcMETTEN GER\u0130 ADIM"},"content":{"rendered":"<h2><strong>L\u00fcbnan\u2019da gittik\u00e7e k\u00f6t\u00fcle\u015fen ekonomik durum nedeni ile halk yine sokaklarda. Bu kez g\u00f6steriler WhatsApp g\u00f6sterisine d\u00f6n\u00fc\u015ft\u00fc. \u00c7\u00fcnk\u00fc h\u00fck\u00fcmet sosyal medya vergi getirmek istiyor.<\/strong><\/h2>\n<p>L\u00fcbnan\u2019da h\u00fck\u00fcmetin WhatsApp gibi internet uygulamalar\u0131na g\u00fcnl\u00fck 20 cent vergi getirme karar\u0131 ard\u0131ndan on binlerce L\u00fcbnanl\u0131 sokaklara d\u00f6k\u00fclm\u00fc\u015ft\u00fc. \u00a0H\u0131zla b\u00fcy\u00fcyen g\u00f6sterilerde g\u00fcvenlik g\u00fc\u00e7leri ile halk aras\u0131nda yer yer \u00e7at\u0131\u015fmalar ya\u015fanm\u0131\u015f iki ki\u015fi ya\u015fam\u0131n\u0131 yitirmi\u015f, onlarca ki\u015fi yaralanm\u0131\u015ft\u0131. H\u00fck\u00fcmet d\u00fcn itibari ile g\u00f6r\u00fc\u015fmelere olumlu cevap verdi ve yeni bir b\u00fct\u00e7e program\u0131 haz\u0131rlad\u0131.<\/p>\n<p>L\u00fcbnan Ekonomi Bakan\u0131 Ali Hasan Halil yapt\u0131\u011f\u0131 a\u00e7\u0131klamada Ba\u015fbakan Hariri ile g\u00f6r\u00fc\u015ft\u00fcklerini ve yeni bir b\u00fct\u00e7e program\u0131 olu\u015fturuldu\u011funu a\u00e7\u0131klad\u0131. Buna g\u00f6re sosyal medya uygulamalar\u0131 i\u00e7in hi\u00e7bir vergi al\u0131nmayacak, milletvekili ve bakanlar\u0131n maa\u015flar\u0131 d\u00fc\u015f\u00fcr\u00fclecek.<\/p>\n<p>Al\u0131nan kararlar sonras\u0131 halk\u0131n tekrar sokaklara \u00e7\u0131k\u0131p \u00e7\u0131kmayaca\u011f\u0131 hala netlik kazanmad\u0131.<\/p>\n<p>L\u00fcbnanda ekonomik durumun gittik\u00e7e k\u00f6t\u00fcye gitmesi gerek\u00e7esi ile son iki y\u0131l i\u00e7erisinde zaman zaman h\u00fck\u00fcmet kar\u015f\u0131t\u0131 eylemler ger\u00e7ekle\u015ftiriliyor. Ba\u015fbakan Saad el- Hariri 3 Eyl\u00fclde ekonomide ola\u011fan \u00fcst\u00fc hal ilan etti\u011fini a\u00e7\u0131klam\u0131\u015ft\u0131. Uluslar aras\u0131 ekonomi kurulu\u015flar\u0131 da L\u00fcbnan ekonomisindeki k\u00f6t\u00fcle\u015fmeyi onayl\u0131yor.<\/p>\n","protected":false},"excerpt":{"rendered":"<p>L\u00fcbnan\u2019da gittik\u00e7e k\u00f6t\u00fcle\u015fen ekonomik durum nedeni ile halk yine sokaklarda. Bu kez g\u00f6steriler WhatsApp g\u00f6sterisine d\u00f6n\u00fc\u015ft\u00fc. \u00c7\u00fcnk\u00fc h\u00fck\u00fcmet sosyal medya vergi getirmek istiyor. L\u00fcbnan\u2019da h\u00fck\u00fcmetin WhatsApp gibi internet uygulamalar\u0131na g\u00fcnl\u00fck 20 cent vergi getirme karar\u0131 ard\u0131ndan on binlerce L\u00fcbnanl\u0131 sokaklara d\u00f6k\u00fclm\u00fc\u015ft\u00fc. \u00a0H\u0131zla b\u00fcy\u00fcyen g\u00f6sterilerde g\u00fcvenlik g\u00fc\u00e7leri ile halk aras\u0131nda yer yer \u00e7at\u0131\u015fmalar ya\u015fanm\u0131\u015f iki ki\u015fi [&hellip;]<\/p>\n","protected":false},"author":2,"featured_media":1006677,"comment_status":"closed","ping_status":"closed","sticky":false,"template":"","format":"standard","meta":{"footnotes":""},"categories":[29],"tags":[31],"class_list":["post-1006676","post","type-post","status-publish","format-standard","has-post-thumbnail","hentry","category-ortadogu","tag-onemli"],"blocksy_meta":[],"seo_head":"<!-- This site is optimized with the Yoast SEO plugin v27.5 - https:\/\/yoast.com\/product\/yoast-seo-wordpress\/ -->\n<title>L\u00dcBNAN\u2019DA H\u00dcK\u00dcMETTEN GER\u0130 ADIM - Darka Mazi<\/title>\n<meta name=\"robots\" content=\"index, follow, max-snippet:-1, max-image-preview:large, max-video-preview:-1\" \/>\n<link rel=\"canonical\" href=\"https:\/\/darkamazi.site\/archives\/1006676\" \/>\n<meta property=\"og:locale\" content=\"en_US\" \/>\n<meta property=\"og:type\" content=\"article\" \/>\n<meta property=\"og:title\" content=\"L\u00dcBNAN\u2019DA H\u00dcK\u00dcMETTEN GER\u0130 ADIM - Darka Mazi\" \/>\n<meta property=\"og:description\" content=\"L\u00fcbnan\u2019da gittik\u00e7e k\u00f6t\u00fcle\u015fen ekonomik durum nedeni ile halk yine sokaklarda. Bu kez g\u00f6steriler WhatsApp g\u00f6sterisine d\u00f6n\u00fc\u015ft\u00fc. \u00c7\u00fcnk\u00fc h\u00fck\u00fcmet sosyal medya vergi getirmek istiyor. L\u00fcbnan\u2019da h\u00fck\u00fcmetin WhatsApp gibi internet uygulamalar\u0131na g\u00fcnl\u00fck 20 cent vergi getirme karar\u0131 ard\u0131ndan on binlerce L\u00fcbnanl\u0131 sokaklara d\u00f6k\u00fclm\u00fc\u015ft\u00fc. \u00a0H\u0131zla b\u00fcy\u00fcyen g\u00f6sterilerde g\u00fcvenlik g\u00fc\u00e7leri ile halk aras\u0131nda yer yer \u00e7at\u0131\u015fmalar ya\u015fanm\u0131\u015f iki ki\u015fi [&hellip;]\" \/>\n<meta property=\"og:url\" content=\"https:\/\/darkamazi.site\/archives\/1006676\" \/>\n<meta property=\"og:site_name\" content=\"Darka Mazi\" \/>\n<meta property=\"article:publisher\" content=\"https:\/\/www.facebook.com\/DarkaMaziturkce\" \/>\n<meta property=\"article:published_time\" content=\"2019-10-21T09:47:36+00:00\" \/>\n<meta property=\"og:image\" content=\"https:\/\/darkamazi.site\/file\/2019\/10\/L\u00dcBNAN\u2019DA-H\u00dcK\u00dcMETTEN-GER\u0130-ADIM.jpg\" \/>\n\t<meta property=\"og:image:width\" content=\"630\" \/>\n\t<meta property=\"og:image:height\" content=\"350\" \/>\n\t<meta property=\"og:image:type\" content=\"image\/jpeg\" \/>\n<meta name=\"author\" content=\"darka mazi\" \/>\n<meta name=\"twitter:card\" content=\"summary_large_image\" \/>\n<meta name=\"twitter:creator\" content=\"@DarkaMaziTurkce\" \/>\n<meta name=\"twitter:site\" content=\"@DarkaMaziTurkce\" \/>\n<meta name=\"twitter:label1\" content=\"Written by\" \/>\n\t<meta name=\"twitter:data1\" content=\"darka mazi\" \/>\n\t<meta name=\"twitter:label2\" content=\"Est. reading time\" \/>\n\t<meta name=\"twitter:data2\" content=\"1 minute\" \/>\n<script type=\"application\/ld+json\" class=\"seo-schema-graph\">{\"@context\":\"https:\\\/\\\/schema.org\",\"@graph\":[{\"@type\":\"NewsArticle\",\"@id\":\"https:\\\/\\\/darkamazi.site\\\/archives\\\/1006676#article\",\"isPartOf\":{\"@id\":\"https:\\\/\\\/darkamazi.site\\\/archives\\\/1006676\"},\"author\":{\"name\":\"darka mazi\",\"@id\":\"https:\\\/\\\/darkamazi.site\\\/#\\\/schema\\\/person\\\/67986a95ac546c16760365877ef4a9d3\"},\"headline\":\"L\u00dcBNAN\u2019DA H\u00dcK\u00dcMETTEN GER\u0130 ADIM\",\"datePublished\":\"2019-10-21T09:47:36+00:00\",\"mainEntityOfPage\":{\"@id\":\"https:\\\/\\\/darkamazi.site\\\/archives\\\/1006676\"},\"wordCount\":256,\"publisher\":{\"@id\":\"https:\\\/\\\/darkamazi.site\\\/#organization\"},\"image\":{\"@id\":\"https:\\\/\\\/darkamazi.site\\\/archives\\\/1006676#primaryimage\"},\"thumbnailUrl\":\"https:\\\/\\\/darkamazi.site\\\/darka-content\\\/uploads\\\/2019\\\/10\\\/L\u00dcBNAN\u2019DA-H\u00dcK\u00dcMETTEN-GER\u0130-ADIM.jpg\",\"keywords\":[\"\u00f6nemli\"],\"articleSection\":[\"Ortado\u011fu\"],\"inLanguage\":\"en-US\"},{\"@type\":\"WebPage\",\"@id\":\"https:\\\/\\\/darkamazi.site\\\/archives\\\/1006676\",\"url\":\"https:\\\/\\\/darkamazi.site\\\/archives\\\/1006676\",\"name\":\"L\u00dcBNAN\u2019DA H\u00dcK\u00dcMETTEN GER\u0130 ADIM - Darka Mazi\",\"isPartOf\":{\"@id\":\"https:\\\/\\\/darkamazi.site\\\/#website\"},\"primaryImageOfPage\":{\"@id\":\"https:\\\/\\\/darkamazi.site\\\/archives\\\/1006676#primaryimage\"},\"image\":{\"@id\":\"https:\\\/\\\/darkamazi.site\\\/archives\\\/1006676#primaryimage\"},\"thumbnailUrl\":\"https:\\\/\\\/darkamazi.site\\\/darka-content\\\/uploads\\\/2019\\\/10\\\/L\u00dcBNAN\u2019DA-H\u00dcK\u00dcMETTEN-GER\u0130-ADIM.jpg\",\"datePublished\":\"2019-10-21T09:47:36+00:00\",\"breadcrumb\":{\"@id\":\"https:\\\/\\\/darkamazi.site\\\/archives\\\/1006676#breadcrumb\"},\"inLanguage\":\"en-US\",\"potentialAction\":[{\"@type\":\"ReadAction\",\"target\":[\"https:\\\/\\\/darkamazi.site\\\/archives\\\/1006676\"]}]},{\"@type\":\"ImageObject\",\"inLanguage\":\"en-US\",\"@id\":\"https:\\\/\\\/darkamazi.site\\\/archives\\\/1006676#primaryimage\",\"url\":\"https:\\\/\\\/darkamazi.site\\\/darka-content\\\/uploads\\\/2019\\\/10\\\/L\u00dcBNAN\u2019DA-H\u00dcK\u00dcMETTEN-GER\u0130-ADIM.jpg\",\"contentUrl\":\"https:\\\/\\\/darkamazi.site\\\/darka-content\\\/uploads\\\/2019\\\/10\\\/L\u00dcBNAN\u2019DA-H\u00dcK\u00dcMETTEN-GER\u0130-ADIM.jpg\",\"width\":630,\"height\":350},{\"@type\":\"BreadcrumbList\",\"@id\":\"https:\\\/\\\/darkamazi.site\\\/archives\\\/1006676#breadcrumb\",\"itemListElement\":[{\"@type\":\"ListItem\",\"position\":1,\"name\":\"Home\",\"item\":\"https:\\\/\\\/darkamazi.site\\\/\"},{\"@type\":\"ListItem\",\"position\":2,\"name\":\"L\u00dcBNAN\u2019DA H\u00dcK\u00dcMETTEN GER\u0130 ADIM\"}]},{\"@type\":\"WebSite\",\"@id\":\"https:\\\/\\\/darkamazi.site\\\/#website\",\"url\":\"https:\\\/\\\/darkamazi.site\\\/\",\"name\":\"Darka Mazi\",\"description\":\"Ana Sayfa\",\"publisher\":{\"@id\":\"https:\\\/\\\/darkamazi.site\\\/#organization\"},\"potentialAction\":[{\"@type\":\"SearchAction\",\"target\":{\"@type\":\"EntryPoint\",\"urlTemplate\":\"https:\\\/\\\/darkamazi.site\\\/?s={search_term_string}\"},\"query-input\":{\"@type\":\"PropertyValueSpecification\",\"valueRequired\":true,\"valueName\":\"search_term_string\"}}],\"inLanguage\":\"en-US\"},{\"@type\":\"Organization\",\"@id\":\"https:\\\/\\\/darkamazi.site\\\/#organization\",\"name\":\"Darka Mazi T\u00fcrk\u00e7e\",\"alternateName\":\"Darka Mazi\",\"url\":\"https:\\\/\\\/darkamazi.site\\\/\",\"logo\":{\"@type\":\"ImageObject\",\"inLanguage\":\"en-US\",\"@id\":\"https:\\\/\\\/darkamazi.site\\\/#\\\/schema\\\/logo\\\/image\\\/\",\"url\":\"https:\\\/\\\/darkamazi.site\\\/darka-content\\\/uploads\\\/2017\\\/12\\\/darka-mazi-logo.png\",\"contentUrl\":\"https:\\\/\\\/darkamazi.site\\\/darka-content\\\/uploads\\\/2017\\\/12\\\/darka-mazi-logo.png\",\"width\":151,\"height\":75,\"caption\":\"Darka Mazi T\u00fcrk\u00e7e\"},\"image\":{\"@id\":\"https:\\\/\\\/darkamazi.site\\\/#\\\/schema\\\/logo\\\/image\\\/\"},\"sameAs\":[\"https:\\\/\\\/www.facebook.com\\\/DarkaMaziturkce\",\"https:\\\/\\\/x.com\\\/DarkaMaziTurkce\"]},{\"@type\":\"Person\",\"@id\":\"https:\\\/\\\/darkamazi.site\\\/#\\\/schema\\\/person\\\/67986a95ac546c16760365877ef4a9d3\",\"name\":\"darka mazi\",\"sameAs\":[\"https:\\\/\\\/darkamazi.site\"],\"url\":\"https:\\\/\\\/darkamazi.site\\\/archives\\\/author\\\/turkish\"}]}<\/script>\n<!-- \/ Yoast SEO plugin. -->","seo_head_json":{"title":"L\u00dcBNAN\u2019DA H\u00dcK\u00dcMETTEN GER\u0130 ADIM - Darka Mazi","robots":{"index":"index","follow":"follow","max-snippet":"max-snippet:-1","max-image-preview":"max-image-preview:large","max-video-preview":"max-video-preview:-1"},"canonical":"https:\/\/darkamazi.site\/archives\/1006676","og_locale":"en_US","og_type":"article","og_title":"L\u00dcBNAN\u2019DA H\u00dcK\u00dcMETTEN GER\u0130 ADIM - Darka Mazi","og_description":"L\u00fcbnan\u2019da gittik\u00e7e k\u00f6t\u00fcle\u015fen ekonomik durum nedeni ile halk yine sokaklarda. Bu kez g\u00f6steriler WhatsApp g\u00f6sterisine d\u00f6n\u00fc\u015ft\u00fc. \u00c7\u00fcnk\u00fc h\u00fck\u00fcmet sosyal medya vergi getirmek istiyor. L\u00fcbnan\u2019da h\u00fck\u00fcmetin WhatsApp gibi internet uygulamalar\u0131na g\u00fcnl\u00fck 20 cent vergi getirme karar\u0131 ard\u0131ndan on binlerce L\u00fcbnanl\u0131 sokaklara d\u00f6k\u00fclm\u00fc\u015ft\u00fc. \u00a0H\u0131zla b\u00fcy\u00fcyen g\u00f6sterilerde g\u00fcvenlik g\u00fc\u00e7leri ile halk aras\u0131nda yer yer \u00e7at\u0131\u015fmalar ya\u015fanm\u0131\u015f iki ki\u015fi [&hellip;]","og_url":"https:\/\/darkamazi.site\/archives\/1006676","og_site_name":"Darka Mazi","article_publisher":"https:\/\/www.facebook.com\/DarkaMaziturkce","article_published_time":"2019-10-21T09:47:36+00:00","og_image":[{"width":630,"height":350,"url":"https:\/\/darkamazi.site\/file\/2019\/10\/L\u00dcBNAN\u2019DA-H\u00dcK\u00dcMETTEN-GER\u0130-ADIM.jpg","type":"image\/jpeg"}],"author":"darka mazi","twitter_card":"summary_large_image","twitter_creator":"@DarkaMaziTurkce","twitter_site":"@DarkaMaziTurkce","twitter_misc":{"Written by":"darka mazi","Est. reading time":"1 minute"},"schema":{"@context":"https:\/\/schema.org","@graph":[{"@type":"NewsArticle","@id":"https:\/\/darkamazi.site\/archives\/1006676#article","isPartOf":{"@id":"https:\/\/darkamazi.site\/archives\/1006676"},"author":{"name":"darka mazi","@id":"https:\/\/darkamazi.site\/#\/schema\/person\/67986a95ac546c16760365877ef4a9d3"},"headline":"L\u00dcBNAN\u2019DA H\u00dcK\u00dcMETTEN GER\u0130 ADIM","datePublished":"2019-10-21T09:47:36+00:00","mainEntityOfPage":{"@id":"https:\/\/darkamazi.site\/archives\/1006676"},"wordCount":256,"publisher":{"@id":"https:\/\/darkamazi.site\/#organization"},"image":{"@id":"https:\/\/darkamazi.site\/archives\/1006676#primaryimage"},"thumbnailUrl":"https:\/\/darkamazi.site\/file\/2019\/10\/L\u00dcBNAN\u2019DA-H\u00dcK\u00dcMETTEN-GER\u0130-ADIM.jpg","keywords":["\u00f6nemli"],"articleSection":["Ortado\u011fu"],"inLanguage":"en-US"},{"@type":"WebPage","@id":"https:\/\/darkamazi.site\/archives\/1006676","url":"https:\/\/darkamazi.site\/archives\/1006676","name":"L\u00dcBNAN\u2019DA H\u00dcK\u00dcMETTEN GER\u0130 ADIM - Darka Mazi","isPartOf":{"@id":"https:\/\/darkamazi.site\/#website"},"primaryImageOfPage":{"@id":"https:\/\/darkamazi.site\/archives\/1006676#primaryimage"},"image":{"@id":"https:\/\/darkamazi.site\/archives\/1006676#primaryimage"},"thumbnailUrl":"https:\/\/darkamazi.site\/file\/2019\/10\/L\u00dcBNAN\u2019DA-H\u00dcK\u00dcMETTEN-GER\u0130-ADIM.jpg","datePublished":"2019-10-21T09:47:36+00:00","breadcrumb":{"@id":"https:\/\/darkamazi.site\/archives\/1006676#breadcrumb"},"inLanguage":"en-US","potentialAction":[{"@type":"ReadAction","target":["https:\/\/darkamazi.site\/archives\/1006676"]}]},{"@type":"ImageObject","inLanguage":"en-US","@id":"https:\/\/darkamazi.site\/archives\/1006676#primaryimage","url":"https:\/\/darkamazi.site\/file\/2019\/10\/L\u00dcBNAN\u2019DA-H\u00dcK\u00dcMETTEN-GER\u0130-ADIM.jpg","contentUrl":"https:\/\/darkamazi.site\/file\/2019\/10\/L\u00dcBNAN\u2019DA-H\u00dcK\u00dcMETTEN-GER\u0130-ADIM.jpg","width":630,"height":350},{"@type":"BreadcrumbList","@id":"https:\/\/darkamazi.site\/archives\/1006676#breadcrumb","itemListElement":[{"@type":"ListItem","position":1,"name":"Home","item":"https:\/\/darkamazi.site\/"},{"@type":"ListItem","position":2,"name":"L\u00dcBNAN\u2019DA H\u00dcK\u00dcMETTEN GER\u0130 ADIM"}]},{"@type":"WebSite","@id":"https:\/\/darkamazi.site\/#website","url":"https:\/\/darkamazi.site\/","name":"Darka Mazi","description":"Ana Sayfa","publisher":{"@id":"https:\/\/darkamazi.site\/#organization"},"potentialAction":[{"@type":"SearchAction","target":{"@type":"EntryPoint","urlTemplate":"https:\/\/darkamazi.site\/?s={search_term_string}"},"query-input":{"@type":"PropertyValueSpecification","valueRequired":true,"valueName":"search_term_string"}}],"inLanguage":"en-US"},{"@type":"Organization","@id":"https:\/\/darkamazi.site\/#organization","name":"Darka Mazi T\u00fcrk\u00e7e","alternateName":"Darka Mazi","url":"https:\/\/darkamazi.site\/","logo":{"@type":"ImageObject","inLanguage":"en-US","@id":"https:\/\/darkamazi.site\/#\/schema\/logo\/image\/","url":"https:\/\/darkamazi.site\/file\/2017\/12\/darka-mazi-logo.png","contentUrl":"https:\/\/darkamazi.site\/file\/2017\/12\/darka-mazi-logo.png","width":151,"height":75,"caption":"Darka Mazi T\u00fcrk\u00e7e"},"image":{"@id":"https:\/\/darkamazi.site\/#\/schema\/logo\/image\/"},"sameAs":["https:\/\/www.facebook.com\/DarkaMaziturkce","https:\/\/x.com\/DarkaMaziTurkce"]},{"@type":"Person","@id":"https:\/\/darkamazi.site\/#\/schema\/person\/67986a95ac546c16760365877ef4a9d3","name":"darka mazi","sameAs":["https:\/\/darkamazi.site"],"url":"https:\/\/darkamazi.site\/archives\/author\/turkish"}]}},"_links":{"self":[{"href":"https:\/\/darkamazi.site\/funavuv\/wp\/v2\/posts\/1006676","targetHints":{"allow":["GET"]}}],"collection":[{"href":"https:\/\/darkamazi.site\/funavuv\/wp\/v2\/posts"}],"about":[{"href":"https:\/\/darkamazi.site\/funavuv\/wp\/v2\/types\/post"}],"author":[{"embeddable":true,"href":"https:\/\/darkamazi.site\/funavuv\/wp\/v2\/users\/2"}],"replies":[{"embeddable":true,"href":"https:\/\/darkamazi.site\/funavuv\/wp\/v2\/comments?post=1006676"}],"version-history":[{"count":0,"href":"https:\/\/darkamazi.site\/funavuv\/wp\/v2\/posts\/1006676\/revisions"}],"wp:featuredmedia":[{"embeddable":true,"href":"https:\/\/darkamazi.site\/funavuv\/wp\/v2\/media\/1006677"}],"wp:attachment":[{"href":"https:\/\/darkamazi.site\/funavuv\/wp\/v2\/media?parent=1006676"}],"wp:term":[{"taxonomy":"category","embeddable":true,"href":"https:\/\/darkamazi.site\/funavuv\/wp\/v2\/categories?post=1006676"},{"taxonomy":"post_tag","embeddable":true,"href":"https:\/\/darkamazi.site\/funavuv\/wp\/v2\/tags?post=1006676"}],"curies":[{"name":"wp","href":"https:\/\/api.w.org\/{rel}","templated":true}]}}