{"id":1006683,"date":"2019-10-21T12:37:14","date_gmt":"2019-10-21T09:37:14","guid":{"rendered":"https:\/\/darkamazi.site\/?p=1006683"},"modified":"2019-10-21T12:37:14","modified_gmt":"2019-10-21T09:37:14","slug":"suriyeden-cekilen-abd-askerleri-guney-kurdistanda","status":"publish","type":"post","link":"https:\/\/darkamazi.site\/archives\/1006683","title":{"rendered":"SUR\u0130YEDEN \u00c7EK\u0130LEN ABD ASKERLER\u0130 G\u00dcNEY K\u00dcRD\u0130STAN&#8217;DA"},"content":{"rendered":"<h2><strong>ABD Ba\u015fkan\u0131 Trump\u2019\u0131n geri \u00e7ekilece\u011fiz a\u00e7\u0131klamas\u0131ndan sonra ABD askerleri Rojava K\u00fcrdistan\u0131 ve Suriyeden ad\u0131m ad\u0131m \u00e7ekiliyor<\/strong><\/h2>\n<p>Bu g\u00fcn Reutersin ge\u00e7ti\u011fi habere g\u00f6re bu g\u00fcn sabah ABD askerlerini ve m\u00fchimmatlar\u0131 ta\u015f\u0131yan 100 ara\u00e7l\u0131k bir konvoy G\u00fcney K\u00fcrdistan\u2019la Rojava K\u00fcrdistan\u0131 aras\u0131nda bulunan Sihela s\u0131n\u0131r kap\u0131s\u0131ndan ge\u00e7i\u015f yapt\u0131. Ge\u00e7i\u015f yapanlar\u0131n t\u0131rlar de\u011fil personel ta\u015f\u0131yan ara\u00e7lar ve z\u0131rhl\u0131 ara\u00e7lar olmas\u0131 ise dikkat \u00e7ekti.<\/p>\n<p>ABD\u2019nin Rojava K\u00fcrdistani ve Suriyede yakla\u015f\u0131k olarak 1000 askeri bulunuyordu. T\u00fcrkiye\u2019nin Rojava\u2019ya sald\u0131r\u0131lar\u0131 \u00f6ncesi ilk olarak Sere Kaniye, Gire Sipi hatt\u0131nda bulunan 50 askerini \u00e7ekmi\u015f daha sonra ise ad\u0131m ad\u0131m geri \u00e7ekilmi\u015fti. ABD\u2019nin geri \u00e7ekilme karar\u0131n\u0131n hem Suriye hem T\u00fcrkiye ordusuna Rojava\u2019ya girme imk\u00e2n\u0131 verece\u011fi nedeni ile bir\u00e7ok \u00e7evrenin tepkisine neden olmu\u015ftu.<\/p>\n<p>ABD\u2019nin Rojava- Suriye politikas\u0131 \u00a0t\u00fcm d\u00fcnyada ciddi tepkilere yol a\u00e7t\u0131.<\/p>\n","protected":false},"excerpt":{"rendered":"<p>ABD Ba\u015fkan\u0131 Trump\u2019\u0131n geri \u00e7ekilece\u011fiz a\u00e7\u0131klamas\u0131ndan sonra ABD askerleri Rojava K\u00fcrdistan\u0131 ve Suriyeden ad\u0131m ad\u0131m \u00e7ekiliyor Bu g\u00fcn Reutersin ge\u00e7ti\u011fi habere g\u00f6re bu g\u00fcn sabah ABD askerlerini ve m\u00fchimmatlar\u0131 ta\u015f\u0131yan 100 ara\u00e7l\u0131k bir konvoy G\u00fcney K\u00fcrdistan\u2019la Rojava K\u00fcrdistan\u0131 aras\u0131nda bulunan Sihela s\u0131n\u0131r kap\u0131s\u0131ndan ge\u00e7i\u015f yapt\u0131. Ge\u00e7i\u015f yapanlar\u0131n t\u0131rlar de\u011fil personel ta\u015f\u0131yan ara\u00e7lar ve z\u0131rhl\u0131 ara\u00e7lar [&hellip;]<\/p>\n","protected":false},"author":2,"featured_media":1006684,"comment_status":"closed","ping_status":"closed","sticky":false,"template":"","format":"standard","meta":{"footnotes":""},"categories":[6],"tags":[31],"class_list":["post-1006683","post","type-post","status-publish","format-standard","has-post-thumbnail","hentry","category-dunya","tag-onemli"],"blocksy_meta":[],"seo_head":"<!-- This site is optimized with the Yoast SEO plugin v27.5 - https:\/\/yoast.com\/product\/yoast-seo-wordpress\/ -->\n<title>SUR\u0130YEDEN \u00c7EK\u0130LEN ABD ASKERLER\u0130 G\u00dcNEY K\u00dcRD\u0130STAN&#039;DA - Darka Mazi<\/title>\n<meta name=\"robots\" content=\"index, follow, max-snippet:-1, max-image-preview:large, max-video-preview:-1\" \/>\n<link rel=\"canonical\" href=\"https:\/\/darkamazi.site\/archives\/1006683\" \/>\n<meta property=\"og:locale\" content=\"en_US\" \/>\n<meta property=\"og:type\" content=\"article\" \/>\n<meta property=\"og:title\" content=\"SUR\u0130YEDEN \u00c7EK\u0130LEN ABD ASKERLER\u0130 G\u00dcNEY K\u00dcRD\u0130STAN&#039;DA - Darka Mazi\" \/>\n<meta property=\"og:description\" content=\"ABD Ba\u015fkan\u0131 Trump\u2019\u0131n geri \u00e7ekilece\u011fiz a\u00e7\u0131klamas\u0131ndan sonra ABD askerleri Rojava K\u00fcrdistan\u0131 ve Suriyeden ad\u0131m ad\u0131m \u00e7ekiliyor Bu g\u00fcn Reutersin ge\u00e7ti\u011fi habere g\u00f6re bu g\u00fcn sabah ABD askerlerini ve m\u00fchimmatlar\u0131 ta\u015f\u0131yan 100 ara\u00e7l\u0131k bir konvoy G\u00fcney K\u00fcrdistan\u2019la Rojava K\u00fcrdistan\u0131 aras\u0131nda bulunan Sihela s\u0131n\u0131r kap\u0131s\u0131ndan ge\u00e7i\u015f yapt\u0131. Ge\u00e7i\u015f yapanlar\u0131n t\u0131rlar de\u011fil personel ta\u015f\u0131yan ara\u00e7lar ve z\u0131rhl\u0131 ara\u00e7lar [&hellip;]\" \/>\n<meta property=\"og:url\" content=\"https:\/\/darkamazi.site\/archives\/1006683\" \/>\n<meta property=\"og:site_name\" content=\"Darka Mazi\" \/>\n<meta property=\"article:publisher\" content=\"https:\/\/www.facebook.com\/DarkaMaziturkce\" \/>\n<meta property=\"article:published_time\" content=\"2019-10-21T09:37:14+00:00\" \/>\n<meta property=\"og:image\" content=\"https:\/\/darkamazi.site\/file\/2019\/10\/SUR\u0130YEDEN-\u00c7EK\u0130LEN-ABD-ASKERLER\u0130-G\u00dcNEY-K\u00dcRD\u0130STANDA.jpg\" \/>\n\t<meta property=\"og:image:width\" content=\"781\" \/>\n\t<meta property=\"og:image:height\" content=\"439\" \/>\n\t<meta property=\"og:image:type\" content=\"image\/jpeg\" \/>\n<meta name=\"author\" content=\"darka mazi\" \/>\n<meta name=\"twitter:card\" content=\"summary_large_image\" \/>\n<meta name=\"twitter:creator\" content=\"@DarkaMaziTurkce\" \/>\n<meta name=\"twitter:site\" content=\"@DarkaMaziTurkce\" \/>\n<meta name=\"twitter:label1\" content=\"Written by\" \/>\n\t<meta name=\"twitter:data1\" content=\"darka mazi\" \/>\n\t<meta name=\"twitter:label2\" content=\"Est. reading time\" \/>\n\t<meta name=\"twitter:data2\" content=\"1 minute\" \/>\n<script type=\"application\/ld+json\" class=\"seo-schema-graph\">{\"@context\":\"https:\\\/\\\/schema.org\",\"@graph\":[{\"@type\":\"NewsArticle\",\"@id\":\"https:\\\/\\\/darkamazi.site\\\/archives\\\/1006683#article\",\"isPartOf\":{\"@id\":\"https:\\\/\\\/darkamazi.site\\\/archives\\\/1006683\"},\"author\":{\"name\":\"darka mazi\",\"@id\":\"https:\\\/\\\/darkamazi.site\\\/#\\\/schema\\\/person\\\/67986a95ac546c16760365877ef4a9d3\"},\"headline\":\"SUR\u0130YEDEN \u00c7EK\u0130LEN ABD ASKERLER\u0130 G\u00dcNEY K\u00dcRD\u0130STAN&#8217;DA\",\"datePublished\":\"2019-10-21T09:37:14+00:00\",\"mainEntityOfPage\":{\"@id\":\"https:\\\/\\\/darkamazi.site\\\/archives\\\/1006683\"},\"wordCount\":190,\"publisher\":{\"@id\":\"https:\\\/\\\/darkamazi.site\\\/#organization\"},\"image\":{\"@id\":\"https:\\\/\\\/darkamazi.site\\\/archives\\\/1006683#primaryimage\"},\"thumbnailUrl\":\"https:\\\/\\\/darkamazi.site\\\/darka-content\\\/uploads\\\/2019\\\/10\\\/SUR\u0130YEDEN-\u00c7EK\u0130LEN-ABD-ASKERLER\u0130-G\u00dcNEY-K\u00dcRD\u0130STANDA.jpg\",\"keywords\":[\"\u00f6nemli\"],\"articleSection\":[\"D\u00fcnya\"],\"inLanguage\":\"en-US\"},{\"@type\":\"WebPage\",\"@id\":\"https:\\\/\\\/darkamazi.site\\\/archives\\\/1006683\",\"url\":\"https:\\\/\\\/darkamazi.site\\\/archives\\\/1006683\",\"name\":\"SUR\u0130YEDEN \u00c7EK\u0130LEN ABD ASKERLER\u0130 G\u00dcNEY K\u00dcRD\u0130STAN'DA - Darka Mazi\",\"isPartOf\":{\"@id\":\"https:\\\/\\\/darkamazi.site\\\/#website\"},\"primaryImageOfPage\":{\"@id\":\"https:\\\/\\\/darkamazi.site\\\/archives\\\/1006683#primaryimage\"},\"image\":{\"@id\":\"https:\\\/\\\/darkamazi.site\\\/archives\\\/1006683#primaryimage\"},\"thumbnailUrl\":\"https:\\\/\\\/darkamazi.site\\\/darka-content\\\/uploads\\\/2019\\\/10\\\/SUR\u0130YEDEN-\u00c7EK\u0130LEN-ABD-ASKERLER\u0130-G\u00dcNEY-K\u00dcRD\u0130STANDA.jpg\",\"datePublished\":\"2019-10-21T09:37:14+00:00\",\"breadcrumb\":{\"@id\":\"https:\\\/\\\/darkamazi.site\\\/archives\\\/1006683#breadcrumb\"},\"inLanguage\":\"en-US\",\"potentialAction\":[{\"@type\":\"ReadAction\",\"target\":[\"https:\\\/\\\/darkamazi.site\\\/archives\\\/1006683\"]}]},{\"@type\":\"ImageObject\",\"inLanguage\":\"en-US\",\"@id\":\"https:\\\/\\\/darkamazi.site\\\/archives\\\/1006683#primaryimage\",\"url\":\"https:\\\/\\\/darkamazi.site\\\/darka-content\\\/uploads\\\/2019\\\/10\\\/SUR\u0130YEDEN-\u00c7EK\u0130LEN-ABD-ASKERLER\u0130-G\u00dcNEY-K\u00dcRD\u0130STANDA.jpg\",\"contentUrl\":\"https:\\\/\\\/darkamazi.site\\\/darka-content\\\/uploads\\\/2019\\\/10\\\/SUR\u0130YEDEN-\u00c7EK\u0130LEN-ABD-ASKERLER\u0130-G\u00dcNEY-K\u00dcRD\u0130STANDA.jpg\",\"width\":781,\"height\":439},{\"@type\":\"BreadcrumbList\",\"@id\":\"https:\\\/\\\/darkamazi.site\\\/archives\\\/1006683#breadcrumb\",\"itemListElement\":[{\"@type\":\"ListItem\",\"position\":1,\"name\":\"Home\",\"item\":\"https:\\\/\\\/darkamazi.site\\\/\"},{\"@type\":\"ListItem\",\"position\":2,\"name\":\"SUR\u0130YEDEN \u00c7EK\u0130LEN ABD ASKERLER\u0130 G\u00dcNEY K\u00dcRD\u0130STAN&#8217;DA\"}]},{\"@type\":\"WebSite\",\"@id\":\"https:\\\/\\\/darkamazi.site\\\/#website\",\"url\":\"https:\\\/\\\/darkamazi.site\\\/\",\"name\":\"Darka Mazi\",\"description\":\"Ana Sayfa\",\"publisher\":{\"@id\":\"https:\\\/\\\/darkamazi.site\\\/#organization\"},\"potentialAction\":[{\"@type\":\"SearchAction\",\"target\":{\"@type\":\"EntryPoint\",\"urlTemplate\":\"https:\\\/\\\/darkamazi.site\\\/?s={search_term_string}\"},\"query-input\":{\"@type\":\"PropertyValueSpecification\",\"valueRequired\":true,\"valueName\":\"search_term_string\"}}],\"inLanguage\":\"en-US\"},{\"@type\":\"Organization\",\"@id\":\"https:\\\/\\\/darkamazi.site\\\/#organization\",\"name\":\"Darka Mazi T\u00fcrk\u00e7e\",\"alternateName\":\"Darka Mazi\",\"url\":\"https:\\\/\\\/darkamazi.site\\\/\",\"logo\":{\"@type\":\"ImageObject\",\"inLanguage\":\"en-US\",\"@id\":\"https:\\\/\\\/darkamazi.site\\\/#\\\/schema\\\/logo\\\/image\\\/\",\"url\":\"https:\\\/\\\/darkamazi.site\\\/darka-content\\\/uploads\\\/2017\\\/12\\\/darka-mazi-logo.png\",\"contentUrl\":\"https:\\\/\\\/darkamazi.site\\\/darka-content\\\/uploads\\\/2017\\\/12\\\/darka-mazi-logo.png\",\"width\":151,\"height\":75,\"caption\":\"Darka Mazi T\u00fcrk\u00e7e\"},\"image\":{\"@id\":\"https:\\\/\\\/darkamazi.site\\\/#\\\/schema\\\/logo\\\/image\\\/\"},\"sameAs\":[\"https:\\\/\\\/www.facebook.com\\\/DarkaMaziturkce\",\"https:\\\/\\\/x.com\\\/DarkaMaziTurkce\"]},{\"@type\":\"Person\",\"@id\":\"https:\\\/\\\/darkamazi.site\\\/#\\\/schema\\\/person\\\/67986a95ac546c16760365877ef4a9d3\",\"name\":\"darka mazi\",\"sameAs\":[\"https:\\\/\\\/darkamazi.site\"],\"url\":\"https:\\\/\\\/darkamazi.site\\\/archives\\\/author\\\/turkish\"}]}<\/script>\n<!-- \/ Yoast SEO plugin. -->","seo_head_json":{"title":"SUR\u0130YEDEN \u00c7EK\u0130LEN ABD ASKERLER\u0130 G\u00dcNEY K\u00dcRD\u0130STAN'DA - Darka Mazi","robots":{"index":"index","follow":"follow","max-snippet":"max-snippet:-1","max-image-preview":"max-image-preview:large","max-video-preview":"max-video-preview:-1"},"canonical":"https:\/\/darkamazi.site\/archives\/1006683","og_locale":"en_US","og_type":"article","og_title":"SUR\u0130YEDEN \u00c7EK\u0130LEN ABD ASKERLER\u0130 G\u00dcNEY K\u00dcRD\u0130STAN'DA - Darka Mazi","og_description":"ABD Ba\u015fkan\u0131 Trump\u2019\u0131n geri \u00e7ekilece\u011fiz a\u00e7\u0131klamas\u0131ndan sonra ABD askerleri Rojava K\u00fcrdistan\u0131 ve Suriyeden ad\u0131m ad\u0131m \u00e7ekiliyor Bu g\u00fcn Reutersin ge\u00e7ti\u011fi habere g\u00f6re bu g\u00fcn sabah ABD askerlerini ve m\u00fchimmatlar\u0131 ta\u015f\u0131yan 100 ara\u00e7l\u0131k bir konvoy G\u00fcney K\u00fcrdistan\u2019la Rojava K\u00fcrdistan\u0131 aras\u0131nda bulunan Sihela s\u0131n\u0131r kap\u0131s\u0131ndan ge\u00e7i\u015f yapt\u0131. Ge\u00e7i\u015f yapanlar\u0131n t\u0131rlar de\u011fil personel ta\u015f\u0131yan ara\u00e7lar ve z\u0131rhl\u0131 ara\u00e7lar [&hellip;]","og_url":"https:\/\/darkamazi.site\/archives\/1006683","og_site_name":"Darka Mazi","article_publisher":"https:\/\/www.facebook.com\/DarkaMaziturkce","article_published_time":"2019-10-21T09:37:14+00:00","og_image":[{"width":781,"height":439,"url":"https:\/\/darkamazi.site\/file\/2019\/10\/SUR\u0130YEDEN-\u00c7EK\u0130LEN-ABD-ASKERLER\u0130-G\u00dcNEY-K\u00dcRD\u0130STANDA.jpg","type":"image\/jpeg"}],"author":"darka mazi","twitter_card":"summary_large_image","twitter_creator":"@DarkaMaziTurkce","twitter_site":"@DarkaMaziTurkce","twitter_misc":{"Written by":"darka mazi","Est. reading time":"1 minute"},"schema":{"@context":"https:\/\/schema.org","@graph":[{"@type":"NewsArticle","@id":"https:\/\/darkamazi.site\/archives\/1006683#article","isPartOf":{"@id":"https:\/\/darkamazi.site\/archives\/1006683"},"author":{"name":"darka mazi","@id":"https:\/\/darkamazi.site\/#\/schema\/person\/67986a95ac546c16760365877ef4a9d3"},"headline":"SUR\u0130YEDEN \u00c7EK\u0130LEN ABD ASKERLER\u0130 G\u00dcNEY K\u00dcRD\u0130STAN&#8217;DA","datePublished":"2019-10-21T09:37:14+00:00","mainEntityOfPage":{"@id":"https:\/\/darkamazi.site\/archives\/1006683"},"wordCount":190,"publisher":{"@id":"https:\/\/darkamazi.site\/#organization"},"image":{"@id":"https:\/\/darkamazi.site\/archives\/1006683#primaryimage"},"thumbnailUrl":"https:\/\/darkamazi.site\/file\/2019\/10\/SUR\u0130YEDEN-\u00c7EK\u0130LEN-ABD-ASKERLER\u0130-G\u00dcNEY-K\u00dcRD\u0130STANDA.jpg","keywords":["\u00f6nemli"],"articleSection":["D\u00fcnya"],"inLanguage":"en-US"},{"@type":"WebPage","@id":"https:\/\/darkamazi.site\/archives\/1006683","url":"https:\/\/darkamazi.site\/archives\/1006683","name":"SUR\u0130YEDEN \u00c7EK\u0130LEN ABD ASKERLER\u0130 G\u00dcNEY K\u00dcRD\u0130STAN'DA - Darka Mazi","isPartOf":{"@id":"https:\/\/darkamazi.site\/#website"},"primaryImageOfPage":{"@id":"https:\/\/darkamazi.site\/archives\/1006683#primaryimage"},"image":{"@id":"https:\/\/darkamazi.site\/archives\/1006683#primaryimage"},"thumbnailUrl":"https:\/\/darkamazi.site\/file\/2019\/10\/SUR\u0130YEDEN-\u00c7EK\u0130LEN-ABD-ASKERLER\u0130-G\u00dcNEY-K\u00dcRD\u0130STANDA.jpg","datePublished":"2019-10-21T09:37:14+00:00","breadcrumb":{"@id":"https:\/\/darkamazi.site\/archives\/1006683#breadcrumb"},"inLanguage":"en-US","potentialAction":[{"@type":"ReadAction","target":["https:\/\/darkamazi.site\/archives\/1006683"]}]},{"@type":"ImageObject","inLanguage":"en-US","@id":"https:\/\/darkamazi.site\/archives\/1006683#primaryimage","url":"https:\/\/darkamazi.site\/file\/2019\/10\/SUR\u0130YEDEN-\u00c7EK\u0130LEN-ABD-ASKERLER\u0130-G\u00dcNEY-K\u00dcRD\u0130STANDA.jpg","contentUrl":"https:\/\/darkamazi.site\/file\/2019\/10\/SUR\u0130YEDEN-\u00c7EK\u0130LEN-ABD-ASKERLER\u0130-G\u00dcNEY-K\u00dcRD\u0130STANDA.jpg","width":781,"height":439},{"@type":"BreadcrumbList","@id":"https:\/\/darkamazi.site\/archives\/1006683#breadcrumb","itemListElement":[{"@type":"ListItem","position":1,"name":"Home","item":"https:\/\/darkamazi.site\/"},{"@type":"ListItem","position":2,"name":"SUR\u0130YEDEN \u00c7EK\u0130LEN ABD ASKERLER\u0130 G\u00dcNEY K\u00dcRD\u0130STAN&#8217;DA"}]},{"@type":"WebSite","@id":"https:\/\/darkamazi.site\/#website","url":"https:\/\/darkamazi.site\/","name":"Darka Mazi","description":"Ana Sayfa","publisher":{"@id":"https:\/\/darkamazi.site\/#organization"},"potentialAction":[{"@type":"SearchAction","target":{"@type":"EntryPoint","urlTemplate":"https:\/\/darkamazi.site\/?s={search_term_string}"},"query-input":{"@type":"PropertyValueSpecification","valueRequired":true,"valueName":"search_term_string"}}],"inLanguage":"en-US"},{"@type":"Organization","@id":"https:\/\/darkamazi.site\/#organization","name":"Darka Mazi T\u00fcrk\u00e7e","alternateName":"Darka Mazi","url":"https:\/\/darkamazi.site\/","logo":{"@type":"ImageObject","inLanguage":"en-US","@id":"https:\/\/darkamazi.site\/#\/schema\/logo\/image\/","url":"https:\/\/darkamazi.site\/file\/2017\/12\/darka-mazi-logo.png","contentUrl":"https:\/\/darkamazi.site\/file\/2017\/12\/darka-mazi-logo.png","width":151,"height":75,"caption":"Darka Mazi T\u00fcrk\u00e7e"},"image":{"@id":"https:\/\/darkamazi.site\/#\/schema\/logo\/image\/"},"sameAs":["https:\/\/www.facebook.com\/DarkaMaziturkce","https:\/\/x.com\/DarkaMaziTurkce"]},{"@type":"Person","@id":"https:\/\/darkamazi.site\/#\/schema\/person\/67986a95ac546c16760365877ef4a9d3","name":"darka mazi","sameAs":["https:\/\/darkamazi.site"],"url":"https:\/\/darkamazi.site\/archives\/author\/turkish"}]}},"_links":{"self":[{"href":"https:\/\/darkamazi.site\/funavuv\/wp\/v2\/posts\/1006683","targetHints":{"allow":["GET"]}}],"collection":[{"href":"https:\/\/darkamazi.site\/funavuv\/wp\/v2\/posts"}],"about":[{"href":"https:\/\/darkamazi.site\/funavuv\/wp\/v2\/types\/post"}],"author":[{"embeddable":true,"href":"https:\/\/darkamazi.site\/funavuv\/wp\/v2\/users\/2"}],"replies":[{"embeddable":true,"href":"https:\/\/darkamazi.site\/funavuv\/wp\/v2\/comments?post=1006683"}],"version-history":[{"count":0,"href":"https:\/\/darkamazi.site\/funavuv\/wp\/v2\/posts\/1006683\/revisions"}],"wp:featuredmedia":[{"embeddable":true,"href":"https:\/\/darkamazi.site\/funavuv\/wp\/v2\/media\/1006684"}],"wp:attachment":[{"href":"https:\/\/darkamazi.site\/funavuv\/wp\/v2\/media?parent=1006683"}],"wp:term":[{"taxonomy":"category","embeddable":true,"href":"https:\/\/darkamazi.site\/funavuv\/wp\/v2\/categories?post=1006683"},{"taxonomy":"post_tag","embeddable":true,"href":"https:\/\/darkamazi.site\/funavuv\/wp\/v2\/tags?post=1006683"}],"curies":[{"name":"wp","href":"https:\/\/api.w.org\/{rel}","templated":true}]}}