{"id":1006712,"date":"2019-10-21T13:47:51","date_gmt":"2019-10-21T10:47:51","guid":{"rendered":"https:\/\/darkamazi.site\/?p=1006712"},"modified":"2019-10-21T13:47:51","modified_gmt":"2019-10-21T10:47:51","slug":"sitemiz-turkce-yayin-hayatina-basladi","status":"publish","type":"post","link":"https:\/\/darkamazi.site\/archives\/1006712","title":{"rendered":"S\u0130TEM\u0130Z T\u00dcRK\u00c7E YAYIN HAYATINA BA\u015eLADI"},"content":{"rendered":"<h2><strong>Eyl\u00fcl ay\u0131nda yay\u0131n hayat\u0131na ba\u015flayan Darka Mazi sitesi olarak Kurmanci ve Arap\u00e7a dillerinin yan\u0131 s\u0131ra bu g\u00fcn itibari ile T\u00fcrk\u00e7e olarak da yay\u0131na ba\u015flad\u0131k<\/strong><\/h2>\n<h3>Darka Mazi sitesi olarak amac\u0131m\u0131z K\u00fcrdistan\u2019da ki g\u00fcncel ve yak\u0131n tarih olaylar\u0131n\u0131 yeni bir bak\u0131\u015f a\u00e7\u0131s\u0131 ile yorumlamak. Elbette ki g\u00fcn\u00fcn en \u00f6nemli olaylar\u0131n\u0131 da sizler i\u00e7in eleyerek haz\u0131rlayaca\u011f\u0131z.\u00a0 Bunlar\u0131 yaparken de tarafs\u0131z m\u0131y\u0131z elbette ki hay\u0131r. Biz bir taraf\u0131z, taraf\u0131m\u0131z \u00fclkemiz K\u00fcrdistan\u2019\u0131n \u00f6zg\u00fcrl\u00fc\u011f\u00fc ve K\u00fcrt Ulusunun \u00e7\u0131karlar\u0131d\u0131r.<\/h3>\n<h3>K\u00fcrdistan; ekonomik, siyasal, askeri ku\u015fatmalar\u0131n d\u0131\u015f\u0131nda bir de d\u00fc\u015f\u00fcncel olarak da ku\u015fatma alt\u0131ndad\u0131r.\u00a0 K\u00fcrt kimli\u011finin ve sorununun ger\u00e7ek bir tan\u0131m\u0131n\u0131n yap\u0131lmas\u0131n\u0131 engelleyen bu d\u00fc\u015f\u00fcnsel ve ideolojik ku\u015fatmaya kar\u015f\u0131 m\u00fccadele edece\u011fiz.<\/h3>\n<h3>\u00a0Bunun i\u00e7in en temel hedeflerimizden biri yak\u0131n tarihin gizli ayr\u0131nt\u0131lar\u0131n\u0131 ve manip\u00fcle edilen yanlar\u0131n\u0131 a\u00e7\u0131\u011fa \u00e7\u0131karmak, siyasi taraflar\u0131n belgeler ve bilgiler \u00fczerindeki tekelini k\u0131rmakt\u0131r. Bilinmeyen, bilinmesi istenmeyen ve \u00fcst\u00fc \u00f6rt\u00fclen yak\u0131n tarih ve g\u00fcn\u00fcm\u00fcz\u00fcn bilgilerini Darka Mazi sitesinde bulacaks\u0131n\u0131z. \u00a0Facebook ve Twitter adreslerinden de takip edebilirsiniz.<\/h3>\n","protected":false},"excerpt":{"rendered":"<p>Eyl\u00fcl ay\u0131nda yay\u0131n hayat\u0131na ba\u015flayan Darka Mazi sitesi olarak Kurmanci ve Arap\u00e7a dillerinin yan\u0131 s\u0131ra bu g\u00fcn itibari ile T\u00fcrk\u00e7e olarak da yay\u0131na ba\u015flad\u0131k Darka Mazi sitesi olarak amac\u0131m\u0131z K\u00fcrdistan\u2019da ki g\u00fcncel ve yak\u0131n tarih olaylar\u0131n\u0131 yeni bir bak\u0131\u015f a\u00e7\u0131s\u0131 ile yorumlamak. Elbette ki g\u00fcn\u00fcn en \u00f6nemli olaylar\u0131n\u0131 da sizler i\u00e7in eleyerek haz\u0131rlayaca\u011f\u0131z.\u00a0 Bunlar\u0131 yaparken [&hellip;]<\/p>\n","protected":false},"author":2,"featured_media":1006713,"comment_status":"closed","ping_status":"closed","sticky":false,"template":"","format":"standard","meta":{"footnotes":""},"categories":[7],"tags":[31],"class_list":["post-1006712","post","type-post","status-publish","format-standard","has-post-thumbnail","hentry","category-editorden","tag-onemli"],"blocksy_meta":[],"seo_head":"<!-- This site is optimized with the Yoast SEO plugin v27.5 - https:\/\/yoast.com\/product\/yoast-seo-wordpress\/ -->\n<title>S\u0130TEM\u0130Z T\u00dcRK\u00c7E YAYIN HAYATINA BA\u015eLADI - Darka Mazi<\/title>\n<meta name=\"robots\" content=\"index, follow, max-snippet:-1, max-image-preview:large, max-video-preview:-1\" \/>\n<link rel=\"canonical\" href=\"https:\/\/darkamazi.site\/archives\/1006712\" \/>\n<meta property=\"og:locale\" content=\"en_US\" \/>\n<meta property=\"og:type\" content=\"article\" \/>\n<meta property=\"og:title\" content=\"S\u0130TEM\u0130Z T\u00dcRK\u00c7E YAYIN HAYATINA BA\u015eLADI - Darka Mazi\" \/>\n<meta property=\"og:description\" content=\"Eyl\u00fcl ay\u0131nda yay\u0131n hayat\u0131na ba\u015flayan Darka Mazi sitesi olarak Kurmanci ve Arap\u00e7a dillerinin yan\u0131 s\u0131ra bu g\u00fcn itibari ile T\u00fcrk\u00e7e olarak da yay\u0131na ba\u015flad\u0131k Darka Mazi sitesi olarak amac\u0131m\u0131z K\u00fcrdistan\u2019da ki g\u00fcncel ve yak\u0131n tarih olaylar\u0131n\u0131 yeni bir bak\u0131\u015f a\u00e7\u0131s\u0131 ile yorumlamak. Elbette ki g\u00fcn\u00fcn en \u00f6nemli olaylar\u0131n\u0131 da sizler i\u00e7in eleyerek haz\u0131rlayaca\u011f\u0131z.\u00a0 Bunlar\u0131 yaparken [&hellip;]\" \/>\n<meta property=\"og:url\" content=\"https:\/\/darkamazi.site\/archives\/1006712\" \/>\n<meta property=\"og:site_name\" content=\"Darka Mazi\" \/>\n<meta property=\"article:publisher\" content=\"https:\/\/www.facebook.com\/DarkaMaziturkce\" \/>\n<meta property=\"article:published_time\" content=\"2019-10-21T10:47:51+00:00\" \/>\n<meta property=\"og:image\" content=\"https:\/\/darkamazi.site\/file\/2019\/10\/S\u0130TEM\u0130Z\u0130N-T\u00dcRK\u00c7E-SERV\u0130S\u0130-DE-YAYIN-HAYATINA-BA\u015eLADI-1.jpeg\" \/>\n\t<meta property=\"og:image:width\" content=\"750\" \/>\n\t<meta property=\"og:image:height\" content=\"425\" \/>\n\t<meta property=\"og:image:type\" content=\"image\/jpeg\" \/>\n<meta name=\"author\" content=\"darka mazi\" \/>\n<meta name=\"twitter:card\" content=\"summary_large_image\" \/>\n<meta name=\"twitter:creator\" content=\"@DarkaMaziTurkce\" \/>\n<meta name=\"twitter:site\" content=\"@DarkaMaziTurkce\" \/>\n<meta name=\"twitter:label1\" content=\"Written by\" \/>\n\t<meta name=\"twitter:data1\" content=\"darka mazi\" \/>\n\t<meta name=\"twitter:label2\" content=\"Est. reading time\" \/>\n\t<meta name=\"twitter:data2\" content=\"1 minute\" \/>\n<script type=\"application\/ld+json\" class=\"seo-schema-graph\">{\"@context\":\"https:\\\/\\\/schema.org\",\"@graph\":[{\"@type\":\"NewsArticle\",\"@id\":\"https:\\\/\\\/darkamazi.site\\\/archives\\\/1006712#article\",\"isPartOf\":{\"@id\":\"https:\\\/\\\/darkamazi.site\\\/archives\\\/1006712\"},\"author\":{\"name\":\"darka mazi\",\"@id\":\"https:\\\/\\\/darkamazi.site\\\/#\\\/schema\\\/person\\\/67986a95ac546c16760365877ef4a9d3\"},\"headline\":\"S\u0130TEM\u0130Z T\u00dcRK\u00c7E YAYIN HAYATINA BA\u015eLADI\",\"datePublished\":\"2019-10-21T10:47:51+00:00\",\"mainEntityOfPage\":{\"@id\":\"https:\\\/\\\/darkamazi.site\\\/archives\\\/1006712\"},\"wordCount\":237,\"publisher\":{\"@id\":\"https:\\\/\\\/darkamazi.site\\\/#organization\"},\"image\":{\"@id\":\"https:\\\/\\\/darkamazi.site\\\/archives\\\/1006712#primaryimage\"},\"thumbnailUrl\":\"https:\\\/\\\/darkamazi.site\\\/darka-content\\\/uploads\\\/2019\\\/10\\\/S\u0130TEM\u0130Z\u0130N-T\u00dcRK\u00c7E-SERV\u0130S\u0130-DE-YAYIN-HAYATINA-BA\u015eLADI-1.jpeg\",\"keywords\":[\"\u00f6nemli\"],\"articleSection\":[\"Edit\u00f6rden\"],\"inLanguage\":\"en-US\"},{\"@type\":\"WebPage\",\"@id\":\"https:\\\/\\\/darkamazi.site\\\/archives\\\/1006712\",\"url\":\"https:\\\/\\\/darkamazi.site\\\/archives\\\/1006712\",\"name\":\"S\u0130TEM\u0130Z T\u00dcRK\u00c7E YAYIN HAYATINA BA\u015eLADI - Darka Mazi\",\"isPartOf\":{\"@id\":\"https:\\\/\\\/darkamazi.site\\\/#website\"},\"primaryImageOfPage\":{\"@id\":\"https:\\\/\\\/darkamazi.site\\\/archives\\\/1006712#primaryimage\"},\"image\":{\"@id\":\"https:\\\/\\\/darkamazi.site\\\/archives\\\/1006712#primaryimage\"},\"thumbnailUrl\":\"https:\\\/\\\/darkamazi.site\\\/darka-content\\\/uploads\\\/2019\\\/10\\\/S\u0130TEM\u0130Z\u0130N-T\u00dcRK\u00c7E-SERV\u0130S\u0130-DE-YAYIN-HAYATINA-BA\u015eLADI-1.jpeg\",\"datePublished\":\"2019-10-21T10:47:51+00:00\",\"breadcrumb\":{\"@id\":\"https:\\\/\\\/darkamazi.site\\\/archives\\\/1006712#breadcrumb\"},\"inLanguage\":\"en-US\",\"potentialAction\":[{\"@type\":\"ReadAction\",\"target\":[\"https:\\\/\\\/darkamazi.site\\\/archives\\\/1006712\"]}]},{\"@type\":\"ImageObject\",\"inLanguage\":\"en-US\",\"@id\":\"https:\\\/\\\/darkamazi.site\\\/archives\\\/1006712#primaryimage\",\"url\":\"https:\\\/\\\/darkamazi.site\\\/darka-content\\\/uploads\\\/2019\\\/10\\\/S\u0130TEM\u0130Z\u0130N-T\u00dcRK\u00c7E-SERV\u0130S\u0130-DE-YAYIN-HAYATINA-BA\u015eLADI-1.jpeg\",\"contentUrl\":\"https:\\\/\\\/darkamazi.site\\\/darka-content\\\/uploads\\\/2019\\\/10\\\/S\u0130TEM\u0130Z\u0130N-T\u00dcRK\u00c7E-SERV\u0130S\u0130-DE-YAYIN-HAYATINA-BA\u015eLADI-1.jpeg\",\"width\":750,\"height\":425,\"caption\":\"S\u0130TEM\u0130Z T\u00dcRK\u00c7E YAYIN HAYATINA BA\u015eLADI\"},{\"@type\":\"BreadcrumbList\",\"@id\":\"https:\\\/\\\/darkamazi.site\\\/archives\\\/1006712#breadcrumb\",\"itemListElement\":[{\"@type\":\"ListItem\",\"position\":1,\"name\":\"Home\",\"item\":\"https:\\\/\\\/darkamazi.site\\\/\"},{\"@type\":\"ListItem\",\"position\":2,\"name\":\"S\u0130TEM\u0130Z T\u00dcRK\u00c7E YAYIN HAYATINA BA\u015eLADI\"}]},{\"@type\":\"WebSite\",\"@id\":\"https:\\\/\\\/darkamazi.site\\\/#website\",\"url\":\"https:\\\/\\\/darkamazi.site\\\/\",\"name\":\"Darka Mazi\",\"description\":\"Ana Sayfa\",\"publisher\":{\"@id\":\"https:\\\/\\\/darkamazi.site\\\/#organization\"},\"potentialAction\":[{\"@type\":\"SearchAction\",\"target\":{\"@type\":\"EntryPoint\",\"urlTemplate\":\"https:\\\/\\\/darkamazi.site\\\/?s={search_term_string}\"},\"query-input\":{\"@type\":\"PropertyValueSpecification\",\"valueRequired\":true,\"valueName\":\"search_term_string\"}}],\"inLanguage\":\"en-US\"},{\"@type\":\"Organization\",\"@id\":\"https:\\\/\\\/darkamazi.site\\\/#organization\",\"name\":\"Darka Mazi T\u00fcrk\u00e7e\",\"alternateName\":\"Darka Mazi\",\"url\":\"https:\\\/\\\/darkamazi.site\\\/\",\"logo\":{\"@type\":\"ImageObject\",\"inLanguage\":\"en-US\",\"@id\":\"https:\\\/\\\/darkamazi.site\\\/#\\\/schema\\\/logo\\\/image\\\/\",\"url\":\"https:\\\/\\\/darkamazi.site\\\/darka-content\\\/uploads\\\/2017\\\/12\\\/darka-mazi-logo.png\",\"contentUrl\":\"https:\\\/\\\/darkamazi.site\\\/darka-content\\\/uploads\\\/2017\\\/12\\\/darka-mazi-logo.png\",\"width\":151,\"height\":75,\"caption\":\"Darka Mazi T\u00fcrk\u00e7e\"},\"image\":{\"@id\":\"https:\\\/\\\/darkamazi.site\\\/#\\\/schema\\\/logo\\\/image\\\/\"},\"sameAs\":[\"https:\\\/\\\/www.facebook.com\\\/DarkaMaziturkce\",\"https:\\\/\\\/x.com\\\/DarkaMaziTurkce\"]},{\"@type\":\"Person\",\"@id\":\"https:\\\/\\\/darkamazi.site\\\/#\\\/schema\\\/person\\\/67986a95ac546c16760365877ef4a9d3\",\"name\":\"darka mazi\",\"sameAs\":[\"https:\\\/\\\/darkamazi.site\"],\"url\":\"https:\\\/\\\/darkamazi.site\\\/archives\\\/author\\\/turkish\"}]}<\/script>\n<!-- \/ Yoast SEO plugin. -->","seo_head_json":{"title":"S\u0130TEM\u0130Z T\u00dcRK\u00c7E YAYIN HAYATINA BA\u015eLADI - Darka Mazi","robots":{"index":"index","follow":"follow","max-snippet":"max-snippet:-1","max-image-preview":"max-image-preview:large","max-video-preview":"max-video-preview:-1"},"canonical":"https:\/\/darkamazi.site\/archives\/1006712","og_locale":"en_US","og_type":"article","og_title":"S\u0130TEM\u0130Z T\u00dcRK\u00c7E YAYIN HAYATINA BA\u015eLADI - Darka Mazi","og_description":"Eyl\u00fcl ay\u0131nda yay\u0131n hayat\u0131na ba\u015flayan Darka Mazi sitesi olarak Kurmanci ve Arap\u00e7a dillerinin yan\u0131 s\u0131ra bu g\u00fcn itibari ile T\u00fcrk\u00e7e olarak da yay\u0131na ba\u015flad\u0131k Darka Mazi sitesi olarak amac\u0131m\u0131z K\u00fcrdistan\u2019da ki g\u00fcncel ve yak\u0131n tarih olaylar\u0131n\u0131 yeni bir bak\u0131\u015f a\u00e7\u0131s\u0131 ile yorumlamak. Elbette ki g\u00fcn\u00fcn en \u00f6nemli olaylar\u0131n\u0131 da sizler i\u00e7in eleyerek haz\u0131rlayaca\u011f\u0131z.\u00a0 Bunlar\u0131 yaparken [&hellip;]","og_url":"https:\/\/darkamazi.site\/archives\/1006712","og_site_name":"Darka Mazi","article_publisher":"https:\/\/www.facebook.com\/DarkaMaziturkce","article_published_time":"2019-10-21T10:47:51+00:00","og_image":[{"width":750,"height":425,"url":"https:\/\/darkamazi.site\/file\/2019\/10\/S\u0130TEM\u0130Z\u0130N-T\u00dcRK\u00c7E-SERV\u0130S\u0130-DE-YAYIN-HAYATINA-BA\u015eLADI-1.jpeg","type":"image\/jpeg"}],"author":"darka mazi","twitter_card":"summary_large_image","twitter_creator":"@DarkaMaziTurkce","twitter_site":"@DarkaMaziTurkce","twitter_misc":{"Written by":"darka mazi","Est. reading time":"1 minute"},"schema":{"@context":"https:\/\/schema.org","@graph":[{"@type":"NewsArticle","@id":"https:\/\/darkamazi.site\/archives\/1006712#article","isPartOf":{"@id":"https:\/\/darkamazi.site\/archives\/1006712"},"author":{"name":"darka mazi","@id":"https:\/\/darkamazi.site\/#\/schema\/person\/67986a95ac546c16760365877ef4a9d3"},"headline":"S\u0130TEM\u0130Z T\u00dcRK\u00c7E YAYIN HAYATINA BA\u015eLADI","datePublished":"2019-10-21T10:47:51+00:00","mainEntityOfPage":{"@id":"https:\/\/darkamazi.site\/archives\/1006712"},"wordCount":237,"publisher":{"@id":"https:\/\/darkamazi.site\/#organization"},"image":{"@id":"https:\/\/darkamazi.site\/archives\/1006712#primaryimage"},"thumbnailUrl":"https:\/\/darkamazi.site\/file\/2019\/10\/S\u0130TEM\u0130Z\u0130N-T\u00dcRK\u00c7E-SERV\u0130S\u0130-DE-YAYIN-HAYATINA-BA\u015eLADI-1.jpeg","keywords":["\u00f6nemli"],"articleSection":["Edit\u00f6rden"],"inLanguage":"en-US"},{"@type":"WebPage","@id":"https:\/\/darkamazi.site\/archives\/1006712","url":"https:\/\/darkamazi.site\/archives\/1006712","name":"S\u0130TEM\u0130Z T\u00dcRK\u00c7E YAYIN HAYATINA BA\u015eLADI - Darka Mazi","isPartOf":{"@id":"https:\/\/darkamazi.site\/#website"},"primaryImageOfPage":{"@id":"https:\/\/darkamazi.site\/archives\/1006712#primaryimage"},"image":{"@id":"https:\/\/darkamazi.site\/archives\/1006712#primaryimage"},"thumbnailUrl":"https:\/\/darkamazi.site\/file\/2019\/10\/S\u0130TEM\u0130Z\u0130N-T\u00dcRK\u00c7E-SERV\u0130S\u0130-DE-YAYIN-HAYATINA-BA\u015eLADI-1.jpeg","datePublished":"2019-10-21T10:47:51+00:00","breadcrumb":{"@id":"https:\/\/darkamazi.site\/archives\/1006712#breadcrumb"},"inLanguage":"en-US","potentialAction":[{"@type":"ReadAction","target":["https:\/\/darkamazi.site\/archives\/1006712"]}]},{"@type":"ImageObject","inLanguage":"en-US","@id":"https:\/\/darkamazi.site\/archives\/1006712#primaryimage","url":"https:\/\/darkamazi.site\/file\/2019\/10\/S\u0130TEM\u0130Z\u0130N-T\u00dcRK\u00c7E-SERV\u0130S\u0130-DE-YAYIN-HAYATINA-BA\u015eLADI-1.jpeg","contentUrl":"https:\/\/darkamazi.site\/file\/2019\/10\/S\u0130TEM\u0130Z\u0130N-T\u00dcRK\u00c7E-SERV\u0130S\u0130-DE-YAYIN-HAYATINA-BA\u015eLADI-1.jpeg","width":750,"height":425,"caption":"S\u0130TEM\u0130Z T\u00dcRK\u00c7E YAYIN HAYATINA BA\u015eLADI"},{"@type":"BreadcrumbList","@id":"https:\/\/darkamazi.site\/archives\/1006712#breadcrumb","itemListElement":[{"@type":"ListItem","position":1,"name":"Home","item":"https:\/\/darkamazi.site\/"},{"@type":"ListItem","position":2,"name":"S\u0130TEM\u0130Z T\u00dcRK\u00c7E YAYIN HAYATINA BA\u015eLADI"}]},{"@type":"WebSite","@id":"https:\/\/darkamazi.site\/#website","url":"https:\/\/darkamazi.site\/","name":"Darka Mazi","description":"Ana Sayfa","publisher":{"@id":"https:\/\/darkamazi.site\/#organization"},"potentialAction":[{"@type":"SearchAction","target":{"@type":"EntryPoint","urlTemplate":"https:\/\/darkamazi.site\/?s={search_term_string}"},"query-input":{"@type":"PropertyValueSpecification","valueRequired":true,"valueName":"search_term_string"}}],"inLanguage":"en-US"},{"@type":"Organization","@id":"https:\/\/darkamazi.site\/#organization","name":"Darka Mazi T\u00fcrk\u00e7e","alternateName":"Darka Mazi","url":"https:\/\/darkamazi.site\/","logo":{"@type":"ImageObject","inLanguage":"en-US","@id":"https:\/\/darkamazi.site\/#\/schema\/logo\/image\/","url":"https:\/\/darkamazi.site\/file\/2017\/12\/darka-mazi-logo.png","contentUrl":"https:\/\/darkamazi.site\/file\/2017\/12\/darka-mazi-logo.png","width":151,"height":75,"caption":"Darka Mazi T\u00fcrk\u00e7e"},"image":{"@id":"https:\/\/darkamazi.site\/#\/schema\/logo\/image\/"},"sameAs":["https:\/\/www.facebook.com\/DarkaMaziturkce","https:\/\/x.com\/DarkaMaziTurkce"]},{"@type":"Person","@id":"https:\/\/darkamazi.site\/#\/schema\/person\/67986a95ac546c16760365877ef4a9d3","name":"darka mazi","sameAs":["https:\/\/darkamazi.site"],"url":"https:\/\/darkamazi.site\/archives\/author\/turkish"}]}},"_links":{"self":[{"href":"https:\/\/darkamazi.site\/funavuv\/wp\/v2\/posts\/1006712","targetHints":{"allow":["GET"]}}],"collection":[{"href":"https:\/\/darkamazi.site\/funavuv\/wp\/v2\/posts"}],"about":[{"href":"https:\/\/darkamazi.site\/funavuv\/wp\/v2\/types\/post"}],"author":[{"embeddable":true,"href":"https:\/\/darkamazi.site\/funavuv\/wp\/v2\/users\/2"}],"replies":[{"embeddable":true,"href":"https:\/\/darkamazi.site\/funavuv\/wp\/v2\/comments?post=1006712"}],"version-history":[{"count":0,"href":"https:\/\/darkamazi.site\/funavuv\/wp\/v2\/posts\/1006712\/revisions"}],"wp:featuredmedia":[{"embeddable":true,"href":"https:\/\/darkamazi.site\/funavuv\/wp\/v2\/media\/1006713"}],"wp:attachment":[{"href":"https:\/\/darkamazi.site\/funavuv\/wp\/v2\/media?parent=1006712"}],"wp:term":[{"taxonomy":"category","embeddable":true,"href":"https:\/\/darkamazi.site\/funavuv\/wp\/v2\/categories?post=1006712"},{"taxonomy":"post_tag","embeddable":true,"href":"https:\/\/darkamazi.site\/funavuv\/wp\/v2\/tags?post=1006712"}],"curies":[{"name":"wp","href":"https:\/\/api.w.org\/{rel}","templated":true}]}}