{"id":1006720,"date":"2019-10-21T14:59:23","date_gmt":"2019-10-21T11:59:23","guid":{"rendered":"https:\/\/darkamazi.site\/?p=1006720"},"modified":"2019-10-21T14:59:23","modified_gmt":"2019-10-21T11:59:23","slug":"iran-turk-askerlerinin-suriyede-bulunmasini-kabul-etmiyoruz","status":"publish","type":"post","link":"https:\/\/darkamazi.site\/archives\/1006720","title":{"rendered":"\u0130RAN T\u00dcRK ASKERLER\u0130N\u0130N SUR\u0130YE\u2019DE BULUNMASINI KABUL ETM\u0130YORUZ"},"content":{"rendered":"<h2><strong>\u0130ran D\u0131\u015f i\u015fleri bakan s\u00f6zc\u00fcs\u00fc T\u00fcrkiye\u2019nin Suriye topraklar\u0131nda asker bulundurmas\u0131na kar\u015f\u0131y\u0131z dedi<\/strong><\/h2>\n<p>\u0130ran D\u0131\u015fi\u015fleri Bakanl\u0131k s\u00f6zc\u00fcs\u00fc Ebas Musew\u00ee b\u00f6lgedeki son geli\u015fmeler ve \u00fclkesinin di\u015f politikadaki yakla\u015f\u0131m\u0131 hakk\u0131n da a\u00e7\u0131klamalarda bulundu.<\/p>\n<p>Musew\u00ee T\u00fcrk ordusunun i\u015fgali Rojavay\u0131 i\u015fgali \u00fczerine sorulan soru ya cevaben \u015f\u00f6yle dedi; b\u00f6lge \u00fclkelerinin Suriye\u2019nin toprak b\u00fct\u00fcnl\u00fc\u011f\u00fcn\u00fc g\u00f6z \u00f6n\u00fcnde bulundurmalar\u0131 gerekmektedir, Suriye ve T\u00fcrkiye\u2019nin sorunlar\u0131n\u0131 gidermeleri i\u00e7in \u0130ran arabuluculuk yapmaya haz\u0131rd\u0131r. Umuyoruz ki en k\u0131sa zamanda b\u00f6lge normalle\u015fir.<\/p>\n<p>Musew\u00ee \u015f\u00f6yle devam etti;\u00a0 T\u00fcrk askerlerinin Suriye topraklar\u0131nda bulunmas\u0131n\u0131 kabul etmiyoruz ve bunu toprak ihlali olarak g\u00f6r\u00fcyoruz, dedi.<\/p>\n","protected":false},"excerpt":{"rendered":"<p>\u0130ran D\u0131\u015f i\u015fleri bakan s\u00f6zc\u00fcs\u00fc T\u00fcrkiye\u2019nin Suriye topraklar\u0131nda asker bulundurmas\u0131na kar\u015f\u0131y\u0131z dedi \u0130ran D\u0131\u015fi\u015fleri Bakanl\u0131k s\u00f6zc\u00fcs\u00fc Ebas Musew\u00ee b\u00f6lgedeki son geli\u015fmeler ve \u00fclkesinin di\u015f politikadaki yakla\u015f\u0131m\u0131 hakk\u0131n da a\u00e7\u0131klamalarda bulundu. Musew\u00ee T\u00fcrk ordusunun i\u015fgali Rojavay\u0131 i\u015fgali \u00fczerine sorulan soru ya cevaben \u015f\u00f6yle dedi; b\u00f6lge \u00fclkelerinin Suriye\u2019nin toprak b\u00fct\u00fcnl\u00fc\u011f\u00fcn\u00fc g\u00f6z \u00f6n\u00fcnde bulundurmalar\u0131 gerekmektedir, Suriye ve T\u00fcrkiye\u2019nin [&hellip;]<\/p>\n","protected":false},"author":2,"featured_media":1006721,"comment_status":"closed","ping_status":"closed","sticky":false,"template":"","format":"standard","meta":{"footnotes":""},"categories":[29],"tags":[31],"class_list":["post-1006720","post","type-post","status-publish","format-standard","has-post-thumbnail","hentry","category-ortadogu","tag-onemli"],"blocksy_meta":[],"seo_head":"<!-- This site is optimized with the Yoast SEO plugin v27.5 - https:\/\/yoast.com\/product\/yoast-seo-wordpress\/ -->\n<title>\u0130RAN T\u00dcRK ASKERLER\u0130N\u0130N SUR\u0130YE\u2019DE BULUNMASINI KABUL ETM\u0130YORUZ - Darka Mazi<\/title>\n<meta name=\"robots\" content=\"index, follow, max-snippet:-1, max-image-preview:large, max-video-preview:-1\" \/>\n<link rel=\"canonical\" href=\"https:\/\/darkamazi.site\/archives\/1006720\" \/>\n<meta property=\"og:locale\" content=\"en_US\" \/>\n<meta property=\"og:type\" content=\"article\" \/>\n<meta property=\"og:title\" content=\"\u0130RAN T\u00dcRK ASKERLER\u0130N\u0130N SUR\u0130YE\u2019DE BULUNMASINI KABUL ETM\u0130YORUZ - Darka Mazi\" \/>\n<meta property=\"og:description\" content=\"\u0130ran D\u0131\u015f i\u015fleri bakan s\u00f6zc\u00fcs\u00fc T\u00fcrkiye\u2019nin Suriye topraklar\u0131nda asker bulundurmas\u0131na kar\u015f\u0131y\u0131z dedi \u0130ran D\u0131\u015fi\u015fleri Bakanl\u0131k s\u00f6zc\u00fcs\u00fc Ebas Musew\u00ee b\u00f6lgedeki son geli\u015fmeler ve \u00fclkesinin di\u015f politikadaki yakla\u015f\u0131m\u0131 hakk\u0131n da a\u00e7\u0131klamalarda bulundu. Musew\u00ee T\u00fcrk ordusunun i\u015fgali Rojavay\u0131 i\u015fgali \u00fczerine sorulan soru ya cevaben \u015f\u00f6yle dedi; b\u00f6lge \u00fclkelerinin Suriye\u2019nin toprak b\u00fct\u00fcnl\u00fc\u011f\u00fcn\u00fc g\u00f6z \u00f6n\u00fcnde bulundurmalar\u0131 gerekmektedir, Suriye ve T\u00fcrkiye\u2019nin [&hellip;]\" \/>\n<meta property=\"og:url\" content=\"https:\/\/darkamazi.site\/archives\/1006720\" \/>\n<meta property=\"og:site_name\" content=\"Darka Mazi\" \/>\n<meta property=\"article:publisher\" content=\"https:\/\/www.facebook.com\/DarkaMaziturkce\" \/>\n<meta property=\"article:published_time\" content=\"2019-10-21T11:59:23+00:00\" \/>\n<meta property=\"og:image\" content=\"https:\/\/darkamazi.site\/file\/2019\/10\/\u0130RAN-T\u00dcRK-ASKERLER\u0130N\u0130N-SUR\u0130YE\u2019DE-BULUNMASINI-KABUL-ETM\u0130YORUZ..jpg\" \/>\n\t<meta property=\"og:image:width\" content=\"640\" \/>\n\t<meta property=\"og:image:height\" content=\"360\" \/>\n\t<meta property=\"og:image:type\" content=\"image\/jpeg\" \/>\n<meta name=\"author\" content=\"darka mazi\" \/>\n<meta name=\"twitter:card\" content=\"summary_large_image\" \/>\n<meta name=\"twitter:creator\" content=\"@DarkaMaziTurkce\" \/>\n<meta name=\"twitter:site\" content=\"@DarkaMaziTurkce\" \/>\n<meta name=\"twitter:label1\" content=\"Written by\" \/>\n\t<meta name=\"twitter:data1\" content=\"darka mazi\" \/>\n\t<meta name=\"twitter:label2\" content=\"Est. reading time\" \/>\n\t<meta name=\"twitter:data2\" content=\"1 minute\" \/>\n<script type=\"application\/ld+json\" class=\"seo-schema-graph\">{\"@context\":\"https:\\\/\\\/schema.org\",\"@graph\":[{\"@type\":\"NewsArticle\",\"@id\":\"https:\\\/\\\/darkamazi.site\\\/archives\\\/1006720#article\",\"isPartOf\":{\"@id\":\"https:\\\/\\\/darkamazi.site\\\/archives\\\/1006720\"},\"author\":{\"name\":\"darka mazi\",\"@id\":\"https:\\\/\\\/darkamazi.site\\\/#\\\/schema\\\/person\\\/67986a95ac546c16760365877ef4a9d3\"},\"headline\":\"\u0130RAN T\u00dcRK ASKERLER\u0130N\u0130N SUR\u0130YE\u2019DE BULUNMASINI KABUL ETM\u0130YORUZ\",\"datePublished\":\"2019-10-21T11:59:23+00:00\",\"mainEntityOfPage\":{\"@id\":\"https:\\\/\\\/darkamazi.site\\\/archives\\\/1006720\"},\"wordCount\":143,\"publisher\":{\"@id\":\"https:\\\/\\\/darkamazi.site\\\/#organization\"},\"image\":{\"@id\":\"https:\\\/\\\/darkamazi.site\\\/archives\\\/1006720#primaryimage\"},\"thumbnailUrl\":\"https:\\\/\\\/darkamazi.site\\\/darka-content\\\/uploads\\\/2019\\\/10\\\/\u0130RAN-T\u00dcRK-ASKERLER\u0130N\u0130N-SUR\u0130YE\u2019DE-BULUNMASINI-KABUL-ETM\u0130YORUZ..jpg\",\"keywords\":[\"\u00f6nemli\"],\"articleSection\":[\"Ortado\u011fu\"],\"inLanguage\":\"en-US\"},{\"@type\":\"WebPage\",\"@id\":\"https:\\\/\\\/darkamazi.site\\\/archives\\\/1006720\",\"url\":\"https:\\\/\\\/darkamazi.site\\\/archives\\\/1006720\",\"name\":\"\u0130RAN T\u00dcRK ASKERLER\u0130N\u0130N SUR\u0130YE\u2019DE BULUNMASINI KABUL ETM\u0130YORUZ - Darka Mazi\",\"isPartOf\":{\"@id\":\"https:\\\/\\\/darkamazi.site\\\/#website\"},\"primaryImageOfPage\":{\"@id\":\"https:\\\/\\\/darkamazi.site\\\/archives\\\/1006720#primaryimage\"},\"image\":{\"@id\":\"https:\\\/\\\/darkamazi.site\\\/archives\\\/1006720#primaryimage\"},\"thumbnailUrl\":\"https:\\\/\\\/darkamazi.site\\\/darka-content\\\/uploads\\\/2019\\\/10\\\/\u0130RAN-T\u00dcRK-ASKERLER\u0130N\u0130N-SUR\u0130YE\u2019DE-BULUNMASINI-KABUL-ETM\u0130YORUZ..jpg\",\"datePublished\":\"2019-10-21T11:59:23+00:00\",\"breadcrumb\":{\"@id\":\"https:\\\/\\\/darkamazi.site\\\/archives\\\/1006720#breadcrumb\"},\"inLanguage\":\"en-US\",\"potentialAction\":[{\"@type\":\"ReadAction\",\"target\":[\"https:\\\/\\\/darkamazi.site\\\/archives\\\/1006720\"]}]},{\"@type\":\"ImageObject\",\"inLanguage\":\"en-US\",\"@id\":\"https:\\\/\\\/darkamazi.site\\\/archives\\\/1006720#primaryimage\",\"url\":\"https:\\\/\\\/darkamazi.site\\\/darka-content\\\/uploads\\\/2019\\\/10\\\/\u0130RAN-T\u00dcRK-ASKERLER\u0130N\u0130N-SUR\u0130YE\u2019DE-BULUNMASINI-KABUL-ETM\u0130YORUZ..jpg\",\"contentUrl\":\"https:\\\/\\\/darkamazi.site\\\/darka-content\\\/uploads\\\/2019\\\/10\\\/\u0130RAN-T\u00dcRK-ASKERLER\u0130N\u0130N-SUR\u0130YE\u2019DE-BULUNMASINI-KABUL-ETM\u0130YORUZ..jpg\",\"width\":640,\"height\":360,\"caption\":\"\u0130RAN T\u00dcRK ASKERLER\u0130N\u0130N SUR\u0130YE\u2019DE BULUNMASINI KABUL ETM\u0130YORUZ.\"},{\"@type\":\"BreadcrumbList\",\"@id\":\"https:\\\/\\\/darkamazi.site\\\/archives\\\/1006720#breadcrumb\",\"itemListElement\":[{\"@type\":\"ListItem\",\"position\":1,\"name\":\"Home\",\"item\":\"https:\\\/\\\/darkamazi.site\\\/\"},{\"@type\":\"ListItem\",\"position\":2,\"name\":\"\u0130RAN T\u00dcRK ASKERLER\u0130N\u0130N SUR\u0130YE\u2019DE BULUNMASINI KABUL ETM\u0130YORUZ\"}]},{\"@type\":\"WebSite\",\"@id\":\"https:\\\/\\\/darkamazi.site\\\/#website\",\"url\":\"https:\\\/\\\/darkamazi.site\\\/\",\"name\":\"Darka Mazi\",\"description\":\"Ana Sayfa\",\"publisher\":{\"@id\":\"https:\\\/\\\/darkamazi.site\\\/#organization\"},\"potentialAction\":[{\"@type\":\"SearchAction\",\"target\":{\"@type\":\"EntryPoint\",\"urlTemplate\":\"https:\\\/\\\/darkamazi.site\\\/?s={search_term_string}\"},\"query-input\":{\"@type\":\"PropertyValueSpecification\",\"valueRequired\":true,\"valueName\":\"search_term_string\"}}],\"inLanguage\":\"en-US\"},{\"@type\":\"Organization\",\"@id\":\"https:\\\/\\\/darkamazi.site\\\/#organization\",\"name\":\"Darka Mazi T\u00fcrk\u00e7e\",\"alternateName\":\"Darka Mazi\",\"url\":\"https:\\\/\\\/darkamazi.site\\\/\",\"logo\":{\"@type\":\"ImageObject\",\"inLanguage\":\"en-US\",\"@id\":\"https:\\\/\\\/darkamazi.site\\\/#\\\/schema\\\/logo\\\/image\\\/\",\"url\":\"https:\\\/\\\/darkamazi.site\\\/darka-content\\\/uploads\\\/2017\\\/12\\\/darka-mazi-logo.png\",\"contentUrl\":\"https:\\\/\\\/darkamazi.site\\\/darka-content\\\/uploads\\\/2017\\\/12\\\/darka-mazi-logo.png\",\"width\":151,\"height\":75,\"caption\":\"Darka Mazi T\u00fcrk\u00e7e\"},\"image\":{\"@id\":\"https:\\\/\\\/darkamazi.site\\\/#\\\/schema\\\/logo\\\/image\\\/\"},\"sameAs\":[\"https:\\\/\\\/www.facebook.com\\\/DarkaMaziturkce\",\"https:\\\/\\\/x.com\\\/DarkaMaziTurkce\"]},{\"@type\":\"Person\",\"@id\":\"https:\\\/\\\/darkamazi.site\\\/#\\\/schema\\\/person\\\/67986a95ac546c16760365877ef4a9d3\",\"name\":\"darka mazi\",\"sameAs\":[\"https:\\\/\\\/darkamazi.site\"],\"url\":\"https:\\\/\\\/darkamazi.site\\\/archives\\\/author\\\/turkish\"}]}<\/script>\n<!-- \/ Yoast SEO plugin. -->","seo_head_json":{"title":"\u0130RAN T\u00dcRK ASKERLER\u0130N\u0130N SUR\u0130YE\u2019DE BULUNMASINI KABUL ETM\u0130YORUZ - Darka Mazi","robots":{"index":"index","follow":"follow","max-snippet":"max-snippet:-1","max-image-preview":"max-image-preview:large","max-video-preview":"max-video-preview:-1"},"canonical":"https:\/\/darkamazi.site\/archives\/1006720","og_locale":"en_US","og_type":"article","og_title":"\u0130RAN T\u00dcRK ASKERLER\u0130N\u0130N SUR\u0130YE\u2019DE BULUNMASINI KABUL ETM\u0130YORUZ - Darka Mazi","og_description":"\u0130ran D\u0131\u015f i\u015fleri bakan s\u00f6zc\u00fcs\u00fc T\u00fcrkiye\u2019nin Suriye topraklar\u0131nda asker bulundurmas\u0131na kar\u015f\u0131y\u0131z dedi \u0130ran D\u0131\u015fi\u015fleri Bakanl\u0131k s\u00f6zc\u00fcs\u00fc Ebas Musew\u00ee b\u00f6lgedeki son geli\u015fmeler ve \u00fclkesinin di\u015f politikadaki yakla\u015f\u0131m\u0131 hakk\u0131n da a\u00e7\u0131klamalarda bulundu. Musew\u00ee T\u00fcrk ordusunun i\u015fgali Rojavay\u0131 i\u015fgali \u00fczerine sorulan soru ya cevaben \u015f\u00f6yle dedi; b\u00f6lge \u00fclkelerinin Suriye\u2019nin toprak b\u00fct\u00fcnl\u00fc\u011f\u00fcn\u00fc g\u00f6z \u00f6n\u00fcnde bulundurmalar\u0131 gerekmektedir, Suriye ve T\u00fcrkiye\u2019nin [&hellip;]","og_url":"https:\/\/darkamazi.site\/archives\/1006720","og_site_name":"Darka Mazi","article_publisher":"https:\/\/www.facebook.com\/DarkaMaziturkce","article_published_time":"2019-10-21T11:59:23+00:00","og_image":[{"width":640,"height":360,"url":"https:\/\/darkamazi.site\/file\/2019\/10\/\u0130RAN-T\u00dcRK-ASKERLER\u0130N\u0130N-SUR\u0130YE\u2019DE-BULUNMASINI-KABUL-ETM\u0130YORUZ..jpg","type":"image\/jpeg"}],"author":"darka mazi","twitter_card":"summary_large_image","twitter_creator":"@DarkaMaziTurkce","twitter_site":"@DarkaMaziTurkce","twitter_misc":{"Written by":"darka mazi","Est. reading time":"1 minute"},"schema":{"@context":"https:\/\/schema.org","@graph":[{"@type":"NewsArticle","@id":"https:\/\/darkamazi.site\/archives\/1006720#article","isPartOf":{"@id":"https:\/\/darkamazi.site\/archives\/1006720"},"author":{"name":"darka mazi","@id":"https:\/\/darkamazi.site\/#\/schema\/person\/67986a95ac546c16760365877ef4a9d3"},"headline":"\u0130RAN T\u00dcRK ASKERLER\u0130N\u0130N SUR\u0130YE\u2019DE BULUNMASINI KABUL ETM\u0130YORUZ","datePublished":"2019-10-21T11:59:23+00:00","mainEntityOfPage":{"@id":"https:\/\/darkamazi.site\/archives\/1006720"},"wordCount":143,"publisher":{"@id":"https:\/\/darkamazi.site\/#organization"},"image":{"@id":"https:\/\/darkamazi.site\/archives\/1006720#primaryimage"},"thumbnailUrl":"https:\/\/darkamazi.site\/file\/2019\/10\/\u0130RAN-T\u00dcRK-ASKERLER\u0130N\u0130N-SUR\u0130YE\u2019DE-BULUNMASINI-KABUL-ETM\u0130YORUZ..jpg","keywords":["\u00f6nemli"],"articleSection":["Ortado\u011fu"],"inLanguage":"en-US"},{"@type":"WebPage","@id":"https:\/\/darkamazi.site\/archives\/1006720","url":"https:\/\/darkamazi.site\/archives\/1006720","name":"\u0130RAN T\u00dcRK ASKERLER\u0130N\u0130N SUR\u0130YE\u2019DE BULUNMASINI KABUL ETM\u0130YORUZ - Darka Mazi","isPartOf":{"@id":"https:\/\/darkamazi.site\/#website"},"primaryImageOfPage":{"@id":"https:\/\/darkamazi.site\/archives\/1006720#primaryimage"},"image":{"@id":"https:\/\/darkamazi.site\/archives\/1006720#primaryimage"},"thumbnailUrl":"https:\/\/darkamazi.site\/file\/2019\/10\/\u0130RAN-T\u00dcRK-ASKERLER\u0130N\u0130N-SUR\u0130YE\u2019DE-BULUNMASINI-KABUL-ETM\u0130YORUZ..jpg","datePublished":"2019-10-21T11:59:23+00:00","breadcrumb":{"@id":"https:\/\/darkamazi.site\/archives\/1006720#breadcrumb"},"inLanguage":"en-US","potentialAction":[{"@type":"ReadAction","target":["https:\/\/darkamazi.site\/archives\/1006720"]}]},{"@type":"ImageObject","inLanguage":"en-US","@id":"https:\/\/darkamazi.site\/archives\/1006720#primaryimage","url":"https:\/\/darkamazi.site\/file\/2019\/10\/\u0130RAN-T\u00dcRK-ASKERLER\u0130N\u0130N-SUR\u0130YE\u2019DE-BULUNMASINI-KABUL-ETM\u0130YORUZ..jpg","contentUrl":"https:\/\/darkamazi.site\/file\/2019\/10\/\u0130RAN-T\u00dcRK-ASKERLER\u0130N\u0130N-SUR\u0130YE\u2019DE-BULUNMASINI-KABUL-ETM\u0130YORUZ..jpg","width":640,"height":360,"caption":"\u0130RAN T\u00dcRK ASKERLER\u0130N\u0130N SUR\u0130YE\u2019DE BULUNMASINI KABUL ETM\u0130YORUZ."},{"@type":"BreadcrumbList","@id":"https:\/\/darkamazi.site\/archives\/1006720#breadcrumb","itemListElement":[{"@type":"ListItem","position":1,"name":"Home","item":"https:\/\/darkamazi.site\/"},{"@type":"ListItem","position":2,"name":"\u0130RAN T\u00dcRK ASKERLER\u0130N\u0130N SUR\u0130YE\u2019DE BULUNMASINI KABUL ETM\u0130YORUZ"}]},{"@type":"WebSite","@id":"https:\/\/darkamazi.site\/#website","url":"https:\/\/darkamazi.site\/","name":"Darka Mazi","description":"Ana Sayfa","publisher":{"@id":"https:\/\/darkamazi.site\/#organization"},"potentialAction":[{"@type":"SearchAction","target":{"@type":"EntryPoint","urlTemplate":"https:\/\/darkamazi.site\/?s={search_term_string}"},"query-input":{"@type":"PropertyValueSpecification","valueRequired":true,"valueName":"search_term_string"}}],"inLanguage":"en-US"},{"@type":"Organization","@id":"https:\/\/darkamazi.site\/#organization","name":"Darka Mazi T\u00fcrk\u00e7e","alternateName":"Darka Mazi","url":"https:\/\/darkamazi.site\/","logo":{"@type":"ImageObject","inLanguage":"en-US","@id":"https:\/\/darkamazi.site\/#\/schema\/logo\/image\/","url":"https:\/\/darkamazi.site\/file\/2017\/12\/darka-mazi-logo.png","contentUrl":"https:\/\/darkamazi.site\/file\/2017\/12\/darka-mazi-logo.png","width":151,"height":75,"caption":"Darka Mazi T\u00fcrk\u00e7e"},"image":{"@id":"https:\/\/darkamazi.site\/#\/schema\/logo\/image\/"},"sameAs":["https:\/\/www.facebook.com\/DarkaMaziturkce","https:\/\/x.com\/DarkaMaziTurkce"]},{"@type":"Person","@id":"https:\/\/darkamazi.site\/#\/schema\/person\/67986a95ac546c16760365877ef4a9d3","name":"darka mazi","sameAs":["https:\/\/darkamazi.site"],"url":"https:\/\/darkamazi.site\/archives\/author\/turkish"}]}},"_links":{"self":[{"href":"https:\/\/darkamazi.site\/funavuv\/wp\/v2\/posts\/1006720","targetHints":{"allow":["GET"]}}],"collection":[{"href":"https:\/\/darkamazi.site\/funavuv\/wp\/v2\/posts"}],"about":[{"href":"https:\/\/darkamazi.site\/funavuv\/wp\/v2\/types\/post"}],"author":[{"embeddable":true,"href":"https:\/\/darkamazi.site\/funavuv\/wp\/v2\/users\/2"}],"replies":[{"embeddable":true,"href":"https:\/\/darkamazi.site\/funavuv\/wp\/v2\/comments?post=1006720"}],"version-history":[{"count":0,"href":"https:\/\/darkamazi.site\/funavuv\/wp\/v2\/posts\/1006720\/revisions"}],"wp:featuredmedia":[{"embeddable":true,"href":"https:\/\/darkamazi.site\/funavuv\/wp\/v2\/media\/1006721"}],"wp:attachment":[{"href":"https:\/\/darkamazi.site\/funavuv\/wp\/v2\/media?parent=1006720"}],"wp:term":[{"taxonomy":"category","embeddable":true,"href":"https:\/\/darkamazi.site\/funavuv\/wp\/v2\/categories?post=1006720"},{"taxonomy":"post_tag","embeddable":true,"href":"https:\/\/darkamazi.site\/funavuv\/wp\/v2\/tags?post=1006720"}],"curies":[{"name":"wp","href":"https:\/\/api.w.org\/{rel}","templated":true}]}}