{"id":1006731,"date":"2019-10-21T16:46:38","date_gmt":"2019-10-21T13:46:38","guid":{"rendered":"https:\/\/darkamazi.site\/?p=1006731"},"modified":"2019-10-21T16:46:38","modified_gmt":"2019-10-21T13:46:38","slug":"suriye-demokratik-meclisi-350-bin-kisi-goc-etti","status":"publish","type":"post","link":"https:\/\/darkamazi.site\/archives\/1006731","title":{"rendered":"SUR\u0130YE DEMOKRAT\u0130K MECL\u0130S\u0130: 350 B\u0130N K\u0130\u015e\u0130 G\u00d6\u00c7 ETT\u0130"},"content":{"rendered":"<h2><strong>Suriye demokratik meclisi (MSD) yapt\u0131\u011f\u0131 a\u00e7\u0131klama ile T\u00fcrkiye Devletinin Rojava\u2019y\u0131 i\u015fgal giri\u015fimi sonras\u0131 350 bin ki\u015finin ya\u015fad\u0131\u011f\u0131 yeri terk etti\u011fini belirtti. <\/strong><\/h2>\n<p>Suriye Demokratik Meclisi Kam\u0131\u015flo \u015fehrinde yapt\u0131\u011f\u0131 bas\u0131n a\u00e7\u0131klamas\u0131na T\u00fcrk Silahl\u0131 G\u00fc\u00e7lerinin ba\u015flatt\u0131\u011f\u0131 i\u015fgal giri\u015fimi sonras\u0131 halk\u0131n i\u00e7inde bulundu\u011fu durumu istatistik sonu\u00e7lar\u0131 ile a\u00e7\u0131klad\u0131. A\u00e7\u0131klamada ya\u015fanan duruma dair bir\u00e7ok ayr\u0131nt\u0131 da yer al\u0131yor.<\/p>\n<p>MSD a\u00e7\u0131klamada \u015f\u00f6yle dedi; T\u00fcrk devletinin Rojava K\u00fcrdistan\u0131\u2019na ba\u015flatt\u0131\u011f\u0131 i\u015fgal sald\u0131r\u0131s\u0131 sonras\u0131 350 sivil evlerini terk etmeye mecbur kald\u0131.<\/p>\n<p>A\u00e7\u0131klaman\u0131n devam\u0131nda 235 sivilin \u015fehit d\u00fc\u015ft\u00fc\u011f\u00fcn\u00fc ve bunlardan 22\u2019sinin \u00e7ocuk oldu\u011funu belirtti. Ayr\u0131ca 667 sivilinde yaraland\u0131\u011f\u0131n\u0131 belirtti. MSD 17 Ekim tarihinde ilan edilen ate\u015fkese ra\u011fmen T\u00fcrk Devletinin sald\u0131r\u0131lar\u0131na devam etti\u011fini belirterek ate\u015fkes ilan\u0131ndan sonra da 22 sivilin \u015fehit d\u00fc\u015ft\u00fc\u011f\u00fcn\u00fc belirtti.<\/p>\n<p>T\u00fcrk ordusu 9Ekim 2019 tarihinde Rojava K\u00fcrdistan\u0131\u2019na g\u00fcvenli b\u00f6lge kurma bahanesi ile sald\u0131r\u0131 ba\u015flatm\u0131\u015ft\u0131. Bu sald\u0131r\u0131lar da ise direk sivil insanlar\u0131 hedeflemi\u015fti.<\/p>\n","protected":false},"excerpt":{"rendered":"<p>Suriye demokratik meclisi (MSD) yapt\u0131\u011f\u0131 a\u00e7\u0131klama ile T\u00fcrkiye Devletinin Rojava\u2019y\u0131 i\u015fgal giri\u015fimi sonras\u0131 350 bin ki\u015finin ya\u015fad\u0131\u011f\u0131 yeri terk etti\u011fini belirtti. Suriye Demokratik Meclisi Kam\u0131\u015flo \u015fehrinde yapt\u0131\u011f\u0131 bas\u0131n a\u00e7\u0131klamas\u0131na T\u00fcrk Silahl\u0131 G\u00fc\u00e7lerinin ba\u015flatt\u0131\u011f\u0131 i\u015fgal giri\u015fimi sonras\u0131 halk\u0131n i\u00e7inde bulundu\u011fu durumu istatistik sonu\u00e7lar\u0131 ile a\u00e7\u0131klad\u0131. A\u00e7\u0131klamada ya\u015fanan duruma dair bir\u00e7ok ayr\u0131nt\u0131 da yer al\u0131yor. MSD a\u00e7\u0131klamada [&hellip;]<\/p>\n","protected":false},"author":2,"featured_media":1006732,"comment_status":"closed","ping_status":"closed","sticky":false,"template":"","format":"standard","meta":{"footnotes":""},"categories":[3],"tags":[31],"class_list":["post-1006731","post","type-post","status-publish","format-standard","has-post-thumbnail","hentry","category-kurdistan","tag-onemli"],"blocksy_meta":[],"seo_head":"<!-- This site is optimized with the Yoast SEO plugin v27.5 - https:\/\/yoast.com\/product\/yoast-seo-wordpress\/ -->\n<title>SUR\u0130YE DEMOKRAT\u0130K MECL\u0130S\u0130: 350 B\u0130N K\u0130\u015e\u0130 G\u00d6\u00c7 ETT\u0130 - Darka Mazi<\/title>\n<meta name=\"robots\" content=\"index, follow, max-snippet:-1, max-image-preview:large, max-video-preview:-1\" \/>\n<link rel=\"canonical\" href=\"https:\/\/darkamazi.site\/archives\/1006731\" \/>\n<meta property=\"og:locale\" content=\"en_US\" \/>\n<meta property=\"og:type\" content=\"article\" \/>\n<meta property=\"og:title\" content=\"SUR\u0130YE DEMOKRAT\u0130K MECL\u0130S\u0130: 350 B\u0130N K\u0130\u015e\u0130 G\u00d6\u00c7 ETT\u0130 - Darka Mazi\" \/>\n<meta property=\"og:description\" content=\"Suriye demokratik meclisi (MSD) yapt\u0131\u011f\u0131 a\u00e7\u0131klama ile T\u00fcrkiye Devletinin Rojava\u2019y\u0131 i\u015fgal giri\u015fimi sonras\u0131 350 bin ki\u015finin ya\u015fad\u0131\u011f\u0131 yeri terk etti\u011fini belirtti. Suriye Demokratik Meclisi Kam\u0131\u015flo \u015fehrinde yapt\u0131\u011f\u0131 bas\u0131n a\u00e7\u0131klamas\u0131na T\u00fcrk Silahl\u0131 G\u00fc\u00e7lerinin ba\u015flatt\u0131\u011f\u0131 i\u015fgal giri\u015fimi sonras\u0131 halk\u0131n i\u00e7inde bulundu\u011fu durumu istatistik sonu\u00e7lar\u0131 ile a\u00e7\u0131klad\u0131. A\u00e7\u0131klamada ya\u015fanan duruma dair bir\u00e7ok ayr\u0131nt\u0131 da yer al\u0131yor. MSD a\u00e7\u0131klamada [&hellip;]\" \/>\n<meta property=\"og:url\" content=\"https:\/\/darkamazi.site\/archives\/1006731\" \/>\n<meta property=\"og:site_name\" content=\"Darka Mazi\" \/>\n<meta property=\"article:publisher\" content=\"https:\/\/www.facebook.com\/DarkaMaziturkce\" \/>\n<meta property=\"article:published_time\" content=\"2019-10-21T13:46:38+00:00\" \/>\n<meta property=\"og:image\" content=\"https:\/\/darkamazi.site\/file\/2019\/10\/SUR\u0130YE-D.jpg\" \/>\n\t<meta property=\"og:image:width\" content=\"1140\" \/>\n\t<meta property=\"og:image:height\" content=\"570\" \/>\n\t<meta property=\"og:image:type\" content=\"image\/jpeg\" \/>\n<meta name=\"author\" content=\"darka mazi\" \/>\n<meta name=\"twitter:card\" content=\"summary_large_image\" \/>\n<meta name=\"twitter:creator\" content=\"@DarkaMaziTurkce\" \/>\n<meta name=\"twitter:site\" content=\"@DarkaMaziTurkce\" \/>\n<meta name=\"twitter:label1\" content=\"Written by\" \/>\n\t<meta name=\"twitter:data1\" content=\"darka mazi\" \/>\n\t<meta name=\"twitter:label2\" content=\"Est. reading time\" \/>\n\t<meta name=\"twitter:data2\" content=\"1 minute\" \/>\n<script type=\"application\/ld+json\" class=\"seo-schema-graph\">{\"@context\":\"https:\\\/\\\/schema.org\",\"@graph\":[{\"@type\":\"NewsArticle\",\"@id\":\"https:\\\/\\\/darkamazi.site\\\/archives\\\/1006731#article\",\"isPartOf\":{\"@id\":\"https:\\\/\\\/darkamazi.site\\\/archives\\\/1006731\"},\"author\":{\"name\":\"darka mazi\",\"@id\":\"https:\\\/\\\/darkamazi.site\\\/#\\\/schema\\\/person\\\/67986a95ac546c16760365877ef4a9d3\"},\"headline\":\"SUR\u0130YE DEMOKRAT\u0130K MECL\u0130S\u0130: 350 B\u0130N K\u0130\u015e\u0130 G\u00d6\u00c7 ETT\u0130\",\"datePublished\":\"2019-10-21T13:46:38+00:00\",\"mainEntityOfPage\":{\"@id\":\"https:\\\/\\\/darkamazi.site\\\/archives\\\/1006731\"},\"wordCount\":203,\"publisher\":{\"@id\":\"https:\\\/\\\/darkamazi.site\\\/#organization\"},\"image\":{\"@id\":\"https:\\\/\\\/darkamazi.site\\\/archives\\\/1006731#primaryimage\"},\"thumbnailUrl\":\"https:\\\/\\\/darkamazi.site\\\/darka-content\\\/uploads\\\/2019\\\/10\\\/SUR\u0130YE-D.jpg\",\"keywords\":[\"\u00f6nemli\"],\"articleSection\":[\"Kurdistan\"],\"inLanguage\":\"en-US\"},{\"@type\":\"WebPage\",\"@id\":\"https:\\\/\\\/darkamazi.site\\\/archives\\\/1006731\",\"url\":\"https:\\\/\\\/darkamazi.site\\\/archives\\\/1006731\",\"name\":\"SUR\u0130YE DEMOKRAT\u0130K MECL\u0130S\u0130: 350 B\u0130N K\u0130\u015e\u0130 G\u00d6\u00c7 ETT\u0130 - Darka Mazi\",\"isPartOf\":{\"@id\":\"https:\\\/\\\/darkamazi.site\\\/#website\"},\"primaryImageOfPage\":{\"@id\":\"https:\\\/\\\/darkamazi.site\\\/archives\\\/1006731#primaryimage\"},\"image\":{\"@id\":\"https:\\\/\\\/darkamazi.site\\\/archives\\\/1006731#primaryimage\"},\"thumbnailUrl\":\"https:\\\/\\\/darkamazi.site\\\/darka-content\\\/uploads\\\/2019\\\/10\\\/SUR\u0130YE-D.jpg\",\"datePublished\":\"2019-10-21T13:46:38+00:00\",\"breadcrumb\":{\"@id\":\"https:\\\/\\\/darkamazi.site\\\/archives\\\/1006731#breadcrumb\"},\"inLanguage\":\"en-US\",\"potentialAction\":[{\"@type\":\"ReadAction\",\"target\":[\"https:\\\/\\\/darkamazi.site\\\/archives\\\/1006731\"]}]},{\"@type\":\"ImageObject\",\"inLanguage\":\"en-US\",\"@id\":\"https:\\\/\\\/darkamazi.site\\\/archives\\\/1006731#primaryimage\",\"url\":\"https:\\\/\\\/darkamazi.site\\\/darka-content\\\/uploads\\\/2019\\\/10\\\/SUR\u0130YE-D.jpg\",\"contentUrl\":\"https:\\\/\\\/darkamazi.site\\\/darka-content\\\/uploads\\\/2019\\\/10\\\/SUR\u0130YE-D.jpg\",\"width\":1140,\"height\":570,\"caption\":\"SUR\u0130YE DEMOKRAT\u0130K MECL\u0130S\u0130: 350 B\u0130N K\u0130\u015e\u0130 G\u00d6\u00c7 ETT\u0130\"},{\"@type\":\"BreadcrumbList\",\"@id\":\"https:\\\/\\\/darkamazi.site\\\/archives\\\/1006731#breadcrumb\",\"itemListElement\":[{\"@type\":\"ListItem\",\"position\":1,\"name\":\"Home\",\"item\":\"https:\\\/\\\/darkamazi.site\\\/\"},{\"@type\":\"ListItem\",\"position\":2,\"name\":\"SUR\u0130YE DEMOKRAT\u0130K MECL\u0130S\u0130: 350 B\u0130N K\u0130\u015e\u0130 G\u00d6\u00c7 ETT\u0130\"}]},{\"@type\":\"WebSite\",\"@id\":\"https:\\\/\\\/darkamazi.site\\\/#website\",\"url\":\"https:\\\/\\\/darkamazi.site\\\/\",\"name\":\"Darka Mazi\",\"description\":\"Ana Sayfa\",\"publisher\":{\"@id\":\"https:\\\/\\\/darkamazi.site\\\/#organization\"},\"potentialAction\":[{\"@type\":\"SearchAction\",\"target\":{\"@type\":\"EntryPoint\",\"urlTemplate\":\"https:\\\/\\\/darkamazi.site\\\/?s={search_term_string}\"},\"query-input\":{\"@type\":\"PropertyValueSpecification\",\"valueRequired\":true,\"valueName\":\"search_term_string\"}}],\"inLanguage\":\"en-US\"},{\"@type\":\"Organization\",\"@id\":\"https:\\\/\\\/darkamazi.site\\\/#organization\",\"name\":\"Darka Mazi T\u00fcrk\u00e7e\",\"alternateName\":\"Darka Mazi\",\"url\":\"https:\\\/\\\/darkamazi.site\\\/\",\"logo\":{\"@type\":\"ImageObject\",\"inLanguage\":\"en-US\",\"@id\":\"https:\\\/\\\/darkamazi.site\\\/#\\\/schema\\\/logo\\\/image\\\/\",\"url\":\"https:\\\/\\\/darkamazi.site\\\/darka-content\\\/uploads\\\/2017\\\/12\\\/darka-mazi-logo.png\",\"contentUrl\":\"https:\\\/\\\/darkamazi.site\\\/darka-content\\\/uploads\\\/2017\\\/12\\\/darka-mazi-logo.png\",\"width\":151,\"height\":75,\"caption\":\"Darka Mazi T\u00fcrk\u00e7e\"},\"image\":{\"@id\":\"https:\\\/\\\/darkamazi.site\\\/#\\\/schema\\\/logo\\\/image\\\/\"},\"sameAs\":[\"https:\\\/\\\/www.facebook.com\\\/DarkaMaziturkce\",\"https:\\\/\\\/x.com\\\/DarkaMaziTurkce\"]},{\"@type\":\"Person\",\"@id\":\"https:\\\/\\\/darkamazi.site\\\/#\\\/schema\\\/person\\\/67986a95ac546c16760365877ef4a9d3\",\"name\":\"darka mazi\",\"sameAs\":[\"https:\\\/\\\/darkamazi.site\"],\"url\":\"https:\\\/\\\/darkamazi.site\\\/archives\\\/author\\\/turkish\"}]}<\/script>\n<!-- \/ Yoast SEO plugin. -->","seo_head_json":{"title":"SUR\u0130YE DEMOKRAT\u0130K MECL\u0130S\u0130: 350 B\u0130N K\u0130\u015e\u0130 G\u00d6\u00c7 ETT\u0130 - Darka Mazi","robots":{"index":"index","follow":"follow","max-snippet":"max-snippet:-1","max-image-preview":"max-image-preview:large","max-video-preview":"max-video-preview:-1"},"canonical":"https:\/\/darkamazi.site\/archives\/1006731","og_locale":"en_US","og_type":"article","og_title":"SUR\u0130YE DEMOKRAT\u0130K MECL\u0130S\u0130: 350 B\u0130N K\u0130\u015e\u0130 G\u00d6\u00c7 ETT\u0130 - Darka Mazi","og_description":"Suriye demokratik meclisi (MSD) yapt\u0131\u011f\u0131 a\u00e7\u0131klama ile T\u00fcrkiye Devletinin Rojava\u2019y\u0131 i\u015fgal giri\u015fimi sonras\u0131 350 bin ki\u015finin ya\u015fad\u0131\u011f\u0131 yeri terk etti\u011fini belirtti. Suriye Demokratik Meclisi Kam\u0131\u015flo \u015fehrinde yapt\u0131\u011f\u0131 bas\u0131n a\u00e7\u0131klamas\u0131na T\u00fcrk Silahl\u0131 G\u00fc\u00e7lerinin ba\u015flatt\u0131\u011f\u0131 i\u015fgal giri\u015fimi sonras\u0131 halk\u0131n i\u00e7inde bulundu\u011fu durumu istatistik sonu\u00e7lar\u0131 ile a\u00e7\u0131klad\u0131. A\u00e7\u0131klamada ya\u015fanan duruma dair bir\u00e7ok ayr\u0131nt\u0131 da yer al\u0131yor. MSD a\u00e7\u0131klamada [&hellip;]","og_url":"https:\/\/darkamazi.site\/archives\/1006731","og_site_name":"Darka Mazi","article_publisher":"https:\/\/www.facebook.com\/DarkaMaziturkce","article_published_time":"2019-10-21T13:46:38+00:00","og_image":[{"width":1140,"height":570,"url":"https:\/\/darkamazi.site\/file\/2019\/10\/SUR\u0130YE-D.jpg","type":"image\/jpeg"}],"author":"darka mazi","twitter_card":"summary_large_image","twitter_creator":"@DarkaMaziTurkce","twitter_site":"@DarkaMaziTurkce","twitter_misc":{"Written by":"darka mazi","Est. reading time":"1 minute"},"schema":{"@context":"https:\/\/schema.org","@graph":[{"@type":"NewsArticle","@id":"https:\/\/darkamazi.site\/archives\/1006731#article","isPartOf":{"@id":"https:\/\/darkamazi.site\/archives\/1006731"},"author":{"name":"darka mazi","@id":"https:\/\/darkamazi.site\/#\/schema\/person\/67986a95ac546c16760365877ef4a9d3"},"headline":"SUR\u0130YE DEMOKRAT\u0130K MECL\u0130S\u0130: 350 B\u0130N K\u0130\u015e\u0130 G\u00d6\u00c7 ETT\u0130","datePublished":"2019-10-21T13:46:38+00:00","mainEntityOfPage":{"@id":"https:\/\/darkamazi.site\/archives\/1006731"},"wordCount":203,"publisher":{"@id":"https:\/\/darkamazi.site\/#organization"},"image":{"@id":"https:\/\/darkamazi.site\/archives\/1006731#primaryimage"},"thumbnailUrl":"https:\/\/darkamazi.site\/file\/2019\/10\/SUR\u0130YE-D.jpg","keywords":["\u00f6nemli"],"articleSection":["Kurdistan"],"inLanguage":"en-US"},{"@type":"WebPage","@id":"https:\/\/darkamazi.site\/archives\/1006731","url":"https:\/\/darkamazi.site\/archives\/1006731","name":"SUR\u0130YE DEMOKRAT\u0130K MECL\u0130S\u0130: 350 B\u0130N K\u0130\u015e\u0130 G\u00d6\u00c7 ETT\u0130 - Darka Mazi","isPartOf":{"@id":"https:\/\/darkamazi.site\/#website"},"primaryImageOfPage":{"@id":"https:\/\/darkamazi.site\/archives\/1006731#primaryimage"},"image":{"@id":"https:\/\/darkamazi.site\/archives\/1006731#primaryimage"},"thumbnailUrl":"https:\/\/darkamazi.site\/file\/2019\/10\/SUR\u0130YE-D.jpg","datePublished":"2019-10-21T13:46:38+00:00","breadcrumb":{"@id":"https:\/\/darkamazi.site\/archives\/1006731#breadcrumb"},"inLanguage":"en-US","potentialAction":[{"@type":"ReadAction","target":["https:\/\/darkamazi.site\/archives\/1006731"]}]},{"@type":"ImageObject","inLanguage":"en-US","@id":"https:\/\/darkamazi.site\/archives\/1006731#primaryimage","url":"https:\/\/darkamazi.site\/file\/2019\/10\/SUR\u0130YE-D.jpg","contentUrl":"https:\/\/darkamazi.site\/file\/2019\/10\/SUR\u0130YE-D.jpg","width":1140,"height":570,"caption":"SUR\u0130YE DEMOKRAT\u0130K MECL\u0130S\u0130: 350 B\u0130N K\u0130\u015e\u0130 G\u00d6\u00c7 ETT\u0130"},{"@type":"BreadcrumbList","@id":"https:\/\/darkamazi.site\/archives\/1006731#breadcrumb","itemListElement":[{"@type":"ListItem","position":1,"name":"Home","item":"https:\/\/darkamazi.site\/"},{"@type":"ListItem","position":2,"name":"SUR\u0130YE DEMOKRAT\u0130K MECL\u0130S\u0130: 350 B\u0130N K\u0130\u015e\u0130 G\u00d6\u00c7 ETT\u0130"}]},{"@type":"WebSite","@id":"https:\/\/darkamazi.site\/#website","url":"https:\/\/darkamazi.site\/","name":"Darka Mazi","description":"Ana Sayfa","publisher":{"@id":"https:\/\/darkamazi.site\/#organization"},"potentialAction":[{"@type":"SearchAction","target":{"@type":"EntryPoint","urlTemplate":"https:\/\/darkamazi.site\/?s={search_term_string}"},"query-input":{"@type":"PropertyValueSpecification","valueRequired":true,"valueName":"search_term_string"}}],"inLanguage":"en-US"},{"@type":"Organization","@id":"https:\/\/darkamazi.site\/#organization","name":"Darka Mazi T\u00fcrk\u00e7e","alternateName":"Darka Mazi","url":"https:\/\/darkamazi.site\/","logo":{"@type":"ImageObject","inLanguage":"en-US","@id":"https:\/\/darkamazi.site\/#\/schema\/logo\/image\/","url":"https:\/\/darkamazi.site\/file\/2017\/12\/darka-mazi-logo.png","contentUrl":"https:\/\/darkamazi.site\/file\/2017\/12\/darka-mazi-logo.png","width":151,"height":75,"caption":"Darka Mazi T\u00fcrk\u00e7e"},"image":{"@id":"https:\/\/darkamazi.site\/#\/schema\/logo\/image\/"},"sameAs":["https:\/\/www.facebook.com\/DarkaMaziturkce","https:\/\/x.com\/DarkaMaziTurkce"]},{"@type":"Person","@id":"https:\/\/darkamazi.site\/#\/schema\/person\/67986a95ac546c16760365877ef4a9d3","name":"darka mazi","sameAs":["https:\/\/darkamazi.site"],"url":"https:\/\/darkamazi.site\/archives\/author\/turkish"}]}},"_links":{"self":[{"href":"https:\/\/darkamazi.site\/funavuv\/wp\/v2\/posts\/1006731","targetHints":{"allow":["GET"]}}],"collection":[{"href":"https:\/\/darkamazi.site\/funavuv\/wp\/v2\/posts"}],"about":[{"href":"https:\/\/darkamazi.site\/funavuv\/wp\/v2\/types\/post"}],"author":[{"embeddable":true,"href":"https:\/\/darkamazi.site\/funavuv\/wp\/v2\/users\/2"}],"replies":[{"embeddable":true,"href":"https:\/\/darkamazi.site\/funavuv\/wp\/v2\/comments?post=1006731"}],"version-history":[{"count":0,"href":"https:\/\/darkamazi.site\/funavuv\/wp\/v2\/posts\/1006731\/revisions"}],"wp:featuredmedia":[{"embeddable":true,"href":"https:\/\/darkamazi.site\/funavuv\/wp\/v2\/media\/1006732"}],"wp:attachment":[{"href":"https:\/\/darkamazi.site\/funavuv\/wp\/v2\/media?parent=1006731"}],"wp:term":[{"taxonomy":"category","embeddable":true,"href":"https:\/\/darkamazi.site\/funavuv\/wp\/v2\/categories?post=1006731"},{"taxonomy":"post_tag","embeddable":true,"href":"https:\/\/darkamazi.site\/funavuv\/wp\/v2\/tags?post=1006731"}],"curies":[{"name":"wp","href":"https:\/\/api.w.org\/{rel}","templated":true}]}}