{"id":1006747,"date":"2019-10-21T18:39:28","date_gmt":"2019-10-21T15:39:28","guid":{"rendered":"https:\/\/darkamazi.site\/?p=1006747"},"modified":"2019-10-21T18:39:28","modified_gmt":"2019-10-21T15:39:28","slug":"cemil-bayikin-aciklamasinin-kurtlere-bir-faydasi-var-mi","status":"publish","type":"post","link":"https:\/\/darkamazi.site\/archives\/1006747","title":{"rendered":"CEM\u0130L BAYIK\u2019IN A\u00c7IKLAMASININ K\u00dcRTLERE B\u0130R FAYDASI VAR MI"},"content":{"rendered":"<h2><strong>Cemil Bay\u0131k; \u00c7ok daha \u00f6nce Suriye Rejimi ile anla\u015fma sa\u011flanmal\u0131yd\u0131<\/strong><\/h2>\n<h2>KCK Y\u00fcr\u00fctme Konseyi Ba\u015fkan\u0131 Cemil Bay\u0131k kendilerine yak\u0131n bir haber sitesine r\u00f6portaj vererek son durumlar\u0131 de\u011ferlendirdi. \u00a0Cemil Bay\u0131k\u2019\u0131n r\u00f6portajda direk Rojava K\u00fcrdistan\u0131 ad\u0131na Tam da uluslararas\u0131 toplum Erdo\u011fan\u2019\u0131n \u201cYPG e\u015fittir PKK\u2019dir\u201d dedi\u011fi bir d\u00f6nemde Bay\u0131k\u2019\u0131n bu a\u00e7\u0131klamas\u0131 dikkat \u00e7ekti.<\/h2>\n<p>T\u00fcrkiye Ba\u015fbakan\u0131 Erdo\u011fan \u0131srarla YPG PKK\u2019nin bir uzant\u0131s\u0131d\u0131r, bizim Suriye de bulunma nedenimiz PKK\u2019dir diye \u0131srarla uluslararas\u0131 toplumu ikna etmeye \u00e7al\u0131\u015f\u0131yor. Uluslararas\u0131 toplum ise \u00f6zellikle son g\u00fcnlerde T\u00fcrk i\u015fgalini engellemek i\u00e7in pek \u00e7ok karar ald\u0131 ve Erdo\u011fan\u2019\u0131n YPG PKK\u2019dir tezine kar\u015f\u0131 duruyor.<\/p>\n<p>\u00d6zellikle de Fransa Cumhurba\u015fkan\u0131 Macron bu konuda net tav\u0131r koyarak \u201cYPG PKK de\u011fildir\u201d diyerek a\u00e7\u0131k cevap verdi. Tam bu olaylar geli\u015firken Cemil Bay\u0131k\u2019\u0131n Rojava y\u00f6netimi gibi a\u00e7\u0131klama yapmas\u0131n\u0131n , T\u00fcrkiye devletinin \u00e7\u0131karlar\u0131na oldu\u011fu y\u00f6n\u00fcnde g\u00f6r\u00fc\u015flerde gelmeye ba\u015flad\u0131.<\/p>\n<p>KCK E\u015f Ba\u015fkan\u0131 Cemil Bay\u0131k 20\/10\/2019 tarihinde Rojavadaki duruma d\u00f6n\u00fck uzun bir r\u00f6portaj vermi\u015fti. R\u00f6portajda YPG ve HSD\u2019ye d\u00f6n\u00fck hem ele\u015ftirilerini hem de yap\u0131lmas\u0131 gerekenleri uzun uzun de\u011ferlendiren Bay\u0131k ayr\u0131ca ABD ve T\u00fcrkiye aras\u0131ndaki son ate\u015fkesi de de\u011ferlendirdi.<\/p>\n<p>Bay\u0131k de\u011ferlendirmesinde \u015funlar\u0131 dile getirdi;\u00a0 \u00e7ok daha \u00f6nce HSD Esad rejimi ile anla\u015fmal\u0131yd\u0131. \u00c7\u00fcnk\u00fc HSD Suriye\u2019nin toprak b\u00fct\u00fcnl\u00fc\u011f\u00fcn\u00fc savunan bir g\u00fc\u00e7 hi\u00e7bir zaman ayr\u0131l\u0131k\u00e7\u0131 politika y\u00fcr\u00fctmedi. Bu nedenle ilk \u00f6nce Esad ile anla\u015fmas\u0131 gerekirdi.<\/p>\n<p>Bay\u0131k de\u011ferlendirmesinin devam\u0131nda \u015f\u00f6yle s\u00f6yl\u00fcyor; Amerika K\u00fcrtleri satt\u0131, Rusya ile beraber Erdo\u011fan\u2019\u0131n Rojava\u2019ya sald\u0131r\u0131s\u0131n\u0131 me\u015frula\u015ft\u0131rd\u0131lar ve yol verdiler. Avrupa K\u00fcrt halk\u0131na ihanet etti.<\/p>\n<p>Bay\u0131k Rojava halk\u0131ndan ise \u201csald\u0131r\u0131lar ne kadar a\u011f\u0131r olursa olsun yerlerini b\u0131rakmamalar\u0131n\u0131 istedi\u201d.<\/p>\n<p>Bir\u00e7ok siyasi \u00e7evre Cemil Bay\u0131k\u2019\u0131n a\u00e7\u0131klamalar\u0131na tepki g\u00f6stererek Bay\u0131k\u2019\u0131n Erdo\u011fan rejiminin Rojavay\u0131 i\u015fgalini me\u015frula\u015ft\u0131rmak i\u00e7in arad\u0131\u011f\u0131 k\u0131l\u0131f\u0131 T\u00fcrkiyeye hediye etti\u011fini d\u00fc\u015f\u00fcn\u00fcyor.<\/p>\n<p>T\u00fcrkiye hala uluslararas\u0131 alanda sald\u0131r\u0131lar\u0131n\u0131 me\u015frula\u015ft\u0131rm\u0131\u015f de\u011fil. Avrupa ve Amerika ba\u015fta olmak \u00fczere K\u00fcrtler, dostlar\u0131 ve siyaset\u00e7iler T\u00fcrkiye\u2019nin Rojava\u2019ya sald\u0131r\u0131s\u0131n i\u015fgal ve t\u00fcm K\u00fcrtlere yap\u0131lm\u0131\u015f bir sald\u0131r\u0131 olarak g\u00f6r\u00fcyor.<\/p>\n<p>&nbsp;<\/p>\n<p>&nbsp;<\/p>\n","protected":false},"excerpt":{"rendered":"<p>Cemil Bay\u0131k; \u00c7ok daha \u00f6nce Suriye Rejimi ile anla\u015fma sa\u011flanmal\u0131yd\u0131 KCK Y\u00fcr\u00fctme Konseyi Ba\u015fkan\u0131 Cemil Bay\u0131k kendilerine yak\u0131n bir haber sitesine r\u00f6portaj vererek son durumlar\u0131 de\u011ferlendirdi. \u00a0Cemil Bay\u0131k\u2019\u0131n r\u00f6portajda direk Rojava K\u00fcrdistan\u0131 ad\u0131na Tam da uluslararas\u0131 toplum Erdo\u011fan\u2019\u0131n \u201cYPG e\u015fittir PKK\u2019dir\u201d dedi\u011fi bir d\u00f6nemde Bay\u0131k\u2019\u0131n bu a\u00e7\u0131klamas\u0131 dikkat \u00e7ekti. T\u00fcrkiye Ba\u015fbakan\u0131 Erdo\u011fan \u0131srarla YPG PKK\u2019nin [&hellip;]<\/p>\n","protected":false},"author":2,"featured_media":1006748,"comment_status":"closed","ping_status":"closed","sticky":false,"template":"","format":"standard","meta":{"footnotes":""},"categories":[3],"tags":[31],"class_list":["post-1006747","post","type-post","status-publish","format-standard","has-post-thumbnail","hentry","category-kurdistan","tag-onemli"],"blocksy_meta":[],"seo_head":"<!-- This site is optimized with the Yoast SEO plugin v27.5 - https:\/\/yoast.com\/product\/yoast-seo-wordpress\/ -->\n<title>CEM\u0130L BAYIK\u2019IN A\u00c7IKLAMASININ K\u00dcRTLERE B\u0130R FAYDASI VAR MI - Darka Mazi<\/title>\n<meta name=\"robots\" content=\"index, follow, max-snippet:-1, max-image-preview:large, max-video-preview:-1\" \/>\n<link rel=\"canonical\" href=\"https:\/\/darkamazi.site\/archives\/1006747\" \/>\n<meta property=\"og:locale\" content=\"en_US\" \/>\n<meta property=\"og:type\" content=\"article\" \/>\n<meta property=\"og:title\" content=\"CEM\u0130L BAYIK\u2019IN A\u00c7IKLAMASININ K\u00dcRTLERE B\u0130R FAYDASI VAR MI - Darka Mazi\" \/>\n<meta property=\"og:description\" content=\"Cemil Bay\u0131k; \u00c7ok daha \u00f6nce Suriye Rejimi ile anla\u015fma sa\u011flanmal\u0131yd\u0131 KCK Y\u00fcr\u00fctme Konseyi Ba\u015fkan\u0131 Cemil Bay\u0131k kendilerine yak\u0131n bir haber sitesine r\u00f6portaj vererek son durumlar\u0131 de\u011ferlendirdi. \u00a0Cemil Bay\u0131k\u2019\u0131n r\u00f6portajda direk Rojava K\u00fcrdistan\u0131 ad\u0131na Tam da uluslararas\u0131 toplum Erdo\u011fan\u2019\u0131n \u201cYPG e\u015fittir PKK\u2019dir\u201d dedi\u011fi bir d\u00f6nemde Bay\u0131k\u2019\u0131n bu a\u00e7\u0131klamas\u0131 dikkat \u00e7ekti. T\u00fcrkiye Ba\u015fbakan\u0131 Erdo\u011fan \u0131srarla YPG PKK\u2019nin [&hellip;]\" \/>\n<meta property=\"og:url\" content=\"https:\/\/darkamazi.site\/archives\/1006747\" \/>\n<meta property=\"og:site_name\" content=\"Darka Mazi\" \/>\n<meta property=\"article:publisher\" content=\"https:\/\/www.facebook.com\/DarkaMaziturkce\" \/>\n<meta property=\"article:published_time\" content=\"2019-10-21T15:39:28+00:00\" \/>\n<meta property=\"og:image\" content=\"https:\/\/darkamazi.site\/file\/2019\/10\/CEM\u0130L-BAYIK\u2019IN-A\u00c7IKLAMASININ-K\u00dcRTLERE-B\u0130R-FAYDASI-VAR-MI.jpg\" \/>\n\t<meta property=\"og:image:width\" content=\"781\" \/>\n\t<meta property=\"og:image:height\" content=\"439\" \/>\n\t<meta property=\"og:image:type\" content=\"image\/jpeg\" \/>\n<meta name=\"author\" content=\"darka mazi\" \/>\n<meta name=\"twitter:card\" content=\"summary_large_image\" \/>\n<meta name=\"twitter:creator\" content=\"@DarkaMaziTurkce\" \/>\n<meta name=\"twitter:site\" content=\"@DarkaMaziTurkce\" \/>\n<meta name=\"twitter:label1\" content=\"Written by\" \/>\n\t<meta name=\"twitter:data1\" content=\"darka mazi\" \/>\n\t<meta name=\"twitter:label2\" content=\"Est. reading time\" \/>\n\t<meta name=\"twitter:data2\" content=\"2 minutes\" \/>\n<script type=\"application\/ld+json\" class=\"seo-schema-graph\">{\"@context\":\"https:\\\/\\\/schema.org\",\"@graph\":[{\"@type\":\"NewsArticle\",\"@id\":\"https:\\\/\\\/darkamazi.site\\\/archives\\\/1006747#article\",\"isPartOf\":{\"@id\":\"https:\\\/\\\/darkamazi.site\\\/archives\\\/1006747\"},\"author\":{\"name\":\"darka mazi\",\"@id\":\"https:\\\/\\\/darkamazi.site\\\/#\\\/schema\\\/person\\\/67986a95ac546c16760365877ef4a9d3\"},\"headline\":\"CEM\u0130L BAYIK\u2019IN A\u00c7IKLAMASININ K\u00dcRTLERE B\u0130R FAYDASI VAR MI\",\"datePublished\":\"2019-10-21T15:39:28+00:00\",\"mainEntityOfPage\":{\"@id\":\"https:\\\/\\\/darkamazi.site\\\/archives\\\/1006747\"},\"wordCount\":461,\"publisher\":{\"@id\":\"https:\\\/\\\/darkamazi.site\\\/#organization\"},\"image\":{\"@id\":\"https:\\\/\\\/darkamazi.site\\\/archives\\\/1006747#primaryimage\"},\"thumbnailUrl\":\"https:\\\/\\\/darkamazi.site\\\/darka-content\\\/uploads\\\/2019\\\/10\\\/CEM\u0130L-BAYIK\u2019IN-A\u00c7IKLAMASININ-K\u00dcRTLERE-B\u0130R-FAYDASI-VAR-MI.jpg\",\"keywords\":[\"\u00f6nemli\"],\"articleSection\":[\"Kurdistan\"],\"inLanguage\":\"en-US\"},{\"@type\":\"WebPage\",\"@id\":\"https:\\\/\\\/darkamazi.site\\\/archives\\\/1006747\",\"url\":\"https:\\\/\\\/darkamazi.site\\\/archives\\\/1006747\",\"name\":\"CEM\u0130L BAYIK\u2019IN A\u00c7IKLAMASININ K\u00dcRTLERE B\u0130R FAYDASI VAR MI - Darka Mazi\",\"isPartOf\":{\"@id\":\"https:\\\/\\\/darkamazi.site\\\/#website\"},\"primaryImageOfPage\":{\"@id\":\"https:\\\/\\\/darkamazi.site\\\/archives\\\/1006747#primaryimage\"},\"image\":{\"@id\":\"https:\\\/\\\/darkamazi.site\\\/archives\\\/1006747#primaryimage\"},\"thumbnailUrl\":\"https:\\\/\\\/darkamazi.site\\\/darka-content\\\/uploads\\\/2019\\\/10\\\/CEM\u0130L-BAYIK\u2019IN-A\u00c7IKLAMASININ-K\u00dcRTLERE-B\u0130R-FAYDASI-VAR-MI.jpg\",\"datePublished\":\"2019-10-21T15:39:28+00:00\",\"breadcrumb\":{\"@id\":\"https:\\\/\\\/darkamazi.site\\\/archives\\\/1006747#breadcrumb\"},\"inLanguage\":\"en-US\",\"potentialAction\":[{\"@type\":\"ReadAction\",\"target\":[\"https:\\\/\\\/darkamazi.site\\\/archives\\\/1006747\"]}]},{\"@type\":\"ImageObject\",\"inLanguage\":\"en-US\",\"@id\":\"https:\\\/\\\/darkamazi.site\\\/archives\\\/1006747#primaryimage\",\"url\":\"https:\\\/\\\/darkamazi.site\\\/darka-content\\\/uploads\\\/2019\\\/10\\\/CEM\u0130L-BAYIK\u2019IN-A\u00c7IKLAMASININ-K\u00dcRTLERE-B\u0130R-FAYDASI-VAR-MI.jpg\",\"contentUrl\":\"https:\\\/\\\/darkamazi.site\\\/darka-content\\\/uploads\\\/2019\\\/10\\\/CEM\u0130L-BAYIK\u2019IN-A\u00c7IKLAMASININ-K\u00dcRTLERE-B\u0130R-FAYDASI-VAR-MI.jpg\",\"width\":781,\"height\":439,\"caption\":\"CEM\u0130L BAYIK\u2019IN A\u00c7IKLAMASININ K\u00dcRTLERE B\u0130R FAYDASI VAR MI\"},{\"@type\":\"BreadcrumbList\",\"@id\":\"https:\\\/\\\/darkamazi.site\\\/archives\\\/1006747#breadcrumb\",\"itemListElement\":[{\"@type\":\"ListItem\",\"position\":1,\"name\":\"Home\",\"item\":\"https:\\\/\\\/darkamazi.site\\\/\"},{\"@type\":\"ListItem\",\"position\":2,\"name\":\"CEM\u0130L BAYIK\u2019IN A\u00c7IKLAMASININ K\u00dcRTLERE B\u0130R FAYDASI VAR MI\"}]},{\"@type\":\"WebSite\",\"@id\":\"https:\\\/\\\/darkamazi.site\\\/#website\",\"url\":\"https:\\\/\\\/darkamazi.site\\\/\",\"name\":\"Darka Mazi\",\"description\":\"Ana Sayfa\",\"publisher\":{\"@id\":\"https:\\\/\\\/darkamazi.site\\\/#organization\"},\"potentialAction\":[{\"@type\":\"SearchAction\",\"target\":{\"@type\":\"EntryPoint\",\"urlTemplate\":\"https:\\\/\\\/darkamazi.site\\\/?s={search_term_string}\"},\"query-input\":{\"@type\":\"PropertyValueSpecification\",\"valueRequired\":true,\"valueName\":\"search_term_string\"}}],\"inLanguage\":\"en-US\"},{\"@type\":\"Organization\",\"@id\":\"https:\\\/\\\/darkamazi.site\\\/#organization\",\"name\":\"Darka Mazi T\u00fcrk\u00e7e\",\"alternateName\":\"Darka Mazi\",\"url\":\"https:\\\/\\\/darkamazi.site\\\/\",\"logo\":{\"@type\":\"ImageObject\",\"inLanguage\":\"en-US\",\"@id\":\"https:\\\/\\\/darkamazi.site\\\/#\\\/schema\\\/logo\\\/image\\\/\",\"url\":\"https:\\\/\\\/darkamazi.site\\\/darka-content\\\/uploads\\\/2017\\\/12\\\/darka-mazi-logo.png\",\"contentUrl\":\"https:\\\/\\\/darkamazi.site\\\/darka-content\\\/uploads\\\/2017\\\/12\\\/darka-mazi-logo.png\",\"width\":151,\"height\":75,\"caption\":\"Darka Mazi T\u00fcrk\u00e7e\"},\"image\":{\"@id\":\"https:\\\/\\\/darkamazi.site\\\/#\\\/schema\\\/logo\\\/image\\\/\"},\"sameAs\":[\"https:\\\/\\\/www.facebook.com\\\/DarkaMaziturkce\",\"https:\\\/\\\/x.com\\\/DarkaMaziTurkce\"]},{\"@type\":\"Person\",\"@id\":\"https:\\\/\\\/darkamazi.site\\\/#\\\/schema\\\/person\\\/67986a95ac546c16760365877ef4a9d3\",\"name\":\"darka mazi\",\"sameAs\":[\"https:\\\/\\\/darkamazi.site\"],\"url\":\"https:\\\/\\\/darkamazi.site\\\/archives\\\/author\\\/turkish\"}]}<\/script>\n<!-- \/ Yoast SEO plugin. -->","seo_head_json":{"title":"CEM\u0130L BAYIK\u2019IN A\u00c7IKLAMASININ K\u00dcRTLERE B\u0130R FAYDASI VAR MI - Darka Mazi","robots":{"index":"index","follow":"follow","max-snippet":"max-snippet:-1","max-image-preview":"max-image-preview:large","max-video-preview":"max-video-preview:-1"},"canonical":"https:\/\/darkamazi.site\/archives\/1006747","og_locale":"en_US","og_type":"article","og_title":"CEM\u0130L BAYIK\u2019IN A\u00c7IKLAMASININ K\u00dcRTLERE B\u0130R FAYDASI VAR MI - Darka Mazi","og_description":"Cemil Bay\u0131k; \u00c7ok daha \u00f6nce Suriye Rejimi ile anla\u015fma sa\u011flanmal\u0131yd\u0131 KCK Y\u00fcr\u00fctme Konseyi Ba\u015fkan\u0131 Cemil Bay\u0131k kendilerine yak\u0131n bir haber sitesine r\u00f6portaj vererek son durumlar\u0131 de\u011ferlendirdi. \u00a0Cemil Bay\u0131k\u2019\u0131n r\u00f6portajda direk Rojava K\u00fcrdistan\u0131 ad\u0131na Tam da uluslararas\u0131 toplum Erdo\u011fan\u2019\u0131n \u201cYPG e\u015fittir PKK\u2019dir\u201d dedi\u011fi bir d\u00f6nemde Bay\u0131k\u2019\u0131n bu a\u00e7\u0131klamas\u0131 dikkat \u00e7ekti. T\u00fcrkiye Ba\u015fbakan\u0131 Erdo\u011fan \u0131srarla YPG PKK\u2019nin [&hellip;]","og_url":"https:\/\/darkamazi.site\/archives\/1006747","og_site_name":"Darka Mazi","article_publisher":"https:\/\/www.facebook.com\/DarkaMaziturkce","article_published_time":"2019-10-21T15:39:28+00:00","og_image":[{"width":781,"height":439,"url":"https:\/\/darkamazi.site\/file\/2019\/10\/CEM\u0130L-BAYIK\u2019IN-A\u00c7IKLAMASININ-K\u00dcRTLERE-B\u0130R-FAYDASI-VAR-MI.jpg","type":"image\/jpeg"}],"author":"darka mazi","twitter_card":"summary_large_image","twitter_creator":"@DarkaMaziTurkce","twitter_site":"@DarkaMaziTurkce","twitter_misc":{"Written by":"darka mazi","Est. reading time":"2 minutes"},"schema":{"@context":"https:\/\/schema.org","@graph":[{"@type":"NewsArticle","@id":"https:\/\/darkamazi.site\/archives\/1006747#article","isPartOf":{"@id":"https:\/\/darkamazi.site\/archives\/1006747"},"author":{"name":"darka mazi","@id":"https:\/\/darkamazi.site\/#\/schema\/person\/67986a95ac546c16760365877ef4a9d3"},"headline":"CEM\u0130L BAYIK\u2019IN A\u00c7IKLAMASININ K\u00dcRTLERE B\u0130R FAYDASI VAR MI","datePublished":"2019-10-21T15:39:28+00:00","mainEntityOfPage":{"@id":"https:\/\/darkamazi.site\/archives\/1006747"},"wordCount":461,"publisher":{"@id":"https:\/\/darkamazi.site\/#organization"},"image":{"@id":"https:\/\/darkamazi.site\/archives\/1006747#primaryimage"},"thumbnailUrl":"https:\/\/darkamazi.site\/file\/2019\/10\/CEM\u0130L-BAYIK\u2019IN-A\u00c7IKLAMASININ-K\u00dcRTLERE-B\u0130R-FAYDASI-VAR-MI.jpg","keywords":["\u00f6nemli"],"articleSection":["Kurdistan"],"inLanguage":"en-US"},{"@type":"WebPage","@id":"https:\/\/darkamazi.site\/archives\/1006747","url":"https:\/\/darkamazi.site\/archives\/1006747","name":"CEM\u0130L BAYIK\u2019IN A\u00c7IKLAMASININ K\u00dcRTLERE B\u0130R FAYDASI VAR MI - Darka Mazi","isPartOf":{"@id":"https:\/\/darkamazi.site\/#website"},"primaryImageOfPage":{"@id":"https:\/\/darkamazi.site\/archives\/1006747#primaryimage"},"image":{"@id":"https:\/\/darkamazi.site\/archives\/1006747#primaryimage"},"thumbnailUrl":"https:\/\/darkamazi.site\/file\/2019\/10\/CEM\u0130L-BAYIK\u2019IN-A\u00c7IKLAMASININ-K\u00dcRTLERE-B\u0130R-FAYDASI-VAR-MI.jpg","datePublished":"2019-10-21T15:39:28+00:00","breadcrumb":{"@id":"https:\/\/darkamazi.site\/archives\/1006747#breadcrumb"},"inLanguage":"en-US","potentialAction":[{"@type":"ReadAction","target":["https:\/\/darkamazi.site\/archives\/1006747"]}]},{"@type":"ImageObject","inLanguage":"en-US","@id":"https:\/\/darkamazi.site\/archives\/1006747#primaryimage","url":"https:\/\/darkamazi.site\/file\/2019\/10\/CEM\u0130L-BAYIK\u2019IN-A\u00c7IKLAMASININ-K\u00dcRTLERE-B\u0130R-FAYDASI-VAR-MI.jpg","contentUrl":"https:\/\/darkamazi.site\/file\/2019\/10\/CEM\u0130L-BAYIK\u2019IN-A\u00c7IKLAMASININ-K\u00dcRTLERE-B\u0130R-FAYDASI-VAR-MI.jpg","width":781,"height":439,"caption":"CEM\u0130L BAYIK\u2019IN A\u00c7IKLAMASININ K\u00dcRTLERE B\u0130R FAYDASI VAR MI"},{"@type":"BreadcrumbList","@id":"https:\/\/darkamazi.site\/archives\/1006747#breadcrumb","itemListElement":[{"@type":"ListItem","position":1,"name":"Home","item":"https:\/\/darkamazi.site\/"},{"@type":"ListItem","position":2,"name":"CEM\u0130L BAYIK\u2019IN A\u00c7IKLAMASININ K\u00dcRTLERE B\u0130R FAYDASI VAR MI"}]},{"@type":"WebSite","@id":"https:\/\/darkamazi.site\/#website","url":"https:\/\/darkamazi.site\/","name":"Darka Mazi","description":"Ana Sayfa","publisher":{"@id":"https:\/\/darkamazi.site\/#organization"},"potentialAction":[{"@type":"SearchAction","target":{"@type":"EntryPoint","urlTemplate":"https:\/\/darkamazi.site\/?s={search_term_string}"},"query-input":{"@type":"PropertyValueSpecification","valueRequired":true,"valueName":"search_term_string"}}],"inLanguage":"en-US"},{"@type":"Organization","@id":"https:\/\/darkamazi.site\/#organization","name":"Darka Mazi T\u00fcrk\u00e7e","alternateName":"Darka Mazi","url":"https:\/\/darkamazi.site\/","logo":{"@type":"ImageObject","inLanguage":"en-US","@id":"https:\/\/darkamazi.site\/#\/schema\/logo\/image\/","url":"https:\/\/darkamazi.site\/file\/2017\/12\/darka-mazi-logo.png","contentUrl":"https:\/\/darkamazi.site\/file\/2017\/12\/darka-mazi-logo.png","width":151,"height":75,"caption":"Darka Mazi T\u00fcrk\u00e7e"},"image":{"@id":"https:\/\/darkamazi.site\/#\/schema\/logo\/image\/"},"sameAs":["https:\/\/www.facebook.com\/DarkaMaziturkce","https:\/\/x.com\/DarkaMaziTurkce"]},{"@type":"Person","@id":"https:\/\/darkamazi.site\/#\/schema\/person\/67986a95ac546c16760365877ef4a9d3","name":"darka mazi","sameAs":["https:\/\/darkamazi.site"],"url":"https:\/\/darkamazi.site\/archives\/author\/turkish"}]}},"_links":{"self":[{"href":"https:\/\/darkamazi.site\/funavuv\/wp\/v2\/posts\/1006747","targetHints":{"allow":["GET"]}}],"collection":[{"href":"https:\/\/darkamazi.site\/funavuv\/wp\/v2\/posts"}],"about":[{"href":"https:\/\/darkamazi.site\/funavuv\/wp\/v2\/types\/post"}],"author":[{"embeddable":true,"href":"https:\/\/darkamazi.site\/funavuv\/wp\/v2\/users\/2"}],"replies":[{"embeddable":true,"href":"https:\/\/darkamazi.site\/funavuv\/wp\/v2\/comments?post=1006747"}],"version-history":[{"count":0,"href":"https:\/\/darkamazi.site\/funavuv\/wp\/v2\/posts\/1006747\/revisions"}],"wp:featuredmedia":[{"embeddable":true,"href":"https:\/\/darkamazi.site\/funavuv\/wp\/v2\/media\/1006748"}],"wp:attachment":[{"href":"https:\/\/darkamazi.site\/funavuv\/wp\/v2\/media?parent=1006747"}],"wp:term":[{"taxonomy":"category","embeddable":true,"href":"https:\/\/darkamazi.site\/funavuv\/wp\/v2\/categories?post=1006747"},{"taxonomy":"post_tag","embeddable":true,"href":"https:\/\/darkamazi.site\/funavuv\/wp\/v2\/tags?post=1006747"}],"curies":[{"name":"wp","href":"https:\/\/api.w.org\/{rel}","templated":true}]}}