{"id":1006752,"date":"2019-10-21T19:30:42","date_gmt":"2019-10-21T16:30:42","guid":{"rendered":"https:\/\/darkamazi.site\/?p=1006752"},"modified":"2019-10-21T19:47:13","modified_gmt":"2019-10-21T16:47:13","slug":"erdogan-ve-putin-rojava-uzerine-gorusecekler","status":"publish","type":"post","link":"https:\/\/darkamazi.site\/archives\/1006752","title":{"rendered":"ERDO\u011eAN VE PUT\u0130N ROJAVA \u00dcZER\u0130NE G\u00d6R\u00dc\u015eECEKLER"},"content":{"rendered":"<h2><strong>T\u00fcrkiye Cumhurba\u015fkan\u0131 Erdo\u011fan\u2019\u0131n yar\u0131n Rusya\u2019n\u0131n So\u00e7i \u015fehrinde\u00a0 Rusya Devlet Ba\u015fkan\u0131 Vladimir Putin ile g\u00f6r\u00fc\u015fmesi bekleniyor. \u00a0G\u00f6r\u00fc\u015fmenin ana ba\u015fl\u0131\u011f\u0131 Rojava\u2019ya yap\u0131lan sald\u0131r\u0131lar olacak. <\/strong><\/h2>\n<p>T\u00fcrkiye 9 Ekim tarihinden itibaren Rojava\u2019y\u0131 i\u015fgal ama\u00e7l\u0131 sald\u0131r\u0131 ba\u015flatm\u0131\u015ft\u0131. Bu g\u00fcn ise ABD Suriye\u2019de ki t\u00fcm askerlerini \u00e7ekti. B\u00f6ylesi kritik bir d\u00f6nemde yap\u0131lacak g\u00f6r\u00fc\u015fme b\u00f6lge politikas\u0131 i\u00e7in \u00f6nemli kabul ediliyor. ABD\u2019nin \u00e7ekilmesinden sonra Rusya Suriye ve Rojava konusunda daha rahat hareket edecek. Bu g\u00fcn Kremlin s\u00f6zc\u00fcs\u00fc Yuri Ushakov a\u00e7\u0131klama yaparak; Biz\u00a0 Rusya Federasyonu olarak Suriye\u2019nin toprak b\u00fct\u00fcnl\u00fc\u011f\u00fcn\u00fc hedeflemeyen hi\u00e7bir giri\u015fimin Suriye de bar\u0131\u015f\u0131 sa\u011flayaca\u011f\u0131na inanm\u0131yoruz. Hedefimiz ise Suriye\u2019nin toprak b\u00fct\u00fcnl\u00fc\u011f\u00fc \u00e7er\u00e7evesinde bir plan geli\u015ftirmek dedi.<\/p>\n<p>Rusya daha \u00f6ncede \u2018Suriye\u2019nin toprak b\u00fct\u00fcnl\u00fc\u011f\u00fc ve t\u00fcm s\u0131n\u0131rlar\u0131 kontrol etmesinin Suriye\u2019yi kurtaracak tek \u00e7\u00f6z\u00fcm oldu\u011funu\u2019 bir\u00e7ok kez belirtmi\u015fti.<\/p>\n<p>ABD\u2019nin \u00e7\u0131kmas\u0131n\u0131n Rusya\u2019n\u0131n b\u00f6lgedeki pozisyonunu g\u00fc\u00e7lendirece\u011fi tart\u0131\u015f\u0131lsa da T\u00fcrkiye\u2019nin art\u0131k her iki cephe aras\u0131nda denge siyaseti yapamayaca\u011f\u0131 bu nedenle Rusya\u2019ya mahkum kalaca\u011f\u0131 da tart\u0131\u015f\u0131lmakta. T\u00fcrkiye son d\u00f6rt y\u0131ll\u0131k d\u00f6nemde Suriye\u2019de ki \u00fcslerini ABD ve Rusya aras\u0131ndaki bo\u015fluklardan faydalanarak ele ge\u00e7irmi\u015fti. Bundan sonra Rusya\u2019n\u0131n T\u00fcrkiye\u2019ye izin verip vermeyece\u011fi, verirse kar\u015f\u0131l\u0131\u011f\u0131nda hangi tavizleri isteyece\u011fi ise belirsizli\u011fini koruyor. Yar\u0131n yap\u0131lacak g\u00f6r\u00fc\u015fme bu konuda pek \u00e7ok ipucu verecek.<\/p>\n\n\n<p><\/p>\n","protected":false},"excerpt":{"rendered":"<p>T\u00fcrkiye Cumhurba\u015fkan\u0131 Erdo\u011fan\u2019\u0131n yar\u0131n Rusya\u2019n\u0131n So\u00e7i \u015fehrinde\u00a0 Rusya Devlet Ba\u015fkan\u0131 Vladimir Putin ile g\u00f6r\u00fc\u015fmesi bekleniyor. \u00a0G\u00f6r\u00fc\u015fmenin ana ba\u015fl\u0131\u011f\u0131 Rojava\u2019ya yap\u0131lan sald\u0131r\u0131lar olacak. T\u00fcrkiye 9 Ekim tarihinden itibaren Rojava\u2019y\u0131 i\u015fgal ama\u00e7l\u0131 sald\u0131r\u0131 ba\u015flatm\u0131\u015ft\u0131. Bu g\u00fcn ise ABD Suriye\u2019de ki t\u00fcm askerlerini \u00e7ekti. B\u00f6ylesi kritik bir d\u00f6nemde yap\u0131lacak g\u00f6r\u00fc\u015fme b\u00f6lge politikas\u0131 i\u00e7in \u00f6nemli kabul ediliyor. ABD\u2019nin \u00e7ekilmesinden [&hellip;]<\/p>\n","protected":false},"author":2,"featured_media":1006753,"comment_status":"closed","ping_status":"closed","sticky":false,"template":"","format":"standard","meta":{"footnotes":""},"categories":[7],"tags":[31],"class_list":["post-1006752","post","type-post","status-publish","format-standard","has-post-thumbnail","hentry","category-editorden","tag-onemli"],"blocksy_meta":[],"seo_head":"<!-- This site is optimized with the Yoast SEO plugin v27.5 - https:\/\/yoast.com\/product\/yoast-seo-wordpress\/ -->\n<title>ERDO\u011eAN VE PUT\u0130N ROJAVA \u00dcZER\u0130NE G\u00d6R\u00dc\u015eECEKLER - Darka Mazi<\/title>\n<meta name=\"robots\" content=\"index, follow, max-snippet:-1, max-image-preview:large, max-video-preview:-1\" \/>\n<link rel=\"canonical\" href=\"https:\/\/darkamazi.site\/archives\/1006752\" \/>\n<meta property=\"og:locale\" content=\"en_US\" \/>\n<meta property=\"og:type\" content=\"article\" \/>\n<meta property=\"og:title\" content=\"ERDO\u011eAN VE PUT\u0130N ROJAVA \u00dcZER\u0130NE G\u00d6R\u00dc\u015eECEKLER - Darka Mazi\" \/>\n<meta property=\"og:description\" content=\"T\u00fcrkiye Cumhurba\u015fkan\u0131 Erdo\u011fan\u2019\u0131n yar\u0131n Rusya\u2019n\u0131n So\u00e7i \u015fehrinde\u00a0 Rusya Devlet Ba\u015fkan\u0131 Vladimir Putin ile g\u00f6r\u00fc\u015fmesi bekleniyor. \u00a0G\u00f6r\u00fc\u015fmenin ana ba\u015fl\u0131\u011f\u0131 Rojava\u2019ya yap\u0131lan sald\u0131r\u0131lar olacak. T\u00fcrkiye 9 Ekim tarihinden itibaren Rojava\u2019y\u0131 i\u015fgal ama\u00e7l\u0131 sald\u0131r\u0131 ba\u015flatm\u0131\u015ft\u0131. Bu g\u00fcn ise ABD Suriye\u2019de ki t\u00fcm askerlerini \u00e7ekti. B\u00f6ylesi kritik bir d\u00f6nemde yap\u0131lacak g\u00f6r\u00fc\u015fme b\u00f6lge politikas\u0131 i\u00e7in \u00f6nemli kabul ediliyor. ABD\u2019nin \u00e7ekilmesinden [&hellip;]\" \/>\n<meta property=\"og:url\" content=\"https:\/\/darkamazi.site\/archives\/1006752\" \/>\n<meta property=\"og:site_name\" content=\"Darka Mazi\" \/>\n<meta property=\"article:publisher\" content=\"https:\/\/www.facebook.com\/DarkaMaziturkce\" \/>\n<meta property=\"article:published_time\" content=\"2019-10-21T16:30:42+00:00\" \/>\n<meta property=\"article:modified_time\" content=\"2019-10-21T16:47:13+00:00\" \/>\n<meta property=\"og:image\" content=\"https:\/\/darkamazi.site\/file\/2019\/10\/Potin-u-erdogan.jpg\" \/>\n\t<meta property=\"og:image:width\" content=\"1000\" \/>\n\t<meta property=\"og:image:height\" content=\"541\" \/>\n\t<meta property=\"og:image:type\" content=\"image\/jpeg\" \/>\n<meta name=\"author\" content=\"darka mazi\" \/>\n<meta name=\"twitter:card\" content=\"summary_large_image\" \/>\n<meta name=\"twitter:creator\" content=\"@DarkaMaziTurkce\" \/>\n<meta name=\"twitter:site\" content=\"@DarkaMaziTurkce\" \/>\n<meta name=\"twitter:label1\" content=\"Written by\" \/>\n\t<meta name=\"twitter:data1\" content=\"darka mazi\" \/>\n\t<meta name=\"twitter:label2\" content=\"Est. reading time\" \/>\n\t<meta name=\"twitter:data2\" content=\"1 minute\" \/>\n<script type=\"application\/ld+json\" class=\"seo-schema-graph\">{\"@context\":\"https:\\\/\\\/schema.org\",\"@graph\":[{\"@type\":\"NewsArticle\",\"@id\":\"https:\\\/\\\/darkamazi.site\\\/archives\\\/1006752#article\",\"isPartOf\":{\"@id\":\"https:\\\/\\\/darkamazi.site\\\/archives\\\/1006752\"},\"author\":{\"name\":\"darka mazi\",\"@id\":\"https:\\\/\\\/darkamazi.site\\\/#\\\/schema\\\/person\\\/67986a95ac546c16760365877ef4a9d3\"},\"headline\":\"ERDO\u011eAN VE PUT\u0130N ROJAVA \u00dcZER\u0130NE G\u00d6R\u00dc\u015eECEKLER\",\"datePublished\":\"2019-10-21T16:30:42+00:00\",\"dateModified\":\"2019-10-21T16:47:13+00:00\",\"mainEntityOfPage\":{\"@id\":\"https:\\\/\\\/darkamazi.site\\\/archives\\\/1006752\"},\"wordCount\":294,\"publisher\":{\"@id\":\"https:\\\/\\\/darkamazi.site\\\/#organization\"},\"image\":{\"@id\":\"https:\\\/\\\/darkamazi.site\\\/archives\\\/1006752#primaryimage\"},\"thumbnailUrl\":\"https:\\\/\\\/darkamazi.site\\\/darka-content\\\/uploads\\\/2019\\\/10\\\/Potin-u-erdogan.jpg\",\"keywords\":[\"\u00f6nemli\"],\"articleSection\":[\"Edit\u00f6rden\"],\"inLanguage\":\"en-US\"},{\"@type\":\"WebPage\",\"@id\":\"https:\\\/\\\/darkamazi.site\\\/archives\\\/1006752\",\"url\":\"https:\\\/\\\/darkamazi.site\\\/archives\\\/1006752\",\"name\":\"ERDO\u011eAN VE PUT\u0130N ROJAVA \u00dcZER\u0130NE G\u00d6R\u00dc\u015eECEKLER - Darka Mazi\",\"isPartOf\":{\"@id\":\"https:\\\/\\\/darkamazi.site\\\/#website\"},\"primaryImageOfPage\":{\"@id\":\"https:\\\/\\\/darkamazi.site\\\/archives\\\/1006752#primaryimage\"},\"image\":{\"@id\":\"https:\\\/\\\/darkamazi.site\\\/archives\\\/1006752#primaryimage\"},\"thumbnailUrl\":\"https:\\\/\\\/darkamazi.site\\\/darka-content\\\/uploads\\\/2019\\\/10\\\/Potin-u-erdogan.jpg\",\"datePublished\":\"2019-10-21T16:30:42+00:00\",\"dateModified\":\"2019-10-21T16:47:13+00:00\",\"breadcrumb\":{\"@id\":\"https:\\\/\\\/darkamazi.site\\\/archives\\\/1006752#breadcrumb\"},\"inLanguage\":\"en-US\",\"potentialAction\":[{\"@type\":\"ReadAction\",\"target\":[\"https:\\\/\\\/darkamazi.site\\\/archives\\\/1006752\"]}]},{\"@type\":\"ImageObject\",\"inLanguage\":\"en-US\",\"@id\":\"https:\\\/\\\/darkamazi.site\\\/archives\\\/1006752#primaryimage\",\"url\":\"https:\\\/\\\/darkamazi.site\\\/darka-content\\\/uploads\\\/2019\\\/10\\\/Potin-u-erdogan.jpg\",\"contentUrl\":\"https:\\\/\\\/darkamazi.site\\\/darka-content\\\/uploads\\\/2019\\\/10\\\/Potin-u-erdogan.jpg\",\"width\":1000,\"height\":541,\"caption\":\"ERDO\u011eAN VE PUT\u0130N ROJAVA \u00dcZER\u0130NE G\u00d6R\u00dc\u015eECEKLER\"},{\"@type\":\"BreadcrumbList\",\"@id\":\"https:\\\/\\\/darkamazi.site\\\/archives\\\/1006752#breadcrumb\",\"itemListElement\":[{\"@type\":\"ListItem\",\"position\":1,\"name\":\"Home\",\"item\":\"https:\\\/\\\/darkamazi.site\\\/\"},{\"@type\":\"ListItem\",\"position\":2,\"name\":\"ERDO\u011eAN VE PUT\u0130N ROJAVA \u00dcZER\u0130NE G\u00d6R\u00dc\u015eECEKLER\"}]},{\"@type\":\"WebSite\",\"@id\":\"https:\\\/\\\/darkamazi.site\\\/#website\",\"url\":\"https:\\\/\\\/darkamazi.site\\\/\",\"name\":\"Darka Mazi\",\"description\":\"Ana Sayfa\",\"publisher\":{\"@id\":\"https:\\\/\\\/darkamazi.site\\\/#organization\"},\"potentialAction\":[{\"@type\":\"SearchAction\",\"target\":{\"@type\":\"EntryPoint\",\"urlTemplate\":\"https:\\\/\\\/darkamazi.site\\\/?s={search_term_string}\"},\"query-input\":{\"@type\":\"PropertyValueSpecification\",\"valueRequired\":true,\"valueName\":\"search_term_string\"}}],\"inLanguage\":\"en-US\"},{\"@type\":\"Organization\",\"@id\":\"https:\\\/\\\/darkamazi.site\\\/#organization\",\"name\":\"Darka Mazi T\u00fcrk\u00e7e\",\"alternateName\":\"Darka Mazi\",\"url\":\"https:\\\/\\\/darkamazi.site\\\/\",\"logo\":{\"@type\":\"ImageObject\",\"inLanguage\":\"en-US\",\"@id\":\"https:\\\/\\\/darkamazi.site\\\/#\\\/schema\\\/logo\\\/image\\\/\",\"url\":\"https:\\\/\\\/darkamazi.site\\\/darka-content\\\/uploads\\\/2017\\\/12\\\/darka-mazi-logo.png\",\"contentUrl\":\"https:\\\/\\\/darkamazi.site\\\/darka-content\\\/uploads\\\/2017\\\/12\\\/darka-mazi-logo.png\",\"width\":151,\"height\":75,\"caption\":\"Darka Mazi T\u00fcrk\u00e7e\"},\"image\":{\"@id\":\"https:\\\/\\\/darkamazi.site\\\/#\\\/schema\\\/logo\\\/image\\\/\"},\"sameAs\":[\"https:\\\/\\\/www.facebook.com\\\/DarkaMaziturkce\",\"https:\\\/\\\/x.com\\\/DarkaMaziTurkce\"]},{\"@type\":\"Person\",\"@id\":\"https:\\\/\\\/darkamazi.site\\\/#\\\/schema\\\/person\\\/67986a95ac546c16760365877ef4a9d3\",\"name\":\"darka mazi\",\"sameAs\":[\"https:\\\/\\\/darkamazi.site\"],\"url\":\"https:\\\/\\\/darkamazi.site\\\/archives\\\/author\\\/turkish\"}]}<\/script>\n<!-- \/ Yoast SEO plugin. -->","seo_head_json":{"title":"ERDO\u011eAN VE PUT\u0130N ROJAVA \u00dcZER\u0130NE G\u00d6R\u00dc\u015eECEKLER - Darka Mazi","robots":{"index":"index","follow":"follow","max-snippet":"max-snippet:-1","max-image-preview":"max-image-preview:large","max-video-preview":"max-video-preview:-1"},"canonical":"https:\/\/darkamazi.site\/archives\/1006752","og_locale":"en_US","og_type":"article","og_title":"ERDO\u011eAN VE PUT\u0130N ROJAVA \u00dcZER\u0130NE G\u00d6R\u00dc\u015eECEKLER - Darka Mazi","og_description":"T\u00fcrkiye Cumhurba\u015fkan\u0131 Erdo\u011fan\u2019\u0131n yar\u0131n Rusya\u2019n\u0131n So\u00e7i \u015fehrinde\u00a0 Rusya Devlet Ba\u015fkan\u0131 Vladimir Putin ile g\u00f6r\u00fc\u015fmesi bekleniyor. \u00a0G\u00f6r\u00fc\u015fmenin ana ba\u015fl\u0131\u011f\u0131 Rojava\u2019ya yap\u0131lan sald\u0131r\u0131lar olacak. T\u00fcrkiye 9 Ekim tarihinden itibaren Rojava\u2019y\u0131 i\u015fgal ama\u00e7l\u0131 sald\u0131r\u0131 ba\u015flatm\u0131\u015ft\u0131. Bu g\u00fcn ise ABD Suriye\u2019de ki t\u00fcm askerlerini \u00e7ekti. B\u00f6ylesi kritik bir d\u00f6nemde yap\u0131lacak g\u00f6r\u00fc\u015fme b\u00f6lge politikas\u0131 i\u00e7in \u00f6nemli kabul ediliyor. ABD\u2019nin \u00e7ekilmesinden [&hellip;]","og_url":"https:\/\/darkamazi.site\/archives\/1006752","og_site_name":"Darka Mazi","article_publisher":"https:\/\/www.facebook.com\/DarkaMaziturkce","article_published_time":"2019-10-21T16:30:42+00:00","article_modified_time":"2019-10-21T16:47:13+00:00","og_image":[{"width":1000,"height":541,"url":"https:\/\/darkamazi.site\/file\/2019\/10\/Potin-u-erdogan.jpg","type":"image\/jpeg"}],"author":"darka mazi","twitter_card":"summary_large_image","twitter_creator":"@DarkaMaziTurkce","twitter_site":"@DarkaMaziTurkce","twitter_misc":{"Written by":"darka mazi","Est. reading time":"1 minute"},"schema":{"@context":"https:\/\/schema.org","@graph":[{"@type":"NewsArticle","@id":"https:\/\/darkamazi.site\/archives\/1006752#article","isPartOf":{"@id":"https:\/\/darkamazi.site\/archives\/1006752"},"author":{"name":"darka mazi","@id":"https:\/\/darkamazi.site\/#\/schema\/person\/67986a95ac546c16760365877ef4a9d3"},"headline":"ERDO\u011eAN VE PUT\u0130N ROJAVA \u00dcZER\u0130NE G\u00d6R\u00dc\u015eECEKLER","datePublished":"2019-10-21T16:30:42+00:00","dateModified":"2019-10-21T16:47:13+00:00","mainEntityOfPage":{"@id":"https:\/\/darkamazi.site\/archives\/1006752"},"wordCount":294,"publisher":{"@id":"https:\/\/darkamazi.site\/#organization"},"image":{"@id":"https:\/\/darkamazi.site\/archives\/1006752#primaryimage"},"thumbnailUrl":"https:\/\/darkamazi.site\/file\/2019\/10\/Potin-u-erdogan.jpg","keywords":["\u00f6nemli"],"articleSection":["Edit\u00f6rden"],"inLanguage":"en-US"},{"@type":"WebPage","@id":"https:\/\/darkamazi.site\/archives\/1006752","url":"https:\/\/darkamazi.site\/archives\/1006752","name":"ERDO\u011eAN VE PUT\u0130N ROJAVA \u00dcZER\u0130NE G\u00d6R\u00dc\u015eECEKLER - Darka Mazi","isPartOf":{"@id":"https:\/\/darkamazi.site\/#website"},"primaryImageOfPage":{"@id":"https:\/\/darkamazi.site\/archives\/1006752#primaryimage"},"image":{"@id":"https:\/\/darkamazi.site\/archives\/1006752#primaryimage"},"thumbnailUrl":"https:\/\/darkamazi.site\/file\/2019\/10\/Potin-u-erdogan.jpg","datePublished":"2019-10-21T16:30:42+00:00","dateModified":"2019-10-21T16:47:13+00:00","breadcrumb":{"@id":"https:\/\/darkamazi.site\/archives\/1006752#breadcrumb"},"inLanguage":"en-US","potentialAction":[{"@type":"ReadAction","target":["https:\/\/darkamazi.site\/archives\/1006752"]}]},{"@type":"ImageObject","inLanguage":"en-US","@id":"https:\/\/darkamazi.site\/archives\/1006752#primaryimage","url":"https:\/\/darkamazi.site\/file\/2019\/10\/Potin-u-erdogan.jpg","contentUrl":"https:\/\/darkamazi.site\/file\/2019\/10\/Potin-u-erdogan.jpg","width":1000,"height":541,"caption":"ERDO\u011eAN VE PUT\u0130N ROJAVA \u00dcZER\u0130NE G\u00d6R\u00dc\u015eECEKLER"},{"@type":"BreadcrumbList","@id":"https:\/\/darkamazi.site\/archives\/1006752#breadcrumb","itemListElement":[{"@type":"ListItem","position":1,"name":"Home","item":"https:\/\/darkamazi.site\/"},{"@type":"ListItem","position":2,"name":"ERDO\u011eAN VE PUT\u0130N ROJAVA \u00dcZER\u0130NE G\u00d6R\u00dc\u015eECEKLER"}]},{"@type":"WebSite","@id":"https:\/\/darkamazi.site\/#website","url":"https:\/\/darkamazi.site\/","name":"Darka Mazi","description":"Ana Sayfa","publisher":{"@id":"https:\/\/darkamazi.site\/#organization"},"potentialAction":[{"@type":"SearchAction","target":{"@type":"EntryPoint","urlTemplate":"https:\/\/darkamazi.site\/?s={search_term_string}"},"query-input":{"@type":"PropertyValueSpecification","valueRequired":true,"valueName":"search_term_string"}}],"inLanguage":"en-US"},{"@type":"Organization","@id":"https:\/\/darkamazi.site\/#organization","name":"Darka Mazi T\u00fcrk\u00e7e","alternateName":"Darka Mazi","url":"https:\/\/darkamazi.site\/","logo":{"@type":"ImageObject","inLanguage":"en-US","@id":"https:\/\/darkamazi.site\/#\/schema\/logo\/image\/","url":"https:\/\/darkamazi.site\/file\/2017\/12\/darka-mazi-logo.png","contentUrl":"https:\/\/darkamazi.site\/file\/2017\/12\/darka-mazi-logo.png","width":151,"height":75,"caption":"Darka Mazi T\u00fcrk\u00e7e"},"image":{"@id":"https:\/\/darkamazi.site\/#\/schema\/logo\/image\/"},"sameAs":["https:\/\/www.facebook.com\/DarkaMaziturkce","https:\/\/x.com\/DarkaMaziTurkce"]},{"@type":"Person","@id":"https:\/\/darkamazi.site\/#\/schema\/person\/67986a95ac546c16760365877ef4a9d3","name":"darka mazi","sameAs":["https:\/\/darkamazi.site"],"url":"https:\/\/darkamazi.site\/archives\/author\/turkish"}]}},"_links":{"self":[{"href":"https:\/\/darkamazi.site\/funavuv\/wp\/v2\/posts\/1006752","targetHints":{"allow":["GET"]}}],"collection":[{"href":"https:\/\/darkamazi.site\/funavuv\/wp\/v2\/posts"}],"about":[{"href":"https:\/\/darkamazi.site\/funavuv\/wp\/v2\/types\/post"}],"author":[{"embeddable":true,"href":"https:\/\/darkamazi.site\/funavuv\/wp\/v2\/users\/2"}],"replies":[{"embeddable":true,"href":"https:\/\/darkamazi.site\/funavuv\/wp\/v2\/comments?post=1006752"}],"version-history":[{"count":0,"href":"https:\/\/darkamazi.site\/funavuv\/wp\/v2\/posts\/1006752\/revisions"}],"wp:featuredmedia":[{"embeddable":true,"href":"https:\/\/darkamazi.site\/funavuv\/wp\/v2\/media\/1006753"}],"wp:attachment":[{"href":"https:\/\/darkamazi.site\/funavuv\/wp\/v2\/media?parent=1006752"}],"wp:term":[{"taxonomy":"category","embeddable":true,"href":"https:\/\/darkamazi.site\/funavuv\/wp\/v2\/categories?post=1006752"},{"taxonomy":"post_tag","embeddable":true,"href":"https:\/\/darkamazi.site\/funavuv\/wp\/v2\/tags?post=1006752"}],"curies":[{"name":"wp","href":"https:\/\/api.w.org\/{rel}","templated":true}]}}