{"id":1006759,"date":"2019-10-21T20:57:42","date_gmt":"2019-10-21T17:57:42","guid":{"rendered":"https:\/\/darkamazi.site\/?p=1006759"},"modified":"2019-10-21T20:57:42","modified_gmt":"2019-10-21T17:57:42","slug":"turkiye-ve-ceteleri-atestese-ragmen-saldirilarina-devam-ediyor","status":"publish","type":"post","link":"https:\/\/darkamazi.site\/archives\/1006759","title":{"rendered":"T\u00dcRK\u0130YE VE \u00c7ETELER\u0130 ATE\u015eTESE RA\u011eMEN SALDIRILARINA DEVAM ED\u0130YOR"},"content":{"rendered":"<h2><strong>Demokratik Suriye G\u00fc\u00e7leri (HSD) Bas\u0131n Merkezi bu g\u00fcn bir bas\u0131n bildirisi yay\u0131nlayarak T\u00fcrkiye\u2019nin Rojava\u2019y\u0131 i\u015fgal giri\u015fiminin d\u00fcn, yani 20.10.2019 tarihinde de devam etti\u011fini belirtti<\/strong><\/h2>\n<p>Yay\u0131nlanan bilan\u00e7oya g\u00f6re HSD g\u00fc\u00e7lerinin sald\u0131r\u0131lar\u0131 engellemek i\u00e7in yap\u0131\u011f\u0131 savunma soncusunda T\u00fcrk Devletine ba\u011fl\u0131 3 \u00e7ete \u00f6ld\u00fcr\u00fcld\u00fc. Ayr\u0131ca 3 Panzer de imha edildi. HSD bildirisinin ayr\u0131nt\u0131lar\u0131 \u015f\u00f6yle;<\/p>\n<h2>\u201cSer\u00eakaniy\u00ea:<\/h2>\n<p>\u0130\u015fgalci T\u00fcrk devleti ve \u00e7eteleri, ate\u015fkesin dahil oldu\u011fu b\u00f6lgelere y\u00f6nelik sald\u0131r\u0131lar\u0131n\u0131 s\u00fcrd\u00fcr\u00fcyor. 20 Ekim\u2019de i\u015fgalci orduya ba\u011fl\u0131 \u00e7ete gruplar\u0131, ke\u015fif ve sava\u015f u\u00e7aklar\u0131 deste\u011finde Ser\u00eakaniy\u00ea\u2019nin g\u00fcneyindeki Menacir hatt\u0131na ve Ser\u00eakaniy\u00ea\u2019nin do\u011fusundaki k\u00f6ylere sald\u0131r\u0131 giri\u015fiminde bulundu. G\u00fc\u00e7lerimiz me\u015fru savunma \u00e7er\u00e7evesinde sald\u0131r\u0131lara kar\u015f\u0131l\u0131k verdi ve k\u0131sa s\u00fcreli \u00e7at\u0131\u015fmalar ya\u015fand\u0131. \u00c7at\u0131\u015fmalarda 3 \u00e7ete mensubu \u00f6ld\u00fcr\u00fcld\u00fc, 2 z\u0131rhl\u0131 ara\u00e7 imha edildi, bir z\u0131rhl\u0131 ara\u00e7 da darp edildi.<\/p>\n<h2>F\u0131rat B\u00f6lgesi:<\/h2>\n<p>\u0130\u015fgalci orduya ba\u011fl\u0131 \u00e7ete gruplar\u0131, sava\u015f u\u00e7aklar\u0131, ke\u015fif u\u00e7aklar\u0131 ve a\u011f\u0131r silahlarla birlikte Eyn \u0130sa\u2019n\u0131n g\u00fcneyindeki k\u00f6yler ve \u00c7elebiye\u2019ye sald\u0131rd\u0131. G\u00fc\u00e7lerimiz me\u015fru savunma \u00e7er\u00e7evesinde sald\u0131r\u0131lara yan\u0131t verdi. Webd\u00ea, Kafiya ve Wasta k\u00f6ylerinde a\u011f\u0131r \u00e7at\u0131\u015fmalar ya\u015fand\u0131. Arkada\u015flar\u0131m\u0131z\u0131n verdi\u011fi yan\u0131t ve ya\u015fanan \u00e7at\u0131\u015fmalarda bir \u00e7ok \u00e7ete mensubu \u00f6ld\u00fc veya yaraland\u0131.<\/p>\n<p>Her iki b\u00f6lgede ya\u015fanan \u00e7at\u0131\u015fmalarda en az 3 \u00e7ete mensubu \u00f6ld\u00fc, \u00e7ok say\u0131da \u00e7ete mensubu yaraland\u0131 ve 3 panzer imha edildi.<\/p>\n<p>\u00c7at\u0131\u015fmalarda 6 arkada\u015f\u0131m\u0131z kahramanca sava\u015farak \u015fehit d\u00fc\u015ft\u00fc. Ba\u011flant\u0131m\u0131z\u0131n koptu\u011fu 9 arkada\u015f\u0131m\u0131z\u0131n da \u015fehit d\u00fc\u015ft\u00fc\u011f\u00fc tespit edildi. Ayr\u0131ca 21 arkada\u015f\u0131m\u0131z da yaraland\u0131.\u201d<\/p>\n<p>&nbsp;<\/p>\n","protected":false},"excerpt":{"rendered":"<p>Demokratik Suriye G\u00fc\u00e7leri (HSD) Bas\u0131n Merkezi bu g\u00fcn bir bas\u0131n bildirisi yay\u0131nlayarak T\u00fcrkiye\u2019nin Rojava\u2019y\u0131 i\u015fgal giri\u015fiminin d\u00fcn, yani 20.10.2019 tarihinde de devam etti\u011fini belirtti Yay\u0131nlanan bilan\u00e7oya g\u00f6re HSD g\u00fc\u00e7lerinin sald\u0131r\u0131lar\u0131 engellemek i\u00e7in yap\u0131\u011f\u0131 savunma soncusunda T\u00fcrk Devletine ba\u011fl\u0131 3 \u00e7ete \u00f6ld\u00fcr\u00fcld\u00fc. Ayr\u0131ca 3 Panzer de imha edildi. HSD bildirisinin ayr\u0131nt\u0131lar\u0131 \u015f\u00f6yle; \u201cSer\u00eakaniy\u00ea: \u0130\u015fgalci T\u00fcrk devleti [&hellip;]<\/p>\n","protected":false},"author":2,"featured_media":1006760,"comment_status":"closed","ping_status":"closed","sticky":false,"template":"","format":"standard","meta":{"footnotes":""},"categories":[3],"tags":[],"class_list":["post-1006759","post","type-post","status-publish","format-standard","has-post-thumbnail","hentry","category-kurdistan"],"blocksy_meta":[],"seo_head":"<!-- This site is optimized with the Yoast SEO plugin v27.5 - https:\/\/yoast.com\/product\/yoast-seo-wordpress\/ -->\n<title>T\u00dcRK\u0130YE VE \u00c7ETELER\u0130 ATE\u015eTESE RA\u011eMEN SALDIRILARINA DEVAM ED\u0130YOR - Darka Mazi<\/title>\n<meta name=\"robots\" content=\"index, follow, max-snippet:-1, max-image-preview:large, max-video-preview:-1\" \/>\n<link rel=\"canonical\" href=\"https:\/\/darkamazi.site\/archives\/1006759\" \/>\n<meta property=\"og:locale\" content=\"en_US\" \/>\n<meta property=\"og:type\" content=\"article\" \/>\n<meta property=\"og:title\" content=\"T\u00dcRK\u0130YE VE \u00c7ETELER\u0130 ATE\u015eTESE RA\u011eMEN SALDIRILARINA DEVAM ED\u0130YOR - Darka Mazi\" \/>\n<meta property=\"og:description\" content=\"Demokratik Suriye G\u00fc\u00e7leri (HSD) Bas\u0131n Merkezi bu g\u00fcn bir bas\u0131n bildirisi yay\u0131nlayarak T\u00fcrkiye\u2019nin Rojava\u2019y\u0131 i\u015fgal giri\u015fiminin d\u00fcn, yani 20.10.2019 tarihinde de devam etti\u011fini belirtti Yay\u0131nlanan bilan\u00e7oya g\u00f6re HSD g\u00fc\u00e7lerinin sald\u0131r\u0131lar\u0131 engellemek i\u00e7in yap\u0131\u011f\u0131 savunma soncusunda T\u00fcrk Devletine ba\u011fl\u0131 3 \u00e7ete \u00f6ld\u00fcr\u00fcld\u00fc. Ayr\u0131ca 3 Panzer de imha edildi. HSD bildirisinin ayr\u0131nt\u0131lar\u0131 \u015f\u00f6yle; \u201cSer\u00eakaniy\u00ea: \u0130\u015fgalci T\u00fcrk devleti [&hellip;]\" \/>\n<meta property=\"og:url\" content=\"https:\/\/darkamazi.site\/archives\/1006759\" \/>\n<meta property=\"og:site_name\" content=\"Darka Mazi\" \/>\n<meta property=\"article:publisher\" content=\"https:\/\/www.facebook.com\/DarkaMaziturkce\" \/>\n<meta property=\"article:published_time\" content=\"2019-10-21T17:57:42+00:00\" \/>\n<meta property=\"og:image\" content=\"https:\/\/darkamazi.site\/file\/2019\/10\/T\u00dcRK\u0130YE-VE-\u00c7ETELER\u0130-ATE\u015eTESE-RA\u011eMEN-SALDIRILARINA-DEVAM-ED\u0130YOR.jpg\" \/>\n\t<meta property=\"og:image:width\" content=\"855\" \/>\n\t<meta property=\"og:image:height\" content=\"495\" \/>\n\t<meta property=\"og:image:type\" content=\"image\/jpeg\" \/>\n<meta name=\"author\" content=\"darka mazi\" \/>\n<meta name=\"twitter:card\" content=\"summary_large_image\" \/>\n<meta name=\"twitter:creator\" content=\"@DarkaMaziTurkce\" \/>\n<meta name=\"twitter:site\" content=\"@DarkaMaziTurkce\" \/>\n<meta name=\"twitter:label1\" content=\"Written by\" \/>\n\t<meta name=\"twitter:data1\" content=\"darka mazi\" \/>\n\t<meta name=\"twitter:label2\" content=\"Est. reading time\" \/>\n\t<meta name=\"twitter:data2\" content=\"2 minutes\" \/>\n<script type=\"application\/ld+json\" class=\"seo-schema-graph\">{\"@context\":\"https:\\\/\\\/schema.org\",\"@graph\":[{\"@type\":\"NewsArticle\",\"@id\":\"https:\\\/\\\/darkamazi.site\\\/archives\\\/1006759#article\",\"isPartOf\":{\"@id\":\"https:\\\/\\\/darkamazi.site\\\/archives\\\/1006759\"},\"author\":{\"name\":\"darka mazi\",\"@id\":\"https:\\\/\\\/darkamazi.site\\\/#\\\/schema\\\/person\\\/67986a95ac546c16760365877ef4a9d3\"},\"headline\":\"T\u00dcRK\u0130YE VE \u00c7ETELER\u0130 ATE\u015eTESE RA\u011eMEN SALDIRILARINA DEVAM ED\u0130YOR\",\"datePublished\":\"2019-10-21T17:57:42+00:00\",\"mainEntityOfPage\":{\"@id\":\"https:\\\/\\\/darkamazi.site\\\/archives\\\/1006759\"},\"wordCount\":332,\"publisher\":{\"@id\":\"https:\\\/\\\/darkamazi.site\\\/#organization\"},\"image\":{\"@id\":\"https:\\\/\\\/darkamazi.site\\\/archives\\\/1006759#primaryimage\"},\"thumbnailUrl\":\"https:\\\/\\\/darkamazi.site\\\/darka-content\\\/uploads\\\/2019\\\/10\\\/T\u00dcRK\u0130YE-VE-\u00c7ETELER\u0130-ATE\u015eTESE-RA\u011eMEN-SALDIRILARINA-DEVAM-ED\u0130YOR.jpg\",\"articleSection\":[\"Kurdistan\"],\"inLanguage\":\"en-US\"},{\"@type\":\"WebPage\",\"@id\":\"https:\\\/\\\/darkamazi.site\\\/archives\\\/1006759\",\"url\":\"https:\\\/\\\/darkamazi.site\\\/archives\\\/1006759\",\"name\":\"T\u00dcRK\u0130YE VE \u00c7ETELER\u0130 ATE\u015eTESE RA\u011eMEN SALDIRILARINA DEVAM ED\u0130YOR - Darka Mazi\",\"isPartOf\":{\"@id\":\"https:\\\/\\\/darkamazi.site\\\/#website\"},\"primaryImageOfPage\":{\"@id\":\"https:\\\/\\\/darkamazi.site\\\/archives\\\/1006759#primaryimage\"},\"image\":{\"@id\":\"https:\\\/\\\/darkamazi.site\\\/archives\\\/1006759#primaryimage\"},\"thumbnailUrl\":\"https:\\\/\\\/darkamazi.site\\\/darka-content\\\/uploads\\\/2019\\\/10\\\/T\u00dcRK\u0130YE-VE-\u00c7ETELER\u0130-ATE\u015eTESE-RA\u011eMEN-SALDIRILARINA-DEVAM-ED\u0130YOR.jpg\",\"datePublished\":\"2019-10-21T17:57:42+00:00\",\"breadcrumb\":{\"@id\":\"https:\\\/\\\/darkamazi.site\\\/archives\\\/1006759#breadcrumb\"},\"inLanguage\":\"en-US\",\"potentialAction\":[{\"@type\":\"ReadAction\",\"target\":[\"https:\\\/\\\/darkamazi.site\\\/archives\\\/1006759\"]}]},{\"@type\":\"ImageObject\",\"inLanguage\":\"en-US\",\"@id\":\"https:\\\/\\\/darkamazi.site\\\/archives\\\/1006759#primaryimage\",\"url\":\"https:\\\/\\\/darkamazi.site\\\/darka-content\\\/uploads\\\/2019\\\/10\\\/T\u00dcRK\u0130YE-VE-\u00c7ETELER\u0130-ATE\u015eTESE-RA\u011eMEN-SALDIRILARINA-DEVAM-ED\u0130YOR.jpg\",\"contentUrl\":\"https:\\\/\\\/darkamazi.site\\\/darka-content\\\/uploads\\\/2019\\\/10\\\/T\u00dcRK\u0130YE-VE-\u00c7ETELER\u0130-ATE\u015eTESE-RA\u011eMEN-SALDIRILARINA-DEVAM-ED\u0130YOR.jpg\",\"width\":855,\"height\":495,\"caption\":\"T\u00dcRK\u0130YE VE \u00c7ETELER\u0130 ATE\u015eTESE RA\u011eMEN SALDIRILARINA DEVAM ED\u0130YOR\"},{\"@type\":\"BreadcrumbList\",\"@id\":\"https:\\\/\\\/darkamazi.site\\\/archives\\\/1006759#breadcrumb\",\"itemListElement\":[{\"@type\":\"ListItem\",\"position\":1,\"name\":\"Home\",\"item\":\"https:\\\/\\\/darkamazi.site\\\/\"},{\"@type\":\"ListItem\",\"position\":2,\"name\":\"T\u00dcRK\u0130YE VE \u00c7ETELER\u0130 ATE\u015eTESE RA\u011eMEN SALDIRILARINA DEVAM ED\u0130YOR\"}]},{\"@type\":\"WebSite\",\"@id\":\"https:\\\/\\\/darkamazi.site\\\/#website\",\"url\":\"https:\\\/\\\/darkamazi.site\\\/\",\"name\":\"Darka Mazi\",\"description\":\"Ana Sayfa\",\"publisher\":{\"@id\":\"https:\\\/\\\/darkamazi.site\\\/#organization\"},\"potentialAction\":[{\"@type\":\"SearchAction\",\"target\":{\"@type\":\"EntryPoint\",\"urlTemplate\":\"https:\\\/\\\/darkamazi.site\\\/?s={search_term_string}\"},\"query-input\":{\"@type\":\"PropertyValueSpecification\",\"valueRequired\":true,\"valueName\":\"search_term_string\"}}],\"inLanguage\":\"en-US\"},{\"@type\":\"Organization\",\"@id\":\"https:\\\/\\\/darkamazi.site\\\/#organization\",\"name\":\"Darka Mazi T\u00fcrk\u00e7e\",\"alternateName\":\"Darka Mazi\",\"url\":\"https:\\\/\\\/darkamazi.site\\\/\",\"logo\":{\"@type\":\"ImageObject\",\"inLanguage\":\"en-US\",\"@id\":\"https:\\\/\\\/darkamazi.site\\\/#\\\/schema\\\/logo\\\/image\\\/\",\"url\":\"https:\\\/\\\/darkamazi.site\\\/darka-content\\\/uploads\\\/2017\\\/12\\\/darka-mazi-logo.png\",\"contentUrl\":\"https:\\\/\\\/darkamazi.site\\\/darka-content\\\/uploads\\\/2017\\\/12\\\/darka-mazi-logo.png\",\"width\":151,\"height\":75,\"caption\":\"Darka Mazi T\u00fcrk\u00e7e\"},\"image\":{\"@id\":\"https:\\\/\\\/darkamazi.site\\\/#\\\/schema\\\/logo\\\/image\\\/\"},\"sameAs\":[\"https:\\\/\\\/www.facebook.com\\\/DarkaMaziturkce\",\"https:\\\/\\\/x.com\\\/DarkaMaziTurkce\"]},{\"@type\":\"Person\",\"@id\":\"https:\\\/\\\/darkamazi.site\\\/#\\\/schema\\\/person\\\/67986a95ac546c16760365877ef4a9d3\",\"name\":\"darka mazi\",\"sameAs\":[\"https:\\\/\\\/darkamazi.site\"],\"url\":\"https:\\\/\\\/darkamazi.site\\\/archives\\\/author\\\/turkish\"}]}<\/script>\n<!-- \/ Yoast SEO plugin. -->","seo_head_json":{"title":"T\u00dcRK\u0130YE VE \u00c7ETELER\u0130 ATE\u015eTESE RA\u011eMEN SALDIRILARINA DEVAM ED\u0130YOR - Darka Mazi","robots":{"index":"index","follow":"follow","max-snippet":"max-snippet:-1","max-image-preview":"max-image-preview:large","max-video-preview":"max-video-preview:-1"},"canonical":"https:\/\/darkamazi.site\/archives\/1006759","og_locale":"en_US","og_type":"article","og_title":"T\u00dcRK\u0130YE VE \u00c7ETELER\u0130 ATE\u015eTESE RA\u011eMEN SALDIRILARINA DEVAM ED\u0130YOR - Darka Mazi","og_description":"Demokratik Suriye G\u00fc\u00e7leri (HSD) Bas\u0131n Merkezi bu g\u00fcn bir bas\u0131n bildirisi yay\u0131nlayarak T\u00fcrkiye\u2019nin Rojava\u2019y\u0131 i\u015fgal giri\u015fiminin d\u00fcn, yani 20.10.2019 tarihinde de devam etti\u011fini belirtti Yay\u0131nlanan bilan\u00e7oya g\u00f6re HSD g\u00fc\u00e7lerinin sald\u0131r\u0131lar\u0131 engellemek i\u00e7in yap\u0131\u011f\u0131 savunma soncusunda T\u00fcrk Devletine ba\u011fl\u0131 3 \u00e7ete \u00f6ld\u00fcr\u00fcld\u00fc. Ayr\u0131ca 3 Panzer de imha edildi. HSD bildirisinin ayr\u0131nt\u0131lar\u0131 \u015f\u00f6yle; \u201cSer\u00eakaniy\u00ea: \u0130\u015fgalci T\u00fcrk devleti [&hellip;]","og_url":"https:\/\/darkamazi.site\/archives\/1006759","og_site_name":"Darka Mazi","article_publisher":"https:\/\/www.facebook.com\/DarkaMaziturkce","article_published_time":"2019-10-21T17:57:42+00:00","og_image":[{"width":855,"height":495,"url":"https:\/\/darkamazi.site\/file\/2019\/10\/T\u00dcRK\u0130YE-VE-\u00c7ETELER\u0130-ATE\u015eTESE-RA\u011eMEN-SALDIRILARINA-DEVAM-ED\u0130YOR.jpg","type":"image\/jpeg"}],"author":"darka mazi","twitter_card":"summary_large_image","twitter_creator":"@DarkaMaziTurkce","twitter_site":"@DarkaMaziTurkce","twitter_misc":{"Written by":"darka mazi","Est. reading time":"2 minutes"},"schema":{"@context":"https:\/\/schema.org","@graph":[{"@type":"NewsArticle","@id":"https:\/\/darkamazi.site\/archives\/1006759#article","isPartOf":{"@id":"https:\/\/darkamazi.site\/archives\/1006759"},"author":{"name":"darka mazi","@id":"https:\/\/darkamazi.site\/#\/schema\/person\/67986a95ac546c16760365877ef4a9d3"},"headline":"T\u00dcRK\u0130YE VE \u00c7ETELER\u0130 ATE\u015eTESE RA\u011eMEN SALDIRILARINA DEVAM ED\u0130YOR","datePublished":"2019-10-21T17:57:42+00:00","mainEntityOfPage":{"@id":"https:\/\/darkamazi.site\/archives\/1006759"},"wordCount":332,"publisher":{"@id":"https:\/\/darkamazi.site\/#organization"},"image":{"@id":"https:\/\/darkamazi.site\/archives\/1006759#primaryimage"},"thumbnailUrl":"https:\/\/darkamazi.site\/file\/2019\/10\/T\u00dcRK\u0130YE-VE-\u00c7ETELER\u0130-ATE\u015eTESE-RA\u011eMEN-SALDIRILARINA-DEVAM-ED\u0130YOR.jpg","articleSection":["Kurdistan"],"inLanguage":"en-US"},{"@type":"WebPage","@id":"https:\/\/darkamazi.site\/archives\/1006759","url":"https:\/\/darkamazi.site\/archives\/1006759","name":"T\u00dcRK\u0130YE VE \u00c7ETELER\u0130 ATE\u015eTESE RA\u011eMEN SALDIRILARINA DEVAM ED\u0130YOR - Darka Mazi","isPartOf":{"@id":"https:\/\/darkamazi.site\/#website"},"primaryImageOfPage":{"@id":"https:\/\/darkamazi.site\/archives\/1006759#primaryimage"},"image":{"@id":"https:\/\/darkamazi.site\/archives\/1006759#primaryimage"},"thumbnailUrl":"https:\/\/darkamazi.site\/file\/2019\/10\/T\u00dcRK\u0130YE-VE-\u00c7ETELER\u0130-ATE\u015eTESE-RA\u011eMEN-SALDIRILARINA-DEVAM-ED\u0130YOR.jpg","datePublished":"2019-10-21T17:57:42+00:00","breadcrumb":{"@id":"https:\/\/darkamazi.site\/archives\/1006759#breadcrumb"},"inLanguage":"en-US","potentialAction":[{"@type":"ReadAction","target":["https:\/\/darkamazi.site\/archives\/1006759"]}]},{"@type":"ImageObject","inLanguage":"en-US","@id":"https:\/\/darkamazi.site\/archives\/1006759#primaryimage","url":"https:\/\/darkamazi.site\/file\/2019\/10\/T\u00dcRK\u0130YE-VE-\u00c7ETELER\u0130-ATE\u015eTESE-RA\u011eMEN-SALDIRILARINA-DEVAM-ED\u0130YOR.jpg","contentUrl":"https:\/\/darkamazi.site\/file\/2019\/10\/T\u00dcRK\u0130YE-VE-\u00c7ETELER\u0130-ATE\u015eTESE-RA\u011eMEN-SALDIRILARINA-DEVAM-ED\u0130YOR.jpg","width":855,"height":495,"caption":"T\u00dcRK\u0130YE VE \u00c7ETELER\u0130 ATE\u015eTESE RA\u011eMEN SALDIRILARINA DEVAM ED\u0130YOR"},{"@type":"BreadcrumbList","@id":"https:\/\/darkamazi.site\/archives\/1006759#breadcrumb","itemListElement":[{"@type":"ListItem","position":1,"name":"Home","item":"https:\/\/darkamazi.site\/"},{"@type":"ListItem","position":2,"name":"T\u00dcRK\u0130YE VE \u00c7ETELER\u0130 ATE\u015eTESE RA\u011eMEN SALDIRILARINA DEVAM ED\u0130YOR"}]},{"@type":"WebSite","@id":"https:\/\/darkamazi.site\/#website","url":"https:\/\/darkamazi.site\/","name":"Darka Mazi","description":"Ana Sayfa","publisher":{"@id":"https:\/\/darkamazi.site\/#organization"},"potentialAction":[{"@type":"SearchAction","target":{"@type":"EntryPoint","urlTemplate":"https:\/\/darkamazi.site\/?s={search_term_string}"},"query-input":{"@type":"PropertyValueSpecification","valueRequired":true,"valueName":"search_term_string"}}],"inLanguage":"en-US"},{"@type":"Organization","@id":"https:\/\/darkamazi.site\/#organization","name":"Darka Mazi T\u00fcrk\u00e7e","alternateName":"Darka Mazi","url":"https:\/\/darkamazi.site\/","logo":{"@type":"ImageObject","inLanguage":"en-US","@id":"https:\/\/darkamazi.site\/#\/schema\/logo\/image\/","url":"https:\/\/darkamazi.site\/file\/2017\/12\/darka-mazi-logo.png","contentUrl":"https:\/\/darkamazi.site\/file\/2017\/12\/darka-mazi-logo.png","width":151,"height":75,"caption":"Darka Mazi T\u00fcrk\u00e7e"},"image":{"@id":"https:\/\/darkamazi.site\/#\/schema\/logo\/image\/"},"sameAs":["https:\/\/www.facebook.com\/DarkaMaziturkce","https:\/\/x.com\/DarkaMaziTurkce"]},{"@type":"Person","@id":"https:\/\/darkamazi.site\/#\/schema\/person\/67986a95ac546c16760365877ef4a9d3","name":"darka mazi","sameAs":["https:\/\/darkamazi.site"],"url":"https:\/\/darkamazi.site\/archives\/author\/turkish"}]}},"_links":{"self":[{"href":"https:\/\/darkamazi.site\/funavuv\/wp\/v2\/posts\/1006759","targetHints":{"allow":["GET"]}}],"collection":[{"href":"https:\/\/darkamazi.site\/funavuv\/wp\/v2\/posts"}],"about":[{"href":"https:\/\/darkamazi.site\/funavuv\/wp\/v2\/types\/post"}],"author":[{"embeddable":true,"href":"https:\/\/darkamazi.site\/funavuv\/wp\/v2\/users\/2"}],"replies":[{"embeddable":true,"href":"https:\/\/darkamazi.site\/funavuv\/wp\/v2\/comments?post=1006759"}],"version-history":[{"count":0,"href":"https:\/\/darkamazi.site\/funavuv\/wp\/v2\/posts\/1006759\/revisions"}],"wp:featuredmedia":[{"embeddable":true,"href":"https:\/\/darkamazi.site\/funavuv\/wp\/v2\/media\/1006760"}],"wp:attachment":[{"href":"https:\/\/darkamazi.site\/funavuv\/wp\/v2\/media?parent=1006759"}],"wp:term":[{"taxonomy":"category","embeddable":true,"href":"https:\/\/darkamazi.site\/funavuv\/wp\/v2\/categories?post=1006759"},{"taxonomy":"post_tag","embeddable":true,"href":"https:\/\/darkamazi.site\/funavuv\/wp\/v2\/tags?post=1006759"}],"curies":[{"name":"wp","href":"https:\/\/api.w.org\/{rel}","templated":true}]}}