{"id":1006765,"date":"2019-10-21T21:42:29","date_gmt":"2019-10-21T18:42:29","guid":{"rendered":"https:\/\/darkamazi.site\/?p=1006765"},"modified":"2019-10-21T21:42:29","modified_gmt":"2019-10-21T18:42:29","slug":"macron-ateskesin-uzatilmasini-istedi","status":"publish","type":"post","link":"https:\/\/darkamazi.site\/archives\/1006765","title":{"rendered":"MACRON ATE\u015eKES\u0130N UZATILMASINI \u0130STED\u0130"},"content":{"rendered":"<h2><strong>Fransa Cumhurba\u015fkan\u0131 Emmanuel Macron bu g\u00fcnRusya devlet ba\u015fkan\u0131 Putin ile g\u00f6r\u00fc\u015ferek Kuzey Do\u011fu Suriye&#8217;deki ate\u015fkesin uzat\u0131lmas\u0131n\u0131 istedi<\/strong><\/h2>\n<p>Fransa Cumhurba\u015fkan\u0131 Emmanuel Macron bu g\u00fcn ak\u015fam saatlerinde Putin ile g\u00f6r\u00fc\u015ferek Kuzey Do\u011fu Suriye de \u00a0ate\u015fkesin uzat\u0131lmas\u0131n\u0131 istedi. Macron g\u00f6r\u00fc\u015fmede Putine \u015funlar\u0131 s\u00f6yledi;\u00a0 Kuzey Do\u011fu Suriye sorununun diplomatik yollardan \u00e7\u00f6z\u00fcm\u00fc i\u00e7in gerekli ad\u0131mlar\u0131n at\u0131laca\u011f\u0131na inan\u0131yorum.<\/p>\n<p>Ge\u00e7ti\u011fimiz hafta ABD ve T\u00fcrkiye aras\u0131nda Kuzey Do\u011fu Suriye\u2019ye d\u00f6n\u00fck bir ate\u015fkes imzalanm\u0131\u015ft\u0131. 120 saatlik bu anla\u015fmaya g\u00f6re HSD (Demokratik Suriye G\u00fc\u00e7leri) Ser\u00eakan\u00eeye ve G\u0131r\u00easp\u00ee b\u00f6lgelerinden geri \u00e7ekilmesi gerekiyor.<\/p>\n<p>Konuya dair T\u00fcrkiye Cumhurba\u015fkan\u0131 Recep Tayyip Erdo\u011fan Cuma g\u00fcn\u00fc yapt\u0131\u011f\u0131 a\u00e7\u0131klamada \u201ce\u011fer 120 saatin sonunda ate\u015fkes \u015fartlar\u0131 yerine getirilmezse operasyona devam edece\u011fiz\u201d dedi. HSD g\u00fc\u00e7leri komutanl\u0131\u011f\u0131 ise Ser\u00eakan\u00eeye\u2019den \u00e7ekilmeye ba\u015flad\u0131klar\u0131na d\u00f6n\u00fck a\u00e7\u0131klama yapt\u0131.<\/p>\n","protected":false},"excerpt":{"rendered":"<p>Fransa Cumhurba\u015fkan\u0131 Emmanuel Macron bu g\u00fcnRusya devlet ba\u015fkan\u0131 Putin ile g\u00f6r\u00fc\u015ferek Kuzey Do\u011fu Suriye&#8217;deki ate\u015fkesin uzat\u0131lmas\u0131n\u0131 istedi Fransa Cumhurba\u015fkan\u0131 Emmanuel Macron bu g\u00fcn ak\u015fam saatlerinde Putin ile g\u00f6r\u00fc\u015ferek Kuzey Do\u011fu Suriye de \u00a0ate\u015fkesin uzat\u0131lmas\u0131n\u0131 istedi. Macron g\u00f6r\u00fc\u015fmede Putine \u015funlar\u0131 s\u00f6yledi;\u00a0 Kuzey Do\u011fu Suriye sorununun diplomatik yollardan \u00e7\u00f6z\u00fcm\u00fc i\u00e7in gerekli ad\u0131mlar\u0131n at\u0131laca\u011f\u0131na inan\u0131yorum. Ge\u00e7ti\u011fimiz hafta ABD [&hellip;]<\/p>\n","protected":false},"author":2,"featured_media":1006766,"comment_status":"closed","ping_status":"closed","sticky":false,"template":"","format":"standard","meta":{"footnotes":""},"categories":[6],"tags":[],"class_list":["post-1006765","post","type-post","status-publish","format-standard","has-post-thumbnail","hentry","category-dunya"],"blocksy_meta":[],"seo_head":"<!-- This site is optimized with the Yoast SEO plugin v27.5 - https:\/\/yoast.com\/product\/yoast-seo-wordpress\/ -->\n<title>MACRON ATE\u015eKES\u0130N UZATILMASINI \u0130STED\u0130 - Darka Mazi<\/title>\n<meta name=\"robots\" content=\"index, follow, max-snippet:-1, max-image-preview:large, max-video-preview:-1\" \/>\n<link rel=\"canonical\" href=\"https:\/\/darkamazi.site\/archives\/1006765\" \/>\n<meta property=\"og:locale\" content=\"en_US\" \/>\n<meta property=\"og:type\" content=\"article\" \/>\n<meta property=\"og:title\" content=\"MACRON ATE\u015eKES\u0130N UZATILMASINI \u0130STED\u0130 - Darka Mazi\" \/>\n<meta property=\"og:description\" content=\"Fransa Cumhurba\u015fkan\u0131 Emmanuel Macron bu g\u00fcnRusya devlet ba\u015fkan\u0131 Putin ile g\u00f6r\u00fc\u015ferek Kuzey Do\u011fu Suriye&#8217;deki ate\u015fkesin uzat\u0131lmas\u0131n\u0131 istedi Fransa Cumhurba\u015fkan\u0131 Emmanuel Macron bu g\u00fcn ak\u015fam saatlerinde Putin ile g\u00f6r\u00fc\u015ferek Kuzey Do\u011fu Suriye de \u00a0ate\u015fkesin uzat\u0131lmas\u0131n\u0131 istedi. Macron g\u00f6r\u00fc\u015fmede Putine \u015funlar\u0131 s\u00f6yledi;\u00a0 Kuzey Do\u011fu Suriye sorununun diplomatik yollardan \u00e7\u00f6z\u00fcm\u00fc i\u00e7in gerekli ad\u0131mlar\u0131n at\u0131laca\u011f\u0131na inan\u0131yorum. Ge\u00e7ti\u011fimiz hafta ABD [&hellip;]\" \/>\n<meta property=\"og:url\" content=\"https:\/\/darkamazi.site\/archives\/1006765\" \/>\n<meta property=\"og:site_name\" content=\"Darka Mazi\" \/>\n<meta property=\"article:publisher\" content=\"https:\/\/www.facebook.com\/DarkaMaziturkce\" \/>\n<meta property=\"article:published_time\" content=\"2019-10-21T18:42:29+00:00\" \/>\n<meta property=\"og:image\" content=\"https:\/\/darkamazi.site\/file\/2019\/10\/MACRON-ATE\u015eKES\u0130N-UZATILMASINI-\u0130STED\u0130.jpg\" \/>\n\t<meta property=\"og:image:width\" content=\"1920\" \/>\n\t<meta property=\"og:image:height\" content=\"1280\" \/>\n\t<meta property=\"og:image:type\" content=\"image\/jpeg\" \/>\n<meta name=\"author\" content=\"darka mazi\" \/>\n<meta name=\"twitter:card\" content=\"summary_large_image\" \/>\n<meta name=\"twitter:creator\" content=\"@DarkaMaziTurkce\" \/>\n<meta name=\"twitter:site\" content=\"@DarkaMaziTurkce\" \/>\n<meta name=\"twitter:label1\" content=\"Written by\" \/>\n\t<meta name=\"twitter:data1\" content=\"darka mazi\" \/>\n\t<meta name=\"twitter:label2\" content=\"Est. reading time\" \/>\n\t<meta name=\"twitter:data2\" content=\"1 minute\" \/>\n<script type=\"application\/ld+json\" class=\"seo-schema-graph\">{\"@context\":\"https:\\\/\\\/schema.org\",\"@graph\":[{\"@type\":\"NewsArticle\",\"@id\":\"https:\\\/\\\/darkamazi.site\\\/archives\\\/1006765#article\",\"isPartOf\":{\"@id\":\"https:\\\/\\\/darkamazi.site\\\/archives\\\/1006765\"},\"author\":{\"name\":\"darka mazi\",\"@id\":\"https:\\\/\\\/darkamazi.site\\\/#\\\/schema\\\/person\\\/67986a95ac546c16760365877ef4a9d3\"},\"headline\":\"MACRON ATE\u015eKES\u0130N UZATILMASINI \u0130STED\u0130\",\"datePublished\":\"2019-10-21T18:42:29+00:00\",\"mainEntityOfPage\":{\"@id\":\"https:\\\/\\\/darkamazi.site\\\/archives\\\/1006765\"},\"wordCount\":184,\"publisher\":{\"@id\":\"https:\\\/\\\/darkamazi.site\\\/#organization\"},\"image\":{\"@id\":\"https:\\\/\\\/darkamazi.site\\\/archives\\\/1006765#primaryimage\"},\"thumbnailUrl\":\"https:\\\/\\\/darkamazi.site\\\/darka-content\\\/uploads\\\/2019\\\/10\\\/MACRON-ATE\u015eKES\u0130N-UZATILMASINI-\u0130STED\u0130.jpg\",\"articleSection\":[\"D\u00fcnya\"],\"inLanguage\":\"en-US\"},{\"@type\":\"WebPage\",\"@id\":\"https:\\\/\\\/darkamazi.site\\\/archives\\\/1006765\",\"url\":\"https:\\\/\\\/darkamazi.site\\\/archives\\\/1006765\",\"name\":\"MACRON ATE\u015eKES\u0130N UZATILMASINI \u0130STED\u0130 - Darka Mazi\",\"isPartOf\":{\"@id\":\"https:\\\/\\\/darkamazi.site\\\/#website\"},\"primaryImageOfPage\":{\"@id\":\"https:\\\/\\\/darkamazi.site\\\/archives\\\/1006765#primaryimage\"},\"image\":{\"@id\":\"https:\\\/\\\/darkamazi.site\\\/archives\\\/1006765#primaryimage\"},\"thumbnailUrl\":\"https:\\\/\\\/darkamazi.site\\\/darka-content\\\/uploads\\\/2019\\\/10\\\/MACRON-ATE\u015eKES\u0130N-UZATILMASINI-\u0130STED\u0130.jpg\",\"datePublished\":\"2019-10-21T18:42:29+00:00\",\"breadcrumb\":{\"@id\":\"https:\\\/\\\/darkamazi.site\\\/archives\\\/1006765#breadcrumb\"},\"inLanguage\":\"en-US\",\"potentialAction\":[{\"@type\":\"ReadAction\",\"target\":[\"https:\\\/\\\/darkamazi.site\\\/archives\\\/1006765\"]}]},{\"@type\":\"ImageObject\",\"inLanguage\":\"en-US\",\"@id\":\"https:\\\/\\\/darkamazi.site\\\/archives\\\/1006765#primaryimage\",\"url\":\"https:\\\/\\\/darkamazi.site\\\/darka-content\\\/uploads\\\/2019\\\/10\\\/MACRON-ATE\u015eKES\u0130N-UZATILMASINI-\u0130STED\u0130.jpg\",\"contentUrl\":\"https:\\\/\\\/darkamazi.site\\\/darka-content\\\/uploads\\\/2019\\\/10\\\/MACRON-ATE\u015eKES\u0130N-UZATILMASINI-\u0130STED\u0130.jpg\",\"width\":1920,\"height\":1280,\"caption\":\"MACRON ATE\u015eKES\u0130N UZATILMASINI \u0130STED\u0130\"},{\"@type\":\"BreadcrumbList\",\"@id\":\"https:\\\/\\\/darkamazi.site\\\/archives\\\/1006765#breadcrumb\",\"itemListElement\":[{\"@type\":\"ListItem\",\"position\":1,\"name\":\"Home\",\"item\":\"https:\\\/\\\/darkamazi.site\\\/\"},{\"@type\":\"ListItem\",\"position\":2,\"name\":\"MACRON ATE\u015eKES\u0130N UZATILMASINI \u0130STED\u0130\"}]},{\"@type\":\"WebSite\",\"@id\":\"https:\\\/\\\/darkamazi.site\\\/#website\",\"url\":\"https:\\\/\\\/darkamazi.site\\\/\",\"name\":\"Darka Mazi\",\"description\":\"Ana Sayfa\",\"publisher\":{\"@id\":\"https:\\\/\\\/darkamazi.site\\\/#organization\"},\"potentialAction\":[{\"@type\":\"SearchAction\",\"target\":{\"@type\":\"EntryPoint\",\"urlTemplate\":\"https:\\\/\\\/darkamazi.site\\\/?s={search_term_string}\"},\"query-input\":{\"@type\":\"PropertyValueSpecification\",\"valueRequired\":true,\"valueName\":\"search_term_string\"}}],\"inLanguage\":\"en-US\"},{\"@type\":\"Organization\",\"@id\":\"https:\\\/\\\/darkamazi.site\\\/#organization\",\"name\":\"Darka Mazi T\u00fcrk\u00e7e\",\"alternateName\":\"Darka Mazi\",\"url\":\"https:\\\/\\\/darkamazi.site\\\/\",\"logo\":{\"@type\":\"ImageObject\",\"inLanguage\":\"en-US\",\"@id\":\"https:\\\/\\\/darkamazi.site\\\/#\\\/schema\\\/logo\\\/image\\\/\",\"url\":\"https:\\\/\\\/darkamazi.site\\\/darka-content\\\/uploads\\\/2017\\\/12\\\/darka-mazi-logo.png\",\"contentUrl\":\"https:\\\/\\\/darkamazi.site\\\/darka-content\\\/uploads\\\/2017\\\/12\\\/darka-mazi-logo.png\",\"width\":151,\"height\":75,\"caption\":\"Darka Mazi T\u00fcrk\u00e7e\"},\"image\":{\"@id\":\"https:\\\/\\\/darkamazi.site\\\/#\\\/schema\\\/logo\\\/image\\\/\"},\"sameAs\":[\"https:\\\/\\\/www.facebook.com\\\/DarkaMaziturkce\",\"https:\\\/\\\/x.com\\\/DarkaMaziTurkce\"]},{\"@type\":\"Person\",\"@id\":\"https:\\\/\\\/darkamazi.site\\\/#\\\/schema\\\/person\\\/67986a95ac546c16760365877ef4a9d3\",\"name\":\"darka mazi\",\"sameAs\":[\"https:\\\/\\\/darkamazi.site\"],\"url\":\"https:\\\/\\\/darkamazi.site\\\/archives\\\/author\\\/turkish\"}]}<\/script>\n<!-- \/ Yoast SEO plugin. -->","seo_head_json":{"title":"MACRON ATE\u015eKES\u0130N UZATILMASINI \u0130STED\u0130 - Darka Mazi","robots":{"index":"index","follow":"follow","max-snippet":"max-snippet:-1","max-image-preview":"max-image-preview:large","max-video-preview":"max-video-preview:-1"},"canonical":"https:\/\/darkamazi.site\/archives\/1006765","og_locale":"en_US","og_type":"article","og_title":"MACRON ATE\u015eKES\u0130N UZATILMASINI \u0130STED\u0130 - Darka Mazi","og_description":"Fransa Cumhurba\u015fkan\u0131 Emmanuel Macron bu g\u00fcnRusya devlet ba\u015fkan\u0131 Putin ile g\u00f6r\u00fc\u015ferek Kuzey Do\u011fu Suriye&#8217;deki ate\u015fkesin uzat\u0131lmas\u0131n\u0131 istedi Fransa Cumhurba\u015fkan\u0131 Emmanuel Macron bu g\u00fcn ak\u015fam saatlerinde Putin ile g\u00f6r\u00fc\u015ferek Kuzey Do\u011fu Suriye de \u00a0ate\u015fkesin uzat\u0131lmas\u0131n\u0131 istedi. Macron g\u00f6r\u00fc\u015fmede Putine \u015funlar\u0131 s\u00f6yledi;\u00a0 Kuzey Do\u011fu Suriye sorununun diplomatik yollardan \u00e7\u00f6z\u00fcm\u00fc i\u00e7in gerekli ad\u0131mlar\u0131n at\u0131laca\u011f\u0131na inan\u0131yorum. Ge\u00e7ti\u011fimiz hafta ABD [&hellip;]","og_url":"https:\/\/darkamazi.site\/archives\/1006765","og_site_name":"Darka Mazi","article_publisher":"https:\/\/www.facebook.com\/DarkaMaziturkce","article_published_time":"2019-10-21T18:42:29+00:00","og_image":[{"width":1920,"height":1280,"url":"https:\/\/darkamazi.site\/file\/2019\/10\/MACRON-ATE\u015eKES\u0130N-UZATILMASINI-\u0130STED\u0130.jpg","type":"image\/jpeg"}],"author":"darka mazi","twitter_card":"summary_large_image","twitter_creator":"@DarkaMaziTurkce","twitter_site":"@DarkaMaziTurkce","twitter_misc":{"Written by":"darka mazi","Est. reading time":"1 minute"},"schema":{"@context":"https:\/\/schema.org","@graph":[{"@type":"NewsArticle","@id":"https:\/\/darkamazi.site\/archives\/1006765#article","isPartOf":{"@id":"https:\/\/darkamazi.site\/archives\/1006765"},"author":{"name":"darka mazi","@id":"https:\/\/darkamazi.site\/#\/schema\/person\/67986a95ac546c16760365877ef4a9d3"},"headline":"MACRON ATE\u015eKES\u0130N UZATILMASINI \u0130STED\u0130","datePublished":"2019-10-21T18:42:29+00:00","mainEntityOfPage":{"@id":"https:\/\/darkamazi.site\/archives\/1006765"},"wordCount":184,"publisher":{"@id":"https:\/\/darkamazi.site\/#organization"},"image":{"@id":"https:\/\/darkamazi.site\/archives\/1006765#primaryimage"},"thumbnailUrl":"https:\/\/darkamazi.site\/file\/2019\/10\/MACRON-ATE\u015eKES\u0130N-UZATILMASINI-\u0130STED\u0130.jpg","articleSection":["D\u00fcnya"],"inLanguage":"en-US"},{"@type":"WebPage","@id":"https:\/\/darkamazi.site\/archives\/1006765","url":"https:\/\/darkamazi.site\/archives\/1006765","name":"MACRON ATE\u015eKES\u0130N UZATILMASINI \u0130STED\u0130 - Darka Mazi","isPartOf":{"@id":"https:\/\/darkamazi.site\/#website"},"primaryImageOfPage":{"@id":"https:\/\/darkamazi.site\/archives\/1006765#primaryimage"},"image":{"@id":"https:\/\/darkamazi.site\/archives\/1006765#primaryimage"},"thumbnailUrl":"https:\/\/darkamazi.site\/file\/2019\/10\/MACRON-ATE\u015eKES\u0130N-UZATILMASINI-\u0130STED\u0130.jpg","datePublished":"2019-10-21T18:42:29+00:00","breadcrumb":{"@id":"https:\/\/darkamazi.site\/archives\/1006765#breadcrumb"},"inLanguage":"en-US","potentialAction":[{"@type":"ReadAction","target":["https:\/\/darkamazi.site\/archives\/1006765"]}]},{"@type":"ImageObject","inLanguage":"en-US","@id":"https:\/\/darkamazi.site\/archives\/1006765#primaryimage","url":"https:\/\/darkamazi.site\/file\/2019\/10\/MACRON-ATE\u015eKES\u0130N-UZATILMASINI-\u0130STED\u0130.jpg","contentUrl":"https:\/\/darkamazi.site\/file\/2019\/10\/MACRON-ATE\u015eKES\u0130N-UZATILMASINI-\u0130STED\u0130.jpg","width":1920,"height":1280,"caption":"MACRON ATE\u015eKES\u0130N UZATILMASINI \u0130STED\u0130"},{"@type":"BreadcrumbList","@id":"https:\/\/darkamazi.site\/archives\/1006765#breadcrumb","itemListElement":[{"@type":"ListItem","position":1,"name":"Home","item":"https:\/\/darkamazi.site\/"},{"@type":"ListItem","position":2,"name":"MACRON ATE\u015eKES\u0130N UZATILMASINI \u0130STED\u0130"}]},{"@type":"WebSite","@id":"https:\/\/darkamazi.site\/#website","url":"https:\/\/darkamazi.site\/","name":"Darka Mazi","description":"Ana Sayfa","publisher":{"@id":"https:\/\/darkamazi.site\/#organization"},"potentialAction":[{"@type":"SearchAction","target":{"@type":"EntryPoint","urlTemplate":"https:\/\/darkamazi.site\/?s={search_term_string}"},"query-input":{"@type":"PropertyValueSpecification","valueRequired":true,"valueName":"search_term_string"}}],"inLanguage":"en-US"},{"@type":"Organization","@id":"https:\/\/darkamazi.site\/#organization","name":"Darka Mazi T\u00fcrk\u00e7e","alternateName":"Darka Mazi","url":"https:\/\/darkamazi.site\/","logo":{"@type":"ImageObject","inLanguage":"en-US","@id":"https:\/\/darkamazi.site\/#\/schema\/logo\/image\/","url":"https:\/\/darkamazi.site\/file\/2017\/12\/darka-mazi-logo.png","contentUrl":"https:\/\/darkamazi.site\/file\/2017\/12\/darka-mazi-logo.png","width":151,"height":75,"caption":"Darka Mazi T\u00fcrk\u00e7e"},"image":{"@id":"https:\/\/darkamazi.site\/#\/schema\/logo\/image\/"},"sameAs":["https:\/\/www.facebook.com\/DarkaMaziturkce","https:\/\/x.com\/DarkaMaziTurkce"]},{"@type":"Person","@id":"https:\/\/darkamazi.site\/#\/schema\/person\/67986a95ac546c16760365877ef4a9d3","name":"darka mazi","sameAs":["https:\/\/darkamazi.site"],"url":"https:\/\/darkamazi.site\/archives\/author\/turkish"}]}},"_links":{"self":[{"href":"https:\/\/darkamazi.site\/funavuv\/wp\/v2\/posts\/1006765","targetHints":{"allow":["GET"]}}],"collection":[{"href":"https:\/\/darkamazi.site\/funavuv\/wp\/v2\/posts"}],"about":[{"href":"https:\/\/darkamazi.site\/funavuv\/wp\/v2\/types\/post"}],"author":[{"embeddable":true,"href":"https:\/\/darkamazi.site\/funavuv\/wp\/v2\/users\/2"}],"replies":[{"embeddable":true,"href":"https:\/\/darkamazi.site\/funavuv\/wp\/v2\/comments?post=1006765"}],"version-history":[{"count":0,"href":"https:\/\/darkamazi.site\/funavuv\/wp\/v2\/posts\/1006765\/revisions"}],"wp:featuredmedia":[{"embeddable":true,"href":"https:\/\/darkamazi.site\/funavuv\/wp\/v2\/media\/1006766"}],"wp:attachment":[{"href":"https:\/\/darkamazi.site\/funavuv\/wp\/v2\/media?parent=1006765"}],"wp:term":[{"taxonomy":"category","embeddable":true,"href":"https:\/\/darkamazi.site\/funavuv\/wp\/v2\/categories?post=1006765"},{"taxonomy":"post_tag","embeddable":true,"href":"https:\/\/darkamazi.site\/funavuv\/wp\/v2\/tags?post=1006765"}],"curies":[{"name":"wp","href":"https:\/\/api.w.org\/{rel}","templated":true}]}}