{"id":1006771,"date":"2019-10-21T22:17:22","date_gmt":"2019-10-21T19:17:22","guid":{"rendered":"https:\/\/darkamazi.site\/?p=1006771"},"modified":"2019-10-22T11:02:21","modified_gmt":"2019-10-22T08:02:21","slug":"barzani-mihamedin-tedavisi-icin-gerekli-her-seyi-yapacagiz","status":"publish","type":"post","link":"https:\/\/darkamazi.site\/archives\/1006771","title":{"rendered":"BARZAN\u0130; MIHAMED\u0130N TEDAV\u0130S\u0130 \u0130\u00c7\u0130N GEREKL\u0130 HER \u015eEY\u0130 YAPACA\u011eIZ"},"content":{"rendered":"<h2><strong>KDP Genel Ba\u015fkan\u0131 Mesut Barzani T\u00fcrk devletinin sald\u0131r\u0131lar\u0131nda v\u00fccudu yanan ve g\u00f6r\u00fcnt\u00fclerde \u2018baba v\u00fccudum yan\u0131yor\u2019 diye ba\u011f\u0131ran M\u0131hemmed i\u00e7in konu\u015ftu; tedavisi i\u00e7in gerekli her \u015fey yap\u0131lacak.<\/strong><\/h2>\n<p>Mesut Barzani\u2019nin ofisi taraf\u0131ndan bu g\u00fcn yap\u0131lan yaz\u0131l\u0131 a\u00e7\u0131klamada Mesut Barzani\u2019nin\u00a0 T\u00fcrk devletinin sald\u0131r\u0131lar\u0131nda a\u011f\u0131r yanarak yaralanan Mihemmedin Rojava\u2019da ki babas\u0131n\u0131 arayarak g\u00f6r\u00fc\u015ft\u00fc\u011f\u00fcn\u00fc bildirdi.<\/p>\n<p>A\u00e7\u0131klama \u015f\u00f6yle;<\/p>\n<p>&#8220;21.10.2019 tarihinde Ba\u015fkan Barzani Rojavaya yap\u0131lan sald\u0131r\u0131larda v\u00fccudunun b\u00fcy\u00fck b\u00f6l\u00fcm\u00fc yanan k\u00fc\u00e7\u00fck Mihemmedin babas\u0131 Hamid Mihemmed ile telefonda g\u00f6r\u00fc\u015ft\u00fc. Mihemmed \u015fu anda tedavi i\u00e7in Duhoktaki bir hastaneye getirildi.<\/p>\n<p>Ba\u015fkan Barzani telefon g\u00f6r\u00fc\u015fmesinde K\u00fc\u00e7\u00fck Mihemmedin yaralanmas\u0131na duydu\u011fu \u00fcz\u00fcnt\u00fcy\u00fc dile getirdi. Ayr\u0131ca tedavi i\u00e7in gereken her \u015feyin yap\u0131laca\u011f\u0131n\u0131 belirtti.&#8221;<\/p>\n<p>KDP Genel Ba\u015fkan\u0131 Mesut Barzani i\u015fgal sald\u0131r\u0131lar\u0131nda yaralanan K\u00fc\u00e7\u00fck M\u0131hammedin tedavisinin sa\u011fl\u0131kl\u0131 y\u00fcr\u00fct\u00fclmesi\u00a0 i\u00e7in Fransaya g\u00f6nderilmesi i\u00e7in gerekli \u00e7al\u0131\u015fmalar\u0131 ba\u015flatt\u0131.<\/p>\n","protected":false},"excerpt":{"rendered":"<p>KDP Genel Ba\u015fkan\u0131 Mesut Barzani T\u00fcrk devletinin sald\u0131r\u0131lar\u0131nda v\u00fccudu yanan ve g\u00f6r\u00fcnt\u00fclerde \u2018baba v\u00fccudum yan\u0131yor\u2019 diye ba\u011f\u0131ran M\u0131hemmed i\u00e7in konu\u015ftu; tedavisi i\u00e7in gerekli her \u015fey yap\u0131lacak. Mesut Barzani\u2019nin ofisi taraf\u0131ndan bu g\u00fcn yap\u0131lan yaz\u0131l\u0131 a\u00e7\u0131klamada Mesut Barzani\u2019nin\u00a0 T\u00fcrk devletinin sald\u0131r\u0131lar\u0131nda a\u011f\u0131r yanarak yaralanan Mihemmedin Rojava\u2019da ki babas\u0131n\u0131 arayarak g\u00f6r\u00fc\u015ft\u00fc\u011f\u00fcn\u00fc bildirdi. A\u00e7\u0131klama \u015f\u00f6yle; &#8220;21.10.2019 tarihinde Ba\u015fkan [&hellip;]<\/p>\n","protected":false},"author":2,"featured_media":1006773,"comment_status":"closed","ping_status":"closed","sticky":false,"template":"","format":"standard","meta":{"footnotes":""},"categories":[3],"tags":[31],"class_list":["post-1006771","post","type-post","status-publish","format-standard","has-post-thumbnail","hentry","category-kurdistan","tag-onemli"],"blocksy_meta":[],"seo_head":"<!-- This site is optimized with the Yoast SEO plugin v27.5 - https:\/\/yoast.com\/product\/yoast-seo-wordpress\/ -->\n<title>BARZAN\u0130; MIHAMED\u0130N TEDAV\u0130S\u0130 \u0130\u00c7\u0130N GEREKL\u0130 HER \u015eEY\u0130 YAPACA\u011eIZ - Darka Mazi<\/title>\n<meta name=\"robots\" content=\"index, follow, max-snippet:-1, max-image-preview:large, max-video-preview:-1\" \/>\n<link rel=\"canonical\" href=\"https:\/\/darkamazi.site\/archives\/1006771\" \/>\n<meta property=\"og:locale\" content=\"en_US\" \/>\n<meta property=\"og:type\" content=\"article\" \/>\n<meta property=\"og:title\" content=\"BARZAN\u0130; MIHAMED\u0130N TEDAV\u0130S\u0130 \u0130\u00c7\u0130N GEREKL\u0130 HER \u015eEY\u0130 YAPACA\u011eIZ - Darka Mazi\" \/>\n<meta property=\"og:description\" content=\"KDP Genel Ba\u015fkan\u0131 Mesut Barzani T\u00fcrk devletinin sald\u0131r\u0131lar\u0131nda v\u00fccudu yanan ve g\u00f6r\u00fcnt\u00fclerde \u2018baba v\u00fccudum yan\u0131yor\u2019 diye ba\u011f\u0131ran M\u0131hemmed i\u00e7in konu\u015ftu; tedavisi i\u00e7in gerekli her \u015fey yap\u0131lacak. Mesut Barzani\u2019nin ofisi taraf\u0131ndan bu g\u00fcn yap\u0131lan yaz\u0131l\u0131 a\u00e7\u0131klamada Mesut Barzani\u2019nin\u00a0 T\u00fcrk devletinin sald\u0131r\u0131lar\u0131nda a\u011f\u0131r yanarak yaralanan Mihemmedin Rojava\u2019da ki babas\u0131n\u0131 arayarak g\u00f6r\u00fc\u015ft\u00fc\u011f\u00fcn\u00fc bildirdi. A\u00e7\u0131klama \u015f\u00f6yle; &#8220;21.10.2019 tarihinde Ba\u015fkan [&hellip;]\" \/>\n<meta property=\"og:url\" content=\"https:\/\/darkamazi.site\/archives\/1006771\" \/>\n<meta property=\"og:site_name\" content=\"Darka Mazi\" \/>\n<meta property=\"article:publisher\" content=\"https:\/\/www.facebook.com\/DarkaMaziturkce\" \/>\n<meta property=\"article:published_time\" content=\"2019-10-21T19:17:22+00:00\" \/>\n<meta property=\"article:modified_time\" content=\"2019-10-22T08:02:21+00:00\" \/>\n<meta property=\"og:image\" content=\"https:\/\/darkamazi.site\/file\/2019\/10\/BARZAN\u0130-MIHAMED\u0130N-TEDAV\u0130S\u0130-\u0130\u00c7\u0130N-GEREKL\u0130-HER-\u015eEY\u0130-YAPACA\u011eIZ.jpg\" \/>\n\t<meta property=\"og:image:width\" content=\"899\" \/>\n\t<meta property=\"og:image:height\" content=\"418\" \/>\n\t<meta property=\"og:image:type\" content=\"image\/jpeg\" \/>\n<meta name=\"author\" content=\"darka mazi\" \/>\n<meta name=\"twitter:card\" content=\"summary_large_image\" \/>\n<meta name=\"twitter:creator\" content=\"@DarkaMaziTurkce\" \/>\n<meta name=\"twitter:site\" content=\"@DarkaMaziTurkce\" \/>\n<meta name=\"twitter:label1\" content=\"Written by\" \/>\n\t<meta name=\"twitter:data1\" content=\"darka mazi\" \/>\n\t<meta name=\"twitter:label2\" content=\"Est. reading time\" \/>\n\t<meta name=\"twitter:data2\" content=\"1 minute\" \/>\n<script type=\"application\/ld+json\" class=\"seo-schema-graph\">{\"@context\":\"https:\\\/\\\/schema.org\",\"@graph\":[{\"@type\":\"NewsArticle\",\"@id\":\"https:\\\/\\\/darkamazi.site\\\/archives\\\/1006771#article\",\"isPartOf\":{\"@id\":\"https:\\\/\\\/darkamazi.site\\\/archives\\\/1006771\"},\"author\":{\"name\":\"darka mazi\",\"@id\":\"https:\\\/\\\/darkamazi.site\\\/#\\\/schema\\\/person\\\/67986a95ac546c16760365877ef4a9d3\"},\"headline\":\"BARZAN\u0130; MIHAMED\u0130N TEDAV\u0130S\u0130 \u0130\u00c7\u0130N GEREKL\u0130 HER \u015eEY\u0130 YAPACA\u011eIZ\",\"datePublished\":\"2019-10-21T19:17:22+00:00\",\"dateModified\":\"2019-10-22T08:02:21+00:00\",\"mainEntityOfPage\":{\"@id\":\"https:\\\/\\\/darkamazi.site\\\/archives\\\/1006771\"},\"wordCount\":206,\"publisher\":{\"@id\":\"https:\\\/\\\/darkamazi.site\\\/#organization\"},\"image\":{\"@id\":\"https:\\\/\\\/darkamazi.site\\\/archives\\\/1006771#primaryimage\"},\"thumbnailUrl\":\"https:\\\/\\\/darkamazi.site\\\/darka-content\\\/uploads\\\/2019\\\/10\\\/BARZAN\u0130-MIHAMED\u0130N-TEDAV\u0130S\u0130-\u0130\u00c7\u0130N-GEREKL\u0130-HER-\u015eEY\u0130-YAPACA\u011eIZ.jpg\",\"keywords\":[\"\u00f6nemli\"],\"articleSection\":[\"Kurdistan\"],\"inLanguage\":\"en-US\"},{\"@type\":\"WebPage\",\"@id\":\"https:\\\/\\\/darkamazi.site\\\/archives\\\/1006771\",\"url\":\"https:\\\/\\\/darkamazi.site\\\/archives\\\/1006771\",\"name\":\"BARZAN\u0130; MIHAMED\u0130N TEDAV\u0130S\u0130 \u0130\u00c7\u0130N GEREKL\u0130 HER \u015eEY\u0130 YAPACA\u011eIZ - Darka Mazi\",\"isPartOf\":{\"@id\":\"https:\\\/\\\/darkamazi.site\\\/#website\"},\"primaryImageOfPage\":{\"@id\":\"https:\\\/\\\/darkamazi.site\\\/archives\\\/1006771#primaryimage\"},\"image\":{\"@id\":\"https:\\\/\\\/darkamazi.site\\\/archives\\\/1006771#primaryimage\"},\"thumbnailUrl\":\"https:\\\/\\\/darkamazi.site\\\/darka-content\\\/uploads\\\/2019\\\/10\\\/BARZAN\u0130-MIHAMED\u0130N-TEDAV\u0130S\u0130-\u0130\u00c7\u0130N-GEREKL\u0130-HER-\u015eEY\u0130-YAPACA\u011eIZ.jpg\",\"datePublished\":\"2019-10-21T19:17:22+00:00\",\"dateModified\":\"2019-10-22T08:02:21+00:00\",\"breadcrumb\":{\"@id\":\"https:\\\/\\\/darkamazi.site\\\/archives\\\/1006771#breadcrumb\"},\"inLanguage\":\"en-US\",\"potentialAction\":[{\"@type\":\"ReadAction\",\"target\":[\"https:\\\/\\\/darkamazi.site\\\/archives\\\/1006771\"]}]},{\"@type\":\"ImageObject\",\"inLanguage\":\"en-US\",\"@id\":\"https:\\\/\\\/darkamazi.site\\\/archives\\\/1006771#primaryimage\",\"url\":\"https:\\\/\\\/darkamazi.site\\\/darka-content\\\/uploads\\\/2019\\\/10\\\/BARZAN\u0130-MIHAMED\u0130N-TEDAV\u0130S\u0130-\u0130\u00c7\u0130N-GEREKL\u0130-HER-\u015eEY\u0130-YAPACA\u011eIZ.jpg\",\"contentUrl\":\"https:\\\/\\\/darkamazi.site\\\/darka-content\\\/uploads\\\/2019\\\/10\\\/BARZAN\u0130-MIHAMED\u0130N-TEDAV\u0130S\u0130-\u0130\u00c7\u0130N-GEREKL\u0130-HER-\u015eEY\u0130-YAPACA\u011eIZ.jpg\",\"width\":899,\"height\":418,\"caption\":\"BARZAN\u0130; MIHAMED\u0130N TEDAV\u0130S\u0130 \u0130\u00c7\u0130N GEREKL\u0130 HER \u015eEY\u0130 YAPACA\u011eIZ\"},{\"@type\":\"BreadcrumbList\",\"@id\":\"https:\\\/\\\/darkamazi.site\\\/archives\\\/1006771#breadcrumb\",\"itemListElement\":[{\"@type\":\"ListItem\",\"position\":1,\"name\":\"Home\",\"item\":\"https:\\\/\\\/darkamazi.site\\\/\"},{\"@type\":\"ListItem\",\"position\":2,\"name\":\"BARZAN\u0130; MIHAMED\u0130N TEDAV\u0130S\u0130 \u0130\u00c7\u0130N GEREKL\u0130 HER \u015eEY\u0130 YAPACA\u011eIZ\"}]},{\"@type\":\"WebSite\",\"@id\":\"https:\\\/\\\/darkamazi.site\\\/#website\",\"url\":\"https:\\\/\\\/darkamazi.site\\\/\",\"name\":\"Darka Mazi\",\"description\":\"Ana Sayfa\",\"publisher\":{\"@id\":\"https:\\\/\\\/darkamazi.site\\\/#organization\"},\"potentialAction\":[{\"@type\":\"SearchAction\",\"target\":{\"@type\":\"EntryPoint\",\"urlTemplate\":\"https:\\\/\\\/darkamazi.site\\\/?s={search_term_string}\"},\"query-input\":{\"@type\":\"PropertyValueSpecification\",\"valueRequired\":true,\"valueName\":\"search_term_string\"}}],\"inLanguage\":\"en-US\"},{\"@type\":\"Organization\",\"@id\":\"https:\\\/\\\/darkamazi.site\\\/#organization\",\"name\":\"Darka Mazi T\u00fcrk\u00e7e\",\"alternateName\":\"Darka Mazi\",\"url\":\"https:\\\/\\\/darkamazi.site\\\/\",\"logo\":{\"@type\":\"ImageObject\",\"inLanguage\":\"en-US\",\"@id\":\"https:\\\/\\\/darkamazi.site\\\/#\\\/schema\\\/logo\\\/image\\\/\",\"url\":\"https:\\\/\\\/darkamazi.site\\\/darka-content\\\/uploads\\\/2017\\\/12\\\/darka-mazi-logo.png\",\"contentUrl\":\"https:\\\/\\\/darkamazi.site\\\/darka-content\\\/uploads\\\/2017\\\/12\\\/darka-mazi-logo.png\",\"width\":151,\"height\":75,\"caption\":\"Darka Mazi T\u00fcrk\u00e7e\"},\"image\":{\"@id\":\"https:\\\/\\\/darkamazi.site\\\/#\\\/schema\\\/logo\\\/image\\\/\"},\"sameAs\":[\"https:\\\/\\\/www.facebook.com\\\/DarkaMaziturkce\",\"https:\\\/\\\/x.com\\\/DarkaMaziTurkce\"]},{\"@type\":\"Person\",\"@id\":\"https:\\\/\\\/darkamazi.site\\\/#\\\/schema\\\/person\\\/67986a95ac546c16760365877ef4a9d3\",\"name\":\"darka mazi\",\"sameAs\":[\"https:\\\/\\\/darkamazi.site\"],\"url\":\"https:\\\/\\\/darkamazi.site\\\/archives\\\/author\\\/turkish\"}]}<\/script>\n<!-- \/ Yoast SEO plugin. -->","seo_head_json":{"title":"BARZAN\u0130; MIHAMED\u0130N TEDAV\u0130S\u0130 \u0130\u00c7\u0130N GEREKL\u0130 HER \u015eEY\u0130 YAPACA\u011eIZ - Darka Mazi","robots":{"index":"index","follow":"follow","max-snippet":"max-snippet:-1","max-image-preview":"max-image-preview:large","max-video-preview":"max-video-preview:-1"},"canonical":"https:\/\/darkamazi.site\/archives\/1006771","og_locale":"en_US","og_type":"article","og_title":"BARZAN\u0130; MIHAMED\u0130N TEDAV\u0130S\u0130 \u0130\u00c7\u0130N GEREKL\u0130 HER \u015eEY\u0130 YAPACA\u011eIZ - Darka Mazi","og_description":"KDP Genel Ba\u015fkan\u0131 Mesut Barzani T\u00fcrk devletinin sald\u0131r\u0131lar\u0131nda v\u00fccudu yanan ve g\u00f6r\u00fcnt\u00fclerde \u2018baba v\u00fccudum yan\u0131yor\u2019 diye ba\u011f\u0131ran M\u0131hemmed i\u00e7in konu\u015ftu; tedavisi i\u00e7in gerekli her \u015fey yap\u0131lacak. Mesut Barzani\u2019nin ofisi taraf\u0131ndan bu g\u00fcn yap\u0131lan yaz\u0131l\u0131 a\u00e7\u0131klamada Mesut Barzani\u2019nin\u00a0 T\u00fcrk devletinin sald\u0131r\u0131lar\u0131nda a\u011f\u0131r yanarak yaralanan Mihemmedin Rojava\u2019da ki babas\u0131n\u0131 arayarak g\u00f6r\u00fc\u015ft\u00fc\u011f\u00fcn\u00fc bildirdi. A\u00e7\u0131klama \u015f\u00f6yle; &#8220;21.10.2019 tarihinde Ba\u015fkan [&hellip;]","og_url":"https:\/\/darkamazi.site\/archives\/1006771","og_site_name":"Darka Mazi","article_publisher":"https:\/\/www.facebook.com\/DarkaMaziturkce","article_published_time":"2019-10-21T19:17:22+00:00","article_modified_time":"2019-10-22T08:02:21+00:00","og_image":[{"width":899,"height":418,"url":"https:\/\/darkamazi.site\/file\/2019\/10\/BARZAN\u0130-MIHAMED\u0130N-TEDAV\u0130S\u0130-\u0130\u00c7\u0130N-GEREKL\u0130-HER-\u015eEY\u0130-YAPACA\u011eIZ.jpg","type":"image\/jpeg"}],"author":"darka mazi","twitter_card":"summary_large_image","twitter_creator":"@DarkaMaziTurkce","twitter_site":"@DarkaMaziTurkce","twitter_misc":{"Written by":"darka mazi","Est. reading time":"1 minute"},"schema":{"@context":"https:\/\/schema.org","@graph":[{"@type":"NewsArticle","@id":"https:\/\/darkamazi.site\/archives\/1006771#article","isPartOf":{"@id":"https:\/\/darkamazi.site\/archives\/1006771"},"author":{"name":"darka mazi","@id":"https:\/\/darkamazi.site\/#\/schema\/person\/67986a95ac546c16760365877ef4a9d3"},"headline":"BARZAN\u0130; MIHAMED\u0130N TEDAV\u0130S\u0130 \u0130\u00c7\u0130N GEREKL\u0130 HER \u015eEY\u0130 YAPACA\u011eIZ","datePublished":"2019-10-21T19:17:22+00:00","dateModified":"2019-10-22T08:02:21+00:00","mainEntityOfPage":{"@id":"https:\/\/darkamazi.site\/archives\/1006771"},"wordCount":206,"publisher":{"@id":"https:\/\/darkamazi.site\/#organization"},"image":{"@id":"https:\/\/darkamazi.site\/archives\/1006771#primaryimage"},"thumbnailUrl":"https:\/\/darkamazi.site\/file\/2019\/10\/BARZAN\u0130-MIHAMED\u0130N-TEDAV\u0130S\u0130-\u0130\u00c7\u0130N-GEREKL\u0130-HER-\u015eEY\u0130-YAPACA\u011eIZ.jpg","keywords":["\u00f6nemli"],"articleSection":["Kurdistan"],"inLanguage":"en-US"},{"@type":"WebPage","@id":"https:\/\/darkamazi.site\/archives\/1006771","url":"https:\/\/darkamazi.site\/archives\/1006771","name":"BARZAN\u0130; MIHAMED\u0130N TEDAV\u0130S\u0130 \u0130\u00c7\u0130N GEREKL\u0130 HER \u015eEY\u0130 YAPACA\u011eIZ - Darka Mazi","isPartOf":{"@id":"https:\/\/darkamazi.site\/#website"},"primaryImageOfPage":{"@id":"https:\/\/darkamazi.site\/archives\/1006771#primaryimage"},"image":{"@id":"https:\/\/darkamazi.site\/archives\/1006771#primaryimage"},"thumbnailUrl":"https:\/\/darkamazi.site\/file\/2019\/10\/BARZAN\u0130-MIHAMED\u0130N-TEDAV\u0130S\u0130-\u0130\u00c7\u0130N-GEREKL\u0130-HER-\u015eEY\u0130-YAPACA\u011eIZ.jpg","datePublished":"2019-10-21T19:17:22+00:00","dateModified":"2019-10-22T08:02:21+00:00","breadcrumb":{"@id":"https:\/\/darkamazi.site\/archives\/1006771#breadcrumb"},"inLanguage":"en-US","potentialAction":[{"@type":"ReadAction","target":["https:\/\/darkamazi.site\/archives\/1006771"]}]},{"@type":"ImageObject","inLanguage":"en-US","@id":"https:\/\/darkamazi.site\/archives\/1006771#primaryimage","url":"https:\/\/darkamazi.site\/file\/2019\/10\/BARZAN\u0130-MIHAMED\u0130N-TEDAV\u0130S\u0130-\u0130\u00c7\u0130N-GEREKL\u0130-HER-\u015eEY\u0130-YAPACA\u011eIZ.jpg","contentUrl":"https:\/\/darkamazi.site\/file\/2019\/10\/BARZAN\u0130-MIHAMED\u0130N-TEDAV\u0130S\u0130-\u0130\u00c7\u0130N-GEREKL\u0130-HER-\u015eEY\u0130-YAPACA\u011eIZ.jpg","width":899,"height":418,"caption":"BARZAN\u0130; MIHAMED\u0130N TEDAV\u0130S\u0130 \u0130\u00c7\u0130N GEREKL\u0130 HER \u015eEY\u0130 YAPACA\u011eIZ"},{"@type":"BreadcrumbList","@id":"https:\/\/darkamazi.site\/archives\/1006771#breadcrumb","itemListElement":[{"@type":"ListItem","position":1,"name":"Home","item":"https:\/\/darkamazi.site\/"},{"@type":"ListItem","position":2,"name":"BARZAN\u0130; MIHAMED\u0130N TEDAV\u0130S\u0130 \u0130\u00c7\u0130N GEREKL\u0130 HER \u015eEY\u0130 YAPACA\u011eIZ"}]},{"@type":"WebSite","@id":"https:\/\/darkamazi.site\/#website","url":"https:\/\/darkamazi.site\/","name":"Darka Mazi","description":"Ana Sayfa","publisher":{"@id":"https:\/\/darkamazi.site\/#organization"},"potentialAction":[{"@type":"SearchAction","target":{"@type":"EntryPoint","urlTemplate":"https:\/\/darkamazi.site\/?s={search_term_string}"},"query-input":{"@type":"PropertyValueSpecification","valueRequired":true,"valueName":"search_term_string"}}],"inLanguage":"en-US"},{"@type":"Organization","@id":"https:\/\/darkamazi.site\/#organization","name":"Darka Mazi T\u00fcrk\u00e7e","alternateName":"Darka Mazi","url":"https:\/\/darkamazi.site\/","logo":{"@type":"ImageObject","inLanguage":"en-US","@id":"https:\/\/darkamazi.site\/#\/schema\/logo\/image\/","url":"https:\/\/darkamazi.site\/file\/2017\/12\/darka-mazi-logo.png","contentUrl":"https:\/\/darkamazi.site\/file\/2017\/12\/darka-mazi-logo.png","width":151,"height":75,"caption":"Darka Mazi T\u00fcrk\u00e7e"},"image":{"@id":"https:\/\/darkamazi.site\/#\/schema\/logo\/image\/"},"sameAs":["https:\/\/www.facebook.com\/DarkaMaziturkce","https:\/\/x.com\/DarkaMaziTurkce"]},{"@type":"Person","@id":"https:\/\/darkamazi.site\/#\/schema\/person\/67986a95ac546c16760365877ef4a9d3","name":"darka mazi","sameAs":["https:\/\/darkamazi.site"],"url":"https:\/\/darkamazi.site\/archives\/author\/turkish"}]}},"_links":{"self":[{"href":"https:\/\/darkamazi.site\/funavuv\/wp\/v2\/posts\/1006771","targetHints":{"allow":["GET"]}}],"collection":[{"href":"https:\/\/darkamazi.site\/funavuv\/wp\/v2\/posts"}],"about":[{"href":"https:\/\/darkamazi.site\/funavuv\/wp\/v2\/types\/post"}],"author":[{"embeddable":true,"href":"https:\/\/darkamazi.site\/funavuv\/wp\/v2\/users\/2"}],"replies":[{"embeddable":true,"href":"https:\/\/darkamazi.site\/funavuv\/wp\/v2\/comments?post=1006771"}],"version-history":[{"count":0,"href":"https:\/\/darkamazi.site\/funavuv\/wp\/v2\/posts\/1006771\/revisions"}],"wp:featuredmedia":[{"embeddable":true,"href":"https:\/\/darkamazi.site\/funavuv\/wp\/v2\/media\/1006773"}],"wp:attachment":[{"href":"https:\/\/darkamazi.site\/funavuv\/wp\/v2\/media?parent=1006771"}],"wp:term":[{"taxonomy":"category","embeddable":true,"href":"https:\/\/darkamazi.site\/funavuv\/wp\/v2\/categories?post=1006771"},{"taxonomy":"post_tag","embeddable":true,"href":"https:\/\/darkamazi.site\/funavuv\/wp\/v2\/tags?post=1006771"}],"curies":[{"name":"wp","href":"https:\/\/api.w.org\/{rel}","templated":true}]}}