{"id":1006829,"date":"2019-10-22T12:51:34","date_gmt":"2019-10-22T09:51:34","guid":{"rendered":"https:\/\/darkamazi.site\/?p=1006829"},"modified":"2019-10-22T12:51:34","modified_gmt":"2019-10-22T09:51:34","slug":"gozler-socide-abd-ile-turkiye-arasindaki-ateskes-bu-gece-sona-erecek","status":"publish","type":"post","link":"https:\/\/darkamazi.site\/archives\/1006829","title":{"rendered":"G\u00d6ZLER SO\u00c7\u0130&#8217;DE: ABD \u0130LE T\u00dcRK\u0130YE ARASINDAK\u0130 ATE\u015eKES BU GECE SONA ERECEK"},"content":{"rendered":"<h2><strong>ABD ile T\u00fcrkiye aras\u0131nda imzalanan ate\u015fkes bu gece saat 10\u2019da sona eriyor. Ate\u015fkes sonras\u0131 neler olaca\u011f\u0131 ise belirsizli\u011fini koruyor. <\/strong><\/h2>\n<p>Rojava\u2019ya d\u00f6n\u00fck T\u00fcrk devleti ve \u00e7etelerinin i\u015fgal giri\u015fim 9 Ekim tarihinde ba\u015flam\u0131\u015f 17 Ekim g\u00fcn\u00fc ise ABD ile T\u00fcrkiye aras\u0131nda 120 saatlik ate\u015fkes imzalanm\u0131\u015ft\u0131. Bu gece saat 22.00\u2019de ate\u015fkes sona erecek. \u00a0Ate\u015fkes HSD g\u00fc\u00e7lerinin s\u0131n\u0131r hatt\u0131ndan geri \u00e7ekilmesi hedefi ile ger\u00e7ekle\u015fti. HSD Komutan\u0131 Mazlum Abdi iki g\u00fcn \u00f6nce (20 Eyl\u00fcl) yapt\u0131\u011f\u0131 a\u00e7\u0131klamada g\u00fc\u00e7lerini uluslararas\u0131 karayolu M4\u2019e kadar \u00e7ekilmeye ba\u015flad\u0131\u011f\u0131n\u0131 a\u00e7\u0131klad\u0131. Yine d\u00fcn HSD yapt\u0131\u011f\u0131 a\u00e7\u0131klamada ate\u015fkese ra\u011fmen T\u00fcrkiye ve \u00e7etelerinin sald\u0131r\u0131lar\u0131n\u0131n devam etti\u011fi a\u00e7\u0131klad\u0131. Fakat daha sonra ne olaca\u011f\u0131 konusunda ise belirsizlik ya\u015fan\u0131yor. Bu belirsizlik uluslararas\u0131 siyasi arenada da hareketlili\u011fe yol a\u00e7\u0131yor. Son 24 saat i\u00e7erisinde bu konuda devlet ba\u015fkanlar\u0131 ve bakanlar d\u00fczeyine a\u00e7\u0131klamalar yap\u0131ld\u0131. Bas\u0131na yans\u0131yan ve yans\u0131mayan pek \u00e7ok g\u00f6r\u00fc\u015fme oldu\u011funa dair bilgiler var.<\/p>\n<p>Bunlar\u0131n en \u00f6nemlisi bu g\u00fcn So\u00e7i\u2019de Putin ve Erdo\u011fan aras\u0131nda ger\u00e7ekle\u015fecek g\u00f6r\u00fc\u015fme. Rusya bir yandan T\u00fcrkiye\u2019ye Suriye\u2019de \u00fcst a\u00e7mas\u0131 i\u00e7in izin verirken \u00f6te yandan da s\u0131n\u0131rland\u0131rmaya \u00e7al\u0131\u015f\u0131yor. Bu g\u00fcn ki g\u00f6r\u00fc\u015fmede Rusya\u2019n\u0131n tavr\u0131. Hem Suriye devletinin gelece\u011fi hem de Rojavan\u0131n gelece\u011fi a\u00e7\u0131s\u0131ndan \u00f6nemli olacak. Rusya ve T\u00fcrkiye son iki y\u0131ld\u0131r bu konuda pek \u00e7ok zaman farkl\u0131 d\u00fc\u015f\u00fcnd\u00fcklerini a\u00e7\u0131klam\u0131\u015flard\u0131.<\/p>\n<p>D\u00fcn CNBS kanal\u0131na deme\u00e7 veren ABD D\u0131\u015fi\u015fleri Bakan\u0131 Mike Pompeo, Trump\u2019\u0131n \u201cgerekti\u011finde\u201d T\u00fcrkiye\u2019ye kar\u015f\u0131 bir askeri harek\u00e2t ger\u00e7ekle\u015ftire bilece\u011fini s\u00f6yledi. D\u0131\u015fi\u015fleri Bakanl\u0131\u011f\u0131 bu a\u00e7\u0131klama konusunda yorum yapmad\u0131. Fakat bir \u00e7ok \u00e7evre Pompeo\u2019nun a\u00e7\u0131klamas\u0131n\u0131n bir dil s\u00fcr\u00e7mesi olmad\u0131\u011f\u0131n\u0131 Putin Erdo\u011fan g\u00f6r\u00fc\u015fmesi \u00f6ncesi bir uyar\u0131 olabilece\u011fini d\u00fc\u015f\u00fcn\u00fcyor.<\/p>\n<p>Almanya Savunma Bakan\u0131 Kramp-Karrenbauer, \u201cT\u00fcrkiye ve Rusya\u2019n\u0131n da dahil olaca\u011f\u0131 uluslararas\u0131 g\u00fc\u00e7lerin kontrol\u00fcnde bir g\u00fcvenli b\u00f6lge\u201d \u00f6nerisi yapt\u0131. \u00a0Bu konuda g\u00f6r\u00fc\u015flerini NATO\u2019ya da sunacaklar\u0131n\u0131 belirtti.<\/p>\n<p>Bir di\u011fer g\u00f6r\u00fc\u015f ise Fransa Cumhurba\u015fkan\u0131 Emmanuel Macron\u2019da \u201c Suriye\u2019de ki ate\u015fkesi uzat\u0131lmas\u0131n\u0131 istedi.<\/p>\n<p>En \u00f6nemli tepkilerden biri de \u0130ran D\u0131\u015fi\u015fleri bakanl\u0131\u011f\u0131n\u0131n \u201cSuriye\u2019de T\u00fcrk askeri varl\u0131\u011f\u0131 kabul edilemez\u201d a\u00e7\u0131klamas\u0131yd\u0131. \u0130ran, Rusya ve T\u00fcrkiye aralar\u0131ndaki ittifaka ra\u011fmen Suriye\u2019de \u00e7\u00f6z\u00fcm i\u00e7in farkl\u0131 ajandalara sahipler.<\/p>\n","protected":false},"excerpt":{"rendered":"<p>ABD ile T\u00fcrkiye aras\u0131nda imzalanan ate\u015fkes bu gece saat 10\u2019da sona eriyor. Ate\u015fkes sonras\u0131 neler olaca\u011f\u0131 ise belirsizli\u011fini koruyor. Rojava\u2019ya d\u00f6n\u00fck T\u00fcrk devleti ve \u00e7etelerinin i\u015fgal giri\u015fim 9 Ekim tarihinde ba\u015flam\u0131\u015f 17 Ekim g\u00fcn\u00fc ise ABD ile T\u00fcrkiye aras\u0131nda 120 saatlik ate\u015fkes imzalanm\u0131\u015ft\u0131. Bu gece saat 22.00\u2019de ate\u015fkes sona erecek. \u00a0Ate\u015fkes HSD g\u00fc\u00e7lerinin s\u0131n\u0131r hatt\u0131ndan [&hellip;]<\/p>\n","protected":false},"author":2,"featured_media":1006830,"comment_status":"closed","ping_status":"closed","sticky":false,"template":"","format":"standard","meta":{"footnotes":""},"categories":[3],"tags":[31],"class_list":["post-1006829","post","type-post","status-publish","format-standard","has-post-thumbnail","hentry","category-kurdistan","tag-onemli"],"blocksy_meta":[],"seo_head":"<!-- This site is optimized with the Yoast SEO plugin v27.5 - https:\/\/yoast.com\/product\/yoast-seo-wordpress\/ -->\n<title>G\u00d6ZLER SO\u00c7\u0130&#039;DE: ABD \u0130LE T\u00dcRK\u0130YE ARASINDAK\u0130 ATE\u015eKES BU GECE SONA ERECEK - Darka Mazi<\/title>\n<meta name=\"robots\" content=\"index, follow, max-snippet:-1, max-image-preview:large, max-video-preview:-1\" \/>\n<link rel=\"canonical\" href=\"https:\/\/darkamazi.site\/archives\/1006829\" \/>\n<meta property=\"og:locale\" content=\"en_US\" \/>\n<meta property=\"og:type\" content=\"article\" \/>\n<meta property=\"og:title\" content=\"G\u00d6ZLER SO\u00c7\u0130&#039;DE: ABD \u0130LE T\u00dcRK\u0130YE ARASINDAK\u0130 ATE\u015eKES BU GECE SONA ERECEK - Darka Mazi\" \/>\n<meta property=\"og:description\" content=\"ABD ile T\u00fcrkiye aras\u0131nda imzalanan ate\u015fkes bu gece saat 10\u2019da sona eriyor. Ate\u015fkes sonras\u0131 neler olaca\u011f\u0131 ise belirsizli\u011fini koruyor. Rojava\u2019ya d\u00f6n\u00fck T\u00fcrk devleti ve \u00e7etelerinin i\u015fgal giri\u015fim 9 Ekim tarihinde ba\u015flam\u0131\u015f 17 Ekim g\u00fcn\u00fc ise ABD ile T\u00fcrkiye aras\u0131nda 120 saatlik ate\u015fkes imzalanm\u0131\u015ft\u0131. Bu gece saat 22.00\u2019de ate\u015fkes sona erecek. \u00a0Ate\u015fkes HSD g\u00fc\u00e7lerinin s\u0131n\u0131r hatt\u0131ndan [&hellip;]\" \/>\n<meta property=\"og:url\" content=\"https:\/\/darkamazi.site\/archives\/1006829\" \/>\n<meta property=\"og:site_name\" content=\"Darka Mazi\" \/>\n<meta property=\"article:publisher\" content=\"https:\/\/www.facebook.com\/DarkaMaziturkce\" \/>\n<meta property=\"article:published_time\" content=\"2019-10-22T09:51:34+00:00\" \/>\n<meta property=\"og:image\" content=\"https:\/\/darkamazi.site\/file\/2019\/10\/ff.jpg\" \/>\n\t<meta property=\"og:image:width\" content=\"864\" \/>\n\t<meta property=\"og:image:height\" content=\"486\" \/>\n\t<meta property=\"og:image:type\" content=\"image\/jpeg\" \/>\n<meta name=\"author\" content=\"darka mazi\" \/>\n<meta name=\"twitter:card\" content=\"summary_large_image\" \/>\n<meta name=\"twitter:creator\" content=\"@DarkaMaziTurkce\" \/>\n<meta name=\"twitter:site\" content=\"@DarkaMaziTurkce\" \/>\n<meta name=\"twitter:label1\" content=\"Written by\" \/>\n\t<meta name=\"twitter:data1\" content=\"darka mazi\" \/>\n\t<meta name=\"twitter:label2\" content=\"Est. reading time\" \/>\n\t<meta name=\"twitter:data2\" content=\"2 minutes\" \/>\n<script type=\"application\/ld+json\" class=\"seo-schema-graph\">{\"@context\":\"https:\\\/\\\/schema.org\",\"@graph\":[{\"@type\":\"NewsArticle\",\"@id\":\"https:\\\/\\\/darkamazi.site\\\/archives\\\/1006829#article\",\"isPartOf\":{\"@id\":\"https:\\\/\\\/darkamazi.site\\\/archives\\\/1006829\"},\"author\":{\"name\":\"darka mazi\",\"@id\":\"https:\\\/\\\/darkamazi.site\\\/#\\\/schema\\\/person\\\/67986a95ac546c16760365877ef4a9d3\"},\"headline\":\"G\u00d6ZLER SO\u00c7\u0130&#8217;DE: ABD \u0130LE T\u00dcRK\u0130YE ARASINDAK\u0130 ATE\u015eKES BU GECE SONA ERECEK\",\"datePublished\":\"2019-10-22T09:51:34+00:00\",\"mainEntityOfPage\":{\"@id\":\"https:\\\/\\\/darkamazi.site\\\/archives\\\/1006829\"},\"wordCount\":472,\"publisher\":{\"@id\":\"https:\\\/\\\/darkamazi.site\\\/#organization\"},\"image\":{\"@id\":\"https:\\\/\\\/darkamazi.site\\\/archives\\\/1006829#primaryimage\"},\"thumbnailUrl\":\"https:\\\/\\\/darkamazi.site\\\/darka-content\\\/uploads\\\/2019\\\/10\\\/ff.jpg\",\"keywords\":[\"\u00f6nemli\"],\"articleSection\":[\"Kurdistan\"],\"inLanguage\":\"en-US\"},{\"@type\":\"WebPage\",\"@id\":\"https:\\\/\\\/darkamazi.site\\\/archives\\\/1006829\",\"url\":\"https:\\\/\\\/darkamazi.site\\\/archives\\\/1006829\",\"name\":\"G\u00d6ZLER SO\u00c7\u0130'DE: ABD \u0130LE T\u00dcRK\u0130YE ARASINDAK\u0130 ATE\u015eKES BU GECE SONA ERECEK - Darka Mazi\",\"isPartOf\":{\"@id\":\"https:\\\/\\\/darkamazi.site\\\/#website\"},\"primaryImageOfPage\":{\"@id\":\"https:\\\/\\\/darkamazi.site\\\/archives\\\/1006829#primaryimage\"},\"image\":{\"@id\":\"https:\\\/\\\/darkamazi.site\\\/archives\\\/1006829#primaryimage\"},\"thumbnailUrl\":\"https:\\\/\\\/darkamazi.site\\\/darka-content\\\/uploads\\\/2019\\\/10\\\/ff.jpg\",\"datePublished\":\"2019-10-22T09:51:34+00:00\",\"breadcrumb\":{\"@id\":\"https:\\\/\\\/darkamazi.site\\\/archives\\\/1006829#breadcrumb\"},\"inLanguage\":\"en-US\",\"potentialAction\":[{\"@type\":\"ReadAction\",\"target\":[\"https:\\\/\\\/darkamazi.site\\\/archives\\\/1006829\"]}]},{\"@type\":\"ImageObject\",\"inLanguage\":\"en-US\",\"@id\":\"https:\\\/\\\/darkamazi.site\\\/archives\\\/1006829#primaryimage\",\"url\":\"https:\\\/\\\/darkamazi.site\\\/darka-content\\\/uploads\\\/2019\\\/10\\\/ff.jpg\",\"contentUrl\":\"https:\\\/\\\/darkamazi.site\\\/darka-content\\\/uploads\\\/2019\\\/10\\\/ff.jpg\",\"width\":864,\"height\":486,\"caption\":\"G\u00d6ZLER ROJAVA\u2019DA: ABD \u0130LE T\u00dcRK\u0130YE ARASINDAK\u0130 ATE\u015eKES BU GECE SONA ERECEK\"},{\"@type\":\"BreadcrumbList\",\"@id\":\"https:\\\/\\\/darkamazi.site\\\/archives\\\/1006829#breadcrumb\",\"itemListElement\":[{\"@type\":\"ListItem\",\"position\":1,\"name\":\"Home\",\"item\":\"https:\\\/\\\/darkamazi.site\\\/\"},{\"@type\":\"ListItem\",\"position\":2,\"name\":\"G\u00d6ZLER SO\u00c7\u0130&#8217;DE: ABD \u0130LE T\u00dcRK\u0130YE ARASINDAK\u0130 ATE\u015eKES BU GECE SONA ERECEK\"}]},{\"@type\":\"WebSite\",\"@id\":\"https:\\\/\\\/darkamazi.site\\\/#website\",\"url\":\"https:\\\/\\\/darkamazi.site\\\/\",\"name\":\"Darka Mazi\",\"description\":\"Ana Sayfa\",\"publisher\":{\"@id\":\"https:\\\/\\\/darkamazi.site\\\/#organization\"},\"potentialAction\":[{\"@type\":\"SearchAction\",\"target\":{\"@type\":\"EntryPoint\",\"urlTemplate\":\"https:\\\/\\\/darkamazi.site\\\/?s={search_term_string}\"},\"query-input\":{\"@type\":\"PropertyValueSpecification\",\"valueRequired\":true,\"valueName\":\"search_term_string\"}}],\"inLanguage\":\"en-US\"},{\"@type\":\"Organization\",\"@id\":\"https:\\\/\\\/darkamazi.site\\\/#organization\",\"name\":\"Darka Mazi T\u00fcrk\u00e7e\",\"alternateName\":\"Darka Mazi\",\"url\":\"https:\\\/\\\/darkamazi.site\\\/\",\"logo\":{\"@type\":\"ImageObject\",\"inLanguage\":\"en-US\",\"@id\":\"https:\\\/\\\/darkamazi.site\\\/#\\\/schema\\\/logo\\\/image\\\/\",\"url\":\"https:\\\/\\\/darkamazi.site\\\/darka-content\\\/uploads\\\/2017\\\/12\\\/darka-mazi-logo.png\",\"contentUrl\":\"https:\\\/\\\/darkamazi.site\\\/darka-content\\\/uploads\\\/2017\\\/12\\\/darka-mazi-logo.png\",\"width\":151,\"height\":75,\"caption\":\"Darka Mazi T\u00fcrk\u00e7e\"},\"image\":{\"@id\":\"https:\\\/\\\/darkamazi.site\\\/#\\\/schema\\\/logo\\\/image\\\/\"},\"sameAs\":[\"https:\\\/\\\/www.facebook.com\\\/DarkaMaziturkce\",\"https:\\\/\\\/x.com\\\/DarkaMaziTurkce\"]},{\"@type\":\"Person\",\"@id\":\"https:\\\/\\\/darkamazi.site\\\/#\\\/schema\\\/person\\\/67986a95ac546c16760365877ef4a9d3\",\"name\":\"darka mazi\",\"sameAs\":[\"https:\\\/\\\/darkamazi.site\"],\"url\":\"https:\\\/\\\/darkamazi.site\\\/archives\\\/author\\\/turkish\"}]}<\/script>\n<!-- \/ Yoast SEO plugin. -->","seo_head_json":{"title":"G\u00d6ZLER SO\u00c7\u0130'DE: ABD \u0130LE T\u00dcRK\u0130YE ARASINDAK\u0130 ATE\u015eKES BU GECE SONA ERECEK - Darka Mazi","robots":{"index":"index","follow":"follow","max-snippet":"max-snippet:-1","max-image-preview":"max-image-preview:large","max-video-preview":"max-video-preview:-1"},"canonical":"https:\/\/darkamazi.site\/archives\/1006829","og_locale":"en_US","og_type":"article","og_title":"G\u00d6ZLER SO\u00c7\u0130'DE: ABD \u0130LE T\u00dcRK\u0130YE ARASINDAK\u0130 ATE\u015eKES BU GECE SONA ERECEK - Darka Mazi","og_description":"ABD ile T\u00fcrkiye aras\u0131nda imzalanan ate\u015fkes bu gece saat 10\u2019da sona eriyor. Ate\u015fkes sonras\u0131 neler olaca\u011f\u0131 ise belirsizli\u011fini koruyor. Rojava\u2019ya d\u00f6n\u00fck T\u00fcrk devleti ve \u00e7etelerinin i\u015fgal giri\u015fim 9 Ekim tarihinde ba\u015flam\u0131\u015f 17 Ekim g\u00fcn\u00fc ise ABD ile T\u00fcrkiye aras\u0131nda 120 saatlik ate\u015fkes imzalanm\u0131\u015ft\u0131. Bu gece saat 22.00\u2019de ate\u015fkes sona erecek. \u00a0Ate\u015fkes HSD g\u00fc\u00e7lerinin s\u0131n\u0131r hatt\u0131ndan [&hellip;]","og_url":"https:\/\/darkamazi.site\/archives\/1006829","og_site_name":"Darka Mazi","article_publisher":"https:\/\/www.facebook.com\/DarkaMaziturkce","article_published_time":"2019-10-22T09:51:34+00:00","og_image":[{"width":864,"height":486,"url":"https:\/\/darkamazi.site\/file\/2019\/10\/ff.jpg","type":"image\/jpeg"}],"author":"darka mazi","twitter_card":"summary_large_image","twitter_creator":"@DarkaMaziTurkce","twitter_site":"@DarkaMaziTurkce","twitter_misc":{"Written by":"darka mazi","Est. reading time":"2 minutes"},"schema":{"@context":"https:\/\/schema.org","@graph":[{"@type":"NewsArticle","@id":"https:\/\/darkamazi.site\/archives\/1006829#article","isPartOf":{"@id":"https:\/\/darkamazi.site\/archives\/1006829"},"author":{"name":"darka mazi","@id":"https:\/\/darkamazi.site\/#\/schema\/person\/67986a95ac546c16760365877ef4a9d3"},"headline":"G\u00d6ZLER SO\u00c7\u0130&#8217;DE: ABD \u0130LE T\u00dcRK\u0130YE ARASINDAK\u0130 ATE\u015eKES BU GECE SONA ERECEK","datePublished":"2019-10-22T09:51:34+00:00","mainEntityOfPage":{"@id":"https:\/\/darkamazi.site\/archives\/1006829"},"wordCount":472,"publisher":{"@id":"https:\/\/darkamazi.site\/#organization"},"image":{"@id":"https:\/\/darkamazi.site\/archives\/1006829#primaryimage"},"thumbnailUrl":"https:\/\/darkamazi.site\/file\/2019\/10\/ff.jpg","keywords":["\u00f6nemli"],"articleSection":["Kurdistan"],"inLanguage":"en-US"},{"@type":"WebPage","@id":"https:\/\/darkamazi.site\/archives\/1006829","url":"https:\/\/darkamazi.site\/archives\/1006829","name":"G\u00d6ZLER SO\u00c7\u0130'DE: ABD \u0130LE T\u00dcRK\u0130YE ARASINDAK\u0130 ATE\u015eKES BU GECE SONA ERECEK - Darka Mazi","isPartOf":{"@id":"https:\/\/darkamazi.site\/#website"},"primaryImageOfPage":{"@id":"https:\/\/darkamazi.site\/archives\/1006829#primaryimage"},"image":{"@id":"https:\/\/darkamazi.site\/archives\/1006829#primaryimage"},"thumbnailUrl":"https:\/\/darkamazi.site\/file\/2019\/10\/ff.jpg","datePublished":"2019-10-22T09:51:34+00:00","breadcrumb":{"@id":"https:\/\/darkamazi.site\/archives\/1006829#breadcrumb"},"inLanguage":"en-US","potentialAction":[{"@type":"ReadAction","target":["https:\/\/darkamazi.site\/archives\/1006829"]}]},{"@type":"ImageObject","inLanguage":"en-US","@id":"https:\/\/darkamazi.site\/archives\/1006829#primaryimage","url":"https:\/\/darkamazi.site\/file\/2019\/10\/ff.jpg","contentUrl":"https:\/\/darkamazi.site\/file\/2019\/10\/ff.jpg","width":864,"height":486,"caption":"G\u00d6ZLER ROJAVA\u2019DA: ABD \u0130LE T\u00dcRK\u0130YE ARASINDAK\u0130 ATE\u015eKES BU GECE SONA ERECEK"},{"@type":"BreadcrumbList","@id":"https:\/\/darkamazi.site\/archives\/1006829#breadcrumb","itemListElement":[{"@type":"ListItem","position":1,"name":"Home","item":"https:\/\/darkamazi.site\/"},{"@type":"ListItem","position":2,"name":"G\u00d6ZLER SO\u00c7\u0130&#8217;DE: ABD \u0130LE T\u00dcRK\u0130YE ARASINDAK\u0130 ATE\u015eKES BU GECE SONA ERECEK"}]},{"@type":"WebSite","@id":"https:\/\/darkamazi.site\/#website","url":"https:\/\/darkamazi.site\/","name":"Darka Mazi","description":"Ana Sayfa","publisher":{"@id":"https:\/\/darkamazi.site\/#organization"},"potentialAction":[{"@type":"SearchAction","target":{"@type":"EntryPoint","urlTemplate":"https:\/\/darkamazi.site\/?s={search_term_string}"},"query-input":{"@type":"PropertyValueSpecification","valueRequired":true,"valueName":"search_term_string"}}],"inLanguage":"en-US"},{"@type":"Organization","@id":"https:\/\/darkamazi.site\/#organization","name":"Darka Mazi T\u00fcrk\u00e7e","alternateName":"Darka Mazi","url":"https:\/\/darkamazi.site\/","logo":{"@type":"ImageObject","inLanguage":"en-US","@id":"https:\/\/darkamazi.site\/#\/schema\/logo\/image\/","url":"https:\/\/darkamazi.site\/file\/2017\/12\/darka-mazi-logo.png","contentUrl":"https:\/\/darkamazi.site\/file\/2017\/12\/darka-mazi-logo.png","width":151,"height":75,"caption":"Darka Mazi T\u00fcrk\u00e7e"},"image":{"@id":"https:\/\/darkamazi.site\/#\/schema\/logo\/image\/"},"sameAs":["https:\/\/www.facebook.com\/DarkaMaziturkce","https:\/\/x.com\/DarkaMaziTurkce"]},{"@type":"Person","@id":"https:\/\/darkamazi.site\/#\/schema\/person\/67986a95ac546c16760365877ef4a9d3","name":"darka mazi","sameAs":["https:\/\/darkamazi.site"],"url":"https:\/\/darkamazi.site\/archives\/author\/turkish"}]}},"_links":{"self":[{"href":"https:\/\/darkamazi.site\/funavuv\/wp\/v2\/posts\/1006829","targetHints":{"allow":["GET"]}}],"collection":[{"href":"https:\/\/darkamazi.site\/funavuv\/wp\/v2\/posts"}],"about":[{"href":"https:\/\/darkamazi.site\/funavuv\/wp\/v2\/types\/post"}],"author":[{"embeddable":true,"href":"https:\/\/darkamazi.site\/funavuv\/wp\/v2\/users\/2"}],"replies":[{"embeddable":true,"href":"https:\/\/darkamazi.site\/funavuv\/wp\/v2\/comments?post=1006829"}],"version-history":[{"count":0,"href":"https:\/\/darkamazi.site\/funavuv\/wp\/v2\/posts\/1006829\/revisions"}],"wp:featuredmedia":[{"embeddable":true,"href":"https:\/\/darkamazi.site\/funavuv\/wp\/v2\/media\/1006830"}],"wp:attachment":[{"href":"https:\/\/darkamazi.site\/funavuv\/wp\/v2\/media?parent=1006829"}],"wp:term":[{"taxonomy":"category","embeddable":true,"href":"https:\/\/darkamazi.site\/funavuv\/wp\/v2\/categories?post=1006829"},{"taxonomy":"post_tag","embeddable":true,"href":"https:\/\/darkamazi.site\/funavuv\/wp\/v2\/tags?post=1006829"}],"curies":[{"name":"wp","href":"https:\/\/api.w.org\/{rel}","templated":true}]}}