{"id":1006834,"date":"2019-10-22T14:16:58","date_gmt":"2019-10-22T11:16:58","guid":{"rendered":"https:\/\/darkamazi.site\/?p=1006834"},"modified":"2019-10-22T14:16:58","modified_gmt":"2019-10-22T11:16:58","slug":"suleymaniyede-pkknin-iki-ust-duzey-yetkilisi-vuruldu","status":"publish","type":"post","link":"https:\/\/darkamazi.site\/archives\/1006834","title":{"rendered":"S\u00dcLEYMAN\u0130YE\u2019DE PKK\u2019N\u0130N \u0130K\u0130 \u00dcST D\u00dcZEY YETK\u0130L\u0130S\u0130 VURULDU"},"content":{"rendered":"<h2><strong>K\u00fcrdistan b\u00f6lge asayi\u015finin yapt\u0131\u011f\u0131 a\u00e7\u0131klamada, \u00a0T\u00fcrk devletinin S\u00fcleymaniye\u2019nin Azmar da\u011f\u0131n da PKK\u2019nin iki \u00fcst d\u00fczey sorumlusunun vuruldu\u011funu a\u00e7\u0131klad\u0131.<\/strong><\/h2>\n<p>Ekim\u2019in 15\u2019de S\u00fcleymaniye\u2019nin turistik b\u00f6lgesi olan Azmar da\u011f\u0131nda vurulan iki ki\u015finin kimlik bilgileri belli oldu.<\/p>\n<p>Bu g\u00fcn K\u00fcrdistan b\u00f6lge asayi\u015finin yapt\u0131\u011f\u0131 yaz\u0131l\u0131 a\u00e7\u0131klamada vurulan iki ki\u015finin PKK\u2019nin \u00fcst d\u00fczey yetkililerinden Demhat Agit (Seyitxan Ayaz) ve Cemil Amed (Eser Irmak) oldu\u011fu a\u00e7\u0131kland\u0131. Yap\u0131lan a\u00e7\u0131klamada, her iki PKK\u2019linin B\u00f6lge h\u00fck\u00fcmetinin bilgisi d\u0131\u015f\u0131nda buraya geldiklerini ve sivil halk\u0131n i\u00e7erisinde hedeflendiklerini a\u00e7\u0131klad\u0131.<\/p>\n<p>K\u00fcrdistan B\u00f6lge Asayi\u015fi yapt\u0131\u011f\u0131 a\u00e7\u0131klamada, olay\u0131 esefle kar\u015f\u0131lad\u0131klar\u0131n\u0131 ve bunun bir hak ihlali oldu\u011funu belirtti. A\u00e7\u0131klaman\u0131n devam\u0131nda; K\u00fcrdistan b\u00f6lgesi hava sahas\u0131n\u0131n Irak sivil havac\u0131l\u0131k dairesinin denetiminde bulundu\u011funu ve bu s\u00fcre\u00e7te ke\u015fif u\u00e7aklar\u0131n\u0131n da K\u00fcrdistan b\u00f6lgesinin inisiyatifi d\u0131\u015f\u0131nda oldu\u011funu belirtti.<\/p>\n","protected":false},"excerpt":{"rendered":"<p>K\u00fcrdistan b\u00f6lge asayi\u015finin yapt\u0131\u011f\u0131 a\u00e7\u0131klamada, \u00a0T\u00fcrk devletinin S\u00fcleymaniye\u2019nin Azmar da\u011f\u0131n da PKK\u2019nin iki \u00fcst d\u00fczey sorumlusunun vuruldu\u011funu a\u00e7\u0131klad\u0131. Ekim\u2019in 15\u2019de S\u00fcleymaniye\u2019nin turistik b\u00f6lgesi olan Azmar da\u011f\u0131nda vurulan iki ki\u015finin kimlik bilgileri belli oldu. Bu g\u00fcn K\u00fcrdistan b\u00f6lge asayi\u015finin yapt\u0131\u011f\u0131 yaz\u0131l\u0131 a\u00e7\u0131klamada vurulan iki ki\u015finin PKK\u2019nin \u00fcst d\u00fczey yetkililerinden Demhat Agit (Seyitxan Ayaz) ve Cemil Amed [&hellip;]<\/p>\n","protected":false},"author":2,"featured_media":1006835,"comment_status":"closed","ping_status":"closed","sticky":false,"template":"","format":"standard","meta":{"footnotes":""},"categories":[3],"tags":[31],"class_list":["post-1006834","post","type-post","status-publish","format-standard","has-post-thumbnail","hentry","category-kurdistan","tag-onemli"],"blocksy_meta":[],"seo_head":"<!-- This site is optimized with the Yoast SEO plugin v27.5 - https:\/\/yoast.com\/product\/yoast-seo-wordpress\/ -->\n<title>S\u00dcLEYMAN\u0130YE\u2019DE PKK\u2019N\u0130N \u0130K\u0130 \u00dcST D\u00dcZEY YETK\u0130L\u0130S\u0130 VURULDU - Darka Mazi<\/title>\n<meta name=\"robots\" content=\"index, follow, max-snippet:-1, max-image-preview:large, max-video-preview:-1\" \/>\n<link rel=\"canonical\" href=\"https:\/\/darkamazi.site\/archives\/1006834\" \/>\n<meta property=\"og:locale\" content=\"en_US\" \/>\n<meta property=\"og:type\" content=\"article\" \/>\n<meta property=\"og:title\" content=\"S\u00dcLEYMAN\u0130YE\u2019DE PKK\u2019N\u0130N \u0130K\u0130 \u00dcST D\u00dcZEY YETK\u0130L\u0130S\u0130 VURULDU - Darka Mazi\" \/>\n<meta property=\"og:description\" content=\"K\u00fcrdistan b\u00f6lge asayi\u015finin yapt\u0131\u011f\u0131 a\u00e7\u0131klamada, \u00a0T\u00fcrk devletinin S\u00fcleymaniye\u2019nin Azmar da\u011f\u0131n da PKK\u2019nin iki \u00fcst d\u00fczey sorumlusunun vuruldu\u011funu a\u00e7\u0131klad\u0131. Ekim\u2019in 15\u2019de S\u00fcleymaniye\u2019nin turistik b\u00f6lgesi olan Azmar da\u011f\u0131nda vurulan iki ki\u015finin kimlik bilgileri belli oldu. Bu g\u00fcn K\u00fcrdistan b\u00f6lge asayi\u015finin yapt\u0131\u011f\u0131 yaz\u0131l\u0131 a\u00e7\u0131klamada vurulan iki ki\u015finin PKK\u2019nin \u00fcst d\u00fczey yetkililerinden Demhat Agit (Seyitxan Ayaz) ve Cemil Amed [&hellip;]\" \/>\n<meta property=\"og:url\" content=\"https:\/\/darkamazi.site\/archives\/1006834\" \/>\n<meta property=\"og:site_name\" content=\"Darka Mazi\" \/>\n<meta property=\"article:publisher\" content=\"https:\/\/www.facebook.com\/DarkaMaziturkce\" \/>\n<meta property=\"article:published_time\" content=\"2019-10-22T11:16:58+00:00\" \/>\n<meta property=\"og:image\" content=\"https:\/\/darkamazi.site\/file\/2019\/10\/S\u00dcLEYMAN\u0130YE\u2019DE-PKK\u2019N\u0130N-\u0130K\u0130-\u00dcST-D\u00dcZEY-YETK\u0130L\u0130S\u0130-VURULDU.jpg\" \/>\n\t<meta property=\"og:image:width\" content=\"2048\" \/>\n\t<meta property=\"og:image:height\" content=\"1152\" \/>\n\t<meta property=\"og:image:type\" content=\"image\/jpeg\" \/>\n<meta name=\"author\" content=\"darka mazi\" \/>\n<meta name=\"twitter:card\" content=\"summary_large_image\" \/>\n<meta name=\"twitter:creator\" content=\"@DarkaMaziTurkce\" \/>\n<meta name=\"twitter:site\" content=\"@DarkaMaziTurkce\" \/>\n<meta name=\"twitter:label1\" content=\"Written by\" \/>\n\t<meta name=\"twitter:data1\" content=\"darka mazi\" \/>\n\t<meta name=\"twitter:label2\" content=\"Est. reading time\" \/>\n\t<meta name=\"twitter:data2\" content=\"1 minute\" \/>\n<script type=\"application\/ld+json\" class=\"seo-schema-graph\">{\"@context\":\"https:\\\/\\\/schema.org\",\"@graph\":[{\"@type\":\"NewsArticle\",\"@id\":\"https:\\\/\\\/darkamazi.site\\\/archives\\\/1006834#article\",\"isPartOf\":{\"@id\":\"https:\\\/\\\/darkamazi.site\\\/archives\\\/1006834\"},\"author\":{\"name\":\"darka mazi\",\"@id\":\"https:\\\/\\\/darkamazi.site\\\/#\\\/schema\\\/person\\\/67986a95ac546c16760365877ef4a9d3\"},\"headline\":\"S\u00dcLEYMAN\u0130YE\u2019DE PKK\u2019N\u0130N \u0130K\u0130 \u00dcST D\u00dcZEY YETK\u0130L\u0130S\u0130 VURULDU\",\"datePublished\":\"2019-10-22T11:16:58+00:00\",\"mainEntityOfPage\":{\"@id\":\"https:\\\/\\\/darkamazi.site\\\/archives\\\/1006834\"},\"wordCount\":197,\"publisher\":{\"@id\":\"https:\\\/\\\/darkamazi.site\\\/#organization\"},\"image\":{\"@id\":\"https:\\\/\\\/darkamazi.site\\\/archives\\\/1006834#primaryimage\"},\"thumbnailUrl\":\"https:\\\/\\\/darkamazi.site\\\/darka-content\\\/uploads\\\/2019\\\/10\\\/S\u00dcLEYMAN\u0130YE\u2019DE-PKK\u2019N\u0130N-\u0130K\u0130-\u00dcST-D\u00dcZEY-YETK\u0130L\u0130S\u0130-VURULDU.jpg\",\"keywords\":[\"\u00f6nemli\"],\"articleSection\":[\"Kurdistan\"],\"inLanguage\":\"en-US\"},{\"@type\":\"WebPage\",\"@id\":\"https:\\\/\\\/darkamazi.site\\\/archives\\\/1006834\",\"url\":\"https:\\\/\\\/darkamazi.site\\\/archives\\\/1006834\",\"name\":\"S\u00dcLEYMAN\u0130YE\u2019DE PKK\u2019N\u0130N \u0130K\u0130 \u00dcST D\u00dcZEY YETK\u0130L\u0130S\u0130 VURULDU - Darka Mazi\",\"isPartOf\":{\"@id\":\"https:\\\/\\\/darkamazi.site\\\/#website\"},\"primaryImageOfPage\":{\"@id\":\"https:\\\/\\\/darkamazi.site\\\/archives\\\/1006834#primaryimage\"},\"image\":{\"@id\":\"https:\\\/\\\/darkamazi.site\\\/archives\\\/1006834#primaryimage\"},\"thumbnailUrl\":\"https:\\\/\\\/darkamazi.site\\\/darka-content\\\/uploads\\\/2019\\\/10\\\/S\u00dcLEYMAN\u0130YE\u2019DE-PKK\u2019N\u0130N-\u0130K\u0130-\u00dcST-D\u00dcZEY-YETK\u0130L\u0130S\u0130-VURULDU.jpg\",\"datePublished\":\"2019-10-22T11:16:58+00:00\",\"breadcrumb\":{\"@id\":\"https:\\\/\\\/darkamazi.site\\\/archives\\\/1006834#breadcrumb\"},\"inLanguage\":\"en-US\",\"potentialAction\":[{\"@type\":\"ReadAction\",\"target\":[\"https:\\\/\\\/darkamazi.site\\\/archives\\\/1006834\"]}]},{\"@type\":\"ImageObject\",\"inLanguage\":\"en-US\",\"@id\":\"https:\\\/\\\/darkamazi.site\\\/archives\\\/1006834#primaryimage\",\"url\":\"https:\\\/\\\/darkamazi.site\\\/darka-content\\\/uploads\\\/2019\\\/10\\\/S\u00dcLEYMAN\u0130YE\u2019DE-PKK\u2019N\u0130N-\u0130K\u0130-\u00dcST-D\u00dcZEY-YETK\u0130L\u0130S\u0130-VURULDU.jpg\",\"contentUrl\":\"https:\\\/\\\/darkamazi.site\\\/darka-content\\\/uploads\\\/2019\\\/10\\\/S\u00dcLEYMAN\u0130YE\u2019DE-PKK\u2019N\u0130N-\u0130K\u0130-\u00dcST-D\u00dcZEY-YETK\u0130L\u0130S\u0130-VURULDU.jpg\",\"width\":2048,\"height\":1152,\"caption\":\"S\u00dcLEYMAN\u0130YE\u2019DE PKK\u2019N\u0130N \u0130K\u0130 \u00dcST D\u00dcZEY YETK\u0130L\u0130S\u0130 VURULDU\"},{\"@type\":\"BreadcrumbList\",\"@id\":\"https:\\\/\\\/darkamazi.site\\\/archives\\\/1006834#breadcrumb\",\"itemListElement\":[{\"@type\":\"ListItem\",\"position\":1,\"name\":\"Home\",\"item\":\"https:\\\/\\\/darkamazi.site\\\/\"},{\"@type\":\"ListItem\",\"position\":2,\"name\":\"S\u00dcLEYMAN\u0130YE\u2019DE PKK\u2019N\u0130N \u0130K\u0130 \u00dcST D\u00dcZEY YETK\u0130L\u0130S\u0130 VURULDU\"}]},{\"@type\":\"WebSite\",\"@id\":\"https:\\\/\\\/darkamazi.site\\\/#website\",\"url\":\"https:\\\/\\\/darkamazi.site\\\/\",\"name\":\"Darka Mazi\",\"description\":\"Ana Sayfa\",\"publisher\":{\"@id\":\"https:\\\/\\\/darkamazi.site\\\/#organization\"},\"potentialAction\":[{\"@type\":\"SearchAction\",\"target\":{\"@type\":\"EntryPoint\",\"urlTemplate\":\"https:\\\/\\\/darkamazi.site\\\/?s={search_term_string}\"},\"query-input\":{\"@type\":\"PropertyValueSpecification\",\"valueRequired\":true,\"valueName\":\"search_term_string\"}}],\"inLanguage\":\"en-US\"},{\"@type\":\"Organization\",\"@id\":\"https:\\\/\\\/darkamazi.site\\\/#organization\",\"name\":\"Darka Mazi T\u00fcrk\u00e7e\",\"alternateName\":\"Darka Mazi\",\"url\":\"https:\\\/\\\/darkamazi.site\\\/\",\"logo\":{\"@type\":\"ImageObject\",\"inLanguage\":\"en-US\",\"@id\":\"https:\\\/\\\/darkamazi.site\\\/#\\\/schema\\\/logo\\\/image\\\/\",\"url\":\"https:\\\/\\\/darkamazi.site\\\/darka-content\\\/uploads\\\/2017\\\/12\\\/darka-mazi-logo.png\",\"contentUrl\":\"https:\\\/\\\/darkamazi.site\\\/darka-content\\\/uploads\\\/2017\\\/12\\\/darka-mazi-logo.png\",\"width\":151,\"height\":75,\"caption\":\"Darka Mazi T\u00fcrk\u00e7e\"},\"image\":{\"@id\":\"https:\\\/\\\/darkamazi.site\\\/#\\\/schema\\\/logo\\\/image\\\/\"},\"sameAs\":[\"https:\\\/\\\/www.facebook.com\\\/DarkaMaziturkce\",\"https:\\\/\\\/x.com\\\/DarkaMaziTurkce\"]},{\"@type\":\"Person\",\"@id\":\"https:\\\/\\\/darkamazi.site\\\/#\\\/schema\\\/person\\\/67986a95ac546c16760365877ef4a9d3\",\"name\":\"darka mazi\",\"sameAs\":[\"https:\\\/\\\/darkamazi.site\"],\"url\":\"https:\\\/\\\/darkamazi.site\\\/archives\\\/author\\\/turkish\"}]}<\/script>\n<!-- \/ Yoast SEO plugin. -->","seo_head_json":{"title":"S\u00dcLEYMAN\u0130YE\u2019DE PKK\u2019N\u0130N \u0130K\u0130 \u00dcST D\u00dcZEY YETK\u0130L\u0130S\u0130 VURULDU - Darka Mazi","robots":{"index":"index","follow":"follow","max-snippet":"max-snippet:-1","max-image-preview":"max-image-preview:large","max-video-preview":"max-video-preview:-1"},"canonical":"https:\/\/darkamazi.site\/archives\/1006834","og_locale":"en_US","og_type":"article","og_title":"S\u00dcLEYMAN\u0130YE\u2019DE PKK\u2019N\u0130N \u0130K\u0130 \u00dcST D\u00dcZEY YETK\u0130L\u0130S\u0130 VURULDU - Darka Mazi","og_description":"K\u00fcrdistan b\u00f6lge asayi\u015finin yapt\u0131\u011f\u0131 a\u00e7\u0131klamada, \u00a0T\u00fcrk devletinin S\u00fcleymaniye\u2019nin Azmar da\u011f\u0131n da PKK\u2019nin iki \u00fcst d\u00fczey sorumlusunun vuruldu\u011funu a\u00e7\u0131klad\u0131. Ekim\u2019in 15\u2019de S\u00fcleymaniye\u2019nin turistik b\u00f6lgesi olan Azmar da\u011f\u0131nda vurulan iki ki\u015finin kimlik bilgileri belli oldu. Bu g\u00fcn K\u00fcrdistan b\u00f6lge asayi\u015finin yapt\u0131\u011f\u0131 yaz\u0131l\u0131 a\u00e7\u0131klamada vurulan iki ki\u015finin PKK\u2019nin \u00fcst d\u00fczey yetkililerinden Demhat Agit (Seyitxan Ayaz) ve Cemil Amed [&hellip;]","og_url":"https:\/\/darkamazi.site\/archives\/1006834","og_site_name":"Darka Mazi","article_publisher":"https:\/\/www.facebook.com\/DarkaMaziturkce","article_published_time":"2019-10-22T11:16:58+00:00","og_image":[{"width":2048,"height":1152,"url":"https:\/\/darkamazi.site\/file\/2019\/10\/S\u00dcLEYMAN\u0130YE\u2019DE-PKK\u2019N\u0130N-\u0130K\u0130-\u00dcST-D\u00dcZEY-YETK\u0130L\u0130S\u0130-VURULDU.jpg","type":"image\/jpeg"}],"author":"darka mazi","twitter_card":"summary_large_image","twitter_creator":"@DarkaMaziTurkce","twitter_site":"@DarkaMaziTurkce","twitter_misc":{"Written by":"darka mazi","Est. reading time":"1 minute"},"schema":{"@context":"https:\/\/schema.org","@graph":[{"@type":"NewsArticle","@id":"https:\/\/darkamazi.site\/archives\/1006834#article","isPartOf":{"@id":"https:\/\/darkamazi.site\/archives\/1006834"},"author":{"name":"darka mazi","@id":"https:\/\/darkamazi.site\/#\/schema\/person\/67986a95ac546c16760365877ef4a9d3"},"headline":"S\u00dcLEYMAN\u0130YE\u2019DE PKK\u2019N\u0130N \u0130K\u0130 \u00dcST D\u00dcZEY YETK\u0130L\u0130S\u0130 VURULDU","datePublished":"2019-10-22T11:16:58+00:00","mainEntityOfPage":{"@id":"https:\/\/darkamazi.site\/archives\/1006834"},"wordCount":197,"publisher":{"@id":"https:\/\/darkamazi.site\/#organization"},"image":{"@id":"https:\/\/darkamazi.site\/archives\/1006834#primaryimage"},"thumbnailUrl":"https:\/\/darkamazi.site\/file\/2019\/10\/S\u00dcLEYMAN\u0130YE\u2019DE-PKK\u2019N\u0130N-\u0130K\u0130-\u00dcST-D\u00dcZEY-YETK\u0130L\u0130S\u0130-VURULDU.jpg","keywords":["\u00f6nemli"],"articleSection":["Kurdistan"],"inLanguage":"en-US"},{"@type":"WebPage","@id":"https:\/\/darkamazi.site\/archives\/1006834","url":"https:\/\/darkamazi.site\/archives\/1006834","name":"S\u00dcLEYMAN\u0130YE\u2019DE PKK\u2019N\u0130N \u0130K\u0130 \u00dcST D\u00dcZEY YETK\u0130L\u0130S\u0130 VURULDU - Darka Mazi","isPartOf":{"@id":"https:\/\/darkamazi.site\/#website"},"primaryImageOfPage":{"@id":"https:\/\/darkamazi.site\/archives\/1006834#primaryimage"},"image":{"@id":"https:\/\/darkamazi.site\/archives\/1006834#primaryimage"},"thumbnailUrl":"https:\/\/darkamazi.site\/file\/2019\/10\/S\u00dcLEYMAN\u0130YE\u2019DE-PKK\u2019N\u0130N-\u0130K\u0130-\u00dcST-D\u00dcZEY-YETK\u0130L\u0130S\u0130-VURULDU.jpg","datePublished":"2019-10-22T11:16:58+00:00","breadcrumb":{"@id":"https:\/\/darkamazi.site\/archives\/1006834#breadcrumb"},"inLanguage":"en-US","potentialAction":[{"@type":"ReadAction","target":["https:\/\/darkamazi.site\/archives\/1006834"]}]},{"@type":"ImageObject","inLanguage":"en-US","@id":"https:\/\/darkamazi.site\/archives\/1006834#primaryimage","url":"https:\/\/darkamazi.site\/file\/2019\/10\/S\u00dcLEYMAN\u0130YE\u2019DE-PKK\u2019N\u0130N-\u0130K\u0130-\u00dcST-D\u00dcZEY-YETK\u0130L\u0130S\u0130-VURULDU.jpg","contentUrl":"https:\/\/darkamazi.site\/file\/2019\/10\/S\u00dcLEYMAN\u0130YE\u2019DE-PKK\u2019N\u0130N-\u0130K\u0130-\u00dcST-D\u00dcZEY-YETK\u0130L\u0130S\u0130-VURULDU.jpg","width":2048,"height":1152,"caption":"S\u00dcLEYMAN\u0130YE\u2019DE PKK\u2019N\u0130N \u0130K\u0130 \u00dcST D\u00dcZEY YETK\u0130L\u0130S\u0130 VURULDU"},{"@type":"BreadcrumbList","@id":"https:\/\/darkamazi.site\/archives\/1006834#breadcrumb","itemListElement":[{"@type":"ListItem","position":1,"name":"Home","item":"https:\/\/darkamazi.site\/"},{"@type":"ListItem","position":2,"name":"S\u00dcLEYMAN\u0130YE\u2019DE PKK\u2019N\u0130N \u0130K\u0130 \u00dcST D\u00dcZEY YETK\u0130L\u0130S\u0130 VURULDU"}]},{"@type":"WebSite","@id":"https:\/\/darkamazi.site\/#website","url":"https:\/\/darkamazi.site\/","name":"Darka Mazi","description":"Ana Sayfa","publisher":{"@id":"https:\/\/darkamazi.site\/#organization"},"potentialAction":[{"@type":"SearchAction","target":{"@type":"EntryPoint","urlTemplate":"https:\/\/darkamazi.site\/?s={search_term_string}"},"query-input":{"@type":"PropertyValueSpecification","valueRequired":true,"valueName":"search_term_string"}}],"inLanguage":"en-US"},{"@type":"Organization","@id":"https:\/\/darkamazi.site\/#organization","name":"Darka Mazi T\u00fcrk\u00e7e","alternateName":"Darka Mazi","url":"https:\/\/darkamazi.site\/","logo":{"@type":"ImageObject","inLanguage":"en-US","@id":"https:\/\/darkamazi.site\/#\/schema\/logo\/image\/","url":"https:\/\/darkamazi.site\/file\/2017\/12\/darka-mazi-logo.png","contentUrl":"https:\/\/darkamazi.site\/file\/2017\/12\/darka-mazi-logo.png","width":151,"height":75,"caption":"Darka Mazi T\u00fcrk\u00e7e"},"image":{"@id":"https:\/\/darkamazi.site\/#\/schema\/logo\/image\/"},"sameAs":["https:\/\/www.facebook.com\/DarkaMaziturkce","https:\/\/x.com\/DarkaMaziTurkce"]},{"@type":"Person","@id":"https:\/\/darkamazi.site\/#\/schema\/person\/67986a95ac546c16760365877ef4a9d3","name":"darka mazi","sameAs":["https:\/\/darkamazi.site"],"url":"https:\/\/darkamazi.site\/archives\/author\/turkish"}]}},"_links":{"self":[{"href":"https:\/\/darkamazi.site\/funavuv\/wp\/v2\/posts\/1006834","targetHints":{"allow":["GET"]}}],"collection":[{"href":"https:\/\/darkamazi.site\/funavuv\/wp\/v2\/posts"}],"about":[{"href":"https:\/\/darkamazi.site\/funavuv\/wp\/v2\/types\/post"}],"author":[{"embeddable":true,"href":"https:\/\/darkamazi.site\/funavuv\/wp\/v2\/users\/2"}],"replies":[{"embeddable":true,"href":"https:\/\/darkamazi.site\/funavuv\/wp\/v2\/comments?post=1006834"}],"version-history":[{"count":0,"href":"https:\/\/darkamazi.site\/funavuv\/wp\/v2\/posts\/1006834\/revisions"}],"wp:featuredmedia":[{"embeddable":true,"href":"https:\/\/darkamazi.site\/funavuv\/wp\/v2\/media\/1006835"}],"wp:attachment":[{"href":"https:\/\/darkamazi.site\/funavuv\/wp\/v2\/media?parent=1006834"}],"wp:term":[{"taxonomy":"category","embeddable":true,"href":"https:\/\/darkamazi.site\/funavuv\/wp\/v2\/categories?post=1006834"},{"taxonomy":"post_tag","embeddable":true,"href":"https:\/\/darkamazi.site\/funavuv\/wp\/v2\/tags?post=1006834"}],"curies":[{"name":"wp","href":"https:\/\/api.w.org\/{rel}","templated":true}]}}