{"id":1006837,"date":"2019-10-22T14:52:00","date_gmt":"2019-10-22T11:52:00","guid":{"rendered":"https:\/\/darkamazi.site\/?p=1006837"},"modified":"2019-10-22T14:52:00","modified_gmt":"2019-10-22T11:52:00","slug":"kurdistan-bolge-baskanliginda-aciklama","status":"publish","type":"post","link":"https:\/\/darkamazi.site\/archives\/1006837","title":{"rendered":"K\u00dcRD\u0130STAN B\u00d6LGE BA\u015eKANLI\u011eINDA A\u00c7IKLAMA"},"content":{"rendered":"<h2><strong>K\u00fcrdistan B\u00f6lge Ba\u015fkanl\u0131\u011f\u0131: \u201cABD ba\u015fkanl\u0131\u011f\u0131nda ki koalisyon g\u00fc\u00e7leri P\u00ea\u015fmerge g\u00fc\u00e7leri ile omuz omuza K\u00fcrdistan b\u00f6lgesini koruyarak, bedel \u00f6dediler\u201d dedi<\/strong>.<\/h2>\n<p>K\u00fcrdistan ba\u015fkanl\u0131\u011f\u0131 taraf\u0131ndan yap\u0131lan yaz\u0131l\u0131 a\u00e7\u0131klamada; ABD \u00f6nc\u00fcl\u00fc\u011f\u00fcnde ki koalisyon g\u00fc\u00e7lerinin K\u00fcrdistan b\u00f6lgesinin korunmas\u0131nda bedel \u00f6dediklerini, belirtti.<\/p>\n<p>ABD\u2018nin Rojava\u2019dan geri \u00e7ekilme s\u00fcrecine ili\u015fkin yap\u0131lan a\u00e7\u0131klama \u015f\u00f6yle devam etti:<\/p>\n<p>\u201cABD ba\u015fkanl\u0131\u011f\u0131nda ki koalisyon g\u00fc\u00e7lerinin K\u00fcrdistan b\u00f6lgesi vatanda\u015flar\u0131n\u0131n korunmas\u0131 ve desteklenmesin de \u00f6nemli bir rol\u00fc vard\u0131.<\/p>\n<p>U\u00e7u\u015fa yasak b\u00f6lgenin ilan edildi\u011fi 1991 y\u0131l\u0131ndan Baas rejiminin y\u0131k\u0131ld\u0131\u011f\u0131 2003 y\u0131l\u0131na kadar ve son y\u0131llarda I\u015e\u0130D\u2019li ter\u00f6ristlerin yenilgiye u\u011frat\u0131lmas\u0131 s\u00fcrecinde P\u00ea\u015fmerge g\u00fc\u00e7leri ile omuz omuza K\u00fcrdistan B\u00f6lgesi\u2019ni koruyarak bedel \u00f6dediler.<\/p>\n<p>ABD ordusu ba\u015fta olmak \u00fczere koalisyon g\u00fc\u00e7lerinin rol\u00fc ve m\u00fccadelesi istenmeyen siyasi kararlarla kar\u0131\u015ft\u0131r\u0131lmamal\u0131. K\u00fcrdistan B\u00f6lgesi, koalisyon g\u00fc\u00e7leri ve ABD ordusuna sayg\u0131 ve \u015f\u00fckranlar\u0131n\u0131 sunmakta, verdikleri m\u00fccadele ve kurbanlar\u0131n\u0131 de\u011ferli bulmaktad\u0131r.\u201d<\/p>\n","protected":false},"excerpt":{"rendered":"<p>K\u00fcrdistan B\u00f6lge Ba\u015fkanl\u0131\u011f\u0131: \u201cABD ba\u015fkanl\u0131\u011f\u0131nda ki koalisyon g\u00fc\u00e7leri P\u00ea\u015fmerge g\u00fc\u00e7leri ile omuz omuza K\u00fcrdistan b\u00f6lgesini koruyarak, bedel \u00f6dediler\u201d dedi. K\u00fcrdistan ba\u015fkanl\u0131\u011f\u0131 taraf\u0131ndan yap\u0131lan yaz\u0131l\u0131 a\u00e7\u0131klamada; ABD \u00f6nc\u00fcl\u00fc\u011f\u00fcnde ki koalisyon g\u00fc\u00e7lerinin K\u00fcrdistan b\u00f6lgesinin korunmas\u0131nda bedel \u00f6dediklerini, belirtti. ABD\u2018nin Rojava\u2019dan geri \u00e7ekilme s\u00fcrecine ili\u015fkin yap\u0131lan a\u00e7\u0131klama \u015f\u00f6yle devam etti: \u201cABD ba\u015fkanl\u0131\u011f\u0131nda ki koalisyon g\u00fc\u00e7lerinin K\u00fcrdistan b\u00f6lgesi vatanda\u015flar\u0131n\u0131n [&hellip;]<\/p>\n","protected":false},"author":2,"featured_media":1006838,"comment_status":"closed","ping_status":"closed","sticky":false,"template":"","format":"standard","meta":{"footnotes":""},"categories":[3],"tags":[],"class_list":["post-1006837","post","type-post","status-publish","format-standard","has-post-thumbnail","hentry","category-kurdistan"],"blocksy_meta":[],"seo_head":"<!-- This site is optimized with the Yoast SEO plugin v27.5 - https:\/\/yoast.com\/product\/yoast-seo-wordpress\/ -->\n<title>K\u00dcRD\u0130STAN B\u00d6LGE BA\u015eKANLI\u011eINDA A\u00c7IKLAMA - Darka Mazi<\/title>\n<meta name=\"robots\" content=\"index, follow, max-snippet:-1, max-image-preview:large, max-video-preview:-1\" \/>\n<link rel=\"canonical\" href=\"https:\/\/darkamazi.site\/archives\/1006837\" \/>\n<meta property=\"og:locale\" content=\"en_US\" \/>\n<meta property=\"og:type\" content=\"article\" \/>\n<meta property=\"og:title\" content=\"K\u00dcRD\u0130STAN B\u00d6LGE BA\u015eKANLI\u011eINDA A\u00c7IKLAMA - Darka Mazi\" \/>\n<meta property=\"og:description\" content=\"K\u00fcrdistan B\u00f6lge Ba\u015fkanl\u0131\u011f\u0131: \u201cABD ba\u015fkanl\u0131\u011f\u0131nda ki koalisyon g\u00fc\u00e7leri P\u00ea\u015fmerge g\u00fc\u00e7leri ile omuz omuza K\u00fcrdistan b\u00f6lgesini koruyarak, bedel \u00f6dediler\u201d dedi. K\u00fcrdistan ba\u015fkanl\u0131\u011f\u0131 taraf\u0131ndan yap\u0131lan yaz\u0131l\u0131 a\u00e7\u0131klamada; ABD \u00f6nc\u00fcl\u00fc\u011f\u00fcnde ki koalisyon g\u00fc\u00e7lerinin K\u00fcrdistan b\u00f6lgesinin korunmas\u0131nda bedel \u00f6dediklerini, belirtti. ABD\u2018nin Rojava\u2019dan geri \u00e7ekilme s\u00fcrecine ili\u015fkin yap\u0131lan a\u00e7\u0131klama \u015f\u00f6yle devam etti: \u201cABD ba\u015fkanl\u0131\u011f\u0131nda ki koalisyon g\u00fc\u00e7lerinin K\u00fcrdistan b\u00f6lgesi vatanda\u015flar\u0131n\u0131n [&hellip;]\" \/>\n<meta property=\"og:url\" content=\"https:\/\/darkamazi.site\/archives\/1006837\" \/>\n<meta property=\"og:site_name\" content=\"Darka Mazi\" \/>\n<meta property=\"article:publisher\" content=\"https:\/\/www.facebook.com\/DarkaMaziturkce\" \/>\n<meta property=\"article:published_time\" content=\"2019-10-22T11:52:00+00:00\" \/>\n<meta property=\"og:image\" content=\"https:\/\/darkamazi.site\/file\/2019\/10\/K\u00fcrdistan-b\u00f6lgesi-ba\u015fkanl\u011f\u0131-logosu.png\" \/>\n\t<meta property=\"og:image:width\" content=\"228\" \/>\n\t<meta property=\"og:image:height\" content=\"221\" \/>\n\t<meta property=\"og:image:type\" content=\"image\/png\" \/>\n<meta name=\"author\" content=\"darka mazi\" \/>\n<meta name=\"twitter:card\" content=\"summary_large_image\" \/>\n<meta name=\"twitter:creator\" content=\"@DarkaMaziTurkce\" \/>\n<meta name=\"twitter:site\" content=\"@DarkaMaziTurkce\" \/>\n<meta name=\"twitter:label1\" content=\"Written by\" \/>\n\t<meta name=\"twitter:data1\" content=\"darka mazi\" \/>\n\t<meta name=\"twitter:label2\" content=\"Est. reading time\" \/>\n\t<meta name=\"twitter:data2\" content=\"1 minute\" \/>\n<script type=\"application\/ld+json\" class=\"seo-schema-graph\">{\"@context\":\"https:\\\/\\\/schema.org\",\"@graph\":[{\"@type\":\"NewsArticle\",\"@id\":\"https:\\\/\\\/darkamazi.site\\\/archives\\\/1006837#article\",\"isPartOf\":{\"@id\":\"https:\\\/\\\/darkamazi.site\\\/archives\\\/1006837\"},\"author\":{\"name\":\"darka mazi\",\"@id\":\"https:\\\/\\\/darkamazi.site\\\/#\\\/schema\\\/person\\\/67986a95ac546c16760365877ef4a9d3\"},\"headline\":\"K\u00dcRD\u0130STAN B\u00d6LGE BA\u015eKANLI\u011eINDA A\u00c7IKLAMA\",\"datePublished\":\"2019-10-22T11:52:00+00:00\",\"mainEntityOfPage\":{\"@id\":\"https:\\\/\\\/darkamazi.site\\\/archives\\\/1006837\"},\"wordCount\":205,\"publisher\":{\"@id\":\"https:\\\/\\\/darkamazi.site\\\/#organization\"},\"image\":{\"@id\":\"https:\\\/\\\/darkamazi.site\\\/archives\\\/1006837#primaryimage\"},\"thumbnailUrl\":\"https:\\\/\\\/darkamazi.site\\\/darka-content\\\/uploads\\\/2019\\\/10\\\/K\u00fcrdistan-b\u00f6lgesi-ba\u015fkanl\u011f\u0131-logosu.png\",\"articleSection\":[\"Kurdistan\"],\"inLanguage\":\"en-US\"},{\"@type\":\"WebPage\",\"@id\":\"https:\\\/\\\/darkamazi.site\\\/archives\\\/1006837\",\"url\":\"https:\\\/\\\/darkamazi.site\\\/archives\\\/1006837\",\"name\":\"K\u00dcRD\u0130STAN B\u00d6LGE BA\u015eKANLI\u011eINDA A\u00c7IKLAMA - Darka Mazi\",\"isPartOf\":{\"@id\":\"https:\\\/\\\/darkamazi.site\\\/#website\"},\"primaryImageOfPage\":{\"@id\":\"https:\\\/\\\/darkamazi.site\\\/archives\\\/1006837#primaryimage\"},\"image\":{\"@id\":\"https:\\\/\\\/darkamazi.site\\\/archives\\\/1006837#primaryimage\"},\"thumbnailUrl\":\"https:\\\/\\\/darkamazi.site\\\/darka-content\\\/uploads\\\/2019\\\/10\\\/K\u00fcrdistan-b\u00f6lgesi-ba\u015fkanl\u011f\u0131-logosu.png\",\"datePublished\":\"2019-10-22T11:52:00+00:00\",\"breadcrumb\":{\"@id\":\"https:\\\/\\\/darkamazi.site\\\/archives\\\/1006837#breadcrumb\"},\"inLanguage\":\"en-US\",\"potentialAction\":[{\"@type\":\"ReadAction\",\"target\":[\"https:\\\/\\\/darkamazi.site\\\/archives\\\/1006837\"]}]},{\"@type\":\"ImageObject\",\"inLanguage\":\"en-US\",\"@id\":\"https:\\\/\\\/darkamazi.site\\\/archives\\\/1006837#primaryimage\",\"url\":\"https:\\\/\\\/darkamazi.site\\\/darka-content\\\/uploads\\\/2019\\\/10\\\/K\u00fcrdistan-b\u00f6lgesi-ba\u015fkanl\u011f\u0131-logosu.png\",\"contentUrl\":\"https:\\\/\\\/darkamazi.site\\\/darka-content\\\/uploads\\\/2019\\\/10\\\/K\u00fcrdistan-b\u00f6lgesi-ba\u015fkanl\u011f\u0131-logosu.png\",\"width\":228,\"height\":221,\"caption\":\"K\u00dcRD\u0130STAN B\u00d6LGE BA\u015eKANLI\u011eINDA A\u00c7IKLAMA\"},{\"@type\":\"BreadcrumbList\",\"@id\":\"https:\\\/\\\/darkamazi.site\\\/archives\\\/1006837#breadcrumb\",\"itemListElement\":[{\"@type\":\"ListItem\",\"position\":1,\"name\":\"Home\",\"item\":\"https:\\\/\\\/darkamazi.site\\\/\"},{\"@type\":\"ListItem\",\"position\":2,\"name\":\"K\u00dcRD\u0130STAN B\u00d6LGE BA\u015eKANLI\u011eINDA A\u00c7IKLAMA\"}]},{\"@type\":\"WebSite\",\"@id\":\"https:\\\/\\\/darkamazi.site\\\/#website\",\"url\":\"https:\\\/\\\/darkamazi.site\\\/\",\"name\":\"Darka Mazi\",\"description\":\"Ana Sayfa\",\"publisher\":{\"@id\":\"https:\\\/\\\/darkamazi.site\\\/#organization\"},\"potentialAction\":[{\"@type\":\"SearchAction\",\"target\":{\"@type\":\"EntryPoint\",\"urlTemplate\":\"https:\\\/\\\/darkamazi.site\\\/?s={search_term_string}\"},\"query-input\":{\"@type\":\"PropertyValueSpecification\",\"valueRequired\":true,\"valueName\":\"search_term_string\"}}],\"inLanguage\":\"en-US\"},{\"@type\":\"Organization\",\"@id\":\"https:\\\/\\\/darkamazi.site\\\/#organization\",\"name\":\"Darka Mazi T\u00fcrk\u00e7e\",\"alternateName\":\"Darka Mazi\",\"url\":\"https:\\\/\\\/darkamazi.site\\\/\",\"logo\":{\"@type\":\"ImageObject\",\"inLanguage\":\"en-US\",\"@id\":\"https:\\\/\\\/darkamazi.site\\\/#\\\/schema\\\/logo\\\/image\\\/\",\"url\":\"https:\\\/\\\/darkamazi.site\\\/darka-content\\\/uploads\\\/2017\\\/12\\\/darka-mazi-logo.png\",\"contentUrl\":\"https:\\\/\\\/darkamazi.site\\\/darka-content\\\/uploads\\\/2017\\\/12\\\/darka-mazi-logo.png\",\"width\":151,\"height\":75,\"caption\":\"Darka Mazi T\u00fcrk\u00e7e\"},\"image\":{\"@id\":\"https:\\\/\\\/darkamazi.site\\\/#\\\/schema\\\/logo\\\/image\\\/\"},\"sameAs\":[\"https:\\\/\\\/www.facebook.com\\\/DarkaMaziturkce\",\"https:\\\/\\\/x.com\\\/DarkaMaziTurkce\"]},{\"@type\":\"Person\",\"@id\":\"https:\\\/\\\/darkamazi.site\\\/#\\\/schema\\\/person\\\/67986a95ac546c16760365877ef4a9d3\",\"name\":\"darka mazi\",\"sameAs\":[\"https:\\\/\\\/darkamazi.site\"],\"url\":\"https:\\\/\\\/darkamazi.site\\\/archives\\\/author\\\/turkish\"}]}<\/script>\n<!-- \/ Yoast SEO plugin. -->","seo_head_json":{"title":"K\u00dcRD\u0130STAN B\u00d6LGE BA\u015eKANLI\u011eINDA A\u00c7IKLAMA - Darka Mazi","robots":{"index":"index","follow":"follow","max-snippet":"max-snippet:-1","max-image-preview":"max-image-preview:large","max-video-preview":"max-video-preview:-1"},"canonical":"https:\/\/darkamazi.site\/archives\/1006837","og_locale":"en_US","og_type":"article","og_title":"K\u00dcRD\u0130STAN B\u00d6LGE BA\u015eKANLI\u011eINDA A\u00c7IKLAMA - Darka Mazi","og_description":"K\u00fcrdistan B\u00f6lge Ba\u015fkanl\u0131\u011f\u0131: \u201cABD ba\u015fkanl\u0131\u011f\u0131nda ki koalisyon g\u00fc\u00e7leri P\u00ea\u015fmerge g\u00fc\u00e7leri ile omuz omuza K\u00fcrdistan b\u00f6lgesini koruyarak, bedel \u00f6dediler\u201d dedi. K\u00fcrdistan ba\u015fkanl\u0131\u011f\u0131 taraf\u0131ndan yap\u0131lan yaz\u0131l\u0131 a\u00e7\u0131klamada; ABD \u00f6nc\u00fcl\u00fc\u011f\u00fcnde ki koalisyon g\u00fc\u00e7lerinin K\u00fcrdistan b\u00f6lgesinin korunmas\u0131nda bedel \u00f6dediklerini, belirtti. ABD\u2018nin Rojava\u2019dan geri \u00e7ekilme s\u00fcrecine ili\u015fkin yap\u0131lan a\u00e7\u0131klama \u015f\u00f6yle devam etti: \u201cABD ba\u015fkanl\u0131\u011f\u0131nda ki koalisyon g\u00fc\u00e7lerinin K\u00fcrdistan b\u00f6lgesi vatanda\u015flar\u0131n\u0131n [&hellip;]","og_url":"https:\/\/darkamazi.site\/archives\/1006837","og_site_name":"Darka Mazi","article_publisher":"https:\/\/www.facebook.com\/DarkaMaziturkce","article_published_time":"2019-10-22T11:52:00+00:00","og_image":[{"width":228,"height":221,"url":"https:\/\/darkamazi.site\/file\/2019\/10\/K\u00fcrdistan-b\u00f6lgesi-ba\u015fkanl\u011f\u0131-logosu.png","type":"image\/png"}],"author":"darka mazi","twitter_card":"summary_large_image","twitter_creator":"@DarkaMaziTurkce","twitter_site":"@DarkaMaziTurkce","twitter_misc":{"Written by":"darka mazi","Est. reading time":"1 minute"},"schema":{"@context":"https:\/\/schema.org","@graph":[{"@type":"NewsArticle","@id":"https:\/\/darkamazi.site\/archives\/1006837#article","isPartOf":{"@id":"https:\/\/darkamazi.site\/archives\/1006837"},"author":{"name":"darka mazi","@id":"https:\/\/darkamazi.site\/#\/schema\/person\/67986a95ac546c16760365877ef4a9d3"},"headline":"K\u00dcRD\u0130STAN B\u00d6LGE BA\u015eKANLI\u011eINDA A\u00c7IKLAMA","datePublished":"2019-10-22T11:52:00+00:00","mainEntityOfPage":{"@id":"https:\/\/darkamazi.site\/archives\/1006837"},"wordCount":205,"publisher":{"@id":"https:\/\/darkamazi.site\/#organization"},"image":{"@id":"https:\/\/darkamazi.site\/archives\/1006837#primaryimage"},"thumbnailUrl":"https:\/\/darkamazi.site\/file\/2019\/10\/K\u00fcrdistan-b\u00f6lgesi-ba\u015fkanl\u011f\u0131-logosu.png","articleSection":["Kurdistan"],"inLanguage":"en-US"},{"@type":"WebPage","@id":"https:\/\/darkamazi.site\/archives\/1006837","url":"https:\/\/darkamazi.site\/archives\/1006837","name":"K\u00dcRD\u0130STAN B\u00d6LGE BA\u015eKANLI\u011eINDA A\u00c7IKLAMA - Darka Mazi","isPartOf":{"@id":"https:\/\/darkamazi.site\/#website"},"primaryImageOfPage":{"@id":"https:\/\/darkamazi.site\/archives\/1006837#primaryimage"},"image":{"@id":"https:\/\/darkamazi.site\/archives\/1006837#primaryimage"},"thumbnailUrl":"https:\/\/darkamazi.site\/file\/2019\/10\/K\u00fcrdistan-b\u00f6lgesi-ba\u015fkanl\u011f\u0131-logosu.png","datePublished":"2019-10-22T11:52:00+00:00","breadcrumb":{"@id":"https:\/\/darkamazi.site\/archives\/1006837#breadcrumb"},"inLanguage":"en-US","potentialAction":[{"@type":"ReadAction","target":["https:\/\/darkamazi.site\/archives\/1006837"]}]},{"@type":"ImageObject","inLanguage":"en-US","@id":"https:\/\/darkamazi.site\/archives\/1006837#primaryimage","url":"https:\/\/darkamazi.site\/file\/2019\/10\/K\u00fcrdistan-b\u00f6lgesi-ba\u015fkanl\u011f\u0131-logosu.png","contentUrl":"https:\/\/darkamazi.site\/file\/2019\/10\/K\u00fcrdistan-b\u00f6lgesi-ba\u015fkanl\u011f\u0131-logosu.png","width":228,"height":221,"caption":"K\u00dcRD\u0130STAN B\u00d6LGE BA\u015eKANLI\u011eINDA A\u00c7IKLAMA"},{"@type":"BreadcrumbList","@id":"https:\/\/darkamazi.site\/archives\/1006837#breadcrumb","itemListElement":[{"@type":"ListItem","position":1,"name":"Home","item":"https:\/\/darkamazi.site\/"},{"@type":"ListItem","position":2,"name":"K\u00dcRD\u0130STAN B\u00d6LGE BA\u015eKANLI\u011eINDA A\u00c7IKLAMA"}]},{"@type":"WebSite","@id":"https:\/\/darkamazi.site\/#website","url":"https:\/\/darkamazi.site\/","name":"Darka Mazi","description":"Ana Sayfa","publisher":{"@id":"https:\/\/darkamazi.site\/#organization"},"potentialAction":[{"@type":"SearchAction","target":{"@type":"EntryPoint","urlTemplate":"https:\/\/darkamazi.site\/?s={search_term_string}"},"query-input":{"@type":"PropertyValueSpecification","valueRequired":true,"valueName":"search_term_string"}}],"inLanguage":"en-US"},{"@type":"Organization","@id":"https:\/\/darkamazi.site\/#organization","name":"Darka Mazi T\u00fcrk\u00e7e","alternateName":"Darka Mazi","url":"https:\/\/darkamazi.site\/","logo":{"@type":"ImageObject","inLanguage":"en-US","@id":"https:\/\/darkamazi.site\/#\/schema\/logo\/image\/","url":"https:\/\/darkamazi.site\/file\/2017\/12\/darka-mazi-logo.png","contentUrl":"https:\/\/darkamazi.site\/file\/2017\/12\/darka-mazi-logo.png","width":151,"height":75,"caption":"Darka Mazi T\u00fcrk\u00e7e"},"image":{"@id":"https:\/\/darkamazi.site\/#\/schema\/logo\/image\/"},"sameAs":["https:\/\/www.facebook.com\/DarkaMaziturkce","https:\/\/x.com\/DarkaMaziTurkce"]},{"@type":"Person","@id":"https:\/\/darkamazi.site\/#\/schema\/person\/67986a95ac546c16760365877ef4a9d3","name":"darka mazi","sameAs":["https:\/\/darkamazi.site"],"url":"https:\/\/darkamazi.site\/archives\/author\/turkish"}]}},"_links":{"self":[{"href":"https:\/\/darkamazi.site\/funavuv\/wp\/v2\/posts\/1006837","targetHints":{"allow":["GET"]}}],"collection":[{"href":"https:\/\/darkamazi.site\/funavuv\/wp\/v2\/posts"}],"about":[{"href":"https:\/\/darkamazi.site\/funavuv\/wp\/v2\/types\/post"}],"author":[{"embeddable":true,"href":"https:\/\/darkamazi.site\/funavuv\/wp\/v2\/users\/2"}],"replies":[{"embeddable":true,"href":"https:\/\/darkamazi.site\/funavuv\/wp\/v2\/comments?post=1006837"}],"version-history":[{"count":0,"href":"https:\/\/darkamazi.site\/funavuv\/wp\/v2\/posts\/1006837\/revisions"}],"wp:featuredmedia":[{"embeddable":true,"href":"https:\/\/darkamazi.site\/funavuv\/wp\/v2\/media\/1006838"}],"wp:attachment":[{"href":"https:\/\/darkamazi.site\/funavuv\/wp\/v2\/media?parent=1006837"}],"wp:term":[{"taxonomy":"category","embeddable":true,"href":"https:\/\/darkamazi.site\/funavuv\/wp\/v2\/categories?post=1006837"},{"taxonomy":"post_tag","embeddable":true,"href":"https:\/\/darkamazi.site\/funavuv\/wp\/v2\/tags?post=1006837"}],"curies":[{"name":"wp","href":"https:\/\/api.w.org\/{rel}","templated":true}]}}