{"id":1006846,"date":"2019-10-22T22:24:49","date_gmt":"2019-10-22T19:24:49","guid":{"rendered":"https:\/\/darkamazi.site\/?p=1006846"},"modified":"2019-10-23T17:10:42","modified_gmt":"2019-10-23T14:10:42","slug":"rusya-ve-turkiye-rojavayi-kendi-aralarinda-paylasti","status":"publish","type":"post","link":"https:\/\/darkamazi.site\/archives\/1006846","title":{"rendered":"RUSYA VE T\u00dcRK\u0130YE ROJAVA\u2019YI KEND\u0130 ARALARINDA PAYLA\u015eTI"},"content":{"rendered":"<h3 style=\"text-align: justify;\"><span style=\"font-family: 'arial black', sans-serif;\">Bu g\u00fcn ger\u00e7ekle\u015fen So\u00e7i g\u00f6r\u00fc\u015fmesi sonras\u0131 Rusya Devlet Ba\u015fkan\u0131 Vladimir Putin ve T\u00fcrkiye Cumhurba\u015fkan\u0131 Erdo\u011fan bas\u0131n a\u00e7\u0131klamas\u0131 yapt\u0131. Bu a\u00e7\u0131klamaya g\u00f6re 10 maddelik bir mutabakat anla\u015fmas\u0131 imzaland\u0131\u011f\u0131 a\u00e7\u0131kland\u0131.<\/span><\/h3>\n<p style=\"text-align: justify;\">Bu anla\u015fmaya g\u00f6re 150 saatlik bir ate\u015fkes konusunda anla\u015fma sa\u011flanm\u0131\u015ft\u0131r. Bu anla\u015fmaya g\u00f6re T\u00fcrkiye ve Rusya Minbi\u00e7, Til Abyad, Sere Kaniye Hatt\u0131nda T\u00fcrkiye- Rusya ortak devriyeleri gezecek ve HSD g\u00fc\u00e7leri geri \u00e7ekilecek. Qam\u0131\u015flo\u2019ya kadar Rusya ve T\u00fcrkiye devriyesi gezerken Qam\u0131\u015flo ve sonras\u0131nda da Suriye ve Rusya devriyesi gezecek. B\u00f6ylelikle Rojava b\u00f6lgesi ikiye b\u00f6l\u00fcnm\u00fc\u015f oluyor. Bir taraf Rusya ve T\u00fcrkiye\u2019nin di\u011fer taraf ise Rusya ve Suriye\u2019nin.<\/p>\n<p style=\"text-align: justify;\">Bu g\u00fcn ak\u015fam saatlerinde a\u00e7\u0131klanan 10 maddelik metin herkesin akl\u0131na \u015fu soruyu getirdi Rusya ve T\u00fcrkiye Rojava\u2019y\u0131 payla\u015ft\u0131 m\u0131? Anla\u015fma maddeleri ise Rojava\u2019da ki son 7 y\u0131ll\u0131k t\u00fcm kazan\u0131mlara kar\u015f\u0131 bir darbe anlam\u0131n\u0131 ta\u015f\u0131maktad\u0131r. \u00c7\u00fcnk\u00fc anla\u015fma maddelerine g\u00f6re Rojava co\u011frafik olarak da par\u00e7alanm\u0131\u015f ve demografik yap\u0131n\u0131n de\u011fi\u015fmesini engelleyecek her hangi bir madde de bulunmamaktad\u0131r.<\/p>\n<h2 style=\"text-align: justify;\"><strong>Bas\u0131na verilen 10 maddelik anla\u015fma metni ise \u015f\u00f6yle;<\/strong><\/h2>\n<ol style=\"text-align: justify;\">\n<li style=\"text-align: justify;\">Her iki taraf Suriye\u2019nin siyasi birli\u011fi ve toprak b\u00fct\u00fcnl\u00fc\u011f\u00fcn\u00fcn muhafazas\u0131na ve T\u00fcrkiye\u2019nin milli g\u00fcvenli\u011finin korunmas\u0131na olan ba\u011fl\u0131l\u0131klar\u0131n\u0131 teyit ederler.<\/li>\n<li style=\"text-align: justify;\">Ter\u00f6rizmin t\u00fcm \u015fekil ve tezah\u00fcrleriyle m\u00fccadele etme ve Suriye topraklar\u0131ndaki ayr\u0131l\u0131k\u00e7\u0131 g\u00fcndemleri bo\u015fa \u00e7\u0131karma y\u00f6n\u00fcndeki kararl\u0131l\u0131klar\u0131n\u0131 vurgularlar.<\/li>\n<li style=\"text-align: justify;\">Bu \u00e7er\u00e7evede, Tel Abyad ve Ras Al Ayn\u2019\u0131 i\u00e7ine alan 32 km derinli\u011findeki mevcut Bar\u0131\u015f P\u0131nar\u0131 Harekat\u0131 alan\u0131ndaki yerle\u015fik stat\u00fcko muhafaza edilecektir.<\/li>\n<li style=\"text-align: justify;\">Her iki taraf Adana Anla\u015fmas\u0131\u2019n\u0131n \u00f6nemini teyit eder. Rusya Federasyonu mevcut ko\u015fullarda Adana Anla\u015fmas\u0131\u2019n\u0131n uygulanmas\u0131n\u0131 kolayla\u015ft\u0131racakt\u0131r.<\/li>\n<li style=\"text-align: justify;\">23 Ekim 2019, \u00f6\u011flen saat 12.00\u2019den itibaren, Rus askeri polisi ve Suriye s\u0131n\u0131r muhaf\u0131zlar\u0131, Bar\u0131\u015f P\u0131nar\u0131 Harekat alan\u0131n\u0131n d\u0131\u015f\u0131nda kalan T\u00fcrkiye-Suriye s\u0131n\u0131r\u0131n\u0131n Suriye taraf\u0131na, YPG unsurlar\u0131 ve silahlar\u0131n\u0131n T\u00fcrkiye-Suriye s\u0131n\u0131r\u0131ndan itibaren 30 km\u2019nin d\u0131\u015f\u0131na \u00e7\u0131kar\u0131lmas\u0131n\u0131 temin etmek \u00fczere girecektir. Bu i\u015flem 150 saat i\u00e7inde tamamlanacakt\u0131r. Ayn\u0131 saat itibar\u0131yla, mevcut Bar\u0131\u015f P\u0131nar\u0131 Harekat alan\u0131 s\u0131n\u0131rlar\u0131n\u0131n bat\u0131s\u0131 ve do\u011fusunda 10 km derinlikte Kam\u0131\u015fl\u0131 \u015fehri hari\u00e7 T\u00fcrk-Rus ortak devriyeleri ba\u015flayacakt\u0131r.<\/li>\n<li style=\"text-align: justify;\">Minbic ve Tel R\u0131fat\u2019tan b\u00fct\u00fcn YPG silahlar\u0131yla birlikte \u00e7\u0131kar\u0131lacakt\u0131r.<\/li>\n<li style=\"text-align: justify;\">Her iki taraf ter\u00f6rist unsurlar\u0131n s\u0131zmalar\u0131n\u0131n \u00f6nlenmesinin temini i\u00e7in gerekli tedbirleri alacakt\u0131r.<\/li>\n<li style=\"text-align: justify;\">M\u00fcltecilerin g\u00fcvenli ve g\u00f6n\u00fcll\u00fc \u015fekilde geri d\u00f6n\u00fc\u015flerini kolayla\u015ft\u0131rmak maksad\u0131yla ortak \u00e7al\u0131\u015fma yap\u0131lacakt\u0131r.<\/li>\n<li style=\"text-align: justify;\">Bu muht\u0131ran\u0131n uygulanmas\u0131n\u0131 g\u00f6zetmek ve koordine etmek amac\u0131yla m\u00fc\u015fterek bir denetim ve do\u011frulama mekanizmas\u0131 ihdas edilecektir.<\/li>\n<li style=\"text-align: justify;\">Taraflar Astana Mekanizmas\u0131 \u00e7er\u00e7evesinde Suriye ihtilaf\u0131na kal\u0131c\u0131 bir siyasi \u00e7\u00f6z\u00fcm bulunmas\u0131 amac\u0131yla \u00e7al\u0131\u015fmalar\u0131n\u0131 s\u00fcrd\u00fcrecek ve Anayasa Komitesi\u2019nin faaliyetlerini destekleyecektir.<\/li>\n<\/ol>\n<p style=\"text-align: justify;\">\n","protected":false},"excerpt":{"rendered":"<p>Bu g\u00fcn ger\u00e7ekle\u015fen So\u00e7i g\u00f6r\u00fc\u015fmesi sonras\u0131 Rusya Devlet Ba\u015fkan\u0131 Vladimir Putin ve T\u00fcrkiye Cumhurba\u015fkan\u0131 Erdo\u011fan bas\u0131n a\u00e7\u0131klamas\u0131 yapt\u0131. Bu a\u00e7\u0131klamaya g\u00f6re 10 maddelik bir mutabakat anla\u015fmas\u0131 imzaland\u0131\u011f\u0131 a\u00e7\u0131kland\u0131. Bu anla\u015fmaya g\u00f6re 150 saatlik bir ate\u015fkes konusunda anla\u015fma sa\u011flanm\u0131\u015ft\u0131r. Bu anla\u015fmaya g\u00f6re T\u00fcrkiye ve Rusya Minbi\u00e7, Til Abyad, Sere Kaniye Hatt\u0131nda T\u00fcrkiye- Rusya ortak devriyeleri gezecek [&hellip;]<\/p>\n","protected":false},"author":2,"featured_media":1006847,"comment_status":"closed","ping_status":"closed","sticky":false,"template":"","format":"standard","meta":{"footnotes":""},"categories":[3],"tags":[31],"class_list":["post-1006846","post","type-post","status-publish","format-standard","has-post-thumbnail","hentry","category-kurdistan","tag-onemli"],"blocksy_meta":[],"seo_head":"<!-- This site is optimized with the Yoast SEO plugin v27.5 - https:\/\/yoast.com\/product\/yoast-seo-wordpress\/ -->\n<title>RUSYA VE T\u00dcRK\u0130YE ROJAVA\u2019YI KEND\u0130 ARALARINDA PAYLA\u015eTI - Darka Mazi<\/title>\n<meta name=\"robots\" content=\"index, follow, max-snippet:-1, max-image-preview:large, max-video-preview:-1\" \/>\n<link rel=\"canonical\" href=\"https:\/\/darkamazi.site\/archives\/1006846\" \/>\n<meta property=\"og:locale\" content=\"en_US\" \/>\n<meta property=\"og:type\" content=\"article\" \/>\n<meta property=\"og:title\" content=\"RUSYA VE T\u00dcRK\u0130YE ROJAVA\u2019YI KEND\u0130 ARALARINDA PAYLA\u015eTI - Darka Mazi\" \/>\n<meta property=\"og:description\" content=\"Bu g\u00fcn ger\u00e7ekle\u015fen So\u00e7i g\u00f6r\u00fc\u015fmesi sonras\u0131 Rusya Devlet Ba\u015fkan\u0131 Vladimir Putin ve T\u00fcrkiye Cumhurba\u015fkan\u0131 Erdo\u011fan bas\u0131n a\u00e7\u0131klamas\u0131 yapt\u0131. Bu a\u00e7\u0131klamaya g\u00f6re 10 maddelik bir mutabakat anla\u015fmas\u0131 imzaland\u0131\u011f\u0131 a\u00e7\u0131kland\u0131. Bu anla\u015fmaya g\u00f6re 150 saatlik bir ate\u015fkes konusunda anla\u015fma sa\u011flanm\u0131\u015ft\u0131r. Bu anla\u015fmaya g\u00f6re T\u00fcrkiye ve Rusya Minbi\u00e7, Til Abyad, Sere Kaniye Hatt\u0131nda T\u00fcrkiye- Rusya ortak devriyeleri gezecek [&hellip;]\" \/>\n<meta property=\"og:url\" content=\"https:\/\/darkamazi.site\/archives\/1006846\" \/>\n<meta property=\"og:site_name\" content=\"Darka Mazi\" \/>\n<meta property=\"article:publisher\" content=\"https:\/\/www.facebook.com\/DarkaMaziturkce\" \/>\n<meta property=\"article:published_time\" content=\"2019-10-22T19:24:49+00:00\" \/>\n<meta property=\"article:modified_time\" content=\"2019-10-23T14:10:42+00:00\" \/>\n<meta property=\"og:image\" content=\"https:\/\/darkamazi.site\/file\/2019\/10\/RUSYA-VE-T\u00dcRK\u0130YE-ROJAVA\u2019YI-KEND\u0130-ARALARINDA-PAYLA\u015eTI-e1571840276868.jpg\" \/>\n\t<meta property=\"og:image:width\" content=\"874\" \/>\n\t<meta property=\"og:image:height\" content=\"504\" \/>\n\t<meta property=\"og:image:type\" content=\"image\/jpeg\" \/>\n<meta name=\"author\" content=\"darka mazi\" \/>\n<meta name=\"twitter:card\" content=\"summary_large_image\" \/>\n<meta name=\"twitter:creator\" content=\"@DarkaMaziTurkce\" \/>\n<meta name=\"twitter:site\" content=\"@DarkaMaziTurkce\" \/>\n<meta name=\"twitter:label1\" content=\"Written by\" \/>\n\t<meta name=\"twitter:data1\" content=\"darka mazi\" \/>\n\t<meta name=\"twitter:label2\" content=\"Est. reading time\" \/>\n\t<meta name=\"twitter:data2\" content=\"3 minutes\" \/>\n<script type=\"application\/ld+json\" class=\"seo-schema-graph\">{\"@context\":\"https:\\\/\\\/schema.org\",\"@graph\":[{\"@type\":\"NewsArticle\",\"@id\":\"https:\\\/\\\/darkamazi.site\\\/archives\\\/1006846#article\",\"isPartOf\":{\"@id\":\"https:\\\/\\\/darkamazi.site\\\/archives\\\/1006846\"},\"author\":{\"name\":\"darka mazi\",\"@id\":\"https:\\\/\\\/darkamazi.site\\\/#\\\/schema\\\/person\\\/67986a95ac546c16760365877ef4a9d3\"},\"headline\":\"RUSYA VE T\u00dcRK\u0130YE ROJAVA\u2019YI KEND\u0130 ARALARINDA PAYLA\u015eTI\",\"datePublished\":\"2019-10-22T19:24:49+00:00\",\"dateModified\":\"2019-10-23T14:10:42+00:00\",\"mainEntityOfPage\":{\"@id\":\"https:\\\/\\\/darkamazi.site\\\/archives\\\/1006846\"},\"wordCount\":562,\"publisher\":{\"@id\":\"https:\\\/\\\/darkamazi.site\\\/#organization\"},\"image\":{\"@id\":\"https:\\\/\\\/darkamazi.site\\\/archives\\\/1006846#primaryimage\"},\"thumbnailUrl\":\"https:\\\/\\\/darkamazi.site\\\/darka-content\\\/uploads\\\/2019\\\/10\\\/RUSYA-VE-T\u00dcRK\u0130YE-ROJAVA\u2019YI-KEND\u0130-ARALARINDA-PAYLA\u015eTI-e1571840276868.jpg\",\"keywords\":[\"\u00f6nemli\"],\"articleSection\":[\"Kurdistan\"],\"inLanguage\":\"en-US\"},{\"@type\":\"WebPage\",\"@id\":\"https:\\\/\\\/darkamazi.site\\\/archives\\\/1006846\",\"url\":\"https:\\\/\\\/darkamazi.site\\\/archives\\\/1006846\",\"name\":\"RUSYA VE T\u00dcRK\u0130YE ROJAVA\u2019YI KEND\u0130 ARALARINDA PAYLA\u015eTI - Darka Mazi\",\"isPartOf\":{\"@id\":\"https:\\\/\\\/darkamazi.site\\\/#website\"},\"primaryImageOfPage\":{\"@id\":\"https:\\\/\\\/darkamazi.site\\\/archives\\\/1006846#primaryimage\"},\"image\":{\"@id\":\"https:\\\/\\\/darkamazi.site\\\/archives\\\/1006846#primaryimage\"},\"thumbnailUrl\":\"https:\\\/\\\/darkamazi.site\\\/darka-content\\\/uploads\\\/2019\\\/10\\\/RUSYA-VE-T\u00dcRK\u0130YE-ROJAVA\u2019YI-KEND\u0130-ARALARINDA-PAYLA\u015eTI-e1571840276868.jpg\",\"datePublished\":\"2019-10-22T19:24:49+00:00\",\"dateModified\":\"2019-10-23T14:10:42+00:00\",\"breadcrumb\":{\"@id\":\"https:\\\/\\\/darkamazi.site\\\/archives\\\/1006846#breadcrumb\"},\"inLanguage\":\"en-US\",\"potentialAction\":[{\"@type\":\"ReadAction\",\"target\":[\"https:\\\/\\\/darkamazi.site\\\/archives\\\/1006846\"]}]},{\"@type\":\"ImageObject\",\"inLanguage\":\"en-US\",\"@id\":\"https:\\\/\\\/darkamazi.site\\\/archives\\\/1006846#primaryimage\",\"url\":\"https:\\\/\\\/darkamazi.site\\\/darka-content\\\/uploads\\\/2019\\\/10\\\/RUSYA-VE-T\u00dcRK\u0130YE-ROJAVA\u2019YI-KEND\u0130-ARALARINDA-PAYLA\u015eTI-e1571840276868.jpg\",\"contentUrl\":\"https:\\\/\\\/darkamazi.site\\\/darka-content\\\/uploads\\\/2019\\\/10\\\/RUSYA-VE-T\u00dcRK\u0130YE-ROJAVA\u2019YI-KEND\u0130-ARALARINDA-PAYLA\u015eTI-e1571840276868.jpg\",\"width\":874,\"height\":504,\"caption\":\"So\u00e7i, T\u00fcrkiye, Putin, Rojava RUSYA VE T\u00dcRK\u0130YE ROJAVA\u2019YI KEND\u0130 ARALARINDA PAYLA\u015eTI\"},{\"@type\":\"BreadcrumbList\",\"@id\":\"https:\\\/\\\/darkamazi.site\\\/archives\\\/1006846#breadcrumb\",\"itemListElement\":[{\"@type\":\"ListItem\",\"position\":1,\"name\":\"Home\",\"item\":\"https:\\\/\\\/darkamazi.site\\\/\"},{\"@type\":\"ListItem\",\"position\":2,\"name\":\"RUSYA VE T\u00dcRK\u0130YE ROJAVA\u2019YI KEND\u0130 ARALARINDA PAYLA\u015eTI\"}]},{\"@type\":\"WebSite\",\"@id\":\"https:\\\/\\\/darkamazi.site\\\/#website\",\"url\":\"https:\\\/\\\/darkamazi.site\\\/\",\"name\":\"Darka Mazi\",\"description\":\"Ana Sayfa\",\"publisher\":{\"@id\":\"https:\\\/\\\/darkamazi.site\\\/#organization\"},\"potentialAction\":[{\"@type\":\"SearchAction\",\"target\":{\"@type\":\"EntryPoint\",\"urlTemplate\":\"https:\\\/\\\/darkamazi.site\\\/?s={search_term_string}\"},\"query-input\":{\"@type\":\"PropertyValueSpecification\",\"valueRequired\":true,\"valueName\":\"search_term_string\"}}],\"inLanguage\":\"en-US\"},{\"@type\":\"Organization\",\"@id\":\"https:\\\/\\\/darkamazi.site\\\/#organization\",\"name\":\"Darka Mazi T\u00fcrk\u00e7e\",\"alternateName\":\"Darka Mazi\",\"url\":\"https:\\\/\\\/darkamazi.site\\\/\",\"logo\":{\"@type\":\"ImageObject\",\"inLanguage\":\"en-US\",\"@id\":\"https:\\\/\\\/darkamazi.site\\\/#\\\/schema\\\/logo\\\/image\\\/\",\"url\":\"https:\\\/\\\/darkamazi.site\\\/darka-content\\\/uploads\\\/2017\\\/12\\\/darka-mazi-logo.png\",\"contentUrl\":\"https:\\\/\\\/darkamazi.site\\\/darka-content\\\/uploads\\\/2017\\\/12\\\/darka-mazi-logo.png\",\"width\":151,\"height\":75,\"caption\":\"Darka Mazi T\u00fcrk\u00e7e\"},\"image\":{\"@id\":\"https:\\\/\\\/darkamazi.site\\\/#\\\/schema\\\/logo\\\/image\\\/\"},\"sameAs\":[\"https:\\\/\\\/www.facebook.com\\\/DarkaMaziturkce\",\"https:\\\/\\\/x.com\\\/DarkaMaziTurkce\"]},{\"@type\":\"Person\",\"@id\":\"https:\\\/\\\/darkamazi.site\\\/#\\\/schema\\\/person\\\/67986a95ac546c16760365877ef4a9d3\",\"name\":\"darka mazi\",\"sameAs\":[\"https:\\\/\\\/darkamazi.site\"],\"url\":\"https:\\\/\\\/darkamazi.site\\\/archives\\\/author\\\/turkish\"}]}<\/script>\n<!-- \/ Yoast SEO plugin. -->","seo_head_json":{"title":"RUSYA VE T\u00dcRK\u0130YE ROJAVA\u2019YI KEND\u0130 ARALARINDA PAYLA\u015eTI - Darka Mazi","robots":{"index":"index","follow":"follow","max-snippet":"max-snippet:-1","max-image-preview":"max-image-preview:large","max-video-preview":"max-video-preview:-1"},"canonical":"https:\/\/darkamazi.site\/archives\/1006846","og_locale":"en_US","og_type":"article","og_title":"RUSYA VE T\u00dcRK\u0130YE ROJAVA\u2019YI KEND\u0130 ARALARINDA PAYLA\u015eTI - Darka Mazi","og_description":"Bu g\u00fcn ger\u00e7ekle\u015fen So\u00e7i g\u00f6r\u00fc\u015fmesi sonras\u0131 Rusya Devlet Ba\u015fkan\u0131 Vladimir Putin ve T\u00fcrkiye Cumhurba\u015fkan\u0131 Erdo\u011fan bas\u0131n a\u00e7\u0131klamas\u0131 yapt\u0131. Bu a\u00e7\u0131klamaya g\u00f6re 10 maddelik bir mutabakat anla\u015fmas\u0131 imzaland\u0131\u011f\u0131 a\u00e7\u0131kland\u0131. Bu anla\u015fmaya g\u00f6re 150 saatlik bir ate\u015fkes konusunda anla\u015fma sa\u011flanm\u0131\u015ft\u0131r. Bu anla\u015fmaya g\u00f6re T\u00fcrkiye ve Rusya Minbi\u00e7, Til Abyad, Sere Kaniye Hatt\u0131nda T\u00fcrkiye- Rusya ortak devriyeleri gezecek [&hellip;]","og_url":"https:\/\/darkamazi.site\/archives\/1006846","og_site_name":"Darka Mazi","article_publisher":"https:\/\/www.facebook.com\/DarkaMaziturkce","article_published_time":"2019-10-22T19:24:49+00:00","article_modified_time":"2019-10-23T14:10:42+00:00","og_image":[{"width":874,"height":504,"url":"https:\/\/darkamazi.site\/file\/2019\/10\/RUSYA-VE-T\u00dcRK\u0130YE-ROJAVA\u2019YI-KEND\u0130-ARALARINDA-PAYLA\u015eTI-e1571840276868.jpg","type":"image\/jpeg"}],"author":"darka mazi","twitter_card":"summary_large_image","twitter_creator":"@DarkaMaziTurkce","twitter_site":"@DarkaMaziTurkce","twitter_misc":{"Written by":"darka mazi","Est. reading time":"3 minutes"},"schema":{"@context":"https:\/\/schema.org","@graph":[{"@type":"NewsArticle","@id":"https:\/\/darkamazi.site\/archives\/1006846#article","isPartOf":{"@id":"https:\/\/darkamazi.site\/archives\/1006846"},"author":{"name":"darka mazi","@id":"https:\/\/darkamazi.site\/#\/schema\/person\/67986a95ac546c16760365877ef4a9d3"},"headline":"RUSYA VE T\u00dcRK\u0130YE ROJAVA\u2019YI KEND\u0130 ARALARINDA PAYLA\u015eTI","datePublished":"2019-10-22T19:24:49+00:00","dateModified":"2019-10-23T14:10:42+00:00","mainEntityOfPage":{"@id":"https:\/\/darkamazi.site\/archives\/1006846"},"wordCount":562,"publisher":{"@id":"https:\/\/darkamazi.site\/#organization"},"image":{"@id":"https:\/\/darkamazi.site\/archives\/1006846#primaryimage"},"thumbnailUrl":"https:\/\/darkamazi.site\/file\/2019\/10\/RUSYA-VE-T\u00dcRK\u0130YE-ROJAVA\u2019YI-KEND\u0130-ARALARINDA-PAYLA\u015eTI-e1571840276868.jpg","keywords":["\u00f6nemli"],"articleSection":["Kurdistan"],"inLanguage":"en-US"},{"@type":"WebPage","@id":"https:\/\/darkamazi.site\/archives\/1006846","url":"https:\/\/darkamazi.site\/archives\/1006846","name":"RUSYA VE T\u00dcRK\u0130YE ROJAVA\u2019YI KEND\u0130 ARALARINDA PAYLA\u015eTI - Darka Mazi","isPartOf":{"@id":"https:\/\/darkamazi.site\/#website"},"primaryImageOfPage":{"@id":"https:\/\/darkamazi.site\/archives\/1006846#primaryimage"},"image":{"@id":"https:\/\/darkamazi.site\/archives\/1006846#primaryimage"},"thumbnailUrl":"https:\/\/darkamazi.site\/file\/2019\/10\/RUSYA-VE-T\u00dcRK\u0130YE-ROJAVA\u2019YI-KEND\u0130-ARALARINDA-PAYLA\u015eTI-e1571840276868.jpg","datePublished":"2019-10-22T19:24:49+00:00","dateModified":"2019-10-23T14:10:42+00:00","breadcrumb":{"@id":"https:\/\/darkamazi.site\/archives\/1006846#breadcrumb"},"inLanguage":"en-US","potentialAction":[{"@type":"ReadAction","target":["https:\/\/darkamazi.site\/archives\/1006846"]}]},{"@type":"ImageObject","inLanguage":"en-US","@id":"https:\/\/darkamazi.site\/archives\/1006846#primaryimage","url":"https:\/\/darkamazi.site\/file\/2019\/10\/RUSYA-VE-T\u00dcRK\u0130YE-ROJAVA\u2019YI-KEND\u0130-ARALARINDA-PAYLA\u015eTI-e1571840276868.jpg","contentUrl":"https:\/\/darkamazi.site\/file\/2019\/10\/RUSYA-VE-T\u00dcRK\u0130YE-ROJAVA\u2019YI-KEND\u0130-ARALARINDA-PAYLA\u015eTI-e1571840276868.jpg","width":874,"height":504,"caption":"So\u00e7i, T\u00fcrkiye, Putin, Rojava RUSYA VE T\u00dcRK\u0130YE ROJAVA\u2019YI KEND\u0130 ARALARINDA PAYLA\u015eTI"},{"@type":"BreadcrumbList","@id":"https:\/\/darkamazi.site\/archives\/1006846#breadcrumb","itemListElement":[{"@type":"ListItem","position":1,"name":"Home","item":"https:\/\/darkamazi.site\/"},{"@type":"ListItem","position":2,"name":"RUSYA VE T\u00dcRK\u0130YE ROJAVA\u2019YI KEND\u0130 ARALARINDA PAYLA\u015eTI"}]},{"@type":"WebSite","@id":"https:\/\/darkamazi.site\/#website","url":"https:\/\/darkamazi.site\/","name":"Darka Mazi","description":"Ana Sayfa","publisher":{"@id":"https:\/\/darkamazi.site\/#organization"},"potentialAction":[{"@type":"SearchAction","target":{"@type":"EntryPoint","urlTemplate":"https:\/\/darkamazi.site\/?s={search_term_string}"},"query-input":{"@type":"PropertyValueSpecification","valueRequired":true,"valueName":"search_term_string"}}],"inLanguage":"en-US"},{"@type":"Organization","@id":"https:\/\/darkamazi.site\/#organization","name":"Darka Mazi T\u00fcrk\u00e7e","alternateName":"Darka Mazi","url":"https:\/\/darkamazi.site\/","logo":{"@type":"ImageObject","inLanguage":"en-US","@id":"https:\/\/darkamazi.site\/#\/schema\/logo\/image\/","url":"https:\/\/darkamazi.site\/file\/2017\/12\/darka-mazi-logo.png","contentUrl":"https:\/\/darkamazi.site\/file\/2017\/12\/darka-mazi-logo.png","width":151,"height":75,"caption":"Darka Mazi T\u00fcrk\u00e7e"},"image":{"@id":"https:\/\/darkamazi.site\/#\/schema\/logo\/image\/"},"sameAs":["https:\/\/www.facebook.com\/DarkaMaziturkce","https:\/\/x.com\/DarkaMaziTurkce"]},{"@type":"Person","@id":"https:\/\/darkamazi.site\/#\/schema\/person\/67986a95ac546c16760365877ef4a9d3","name":"darka mazi","sameAs":["https:\/\/darkamazi.site"],"url":"https:\/\/darkamazi.site\/archives\/author\/turkish"}]}},"_links":{"self":[{"href":"https:\/\/darkamazi.site\/funavuv\/wp\/v2\/posts\/1006846","targetHints":{"allow":["GET"]}}],"collection":[{"href":"https:\/\/darkamazi.site\/funavuv\/wp\/v2\/posts"}],"about":[{"href":"https:\/\/darkamazi.site\/funavuv\/wp\/v2\/types\/post"}],"author":[{"embeddable":true,"href":"https:\/\/darkamazi.site\/funavuv\/wp\/v2\/users\/2"}],"replies":[{"embeddable":true,"href":"https:\/\/darkamazi.site\/funavuv\/wp\/v2\/comments?post=1006846"}],"version-history":[{"count":0,"href":"https:\/\/darkamazi.site\/funavuv\/wp\/v2\/posts\/1006846\/revisions"}],"wp:featuredmedia":[{"embeddable":true,"href":"https:\/\/darkamazi.site\/funavuv\/wp\/v2\/media\/1006847"}],"wp:attachment":[{"href":"https:\/\/darkamazi.site\/funavuv\/wp\/v2\/media?parent=1006846"}],"wp:term":[{"taxonomy":"category","embeddable":true,"href":"https:\/\/darkamazi.site\/funavuv\/wp\/v2\/categories?post=1006846"},{"taxonomy":"post_tag","embeddable":true,"href":"https:\/\/darkamazi.site\/funavuv\/wp\/v2\/tags?post=1006846"}],"curies":[{"name":"wp","href":"https:\/\/api.w.org\/{rel}","templated":true}]}}