{"id":1006852,"date":"2019-10-22T23:08:39","date_gmt":"2019-10-22T20:08:39","guid":{"rendered":"https:\/\/darkamazi.site\/?p=1006852"},"modified":"2019-10-22T23:08:39","modified_gmt":"2019-10-22T20:08:39","slug":"rojava-yonetimi-gocmenlerin-guney-kurdistana-gecmelerine-izin-vermiyor","status":"publish","type":"post","link":"https:\/\/darkamazi.site\/archives\/1006852","title":{"rendered":"ROJAVA Y\u00d6NET\u0130M\u0130 G\u00d6\u00c7MENLER\u0130N G\u00dcNEY K\u00dcRD\u0130STAN\u2019A GE\u00c7MELER\u0130NE \u0130Z\u0130N VERM\u0130YOR"},"content":{"rendered":"<h2><strong>T\u00fcrk devletinin Rojava\u2019yi i\u015fgal harek\u00e2t\u0131n\u0131n ba\u015flamas\u0131ndan bu yana yakla\u015f\u0131k 5000 ki\u015fi G\u00fcney K\u00fcrdistan\u2019a ge\u00e7i\u015f yapt\u0131.\u00a0 Ancak \u00f6zerk y\u00f6netim ge\u00e7i\u015fleri engellemeye \u00e7al\u0131\u015f\u0131yor.<\/strong><\/h2>\n<p>Federal K\u00fcrdistan H\u00fck\u00fcmetinin i\u00e7i\u015fleri bakan\u0131 R\u00eaber Ahmet; \u015fuana kadar sava\u015ftan ka\u00e7an 5000 bin ki\u015finin G\u00fcney K\u00fcrdistan\u2019a geldi\u011fini a\u00e7\u0131klad\u0131.<\/p>\n<p>G\u00f6\u00e7menlerin geli\u015fi \u00fczerine R\u00eaber Ahmet bir a\u00e7\u0131klamada bulunarak \u201cG\u00fcney K\u00fcrdistan H\u00fck\u00fcmeti Ba\u015fbakan\u0131,\u00a0 ilgili t\u00fcm bakanl\u0131k ve kurumlara Rojava\u2019dan gelecek t\u00fcm m\u00fcltecilerin g\u00fcnl\u00fck ihtiya\u00e7lar\u0131n\u0131n, tedavi ve bar\u0131nma sorunlar\u0131n\u0131n t\u00fcm ko\u015fullar\u0131 kullanarak en iyi bi\u00e7imde kar\u015f\u0131lanmas\u0131, ihtiya\u00e7lar\u0131n\u0131n tedarik edilmesi ve gerekli t\u00fcm haz\u0131rl\u0131klar\u0131n h\u0131zla tamamlanmas\u0131n\u0131\u201d emretti\u011fini s\u00f6yledi.<\/p>\n<p>R\u00eaber Ahmet \u015f\u00f6yle devam etti: \u201c Rojava y\u00f6netiminin ge\u00e7i\u015fleri engelleyen tutumundan dolay\u0131 halk, zorlu ka\u00e7ak yollardan para \u00f6deyerek g\u00fcneye ge\u00e7iyorlar. Eskiden oldu\u011fu gibi bizim Rojava K\u00fcrdistan\u0131 s\u0131n\u0131r\u0131m\u0131z a\u00e7\u0131k ve insani yard\u0131mlarda kesintisiz olarak g\u00f6nderiliyor.\u201d dedi.<\/p>\n","protected":false},"excerpt":{"rendered":"<p>T\u00fcrk devletinin Rojava\u2019yi i\u015fgal harek\u00e2t\u0131n\u0131n ba\u015flamas\u0131ndan bu yana yakla\u015f\u0131k 5000 ki\u015fi G\u00fcney K\u00fcrdistan\u2019a ge\u00e7i\u015f yapt\u0131.\u00a0 Ancak \u00f6zerk y\u00f6netim ge\u00e7i\u015fleri engellemeye \u00e7al\u0131\u015f\u0131yor. Federal K\u00fcrdistan H\u00fck\u00fcmetinin i\u00e7i\u015fleri bakan\u0131 R\u00eaber Ahmet; \u015fuana kadar sava\u015ftan ka\u00e7an 5000 bin ki\u015finin G\u00fcney K\u00fcrdistan\u2019a geldi\u011fini a\u00e7\u0131klad\u0131. G\u00f6\u00e7menlerin geli\u015fi \u00fczerine R\u00eaber Ahmet bir a\u00e7\u0131klamada bulunarak \u201cG\u00fcney K\u00fcrdistan H\u00fck\u00fcmeti Ba\u015fbakan\u0131,\u00a0 ilgili t\u00fcm bakanl\u0131k ve [&hellip;]<\/p>\n","protected":false},"author":2,"featured_media":1006853,"comment_status":"closed","ping_status":"closed","sticky":false,"template":"","format":"standard","meta":{"footnotes":""},"categories":[3],"tags":[],"class_list":["post-1006852","post","type-post","status-publish","format-standard","has-post-thumbnail","hentry","category-kurdistan"],"blocksy_meta":[],"seo_head":"<!-- This site is optimized with the Yoast SEO plugin v27.5 - https:\/\/yoast.com\/product\/yoast-seo-wordpress\/ -->\n<title>ROJAVA Y\u00d6NET\u0130M\u0130 G\u00d6\u00c7MENLER\u0130N G\u00dcNEY K\u00dcRD\u0130STAN\u2019A GE\u00c7MELER\u0130NE \u0130Z\u0130N VERM\u0130YOR - Darka Mazi<\/title>\n<meta name=\"robots\" content=\"index, follow, max-snippet:-1, max-image-preview:large, max-video-preview:-1\" \/>\n<link rel=\"canonical\" href=\"https:\/\/darkamazi.site\/archives\/1006852\" \/>\n<meta property=\"og:locale\" content=\"en_US\" \/>\n<meta property=\"og:type\" content=\"article\" \/>\n<meta property=\"og:title\" content=\"ROJAVA Y\u00d6NET\u0130M\u0130 G\u00d6\u00c7MENLER\u0130N G\u00dcNEY K\u00dcRD\u0130STAN\u2019A GE\u00c7MELER\u0130NE \u0130Z\u0130N VERM\u0130YOR - Darka Mazi\" \/>\n<meta property=\"og:description\" content=\"T\u00fcrk devletinin Rojava\u2019yi i\u015fgal harek\u00e2t\u0131n\u0131n ba\u015flamas\u0131ndan bu yana yakla\u015f\u0131k 5000 ki\u015fi G\u00fcney K\u00fcrdistan\u2019a ge\u00e7i\u015f yapt\u0131.\u00a0 Ancak \u00f6zerk y\u00f6netim ge\u00e7i\u015fleri engellemeye \u00e7al\u0131\u015f\u0131yor. Federal K\u00fcrdistan H\u00fck\u00fcmetinin i\u00e7i\u015fleri bakan\u0131 R\u00eaber Ahmet; \u015fuana kadar sava\u015ftan ka\u00e7an 5000 bin ki\u015finin G\u00fcney K\u00fcrdistan\u2019a geldi\u011fini a\u00e7\u0131klad\u0131. G\u00f6\u00e7menlerin geli\u015fi \u00fczerine R\u00eaber Ahmet bir a\u00e7\u0131klamada bulunarak \u201cG\u00fcney K\u00fcrdistan H\u00fck\u00fcmeti Ba\u015fbakan\u0131,\u00a0 ilgili t\u00fcm bakanl\u0131k ve [&hellip;]\" \/>\n<meta property=\"og:url\" content=\"https:\/\/darkamazi.site\/archives\/1006852\" \/>\n<meta property=\"og:site_name\" content=\"Darka Mazi\" \/>\n<meta property=\"article:publisher\" content=\"https:\/\/www.facebook.com\/DarkaMaziturkce\" \/>\n<meta property=\"article:published_time\" content=\"2019-10-22T20:08:39+00:00\" \/>\n<meta property=\"og:image\" content=\"https:\/\/darkamazi.site\/file\/2019\/10\/ROJAVA-Y\u00d6NET\u0130M\u0130-G\u00d6\u00c7MENLER\u0130N-G\u00dcNEY-K\u00dcRD\u0130STAN\u2019A-GE\u00c7MELER\u0130NE-\u0130Z\u0130N-VERM\u0130YOR.jpg\" \/>\n\t<meta property=\"og:image:width\" content=\"627\" \/>\n\t<meta property=\"og:image:height\" content=\"348\" \/>\n\t<meta property=\"og:image:type\" content=\"image\/jpeg\" \/>\n<meta name=\"author\" content=\"darka mazi\" \/>\n<meta name=\"twitter:card\" content=\"summary_large_image\" \/>\n<meta name=\"twitter:creator\" content=\"@DarkaMaziTurkce\" \/>\n<meta name=\"twitter:site\" content=\"@DarkaMaziTurkce\" \/>\n<meta name=\"twitter:label1\" content=\"Written by\" \/>\n\t<meta name=\"twitter:data1\" content=\"darka mazi\" \/>\n\t<meta name=\"twitter:label2\" content=\"Est. reading time\" \/>\n\t<meta name=\"twitter:data2\" content=\"1 minute\" \/>\n<script type=\"application\/ld+json\" class=\"seo-schema-graph\">{\"@context\":\"https:\\\/\\\/schema.org\",\"@graph\":[{\"@type\":\"NewsArticle\",\"@id\":\"https:\\\/\\\/darkamazi.site\\\/archives\\\/1006852#article\",\"isPartOf\":{\"@id\":\"https:\\\/\\\/darkamazi.site\\\/archives\\\/1006852\"},\"author\":{\"name\":\"darka mazi\",\"@id\":\"https:\\\/\\\/darkamazi.site\\\/#\\\/schema\\\/person\\\/67986a95ac546c16760365877ef4a9d3\"},\"headline\":\"ROJAVA Y\u00d6NET\u0130M\u0130 G\u00d6\u00c7MENLER\u0130N G\u00dcNEY K\u00dcRD\u0130STAN\u2019A GE\u00c7MELER\u0130NE \u0130Z\u0130N VERM\u0130YOR\",\"datePublished\":\"2019-10-22T20:08:39+00:00\",\"mainEntityOfPage\":{\"@id\":\"https:\\\/\\\/darkamazi.site\\\/archives\\\/1006852\"},\"wordCount\":221,\"publisher\":{\"@id\":\"https:\\\/\\\/darkamazi.site\\\/#organization\"},\"image\":{\"@id\":\"https:\\\/\\\/darkamazi.site\\\/archives\\\/1006852#primaryimage\"},\"thumbnailUrl\":\"https:\\\/\\\/darkamazi.site\\\/darka-content\\\/uploads\\\/2019\\\/10\\\/ROJAVA-Y\u00d6NET\u0130M\u0130-G\u00d6\u00c7MENLER\u0130N-G\u00dcNEY-K\u00dcRD\u0130STAN\u2019A-GE\u00c7MELER\u0130NE-\u0130Z\u0130N-VERM\u0130YOR.jpg\",\"articleSection\":[\"Kurdistan\"],\"inLanguage\":\"en-US\"},{\"@type\":\"WebPage\",\"@id\":\"https:\\\/\\\/darkamazi.site\\\/archives\\\/1006852\",\"url\":\"https:\\\/\\\/darkamazi.site\\\/archives\\\/1006852\",\"name\":\"ROJAVA Y\u00d6NET\u0130M\u0130 G\u00d6\u00c7MENLER\u0130N G\u00dcNEY K\u00dcRD\u0130STAN\u2019A GE\u00c7MELER\u0130NE \u0130Z\u0130N VERM\u0130YOR - Darka Mazi\",\"isPartOf\":{\"@id\":\"https:\\\/\\\/darkamazi.site\\\/#website\"},\"primaryImageOfPage\":{\"@id\":\"https:\\\/\\\/darkamazi.site\\\/archives\\\/1006852#primaryimage\"},\"image\":{\"@id\":\"https:\\\/\\\/darkamazi.site\\\/archives\\\/1006852#primaryimage\"},\"thumbnailUrl\":\"https:\\\/\\\/darkamazi.site\\\/darka-content\\\/uploads\\\/2019\\\/10\\\/ROJAVA-Y\u00d6NET\u0130M\u0130-G\u00d6\u00c7MENLER\u0130N-G\u00dcNEY-K\u00dcRD\u0130STAN\u2019A-GE\u00c7MELER\u0130NE-\u0130Z\u0130N-VERM\u0130YOR.jpg\",\"datePublished\":\"2019-10-22T20:08:39+00:00\",\"breadcrumb\":{\"@id\":\"https:\\\/\\\/darkamazi.site\\\/archives\\\/1006852#breadcrumb\"},\"inLanguage\":\"en-US\",\"potentialAction\":[{\"@type\":\"ReadAction\",\"target\":[\"https:\\\/\\\/darkamazi.site\\\/archives\\\/1006852\"]}]},{\"@type\":\"ImageObject\",\"inLanguage\":\"en-US\",\"@id\":\"https:\\\/\\\/darkamazi.site\\\/archives\\\/1006852#primaryimage\",\"url\":\"https:\\\/\\\/darkamazi.site\\\/darka-content\\\/uploads\\\/2019\\\/10\\\/ROJAVA-Y\u00d6NET\u0130M\u0130-G\u00d6\u00c7MENLER\u0130N-G\u00dcNEY-K\u00dcRD\u0130STAN\u2019A-GE\u00c7MELER\u0130NE-\u0130Z\u0130N-VERM\u0130YOR.jpg\",\"contentUrl\":\"https:\\\/\\\/darkamazi.site\\\/darka-content\\\/uploads\\\/2019\\\/10\\\/ROJAVA-Y\u00d6NET\u0130M\u0130-G\u00d6\u00c7MENLER\u0130N-G\u00dcNEY-K\u00dcRD\u0130STAN\u2019A-GE\u00c7MELER\u0130NE-\u0130Z\u0130N-VERM\u0130YOR.jpg\",\"width\":627,\"height\":348,\"caption\":\"ROJAVA Y\u00d6NET\u0130M\u0130 G\u00d6\u00c7MENLER\u0130N G\u00dcNEY K\u00dcRD\u0130STAN\u2019A GE\u00c7MELER\u0130NE \u0130Z\u0130N VERM\u0130YOR\"},{\"@type\":\"BreadcrumbList\",\"@id\":\"https:\\\/\\\/darkamazi.site\\\/archives\\\/1006852#breadcrumb\",\"itemListElement\":[{\"@type\":\"ListItem\",\"position\":1,\"name\":\"Home\",\"item\":\"https:\\\/\\\/darkamazi.site\\\/\"},{\"@type\":\"ListItem\",\"position\":2,\"name\":\"ROJAVA Y\u00d6NET\u0130M\u0130 G\u00d6\u00c7MENLER\u0130N G\u00dcNEY K\u00dcRD\u0130STAN\u2019A GE\u00c7MELER\u0130NE \u0130Z\u0130N VERM\u0130YOR\"}]},{\"@type\":\"WebSite\",\"@id\":\"https:\\\/\\\/darkamazi.site\\\/#website\",\"url\":\"https:\\\/\\\/darkamazi.site\\\/\",\"name\":\"Darka Mazi\",\"description\":\"Ana Sayfa\",\"publisher\":{\"@id\":\"https:\\\/\\\/darkamazi.site\\\/#organization\"},\"potentialAction\":[{\"@type\":\"SearchAction\",\"target\":{\"@type\":\"EntryPoint\",\"urlTemplate\":\"https:\\\/\\\/darkamazi.site\\\/?s={search_term_string}\"},\"query-input\":{\"@type\":\"PropertyValueSpecification\",\"valueRequired\":true,\"valueName\":\"search_term_string\"}}],\"inLanguage\":\"en-US\"},{\"@type\":\"Organization\",\"@id\":\"https:\\\/\\\/darkamazi.site\\\/#organization\",\"name\":\"Darka Mazi T\u00fcrk\u00e7e\",\"alternateName\":\"Darka Mazi\",\"url\":\"https:\\\/\\\/darkamazi.site\\\/\",\"logo\":{\"@type\":\"ImageObject\",\"inLanguage\":\"en-US\",\"@id\":\"https:\\\/\\\/darkamazi.site\\\/#\\\/schema\\\/logo\\\/image\\\/\",\"url\":\"https:\\\/\\\/darkamazi.site\\\/darka-content\\\/uploads\\\/2017\\\/12\\\/darka-mazi-logo.png\",\"contentUrl\":\"https:\\\/\\\/darkamazi.site\\\/darka-content\\\/uploads\\\/2017\\\/12\\\/darka-mazi-logo.png\",\"width\":151,\"height\":75,\"caption\":\"Darka Mazi T\u00fcrk\u00e7e\"},\"image\":{\"@id\":\"https:\\\/\\\/darkamazi.site\\\/#\\\/schema\\\/logo\\\/image\\\/\"},\"sameAs\":[\"https:\\\/\\\/www.facebook.com\\\/DarkaMaziturkce\",\"https:\\\/\\\/x.com\\\/DarkaMaziTurkce\"]},{\"@type\":\"Person\",\"@id\":\"https:\\\/\\\/darkamazi.site\\\/#\\\/schema\\\/person\\\/67986a95ac546c16760365877ef4a9d3\",\"name\":\"darka mazi\",\"sameAs\":[\"https:\\\/\\\/darkamazi.site\"],\"url\":\"https:\\\/\\\/darkamazi.site\\\/archives\\\/author\\\/turkish\"}]}<\/script>\n<!-- \/ Yoast SEO plugin. -->","seo_head_json":{"title":"ROJAVA Y\u00d6NET\u0130M\u0130 G\u00d6\u00c7MENLER\u0130N G\u00dcNEY K\u00dcRD\u0130STAN\u2019A GE\u00c7MELER\u0130NE \u0130Z\u0130N VERM\u0130YOR - Darka Mazi","robots":{"index":"index","follow":"follow","max-snippet":"max-snippet:-1","max-image-preview":"max-image-preview:large","max-video-preview":"max-video-preview:-1"},"canonical":"https:\/\/darkamazi.site\/archives\/1006852","og_locale":"en_US","og_type":"article","og_title":"ROJAVA Y\u00d6NET\u0130M\u0130 G\u00d6\u00c7MENLER\u0130N G\u00dcNEY K\u00dcRD\u0130STAN\u2019A GE\u00c7MELER\u0130NE \u0130Z\u0130N VERM\u0130YOR - Darka Mazi","og_description":"T\u00fcrk devletinin Rojava\u2019yi i\u015fgal harek\u00e2t\u0131n\u0131n ba\u015flamas\u0131ndan bu yana yakla\u015f\u0131k 5000 ki\u015fi G\u00fcney K\u00fcrdistan\u2019a ge\u00e7i\u015f yapt\u0131.\u00a0 Ancak \u00f6zerk y\u00f6netim ge\u00e7i\u015fleri engellemeye \u00e7al\u0131\u015f\u0131yor. Federal K\u00fcrdistan H\u00fck\u00fcmetinin i\u00e7i\u015fleri bakan\u0131 R\u00eaber Ahmet; \u015fuana kadar sava\u015ftan ka\u00e7an 5000 bin ki\u015finin G\u00fcney K\u00fcrdistan\u2019a geldi\u011fini a\u00e7\u0131klad\u0131. G\u00f6\u00e7menlerin geli\u015fi \u00fczerine R\u00eaber Ahmet bir a\u00e7\u0131klamada bulunarak \u201cG\u00fcney K\u00fcrdistan H\u00fck\u00fcmeti Ba\u015fbakan\u0131,\u00a0 ilgili t\u00fcm bakanl\u0131k ve [&hellip;]","og_url":"https:\/\/darkamazi.site\/archives\/1006852","og_site_name":"Darka Mazi","article_publisher":"https:\/\/www.facebook.com\/DarkaMaziturkce","article_published_time":"2019-10-22T20:08:39+00:00","og_image":[{"width":627,"height":348,"url":"https:\/\/darkamazi.site\/file\/2019\/10\/ROJAVA-Y\u00d6NET\u0130M\u0130-G\u00d6\u00c7MENLER\u0130N-G\u00dcNEY-K\u00dcRD\u0130STAN\u2019A-GE\u00c7MELER\u0130NE-\u0130Z\u0130N-VERM\u0130YOR.jpg","type":"image\/jpeg"}],"author":"darka mazi","twitter_card":"summary_large_image","twitter_creator":"@DarkaMaziTurkce","twitter_site":"@DarkaMaziTurkce","twitter_misc":{"Written by":"darka mazi","Est. reading time":"1 minute"},"schema":{"@context":"https:\/\/schema.org","@graph":[{"@type":"NewsArticle","@id":"https:\/\/darkamazi.site\/archives\/1006852#article","isPartOf":{"@id":"https:\/\/darkamazi.site\/archives\/1006852"},"author":{"name":"darka mazi","@id":"https:\/\/darkamazi.site\/#\/schema\/person\/67986a95ac546c16760365877ef4a9d3"},"headline":"ROJAVA Y\u00d6NET\u0130M\u0130 G\u00d6\u00c7MENLER\u0130N G\u00dcNEY K\u00dcRD\u0130STAN\u2019A GE\u00c7MELER\u0130NE \u0130Z\u0130N VERM\u0130YOR","datePublished":"2019-10-22T20:08:39+00:00","mainEntityOfPage":{"@id":"https:\/\/darkamazi.site\/archives\/1006852"},"wordCount":221,"publisher":{"@id":"https:\/\/darkamazi.site\/#organization"},"image":{"@id":"https:\/\/darkamazi.site\/archives\/1006852#primaryimage"},"thumbnailUrl":"https:\/\/darkamazi.site\/file\/2019\/10\/ROJAVA-Y\u00d6NET\u0130M\u0130-G\u00d6\u00c7MENLER\u0130N-G\u00dcNEY-K\u00dcRD\u0130STAN\u2019A-GE\u00c7MELER\u0130NE-\u0130Z\u0130N-VERM\u0130YOR.jpg","articleSection":["Kurdistan"],"inLanguage":"en-US"},{"@type":"WebPage","@id":"https:\/\/darkamazi.site\/archives\/1006852","url":"https:\/\/darkamazi.site\/archives\/1006852","name":"ROJAVA Y\u00d6NET\u0130M\u0130 G\u00d6\u00c7MENLER\u0130N G\u00dcNEY K\u00dcRD\u0130STAN\u2019A GE\u00c7MELER\u0130NE \u0130Z\u0130N VERM\u0130YOR - Darka Mazi","isPartOf":{"@id":"https:\/\/darkamazi.site\/#website"},"primaryImageOfPage":{"@id":"https:\/\/darkamazi.site\/archives\/1006852#primaryimage"},"image":{"@id":"https:\/\/darkamazi.site\/archives\/1006852#primaryimage"},"thumbnailUrl":"https:\/\/darkamazi.site\/file\/2019\/10\/ROJAVA-Y\u00d6NET\u0130M\u0130-G\u00d6\u00c7MENLER\u0130N-G\u00dcNEY-K\u00dcRD\u0130STAN\u2019A-GE\u00c7MELER\u0130NE-\u0130Z\u0130N-VERM\u0130YOR.jpg","datePublished":"2019-10-22T20:08:39+00:00","breadcrumb":{"@id":"https:\/\/darkamazi.site\/archives\/1006852#breadcrumb"},"inLanguage":"en-US","potentialAction":[{"@type":"ReadAction","target":["https:\/\/darkamazi.site\/archives\/1006852"]}]},{"@type":"ImageObject","inLanguage":"en-US","@id":"https:\/\/darkamazi.site\/archives\/1006852#primaryimage","url":"https:\/\/darkamazi.site\/file\/2019\/10\/ROJAVA-Y\u00d6NET\u0130M\u0130-G\u00d6\u00c7MENLER\u0130N-G\u00dcNEY-K\u00dcRD\u0130STAN\u2019A-GE\u00c7MELER\u0130NE-\u0130Z\u0130N-VERM\u0130YOR.jpg","contentUrl":"https:\/\/darkamazi.site\/file\/2019\/10\/ROJAVA-Y\u00d6NET\u0130M\u0130-G\u00d6\u00c7MENLER\u0130N-G\u00dcNEY-K\u00dcRD\u0130STAN\u2019A-GE\u00c7MELER\u0130NE-\u0130Z\u0130N-VERM\u0130YOR.jpg","width":627,"height":348,"caption":"ROJAVA Y\u00d6NET\u0130M\u0130 G\u00d6\u00c7MENLER\u0130N G\u00dcNEY K\u00dcRD\u0130STAN\u2019A GE\u00c7MELER\u0130NE \u0130Z\u0130N VERM\u0130YOR"},{"@type":"BreadcrumbList","@id":"https:\/\/darkamazi.site\/archives\/1006852#breadcrumb","itemListElement":[{"@type":"ListItem","position":1,"name":"Home","item":"https:\/\/darkamazi.site\/"},{"@type":"ListItem","position":2,"name":"ROJAVA Y\u00d6NET\u0130M\u0130 G\u00d6\u00c7MENLER\u0130N G\u00dcNEY K\u00dcRD\u0130STAN\u2019A GE\u00c7MELER\u0130NE \u0130Z\u0130N VERM\u0130YOR"}]},{"@type":"WebSite","@id":"https:\/\/darkamazi.site\/#website","url":"https:\/\/darkamazi.site\/","name":"Darka Mazi","description":"Ana Sayfa","publisher":{"@id":"https:\/\/darkamazi.site\/#organization"},"potentialAction":[{"@type":"SearchAction","target":{"@type":"EntryPoint","urlTemplate":"https:\/\/darkamazi.site\/?s={search_term_string}"},"query-input":{"@type":"PropertyValueSpecification","valueRequired":true,"valueName":"search_term_string"}}],"inLanguage":"en-US"},{"@type":"Organization","@id":"https:\/\/darkamazi.site\/#organization","name":"Darka Mazi T\u00fcrk\u00e7e","alternateName":"Darka Mazi","url":"https:\/\/darkamazi.site\/","logo":{"@type":"ImageObject","inLanguage":"en-US","@id":"https:\/\/darkamazi.site\/#\/schema\/logo\/image\/","url":"https:\/\/darkamazi.site\/file\/2017\/12\/darka-mazi-logo.png","contentUrl":"https:\/\/darkamazi.site\/file\/2017\/12\/darka-mazi-logo.png","width":151,"height":75,"caption":"Darka Mazi T\u00fcrk\u00e7e"},"image":{"@id":"https:\/\/darkamazi.site\/#\/schema\/logo\/image\/"},"sameAs":["https:\/\/www.facebook.com\/DarkaMaziturkce","https:\/\/x.com\/DarkaMaziTurkce"]},{"@type":"Person","@id":"https:\/\/darkamazi.site\/#\/schema\/person\/67986a95ac546c16760365877ef4a9d3","name":"darka mazi","sameAs":["https:\/\/darkamazi.site"],"url":"https:\/\/darkamazi.site\/archives\/author\/turkish"}]}},"_links":{"self":[{"href":"https:\/\/darkamazi.site\/funavuv\/wp\/v2\/posts\/1006852","targetHints":{"allow":["GET"]}}],"collection":[{"href":"https:\/\/darkamazi.site\/funavuv\/wp\/v2\/posts"}],"about":[{"href":"https:\/\/darkamazi.site\/funavuv\/wp\/v2\/types\/post"}],"author":[{"embeddable":true,"href":"https:\/\/darkamazi.site\/funavuv\/wp\/v2\/users\/2"}],"replies":[{"embeddable":true,"href":"https:\/\/darkamazi.site\/funavuv\/wp\/v2\/comments?post=1006852"}],"version-history":[{"count":0,"href":"https:\/\/darkamazi.site\/funavuv\/wp\/v2\/posts\/1006852\/revisions"}],"wp:featuredmedia":[{"embeddable":true,"href":"https:\/\/darkamazi.site\/funavuv\/wp\/v2\/media\/1006853"}],"wp:attachment":[{"href":"https:\/\/darkamazi.site\/funavuv\/wp\/v2\/media?parent=1006852"}],"wp:term":[{"taxonomy":"category","embeddable":true,"href":"https:\/\/darkamazi.site\/funavuv\/wp\/v2\/categories?post=1006852"},{"taxonomy":"post_tag","embeddable":true,"href":"https:\/\/darkamazi.site\/funavuv\/wp\/v2\/tags?post=1006852"}],"curies":[{"name":"wp","href":"https:\/\/api.w.org\/{rel}","templated":true}]}}