{"id":1006855,"date":"2019-10-23T10:51:04","date_gmt":"2019-10-23T07:51:04","guid":{"rendered":"https:\/\/darkamazi.site\/?p=1006855"},"modified":"2019-10-23T10:51:04","modified_gmt":"2019-10-23T07:51:04","slug":"kobane-halki-uluslararasi-toplumun-sesizligini-kinadi","status":"publish","type":"post","link":"https:\/\/darkamazi.site\/archives\/1006855","title":{"rendered":"KOBAN\u00ca HALKI ULUSLARARASI TOPLUMUN SES\u0130ZL\u0130\u011e\u0130N\u0130 KINADI"},"content":{"rendered":"<h2><strong>Binlerce Koban\u00ea\u2019li kitlesel bir y\u00fcr\u00fcy\u00fc\u015fle, uluslararas\u0131 toplumun T\u00fcrk i\u015fgaline kar\u015f\u0131 sessizli\u011fini k\u0131nad\u0131.<\/strong><\/h2>\n<p>Bu g\u00fcn binlerce Koban\u00ea\u2019liler \u015eehid Agit meydan\u0131n da toplanarak, g\u00f6steri yapt\u0131.\u00a0 A\u00e7\u0131lan pankart ve at\u0131lan sloganlarla T\u00fcrk devletinin i\u015fgali k\u0131nand\u0131. Uluslaras\u0131 toplumun i\u015fgale duyars\u0131z kalmas\u0131na da tepki g\u00f6sterildi.<\/p>\n<p>Y\u00fcr\u00fcy\u00fc\u015f esnas\u0131nda F\u0131rat b\u00f6lgesinin halkla ili\u015fkiler kurumu e\u015f ba\u015fkan\u0131 S\u00fcleyman Ke\u015fi\u015f, \u015f\u00f6yle konu\u015ftu:\u00a0 T\u00fcrkiye\u2019nin b\u00f6lgeyi i\u015fgal harekat\u0131, binlerce y\u0131ld\u0131r bu topraklarda bar\u0131\u015f i\u00e7inde bir arada ya\u015fayan halklar\u0131m\u0131za soyk\u0131r\u0131m getirmi\u015ftir. Onlarca okul y\u0131k\u0131lm\u0131\u015f, binlerce \u00f6\u011frenci e\u011fitimsiz kalm\u0131\u015f, \u015fehirler, k\u00f6yler g\u00f6\u00e7ertilmi\u015f, halk\u0131n kurumlar\u0131 la\u011fvedilmi\u015f ve y\u00fczlerce insan\u0131m\u0131z katledilmi\u015ftir. \u0130\u015fte, T\u00fcrkiye\u2019nin bar\u0131\u015f p\u0131nar\u0131 operasyonunun b\u00f6lgemize getirdikleri.<\/p>\n<p>Ayn\u0131 zamanda T\u00fcrk devletinin i\u015fgali \u00a0K\u00fcrt,Arab,Ermeni ve S\u00fcryani halklar\u0131n\u0131n ortak direni\u015f cephesini do\u011furdunu belirtti. protesto g\u00f6sterisin de din ve inan\u00e7 komitesinin \u00fcyesi \u0130brahim Ramo da \u015funlar\u0131 s\u00f6yledi; i\u015fgalci t\u00fcrk devletine kar\u015f\u0131 tek yolumuz birli\u011fimizi sa\u011flamam\u0131z, d\u00fc\u015fman\u0131n psikolojik sava\u015f\u0131na kar\u015f\u0131 duyarl\u0131 olmam\u0131z ve halklar\u0131n karde\u015fli\u011fini\u00a0 her ko\u015fulda alt\u0131nda savunmam\u0131z gerekiyor diye belirtti.<\/p>\n<p>T\u00fcrkiye\u2019nin 9 ekim de ba\u015flatm\u0131\u015f oldu\u011fu Rojava i\u015fgal harekat\u0131n\u0131n b\u00f6lge halk\u0131nda yaratt\u0131\u011f\u0131 can ve mal kayb\u0131 \u00fczerine uluslaras\u0131 merkezler \u00a0\u201c kan p\u0131nar\u0131 operasyonu\u201d olarak adland\u0131rm\u0131\u015f olup, sivil halka kar\u015f\u0131 yasaklanm\u0131\u015f\u00a0 silahlar\u0131n kullan\u0131ld\u0131\u011f\u0131 da tespit edilmi\u015ftir.<\/p>\n","protected":false},"excerpt":{"rendered":"<p>Binlerce Koban\u00ea\u2019li kitlesel bir y\u00fcr\u00fcy\u00fc\u015fle, uluslararas\u0131 toplumun T\u00fcrk i\u015fgaline kar\u015f\u0131 sessizli\u011fini k\u0131nad\u0131. Bu g\u00fcn binlerce Koban\u00ea\u2019liler \u015eehid Agit meydan\u0131n da toplanarak, g\u00f6steri yapt\u0131.\u00a0 A\u00e7\u0131lan pankart ve at\u0131lan sloganlarla T\u00fcrk devletinin i\u015fgali k\u0131nand\u0131. Uluslaras\u0131 toplumun i\u015fgale duyars\u0131z kalmas\u0131na da tepki g\u00f6sterildi. Y\u00fcr\u00fcy\u00fc\u015f esnas\u0131nda F\u0131rat b\u00f6lgesinin halkla ili\u015fkiler kurumu e\u015f ba\u015fkan\u0131 S\u00fcleyman Ke\u015fi\u015f, \u015f\u00f6yle konu\u015ftu:\u00a0 T\u00fcrkiye\u2019nin b\u00f6lgeyi [&hellip;]<\/p>\n","protected":false},"author":2,"featured_media":1006856,"comment_status":"closed","ping_status":"closed","sticky":false,"template":"","format":"standard","meta":{"footnotes":""},"categories":[3],"tags":[],"class_list":["post-1006855","post","type-post","status-publish","format-standard","has-post-thumbnail","hentry","category-kurdistan"],"blocksy_meta":[],"seo_head":"<!-- This site is optimized with the Yoast SEO plugin v27.5 - https:\/\/yoast.com\/product\/yoast-seo-wordpress\/ -->\n<title>KOBAN\u00ca HALKI ULUSLARARASI TOPLUMUN SES\u0130ZL\u0130\u011e\u0130N\u0130 KINADI - Darka Mazi<\/title>\n<meta name=\"robots\" content=\"index, follow, max-snippet:-1, max-image-preview:large, max-video-preview:-1\" \/>\n<link rel=\"canonical\" href=\"https:\/\/darkamazi.site\/archives\/1006855\" \/>\n<meta property=\"og:locale\" content=\"en_US\" \/>\n<meta property=\"og:type\" content=\"article\" \/>\n<meta property=\"og:title\" content=\"KOBAN\u00ca HALKI ULUSLARARASI TOPLUMUN SES\u0130ZL\u0130\u011e\u0130N\u0130 KINADI - Darka Mazi\" \/>\n<meta property=\"og:description\" content=\"Binlerce Koban\u00ea\u2019li kitlesel bir y\u00fcr\u00fcy\u00fc\u015fle, uluslararas\u0131 toplumun T\u00fcrk i\u015fgaline kar\u015f\u0131 sessizli\u011fini k\u0131nad\u0131. Bu g\u00fcn binlerce Koban\u00ea\u2019liler \u015eehid Agit meydan\u0131n da toplanarak, g\u00f6steri yapt\u0131.\u00a0 A\u00e7\u0131lan pankart ve at\u0131lan sloganlarla T\u00fcrk devletinin i\u015fgali k\u0131nand\u0131. Uluslaras\u0131 toplumun i\u015fgale duyars\u0131z kalmas\u0131na da tepki g\u00f6sterildi. Y\u00fcr\u00fcy\u00fc\u015f esnas\u0131nda F\u0131rat b\u00f6lgesinin halkla ili\u015fkiler kurumu e\u015f ba\u015fkan\u0131 S\u00fcleyman Ke\u015fi\u015f, \u015f\u00f6yle konu\u015ftu:\u00a0 T\u00fcrkiye\u2019nin b\u00f6lgeyi [&hellip;]\" \/>\n<meta property=\"og:url\" content=\"https:\/\/darkamazi.site\/archives\/1006855\" \/>\n<meta property=\"og:site_name\" content=\"Darka Mazi\" \/>\n<meta property=\"article:publisher\" content=\"https:\/\/www.facebook.com\/DarkaMaziturkce\" \/>\n<meta property=\"article:published_time\" content=\"2019-10-23T07:51:04+00:00\" \/>\n<meta property=\"og:image\" content=\"https:\/\/darkamazi.site\/file\/2019\/10\/KOBAN\u00ca-HALKI-ULUSLARARASI-TOPLUMUN-SES\u0130ZL\u0130\u011e\u0130N\u0130-KINADI.jpg\" \/>\n\t<meta property=\"og:image:width\" content=\"1024\" \/>\n\t<meta property=\"og:image:height\" content=\"683\" \/>\n\t<meta property=\"og:image:type\" content=\"image\/jpeg\" \/>\n<meta name=\"author\" content=\"darka mazi\" \/>\n<meta name=\"twitter:card\" content=\"summary_large_image\" \/>\n<meta name=\"twitter:creator\" content=\"@DarkaMaziTurkce\" \/>\n<meta name=\"twitter:site\" content=\"@DarkaMaziTurkce\" \/>\n<meta name=\"twitter:label1\" content=\"Written by\" \/>\n\t<meta name=\"twitter:data1\" content=\"darka mazi\" \/>\n\t<meta name=\"twitter:label2\" content=\"Est. reading time\" \/>\n\t<meta name=\"twitter:data2\" content=\"1 minute\" \/>\n<script type=\"application\/ld+json\" class=\"seo-schema-graph\">{\"@context\":\"https:\\\/\\\/schema.org\",\"@graph\":[{\"@type\":\"NewsArticle\",\"@id\":\"https:\\\/\\\/darkamazi.site\\\/archives\\\/1006855#article\",\"isPartOf\":{\"@id\":\"https:\\\/\\\/darkamazi.site\\\/archives\\\/1006855\"},\"author\":{\"name\":\"darka mazi\",\"@id\":\"https:\\\/\\\/darkamazi.site\\\/#\\\/schema\\\/person\\\/67986a95ac546c16760365877ef4a9d3\"},\"headline\":\"KOBAN\u00ca HALKI ULUSLARARASI TOPLUMUN SES\u0130ZL\u0130\u011e\u0130N\u0130 KINADI\",\"datePublished\":\"2019-10-23T07:51:04+00:00\",\"mainEntityOfPage\":{\"@id\":\"https:\\\/\\\/darkamazi.site\\\/archives\\\/1006855\"},\"wordCount\":284,\"publisher\":{\"@id\":\"https:\\\/\\\/darkamazi.site\\\/#organization\"},\"image\":{\"@id\":\"https:\\\/\\\/darkamazi.site\\\/archives\\\/1006855#primaryimage\"},\"thumbnailUrl\":\"https:\\\/\\\/darkamazi.site\\\/darka-content\\\/uploads\\\/2019\\\/10\\\/KOBAN\u00ca-HALKI-ULUSLARARASI-TOPLUMUN-SES\u0130ZL\u0130\u011e\u0130N\u0130-KINADI.jpg\",\"articleSection\":[\"Kurdistan\"],\"inLanguage\":\"en-US\"},{\"@type\":\"WebPage\",\"@id\":\"https:\\\/\\\/darkamazi.site\\\/archives\\\/1006855\",\"url\":\"https:\\\/\\\/darkamazi.site\\\/archives\\\/1006855\",\"name\":\"KOBAN\u00ca HALKI ULUSLARARASI TOPLUMUN SES\u0130ZL\u0130\u011e\u0130N\u0130 KINADI - Darka Mazi\",\"isPartOf\":{\"@id\":\"https:\\\/\\\/darkamazi.site\\\/#website\"},\"primaryImageOfPage\":{\"@id\":\"https:\\\/\\\/darkamazi.site\\\/archives\\\/1006855#primaryimage\"},\"image\":{\"@id\":\"https:\\\/\\\/darkamazi.site\\\/archives\\\/1006855#primaryimage\"},\"thumbnailUrl\":\"https:\\\/\\\/darkamazi.site\\\/darka-content\\\/uploads\\\/2019\\\/10\\\/KOBAN\u00ca-HALKI-ULUSLARARASI-TOPLUMUN-SES\u0130ZL\u0130\u011e\u0130N\u0130-KINADI.jpg\",\"datePublished\":\"2019-10-23T07:51:04+00:00\",\"breadcrumb\":{\"@id\":\"https:\\\/\\\/darkamazi.site\\\/archives\\\/1006855#breadcrumb\"},\"inLanguage\":\"en-US\",\"potentialAction\":[{\"@type\":\"ReadAction\",\"target\":[\"https:\\\/\\\/darkamazi.site\\\/archives\\\/1006855\"]}]},{\"@type\":\"ImageObject\",\"inLanguage\":\"en-US\",\"@id\":\"https:\\\/\\\/darkamazi.site\\\/archives\\\/1006855#primaryimage\",\"url\":\"https:\\\/\\\/darkamazi.site\\\/darka-content\\\/uploads\\\/2019\\\/10\\\/KOBAN\u00ca-HALKI-ULUSLARARASI-TOPLUMUN-SES\u0130ZL\u0130\u011e\u0130N\u0130-KINADI.jpg\",\"contentUrl\":\"https:\\\/\\\/darkamazi.site\\\/darka-content\\\/uploads\\\/2019\\\/10\\\/KOBAN\u00ca-HALKI-ULUSLARARASI-TOPLUMUN-SES\u0130ZL\u0130\u011e\u0130N\u0130-KINADI.jpg\",\"width\":1024,\"height\":683,\"caption\":\"KOBAN\u00ca HALKI ULUSLARARASI TOPLUMUN SES\u0130ZL\u0130\u011e\u0130N\u0130 KINADI\"},{\"@type\":\"BreadcrumbList\",\"@id\":\"https:\\\/\\\/darkamazi.site\\\/archives\\\/1006855#breadcrumb\",\"itemListElement\":[{\"@type\":\"ListItem\",\"position\":1,\"name\":\"Home\",\"item\":\"https:\\\/\\\/darkamazi.site\\\/\"},{\"@type\":\"ListItem\",\"position\":2,\"name\":\"KOBAN\u00ca HALKI ULUSLARARASI TOPLUMUN SES\u0130ZL\u0130\u011e\u0130N\u0130 KINADI\"}]},{\"@type\":\"WebSite\",\"@id\":\"https:\\\/\\\/darkamazi.site\\\/#website\",\"url\":\"https:\\\/\\\/darkamazi.site\\\/\",\"name\":\"Darka Mazi\",\"description\":\"Ana Sayfa\",\"publisher\":{\"@id\":\"https:\\\/\\\/darkamazi.site\\\/#organization\"},\"potentialAction\":[{\"@type\":\"SearchAction\",\"target\":{\"@type\":\"EntryPoint\",\"urlTemplate\":\"https:\\\/\\\/darkamazi.site\\\/?s={search_term_string}\"},\"query-input\":{\"@type\":\"PropertyValueSpecification\",\"valueRequired\":true,\"valueName\":\"search_term_string\"}}],\"inLanguage\":\"en-US\"},{\"@type\":\"Organization\",\"@id\":\"https:\\\/\\\/darkamazi.site\\\/#organization\",\"name\":\"Darka Mazi T\u00fcrk\u00e7e\",\"alternateName\":\"Darka Mazi\",\"url\":\"https:\\\/\\\/darkamazi.site\\\/\",\"logo\":{\"@type\":\"ImageObject\",\"inLanguage\":\"en-US\",\"@id\":\"https:\\\/\\\/darkamazi.site\\\/#\\\/schema\\\/logo\\\/image\\\/\",\"url\":\"https:\\\/\\\/darkamazi.site\\\/darka-content\\\/uploads\\\/2017\\\/12\\\/darka-mazi-logo.png\",\"contentUrl\":\"https:\\\/\\\/darkamazi.site\\\/darka-content\\\/uploads\\\/2017\\\/12\\\/darka-mazi-logo.png\",\"width\":151,\"height\":75,\"caption\":\"Darka Mazi T\u00fcrk\u00e7e\"},\"image\":{\"@id\":\"https:\\\/\\\/darkamazi.site\\\/#\\\/schema\\\/logo\\\/image\\\/\"},\"sameAs\":[\"https:\\\/\\\/www.facebook.com\\\/DarkaMaziturkce\",\"https:\\\/\\\/x.com\\\/DarkaMaziTurkce\"]},{\"@type\":\"Person\",\"@id\":\"https:\\\/\\\/darkamazi.site\\\/#\\\/schema\\\/person\\\/67986a95ac546c16760365877ef4a9d3\",\"name\":\"darka mazi\",\"sameAs\":[\"https:\\\/\\\/darkamazi.site\"],\"url\":\"https:\\\/\\\/darkamazi.site\\\/archives\\\/author\\\/turkish\"}]}<\/script>\n<!-- \/ Yoast SEO plugin. -->","seo_head_json":{"title":"KOBAN\u00ca HALKI ULUSLARARASI TOPLUMUN SES\u0130ZL\u0130\u011e\u0130N\u0130 KINADI - Darka Mazi","robots":{"index":"index","follow":"follow","max-snippet":"max-snippet:-1","max-image-preview":"max-image-preview:large","max-video-preview":"max-video-preview:-1"},"canonical":"https:\/\/darkamazi.site\/archives\/1006855","og_locale":"en_US","og_type":"article","og_title":"KOBAN\u00ca HALKI ULUSLARARASI TOPLUMUN SES\u0130ZL\u0130\u011e\u0130N\u0130 KINADI - Darka Mazi","og_description":"Binlerce Koban\u00ea\u2019li kitlesel bir y\u00fcr\u00fcy\u00fc\u015fle, uluslararas\u0131 toplumun T\u00fcrk i\u015fgaline kar\u015f\u0131 sessizli\u011fini k\u0131nad\u0131. Bu g\u00fcn binlerce Koban\u00ea\u2019liler \u015eehid Agit meydan\u0131n da toplanarak, g\u00f6steri yapt\u0131.\u00a0 A\u00e7\u0131lan pankart ve at\u0131lan sloganlarla T\u00fcrk devletinin i\u015fgali k\u0131nand\u0131. Uluslaras\u0131 toplumun i\u015fgale duyars\u0131z kalmas\u0131na da tepki g\u00f6sterildi. Y\u00fcr\u00fcy\u00fc\u015f esnas\u0131nda F\u0131rat b\u00f6lgesinin halkla ili\u015fkiler kurumu e\u015f ba\u015fkan\u0131 S\u00fcleyman Ke\u015fi\u015f, \u015f\u00f6yle konu\u015ftu:\u00a0 T\u00fcrkiye\u2019nin b\u00f6lgeyi [&hellip;]","og_url":"https:\/\/darkamazi.site\/archives\/1006855","og_site_name":"Darka Mazi","article_publisher":"https:\/\/www.facebook.com\/DarkaMaziturkce","article_published_time":"2019-10-23T07:51:04+00:00","og_image":[{"width":1024,"height":683,"url":"https:\/\/darkamazi.site\/file\/2019\/10\/KOBAN\u00ca-HALKI-ULUSLARARASI-TOPLUMUN-SES\u0130ZL\u0130\u011e\u0130N\u0130-KINADI.jpg","type":"image\/jpeg"}],"author":"darka mazi","twitter_card":"summary_large_image","twitter_creator":"@DarkaMaziTurkce","twitter_site":"@DarkaMaziTurkce","twitter_misc":{"Written by":"darka mazi","Est. reading time":"1 minute"},"schema":{"@context":"https:\/\/schema.org","@graph":[{"@type":"NewsArticle","@id":"https:\/\/darkamazi.site\/archives\/1006855#article","isPartOf":{"@id":"https:\/\/darkamazi.site\/archives\/1006855"},"author":{"name":"darka mazi","@id":"https:\/\/darkamazi.site\/#\/schema\/person\/67986a95ac546c16760365877ef4a9d3"},"headline":"KOBAN\u00ca HALKI ULUSLARARASI TOPLUMUN SES\u0130ZL\u0130\u011e\u0130N\u0130 KINADI","datePublished":"2019-10-23T07:51:04+00:00","mainEntityOfPage":{"@id":"https:\/\/darkamazi.site\/archives\/1006855"},"wordCount":284,"publisher":{"@id":"https:\/\/darkamazi.site\/#organization"},"image":{"@id":"https:\/\/darkamazi.site\/archives\/1006855#primaryimage"},"thumbnailUrl":"https:\/\/darkamazi.site\/file\/2019\/10\/KOBAN\u00ca-HALKI-ULUSLARARASI-TOPLUMUN-SES\u0130ZL\u0130\u011e\u0130N\u0130-KINADI.jpg","articleSection":["Kurdistan"],"inLanguage":"en-US"},{"@type":"WebPage","@id":"https:\/\/darkamazi.site\/archives\/1006855","url":"https:\/\/darkamazi.site\/archives\/1006855","name":"KOBAN\u00ca HALKI ULUSLARARASI TOPLUMUN SES\u0130ZL\u0130\u011e\u0130N\u0130 KINADI - Darka Mazi","isPartOf":{"@id":"https:\/\/darkamazi.site\/#website"},"primaryImageOfPage":{"@id":"https:\/\/darkamazi.site\/archives\/1006855#primaryimage"},"image":{"@id":"https:\/\/darkamazi.site\/archives\/1006855#primaryimage"},"thumbnailUrl":"https:\/\/darkamazi.site\/file\/2019\/10\/KOBAN\u00ca-HALKI-ULUSLARARASI-TOPLUMUN-SES\u0130ZL\u0130\u011e\u0130N\u0130-KINADI.jpg","datePublished":"2019-10-23T07:51:04+00:00","breadcrumb":{"@id":"https:\/\/darkamazi.site\/archives\/1006855#breadcrumb"},"inLanguage":"en-US","potentialAction":[{"@type":"ReadAction","target":["https:\/\/darkamazi.site\/archives\/1006855"]}]},{"@type":"ImageObject","inLanguage":"en-US","@id":"https:\/\/darkamazi.site\/archives\/1006855#primaryimage","url":"https:\/\/darkamazi.site\/file\/2019\/10\/KOBAN\u00ca-HALKI-ULUSLARARASI-TOPLUMUN-SES\u0130ZL\u0130\u011e\u0130N\u0130-KINADI.jpg","contentUrl":"https:\/\/darkamazi.site\/file\/2019\/10\/KOBAN\u00ca-HALKI-ULUSLARARASI-TOPLUMUN-SES\u0130ZL\u0130\u011e\u0130N\u0130-KINADI.jpg","width":1024,"height":683,"caption":"KOBAN\u00ca HALKI ULUSLARARASI TOPLUMUN SES\u0130ZL\u0130\u011e\u0130N\u0130 KINADI"},{"@type":"BreadcrumbList","@id":"https:\/\/darkamazi.site\/archives\/1006855#breadcrumb","itemListElement":[{"@type":"ListItem","position":1,"name":"Home","item":"https:\/\/darkamazi.site\/"},{"@type":"ListItem","position":2,"name":"KOBAN\u00ca HALKI ULUSLARARASI TOPLUMUN SES\u0130ZL\u0130\u011e\u0130N\u0130 KINADI"}]},{"@type":"WebSite","@id":"https:\/\/darkamazi.site\/#website","url":"https:\/\/darkamazi.site\/","name":"Darka Mazi","description":"Ana Sayfa","publisher":{"@id":"https:\/\/darkamazi.site\/#organization"},"potentialAction":[{"@type":"SearchAction","target":{"@type":"EntryPoint","urlTemplate":"https:\/\/darkamazi.site\/?s={search_term_string}"},"query-input":{"@type":"PropertyValueSpecification","valueRequired":true,"valueName":"search_term_string"}}],"inLanguage":"en-US"},{"@type":"Organization","@id":"https:\/\/darkamazi.site\/#organization","name":"Darka Mazi T\u00fcrk\u00e7e","alternateName":"Darka Mazi","url":"https:\/\/darkamazi.site\/","logo":{"@type":"ImageObject","inLanguage":"en-US","@id":"https:\/\/darkamazi.site\/#\/schema\/logo\/image\/","url":"https:\/\/darkamazi.site\/file\/2017\/12\/darka-mazi-logo.png","contentUrl":"https:\/\/darkamazi.site\/file\/2017\/12\/darka-mazi-logo.png","width":151,"height":75,"caption":"Darka Mazi T\u00fcrk\u00e7e"},"image":{"@id":"https:\/\/darkamazi.site\/#\/schema\/logo\/image\/"},"sameAs":["https:\/\/www.facebook.com\/DarkaMaziturkce","https:\/\/x.com\/DarkaMaziTurkce"]},{"@type":"Person","@id":"https:\/\/darkamazi.site\/#\/schema\/person\/67986a95ac546c16760365877ef4a9d3","name":"darka mazi","sameAs":["https:\/\/darkamazi.site"],"url":"https:\/\/darkamazi.site\/archives\/author\/turkish"}]}},"_links":{"self":[{"href":"https:\/\/darkamazi.site\/funavuv\/wp\/v2\/posts\/1006855","targetHints":{"allow":["GET"]}}],"collection":[{"href":"https:\/\/darkamazi.site\/funavuv\/wp\/v2\/posts"}],"about":[{"href":"https:\/\/darkamazi.site\/funavuv\/wp\/v2\/types\/post"}],"author":[{"embeddable":true,"href":"https:\/\/darkamazi.site\/funavuv\/wp\/v2\/users\/2"}],"replies":[{"embeddable":true,"href":"https:\/\/darkamazi.site\/funavuv\/wp\/v2\/comments?post=1006855"}],"version-history":[{"count":0,"href":"https:\/\/darkamazi.site\/funavuv\/wp\/v2\/posts\/1006855\/revisions"}],"wp:featuredmedia":[{"embeddable":true,"href":"https:\/\/darkamazi.site\/funavuv\/wp\/v2\/media\/1006856"}],"wp:attachment":[{"href":"https:\/\/darkamazi.site\/funavuv\/wp\/v2\/media?parent=1006855"}],"wp:term":[{"taxonomy":"category","embeddable":true,"href":"https:\/\/darkamazi.site\/funavuv\/wp\/v2\/categories?post=1006855"},{"taxonomy":"post_tag","embeddable":true,"href":"https:\/\/darkamazi.site\/funavuv\/wp\/v2\/tags?post=1006855"}],"curies":[{"name":"wp","href":"https:\/\/api.w.org\/{rel}","templated":true}]}}