{"id":1006866,"date":"2019-10-23T16:51:05","date_gmt":"2019-10-23T13:51:05","guid":{"rendered":"https:\/\/darkamazi.site\/?p=1006866"},"modified":"2019-10-23T16:51:05","modified_gmt":"2019-10-23T13:51:05","slug":"1006866","status":"publish","type":"post","link":"https:\/\/darkamazi.site\/archives\/1006866","title":{"rendered":""},"content":{"rendered":"<div class=\"wpb-content-wrapper\"><p>[darkamazi_row][darkamazi_column][darkamazi_column_text]<\/p>\n<h2 style=\"text-align: left\"><strong>T\u00fcrk devletine ba\u011fl\u0131 \u00e7ete gruplar\u0131,\u00a0 bir\u00a0 YPJ \u00a0sava\u015f\u00e7\u0131s\u0131n\u0131n cenazesine Allah-u Ekber nidalar\u0131yla i\u015fkence yap\u0131yor.<\/strong><\/h2>\n<p>Suriye \u0130nsan Haklar\u0131 G\u00f6zlem Evi\u2019nin\u00a0 yay\u0131nlad\u0131\u011f\u0131 bir video da T\u00fcrkiye\u2019ye ba\u011fl\u0131 Milli Ordu i\u00e7erisinde yer alan Mecd\u00a0 grubuna ba\u011fl\u0131 \u00e7etelerin \u00a0bir YPJ\u00a0 sava\u015f\u00e7\u0131s\u0131na yapt\u0131\u011f\u0131 insanl\u0131k d\u0131\u015f\u0131 muameleyi g\u00f6r\u00fcnt\u00fclemektedir.<\/p>\n<p>G\u00f6zlem evinin verdi\u011fi bilgiye g\u00f6re bu g\u00f6r\u00fcnt\u00fcler d\u00fcn\u00a0 Koban\u00ee ye ba\u011fl\u0131 k\u00f6ylerde kaydedilmi\u015ftir.<\/p>\n<p>Buna benzer g\u00f6r\u00fcnt\u00fcleri\u00a0 T\u00fcrk devleti ve \u00e7etelerinin\u00a0 Afrin i\u015fgali s\u0131ras\u0131nda \u00a0YPJ sava\u015f\u00e7\u0131s\u0131 Barin Koban\u00ee\u2019ye yap\u0131lan uygulamalar\u0131 akla getirdi.[\/darkamazi_column_text][darkamazi_wp_text]<\/p>\n<div style=\"width: 640px;\" class=\"darka-video\"><video class=\"darka-video-shortcode\" id=\"video-1006866-1\" width=\"640\" height=\"368\" preload=\"metadata\" controls=\"controls\"><source type=\"video\/mp4\" src=\"https:\/\/darkamazi.site\/file\/2019\/10\/Turk.mp4?_=1\" \/><a href=\"https:\/\/darkamazi.site\/file\/2019\/10\/Turk.mp4\">https:\/\/darkamazi.site\/file\/2019\/10\/Turk.mp4<\/a><\/video><\/div>\n<p>[\/vc_wp_text][\/vc_column][\/vc_row]<\/p>\n<\/div>","protected":false},"excerpt":{"rendered":"<p>[darkamazi_row][darkamazi_column][darkamazi_column_text] T\u00fcrk devletine ba\u011fl\u0131 \u00e7ete gruplar\u0131,\u00a0 bir\u00a0 YPJ \u00a0sava\u015f\u00e7\u0131s\u0131n\u0131n cenazesine Allah-u Ekber nidalar\u0131yla i\u015fkence yap\u0131yor. Suriye \u0130nsan Haklar\u0131 G\u00f6zlem Evi\u2019nin\u00a0 yay\u0131nlad\u0131\u011f\u0131 bir video da T\u00fcrkiye\u2019ye ba\u011fl\u0131 Milli Ordu i\u00e7erisinde yer alan Mecd\u00a0 grubuna ba\u011fl\u0131 \u00e7etelerin \u00a0bir YPJ\u00a0 sava\u015f\u00e7\u0131s\u0131na yapt\u0131\u011f\u0131 insanl\u0131k d\u0131\u015f\u0131 muameleyi g\u00f6r\u00fcnt\u00fclemektedir. G\u00f6zlem evinin verdi\u011fi bilgiye g\u00f6re bu g\u00f6r\u00fcnt\u00fcler d\u00fcn\u00a0 Koban\u00ee ye ba\u011fl\u0131 k\u00f6ylerde [&hellip;]<\/p>\n","protected":false},"author":2,"featured_media":1006867,"comment_status":"closed","ping_status":"closed","sticky":false,"template":"","format":"video","meta":{"footnotes":""},"categories":[3],"tags":[31],"class_list":["post-1006866","post","type-post","status-publish","format-video","has-post-thumbnail","hentry","category-kurdistan","tag-onemli","post_format-post-format-video"],"blocksy_meta":[],"seo_head":"<!-- This site is optimized with the Yoast SEO plugin v27.5 - https:\/\/yoast.com\/product\/yoast-seo-wordpress\/ -->\n<title>- Darka Mazi<\/title>\n<meta name=\"robots\" content=\"index, follow, max-snippet:-1, max-image-preview:large, max-video-preview:-1\" \/>\n<link rel=\"canonical\" href=\"https:\/\/darkamazi.site\/archives\/1006866\" \/>\n<meta property=\"og:locale\" content=\"en_US\" \/>\n<meta property=\"og:type\" content=\"article\" \/>\n<meta property=\"og:title\" content=\"- Darka Mazi\" \/>\n<meta property=\"og:description\" content=\"[darkamazi_row][darkamazi_column][darkamazi_column_text] T\u00fcrk devletine ba\u011fl\u0131 \u00e7ete gruplar\u0131,\u00a0 bir\u00a0 YPJ \u00a0sava\u015f\u00e7\u0131s\u0131n\u0131n cenazesine Allah-u Ekber nidalar\u0131yla i\u015fkence yap\u0131yor. Suriye \u0130nsan Haklar\u0131 G\u00f6zlem Evi\u2019nin\u00a0 yay\u0131nlad\u0131\u011f\u0131 bir video da T\u00fcrkiye\u2019ye ba\u011fl\u0131 Milli Ordu i\u00e7erisinde yer alan Mecd\u00a0 grubuna ba\u011fl\u0131 \u00e7etelerin \u00a0bir YPJ\u00a0 sava\u015f\u00e7\u0131s\u0131na yapt\u0131\u011f\u0131 insanl\u0131k d\u0131\u015f\u0131 muameleyi g\u00f6r\u00fcnt\u00fclemektedir. G\u00f6zlem evinin verdi\u011fi bilgiye g\u00f6re bu g\u00f6r\u00fcnt\u00fcler d\u00fcn\u00a0 Koban\u00ee ye ba\u011fl\u0131 k\u00f6ylerde [&hellip;]\" \/>\n<meta property=\"og:url\" content=\"https:\/\/darkamazi.site\/archives\/1006866\" \/>\n<meta property=\"og:site_name\" content=\"Darka Mazi\" \/>\n<meta property=\"article:publisher\" content=\"https:\/\/www.facebook.com\/DarkaMaziturkce\" \/>\n<meta property=\"article:published_time\" content=\"2019-10-23T13:51:05+00:00\" \/>\n<meta property=\"og:image\" content=\"https:\/\/darkamazi.site\/file\/2019\/10\/T\u00dcRK-DEVLET\u0130NE-BA\u011eLI-SELEF\u0130-\u00c7ETELERDEN-ALLAH-U-EKBER\u201d-N\u0130DALARIYLA-K\u00dcRT-SAVA\u015e\u00c7ILARI\u2019NIN-CENAZELER\u0130NE-\u0130\u015eKENCE.jpg\" \/>\n\t<meta property=\"og:image:width\" content=\"1513\" \/>\n\t<meta property=\"og:image:height\" content=\"881\" \/>\n\t<meta property=\"og:image:type\" content=\"image\/jpeg\" \/>\n<meta name=\"author\" content=\"darka mazi\" \/>\n<meta name=\"twitter:card\" content=\"summary_large_image\" \/>\n<meta name=\"twitter:creator\" content=\"@DarkaMaziTurkce\" \/>\n<meta name=\"twitter:site\" content=\"@DarkaMaziTurkce\" \/>\n<meta name=\"twitter:label1\" content=\"Written by\" \/>\n\t<meta name=\"twitter:data1\" content=\"darka mazi\" \/>\n\t<meta name=\"twitter:label2\" content=\"Est. reading time\" \/>\n\t<meta name=\"twitter:data2\" content=\"1 minute\" \/>\n<script type=\"application\/ld+json\" class=\"seo-schema-graph\">{\"@context\":\"https:\\\/\\\/schema.org\",\"@graph\":[{\"@type\":\"NewsArticle\",\"@id\":\"https:\\\/\\\/darkamazi.site\\\/archives\\\/1006866#article\",\"isPartOf\":{\"@id\":\"https:\\\/\\\/darkamazi.site\\\/archives\\\/1006866\"},\"author\":{\"name\":\"darka mazi\",\"@id\":\"https:\\\/\\\/darkamazi.site\\\/#\\\/schema\\\/person\\\/67986a95ac546c16760365877ef4a9d3\"},\"headline\":\"No title\",\"datePublished\":\"2019-10-23T13:51:05+00:00\",\"mainEntityOfPage\":{\"@id\":\"https:\\\/\\\/darkamazi.site\\\/archives\\\/1006866\"},\"wordCount\":147,\"publisher\":{\"@id\":\"https:\\\/\\\/darkamazi.site\\\/#organization\"},\"image\":{\"@id\":\"https:\\\/\\\/darkamazi.site\\\/archives\\\/1006866#primaryimage\"},\"thumbnailUrl\":\"https:\\\/\\\/darkamazi.site\\\/darka-content\\\/uploads\\\/2019\\\/10\\\/T\u00dcRK-DEVLET\u0130NE-BA\u011eLI-SELEF\u0130-\u00c7ETELERDEN-ALLAH-U-EKBER\u201d-N\u0130DALARIYLA-K\u00dcRT-SAVA\u015e\u00c7ILARI\u2019NIN-CENAZELER\u0130NE-\u0130\u015eKENCE.jpg\",\"keywords\":[\"\u00f6nemli\"],\"articleSection\":[\"Kurdistan\"],\"inLanguage\":\"en-US\"},{\"@type\":\"WebPage\",\"@id\":\"https:\\\/\\\/darkamazi.site\\\/archives\\\/1006866\",\"url\":\"https:\\\/\\\/darkamazi.site\\\/archives\\\/1006866\",\"name\":\"- Darka Mazi\",\"isPartOf\":{\"@id\":\"https:\\\/\\\/darkamazi.site\\\/#website\"},\"primaryImageOfPage\":{\"@id\":\"https:\\\/\\\/darkamazi.site\\\/archives\\\/1006866#primaryimage\"},\"image\":{\"@id\":\"https:\\\/\\\/darkamazi.site\\\/archives\\\/1006866#primaryimage\"},\"thumbnailUrl\":\"https:\\\/\\\/darkamazi.site\\\/darka-content\\\/uploads\\\/2019\\\/10\\\/T\u00dcRK-DEVLET\u0130NE-BA\u011eLI-SELEF\u0130-\u00c7ETELERDEN-ALLAH-U-EKBER\u201d-N\u0130DALARIYLA-K\u00dcRT-SAVA\u015e\u00c7ILARI\u2019NIN-CENAZELER\u0130NE-\u0130\u015eKENCE.jpg\",\"datePublished\":\"2019-10-23T13:51:05+00:00\",\"inLanguage\":\"en-US\",\"potentialAction\":[{\"@type\":\"ReadAction\",\"target\":[\"https:\\\/\\\/darkamazi.site\\\/archives\\\/1006866\"]}]},{\"@type\":\"ImageObject\",\"inLanguage\":\"en-US\",\"@id\":\"https:\\\/\\\/darkamazi.site\\\/archives\\\/1006866#primaryimage\",\"url\":\"https:\\\/\\\/darkamazi.site\\\/darka-content\\\/uploads\\\/2019\\\/10\\\/T\u00dcRK-DEVLET\u0130NE-BA\u011eLI-SELEF\u0130-\u00c7ETELERDEN-ALLAH-U-EKBER\u201d-N\u0130DALARIYLA-K\u00dcRT-SAVA\u015e\u00c7ILARI\u2019NIN-CENAZELER\u0130NE-\u0130\u015eKENCE.jpg\",\"contentUrl\":\"https:\\\/\\\/darkamazi.site\\\/darka-content\\\/uploads\\\/2019\\\/10\\\/T\u00dcRK-DEVLET\u0130NE-BA\u011eLI-SELEF\u0130-\u00c7ETELERDEN-ALLAH-U-EKBER\u201d-N\u0130DALARIYLA-K\u00dcRT-SAVA\u015e\u00c7ILARI\u2019NIN-CENAZELER\u0130NE-\u0130\u015eKENCE.jpg\",\"width\":1513,\"height\":881,\"caption\":\"T\u00dcRK DEVLET\u0130NE BA\u011eLI SELEF\u0130 \u00c7ETELERDEN ALLAH-U EKBER\u201d N\u0130DALARIYLA K\u00dcRT SAVA\u015e\u00c7ILARI\u2019NIN CENAZELER\u0130NE \u0130\u015eKENCE\"},{\"@type\":\"WebSite\",\"@id\":\"https:\\\/\\\/darkamazi.site\\\/#website\",\"url\":\"https:\\\/\\\/darkamazi.site\\\/\",\"name\":\"Darka Mazi\",\"description\":\"Ana Sayfa\",\"publisher\":{\"@id\":\"https:\\\/\\\/darkamazi.site\\\/#organization\"},\"potentialAction\":[{\"@type\":\"SearchAction\",\"target\":{\"@type\":\"EntryPoint\",\"urlTemplate\":\"https:\\\/\\\/darkamazi.site\\\/?s={search_term_string}\"},\"query-input\":{\"@type\":\"PropertyValueSpecification\",\"valueRequired\":true,\"valueName\":\"search_term_string\"}}],\"inLanguage\":\"en-US\"},{\"@type\":\"Organization\",\"@id\":\"https:\\\/\\\/darkamazi.site\\\/#organization\",\"name\":\"Darka Mazi T\u00fcrk\u00e7e\",\"alternateName\":\"Darka Mazi\",\"url\":\"https:\\\/\\\/darkamazi.site\\\/\",\"logo\":{\"@type\":\"ImageObject\",\"inLanguage\":\"en-US\",\"@id\":\"https:\\\/\\\/darkamazi.site\\\/#\\\/schema\\\/logo\\\/image\\\/\",\"url\":\"https:\\\/\\\/darkamazi.site\\\/darka-content\\\/uploads\\\/2017\\\/12\\\/darka-mazi-logo.png\",\"contentUrl\":\"https:\\\/\\\/darkamazi.site\\\/darka-content\\\/uploads\\\/2017\\\/12\\\/darka-mazi-logo.png\",\"width\":151,\"height\":75,\"caption\":\"Darka Mazi T\u00fcrk\u00e7e\"},\"image\":{\"@id\":\"https:\\\/\\\/darkamazi.site\\\/#\\\/schema\\\/logo\\\/image\\\/\"},\"sameAs\":[\"https:\\\/\\\/www.facebook.com\\\/DarkaMaziturkce\",\"https:\\\/\\\/x.com\\\/DarkaMaziTurkce\"]},{\"@type\":\"Person\",\"@id\":\"https:\\\/\\\/darkamazi.site\\\/#\\\/schema\\\/person\\\/67986a95ac546c16760365877ef4a9d3\",\"name\":\"darka mazi\",\"sameAs\":[\"https:\\\/\\\/darkamazi.site\"],\"url\":\"https:\\\/\\\/darkamazi.site\\\/archives\\\/author\\\/turkish\"}]}<\/script>\n<!-- \/ Yoast SEO plugin. -->","seo_head_json":{"title":"- Darka Mazi","robots":{"index":"index","follow":"follow","max-snippet":"max-snippet:-1","max-image-preview":"max-image-preview:large","max-video-preview":"max-video-preview:-1"},"canonical":"https:\/\/darkamazi.site\/archives\/1006866","og_locale":"en_US","og_type":"article","og_title":"- Darka Mazi","og_description":"[darkamazi_row][darkamazi_column][darkamazi_column_text] T\u00fcrk devletine ba\u011fl\u0131 \u00e7ete gruplar\u0131,\u00a0 bir\u00a0 YPJ \u00a0sava\u015f\u00e7\u0131s\u0131n\u0131n cenazesine Allah-u Ekber nidalar\u0131yla i\u015fkence yap\u0131yor. Suriye \u0130nsan Haklar\u0131 G\u00f6zlem Evi\u2019nin\u00a0 yay\u0131nlad\u0131\u011f\u0131 bir video da T\u00fcrkiye\u2019ye ba\u011fl\u0131 Milli Ordu i\u00e7erisinde yer alan Mecd\u00a0 grubuna ba\u011fl\u0131 \u00e7etelerin \u00a0bir YPJ\u00a0 sava\u015f\u00e7\u0131s\u0131na yapt\u0131\u011f\u0131 insanl\u0131k d\u0131\u015f\u0131 muameleyi g\u00f6r\u00fcnt\u00fclemektedir. G\u00f6zlem evinin verdi\u011fi bilgiye g\u00f6re bu g\u00f6r\u00fcnt\u00fcler d\u00fcn\u00a0 Koban\u00ee ye ba\u011fl\u0131 k\u00f6ylerde [&hellip;]","og_url":"https:\/\/darkamazi.site\/archives\/1006866","og_site_name":"Darka Mazi","article_publisher":"https:\/\/www.facebook.com\/DarkaMaziturkce","article_published_time":"2019-10-23T13:51:05+00:00","og_image":[{"width":1513,"height":881,"url":"https:\/\/darkamazi.site\/file\/2019\/10\/T\u00dcRK-DEVLET\u0130NE-BA\u011eLI-SELEF\u0130-\u00c7ETELERDEN-ALLAH-U-EKBER\u201d-N\u0130DALARIYLA-K\u00dcRT-SAVA\u015e\u00c7ILARI\u2019NIN-CENAZELER\u0130NE-\u0130\u015eKENCE.jpg","type":"image\/jpeg"}],"author":"darka mazi","twitter_card":"summary_large_image","twitter_creator":"@DarkaMaziTurkce","twitter_site":"@DarkaMaziTurkce","twitter_misc":{"Written by":"darka mazi","Est. reading time":"1 minute"},"schema":{"@context":"https:\/\/schema.org","@graph":[{"@type":"NewsArticle","@id":"https:\/\/darkamazi.site\/archives\/1006866#article","isPartOf":{"@id":"https:\/\/darkamazi.site\/archives\/1006866"},"author":{"name":"darka mazi","@id":"https:\/\/darkamazi.site\/#\/schema\/person\/67986a95ac546c16760365877ef4a9d3"},"headline":"No title","datePublished":"2019-10-23T13:51:05+00:00","mainEntityOfPage":{"@id":"https:\/\/darkamazi.site\/archives\/1006866"},"wordCount":147,"publisher":{"@id":"https:\/\/darkamazi.site\/#organization"},"image":{"@id":"https:\/\/darkamazi.site\/archives\/1006866#primaryimage"},"thumbnailUrl":"https:\/\/darkamazi.site\/file\/2019\/10\/T\u00dcRK-DEVLET\u0130NE-BA\u011eLI-SELEF\u0130-\u00c7ETELERDEN-ALLAH-U-EKBER\u201d-N\u0130DALARIYLA-K\u00dcRT-SAVA\u015e\u00c7ILARI\u2019NIN-CENAZELER\u0130NE-\u0130\u015eKENCE.jpg","keywords":["\u00f6nemli"],"articleSection":["Kurdistan"],"inLanguage":"en-US"},{"@type":"WebPage","@id":"https:\/\/darkamazi.site\/archives\/1006866","url":"https:\/\/darkamazi.site\/archives\/1006866","name":"- Darka Mazi","isPartOf":{"@id":"https:\/\/darkamazi.site\/#website"},"primaryImageOfPage":{"@id":"https:\/\/darkamazi.site\/archives\/1006866#primaryimage"},"image":{"@id":"https:\/\/darkamazi.site\/archives\/1006866#primaryimage"},"thumbnailUrl":"https:\/\/darkamazi.site\/file\/2019\/10\/T\u00dcRK-DEVLET\u0130NE-BA\u011eLI-SELEF\u0130-\u00c7ETELERDEN-ALLAH-U-EKBER\u201d-N\u0130DALARIYLA-K\u00dcRT-SAVA\u015e\u00c7ILARI\u2019NIN-CENAZELER\u0130NE-\u0130\u015eKENCE.jpg","datePublished":"2019-10-23T13:51:05+00:00","inLanguage":"en-US","potentialAction":[{"@type":"ReadAction","target":["https:\/\/darkamazi.site\/archives\/1006866"]}]},{"@type":"ImageObject","inLanguage":"en-US","@id":"https:\/\/darkamazi.site\/archives\/1006866#primaryimage","url":"https:\/\/darkamazi.site\/file\/2019\/10\/T\u00dcRK-DEVLET\u0130NE-BA\u011eLI-SELEF\u0130-\u00c7ETELERDEN-ALLAH-U-EKBER\u201d-N\u0130DALARIYLA-K\u00dcRT-SAVA\u015e\u00c7ILARI\u2019NIN-CENAZELER\u0130NE-\u0130\u015eKENCE.jpg","contentUrl":"https:\/\/darkamazi.site\/file\/2019\/10\/T\u00dcRK-DEVLET\u0130NE-BA\u011eLI-SELEF\u0130-\u00c7ETELERDEN-ALLAH-U-EKBER\u201d-N\u0130DALARIYLA-K\u00dcRT-SAVA\u015e\u00c7ILARI\u2019NIN-CENAZELER\u0130NE-\u0130\u015eKENCE.jpg","width":1513,"height":881,"caption":"T\u00dcRK DEVLET\u0130NE BA\u011eLI SELEF\u0130 \u00c7ETELERDEN ALLAH-U EKBER\u201d N\u0130DALARIYLA K\u00dcRT SAVA\u015e\u00c7ILARI\u2019NIN CENAZELER\u0130NE \u0130\u015eKENCE"},{"@type":"WebSite","@id":"https:\/\/darkamazi.site\/#website","url":"https:\/\/darkamazi.site\/","name":"Darka Mazi","description":"Ana Sayfa","publisher":{"@id":"https:\/\/darkamazi.site\/#organization"},"potentialAction":[{"@type":"SearchAction","target":{"@type":"EntryPoint","urlTemplate":"https:\/\/darkamazi.site\/?s={search_term_string}"},"query-input":{"@type":"PropertyValueSpecification","valueRequired":true,"valueName":"search_term_string"}}],"inLanguage":"en-US"},{"@type":"Organization","@id":"https:\/\/darkamazi.site\/#organization","name":"Darka Mazi T\u00fcrk\u00e7e","alternateName":"Darka Mazi","url":"https:\/\/darkamazi.site\/","logo":{"@type":"ImageObject","inLanguage":"en-US","@id":"https:\/\/darkamazi.site\/#\/schema\/logo\/image\/","url":"https:\/\/darkamazi.site\/file\/2017\/12\/darka-mazi-logo.png","contentUrl":"https:\/\/darkamazi.site\/file\/2017\/12\/darka-mazi-logo.png","width":151,"height":75,"caption":"Darka Mazi T\u00fcrk\u00e7e"},"image":{"@id":"https:\/\/darkamazi.site\/#\/schema\/logo\/image\/"},"sameAs":["https:\/\/www.facebook.com\/DarkaMaziturkce","https:\/\/x.com\/DarkaMaziTurkce"]},{"@type":"Person","@id":"https:\/\/darkamazi.site\/#\/schema\/person\/67986a95ac546c16760365877ef4a9d3","name":"darka mazi","sameAs":["https:\/\/darkamazi.site"],"url":"https:\/\/darkamazi.site\/archives\/author\/turkish"}]}},"_links":{"self":[{"href":"https:\/\/darkamazi.site\/funavuv\/wp\/v2\/posts\/1006866","targetHints":{"allow":["GET"]}}],"collection":[{"href":"https:\/\/darkamazi.site\/funavuv\/wp\/v2\/posts"}],"about":[{"href":"https:\/\/darkamazi.site\/funavuv\/wp\/v2\/types\/post"}],"author":[{"embeddable":true,"href":"https:\/\/darkamazi.site\/funavuv\/wp\/v2\/users\/2"}],"replies":[{"embeddable":true,"href":"https:\/\/darkamazi.site\/funavuv\/wp\/v2\/comments?post=1006866"}],"version-history":[{"count":0,"href":"https:\/\/darkamazi.site\/funavuv\/wp\/v2\/posts\/1006866\/revisions"}],"wp:featuredmedia":[{"embeddable":true,"href":"https:\/\/darkamazi.site\/funavuv\/wp\/v2\/media\/1006867"}],"wp:attachment":[{"href":"https:\/\/darkamazi.site\/funavuv\/wp\/v2\/media?parent=1006866"}],"wp:term":[{"taxonomy":"category","embeddable":true,"href":"https:\/\/darkamazi.site\/funavuv\/wp\/v2\/categories?post=1006866"},{"taxonomy":"post_tag","embeddable":true,"href":"https:\/\/darkamazi.site\/funavuv\/wp\/v2\/tags?post=1006866"}],"curies":[{"name":"wp","href":"https:\/\/api.w.org\/{rel}","templated":true}]}}