{"id":1006880,"date":"2019-10-23T18:10:54","date_gmt":"2019-10-23T15:10:54","guid":{"rendered":"https:\/\/darkamazi.site\/?p=1006880"},"modified":"2019-10-23T18:10:54","modified_gmt":"2019-10-23T15:10:54","slug":"suleymaniyede-vurulan-her-iki-pkkli-kimdi","status":"publish","type":"post","link":"https:\/\/darkamazi.site\/archives\/1006880","title":{"rendered":"S\u00dcLEYMAN\u0130YE\u2019DE VURULAN HER \u0130K\u0130 PKK\u2019L\u0130 K\u0130MD\u0130?"},"content":{"rendered":"<div class=\"wpb-content-wrapper\"><p>[darkamazi_row][darkamazi_column][mpc_carousel_image preset=&#8221;mpc_preset_8&#8243; loop=&#8221;true&#8221; auto_slide=&#8221;true&#8221; delay=&#8221;1400&#8243; speed=&#8221;1450&#8243; layout=&#8221;fluid&#8221; enable_force_height=&#8221;true&#8221; force_height=&#8221;500&#8243; images=&#8221;1006897,1006898,1006899,1006900,1006901&#8243; gap=&#8221;5&#8243; start_at=&#8221;1&#8243; image_size=&#8221;large&#8221; image_opacity=&#8221;100&#8243; image_border_css=&#8221;border-width:15px;border-color:#f3f3f3;border-style:solid;&#8221; image_hover_opacity=&#8221;100&#8243; image_hover_border_css=&#8221;border-color:#ffffff;&#8221; overlay_icon_align=&#8221;top-right&#8221; overlay_enable_lightbox=&#8221;true&#8221; overlay_icon=&#8221;eti eti_arrow_expand&#8221; overlay_icon_color=&#8221;#ffffff&#8221; overlay_icon_size=&#8221;20&#8243; overlay_icon_background=&#8221;#f8bf4d&#8221; overlay_icon_margin_divider=&#8221;true&#8221; overlay_icon_margin_css=&#8221;margin-top:30px;margin-right:30px;&#8221; overlay_icon_padding_divider=&#8221;true&#8221; overlay_icon_padding_css=&#8221;padding-top:15px;padding-right:20px;padding-bottom:15px;padding-left:20px;&#8221; overlay_hover_color=&#8221;#fcfcfc&#8221; overlay_hover_icon_background=&#8221;#f4b83f&#8221;][darkamazi_column_text]<\/p>\n<h3 style=\"text-align: justify\"><span style=\"font-family: 'arial black', sans-serif\">T\u00fcrk devletinin 15 Ekim\u2019de Azmar da\u011f\u0131na yapt\u0131\u011f\u0131 sald\u0131r\u0131 bi\u00e7imi ilk kez deneniyor. Neden bu ki\u015filer hedef al\u0131nd\u0131lar?<\/span><\/h3>\n<p style=\"text-align: justify\">D\u00fcn K\u00fcrdistan B\u00f6lge Asayi\u015fi ve ard\u0131ndan da PKK birer bildiri yay\u0131nlayarak 15 Ekim g\u00fcn\u00fc S\u00fcleymaniye\u2019nin Azmar Da\u011f\u0131nda vurulan her iki ki\u015finin\u00a0 PKK kadrolar\u0131 Demhat Agit( Seyitxan Ayaz) ve Cemil Amed ( Eser Irmak) odu\u011funu a\u00e7\u0131klad\u0131.<\/p>\n<h3 style=\"text-align: justify\"><span style=\"font-family: 'arial black', sans-serif\">Demhat Agit ve Cemil Amed, Cemil Bay\u0131k\u2019\u0131n kara kutusu muydu?\u00a0\u00a0\u00a0\u00a0\u00a0 <\/span><\/h3>\n<p style=\"text-align: justify\">90\u2019l\u0131 y\u0131llarda PKK\u2019ye kat\u0131lan her iki kadro da Cemil Bay\u0131k\u2019a yak\u0131nl\u0131klar\u0131 ile bilinen isimler. Cemil Amed daha 90\u2019l\u0131 y\u0131llarda Suriye\u2019de \u00d6calan\u2019\u0131n sa\u011f kolu olarak g\u00f6rev yapm\u0131\u015f. Cemil Amed \u00d6calan\u2019\u0131n Suriye devleti ba\u015fta olmak \u00fczere t\u00fcm ili\u015fkilerini bilen ve y\u00fcr\u00fcten biri. Hatta \u00d6calan\u2019\u0131n ki\u015fisel ili\u015fkilerini iyi bilen biri. \u00d6calan yakaland\u0131ktan sonra da bu kez ayn\u0131 \u00e7al\u0131\u015fmay\u0131 Cemil Bay\u0131k ile y\u00fcr\u00fct\u00fcr. Cemil Bay\u0131k ve PKK\u2019nin Suriye istihbarat\u0131 ile ili\u015fkilerini 2000\u2019ler sonras\u0131 y\u00fcr\u00fct\u00fcr.<\/p>\n<p style=\"text-align: justify\">Demhat Agit\u2019in Cemil Bay\u0131k ile ili\u015fkileri \u00e7ok daha derindir. K\u00fc\u00e7\u00fck ya\u015fta PKK\u2019ye kat\u0131lan Demhat Agit uzun y\u0131llar Cemil Bay\u0131k\u2019\u0131n yan\u0131nda kal\u0131r. Cemil Bay\u0131k\u2019\u0131n sadece siyasi ili\u015fkileri de\u011fil ya\u015fam\u0131na dairde bir\u00e7ok bilgiye sahiptir. Demhat Agit\u2019in uzun y\u0131llard\u0131r S\u00fcleymaniye\u2019de \u00fcstlendi\u011fi Cemil Bay\u0131k\u2019\u0131n \u0130ranla ve YNK ile ili\u015fkilerini sa\u011flayan \u00f6zel bir kurye gibi \u00e7al\u0131\u015ft\u0131\u011f\u0131, g\u00fcnl\u00fck bilgi al\u0131p aktard\u0131\u011f\u0131 biliniyor. Demhat Agit direk olarak YNK\u2019nin istihbarat\u0131 Zanyari ile ili\u015fkidedir. S\u00fcleymaniye\u2019de kalmas\u0131n\u0131 kabul eden, kalmalar\u0131 i\u00e7in yer temin eden ve g\u00fcvenli\u011fini alanlar Lahor \u015eex Cengi ve Polat \u015eex Cengidir. Demhat Agit\u2019in PKK\u2019nin uluslararas\u0131 g\u00fc\u00e7lerle Ortado\u011fu\u2019da ki ili\u015fkilerini sa\u011flayan ki\u015fi oldu\u011fu da biliniyor.<\/p>\n<p style=\"text-align: justify\">T\u00fcrk Devleti\u2019nin bu kadar g\u00f6z\u00fc kara bi\u00e7imde her ikisini hedeflemesinin nedeni bu iki ki\u015finin diplomasi konusunda oynad\u0131\u011f\u0131 \u00f6zel rold\u00fcr. Her iki ki\u015fi de Cemil Bay\u0131k\u2019\u0131n kara kutusuydular. Vurulmalar\u0131 ile bir anlamda Cemil Bay\u0131k hem iki sa\u011f kolunu kaybetti hem de karanl\u0131k ili\u015fkilerinin \u015fahitleri yok oldu.<\/p>\n<p style=\"text-align: justify\">Her iki ki\u015finin de ge\u00e7mi\u015fi ve ald\u0131klar\u0131 g\u00f6revler neden hedef al\u0131nd\u0131klar\u0131n\u0131 ortaya koyuyor.<\/p>\n<h3 style=\"text-align: justify\"><span style=\"font-family: 'arial black', sans-serif\">Cevaplar PKK\u2019de\u2026<\/span><\/h3>\n<p style=\"text-align: justify\">PKK ve KCK her iki kadronun vurulmas\u0131na dair bildiri yay\u0131nlay\u0131p G\u00fcney H\u00fck\u00fcmeti ve parlamentodan bu konunun ayd\u0131nlat\u0131lmas\u0131n\u0131 istedi. \u0130lk kez YNK\u2019nin de durumu a\u00e7\u0131klamas\u0131n\u0131 istedi. Asl\u0131nda PKK olay\u0131n nas\u0131l oldu\u011funu, kimlerin bilgi verdi\u011fini, bu ki\u015fileri nas\u0131l takip edilmi\u015f olabilece\u011fini iyi biliyor. A\u00e7\u0131klama sadece kamuoyunu etkilemek i\u00e7in yap\u0131lm\u0131\u015ft\u0131r.<\/p>\n<p style=\"text-align: justify\">\u00a0PKK son y\u0131llarda ya\u015fad\u0131\u011f\u0131 her t\u00fcrl\u00fc olumsuz olayda K\u00fcrdistan B\u00f6lge H\u00fck\u00fcmetini sorumlu tutuyor. Oysaki kendisi G\u00fcney K\u00fcrdistan\u2019da ki hi\u00e7bir \u00e7al\u0131\u015fmas\u0131nda B\u00f6lge H\u00fck\u00fcmetinin iznini alm\u0131yor, hatta h\u00fck\u00fcmeti tan\u0131m\u0131yor. S\u00fcrekli olarak sadece h\u00fck\u00fcmeti su\u00e7luyor. Kendisini hatalar\u0131n\u0131 bile G\u00fcney H\u00fck\u00fcmetine \u00f6detiyor.\u00a0 Oysaki Azmar\u2019daki olayda da daha \u00f6nceki olaylarda da temel hata kendisinin ve beraber hareket etti\u011fi ortalar\u0131ndan kaynaklan\u0131yor.<\/p>\n<p style=\"text-align: justify\">Ge\u00e7ti\u011fimiz d\u00f6nem i\u00e7inde PKK\u2019nin b\u00f6lge h\u00fck\u00fcmetini su\u00e7lad\u0131\u011f\u0131 baz\u0131 olaylar oldu. Bunlardan biri 15 A\u011fustos 2018 y\u0131l\u0131nda \u015eengal\u2019in Ko\u00e7o b\u00f6lgesinde arac\u0131 vurulan Zeki \u015eengali\u2019idi. PKK bundan da b\u00f6lge h\u00fck\u00fcmetini sorumlu tuttu. Oysaki ger\u00e7ekte \u015eengali\u2019nin bulundu\u011fu b\u00f6lgeler G\u00fcney H\u00fck\u00fcmetine ba\u011fl\u0131 de\u011fildi, alanda hi\u00e7bir pe\u015fmerge yoktu. Direk kendilerinin ve Ha\u015fdi \u015eabinin kontrol\u00fcnde bir yerdi. PKK\u2019ye yak\u0131n \u00c7\u0131ra TV bile olay\u0131n ilk saatlerde g\u00f6rg\u00fc \u015fahidi halk\u0131n r\u00f6portaj\u0131n\u0131 yay\u0131nlay\u0131p \u2018u\u00e7aklardan \u00f6nce \u015eengalinin arabas\u0131n\u0131n Irak helikopterleri ile takip edildi\u011fini\u2019 belirtmi\u015fti. Fakat daha sonra bunlar kald\u0131r\u0131p t\u00fcm su\u00e7lama G\u00fcney h\u00fck\u00fcmetine yap\u0131ld\u0131.<\/p>\n<p style=\"text-align: justify\">21 Mart 2019 tarihinde de S\u00fcleymaniyenin Qalazide il\u00e7esi yak\u0131nlar\u0131n\u0131 u\u00e7aklar bombalam\u0131\u015ft\u0131. Burda da PKK\u2019nin diplomasi Komitesi \u00fcyesi Nawdar Amed; Serhat Varto, Sinane Sor adl\u0131 \u00fc\u00e7 eski kadrosu vurulmu\u015f R\u0131za Altun ise a\u011f\u0131r yaral\u0131 olarak kurtulmu\u015ftu. PKK bu olayda R\u0131za Altun\u2019un yaraland\u0131\u011f\u0131n\u0131 gizlemek i\u00e7in \u00e7ok a\u00e7\u0131klama yapmasa da hainler cezaland\u0131r\u0131lacakt\u0131r dedi. Olay\u0131n ger\u00e7ekle\u015fti\u011fi yer YNK g\u00fc\u00e7lerinin etkili oldu\u011fu yer olmas\u0131na ra\u011fmen PKK hi\u00e7 YNK\u2019yi i\u015fin i\u00e7ine katmadan G\u00fcney H\u00fck\u00fcmetini sorumlu tuttu.<\/p>\n<p style=\"text-align: justify\">Bir di\u011fer olay ise PKK Genel Ba\u015fkanl\u0131k Konseyi \u00fcyesi Diyar Xarib\u2019in u\u00e7aklar taraf\u0131ndan hedef al\u0131nmas\u0131yd\u0131. KCK olay\u0131n tarihini 5 Temmuz olarak vermi\u015f olsa da olay\u0131n asl\u0131nda 27 Haziran tarihinde ger\u00e7ekle\u015fti\u011fi ve hareket halindeki ara\u00e7 vurulurken \u00e7evredeki sivillerinde zarar g\u00f6rd\u00fc\u011f\u00fc ve 4 sivilin de \u015fehit d\u00fc\u015ft\u00fc\u011f\u00fc biliniyor. Olay yine YNK b\u00f6lgesinde, Diyar Xarib YNK\u2019nin izni ve bilgisi ile Ranya ve Qaladize \u00e7evresinde halka toplant\u0131 yap\u0131yor. Oysa KCK bildisinde olaydan direk olarak G\u00fcney H\u00fck\u00fcmetini sorumlu tutulup, h\u00fck\u00fcmet hedef g\u00f6sterilip, intikam alaca\u011f\u0131z deniliyor.<\/p>\n<p style=\"text-align: justify\">En son Demhat Agit ve Cemil Amed\u2019in \u00f6ld\u00fcr\u00fclmesinde de durum ayn\u0131d\u0131r. Sorumlu G\u00fcney H\u00fck\u00fcmetidir oysaki G\u00fcney H\u00fck\u00fcmetinin olaydan bilgisi yoktur. Her \u015fey PKK\u2019nin stratejik orta\u011f\u0131 YNK\u2019nin kontrol\u00fcnde ger\u00e7ekle\u015fiyor.<\/p>\n<p style=\"text-align: justify\">PKK\u2019nin olaylar\u0131 yans\u0131tma bi\u00e7iminde ki bu kand\u0131rmaca bir stratejinin par\u00e7as\u0131d\u0131r. PKK\u2019nin G\u00fcney H\u00fck\u00fcmeti derken su\u00e7lad\u0131\u011f\u0131 KDP\u2019dir. Oysaki bu olaylar PKK\u2019nin G\u00fcney K\u00fcrdistan\u2019da ki orta\u011f\u0131 YNK ile ilgilidir. Hepsi YNK\u2019nin etkin oldu\u011fu alanlarda ger\u00e7ekle\u015fmi\u015ftir, hepsi YNK\u2019nin bilgisi ile hareket eden ki\u015filere d\u00f6n\u00fckt\u00fcr.<\/p>\n<p style=\"text-align: justify\">Bu olaylar\u0131n ger\u00e7e\u011fi \u015fudur ne ger\u00e7ekle\u015fmi\u015fse T\u00fcrkiye istihbarat\u0131 M\u0130T, \u0130ran istihbarat\u0131 \u0130tlaat, YNK istihbarat\u0131 Zanyari ve PKK aras\u0131ndaki karanl\u0131k ili\u015fkilerden kaynakl\u0131d\u0131r.<br \/>\nPKK\u2019nin kendisi de G\u00fcney H\u00fck\u00fcmetinin hava sahas\u0131n\u0131 kontrol etmedi\u011fini bildi\u011fi halde her u\u00e7ak vuru\u015fu ve kadro kayb\u0131nda G\u00fcney K\u00fcrdistan h\u00fck\u00fcmetini su\u00e7luyor. Bu bi\u00e7imi ile kendi kitlesinde ve di\u011fer par\u00e7alarda G\u00fcneydeki H\u00fck\u00fcmet ve siyaset\u00e7ilerin itibar kaybetmesini istiyor. K\u00fcrtler aras\u0131nda bir kara propaganda y\u00fcr\u00fct\u00fcyor.<\/p>\n<p style=\"text-align: justify\">E\u011fer PKK Demhat Agit ve Cemil Amed\u2019in nas\u0131l vuruldu\u011funu sormak istiyorsa G\u00fcney H\u00fck\u00fcmetine de\u011fil Polat \u015eex Cengi ve Lahor \u015eex Cengi olmak \u00fczere kendi di\u011fer ortaklar\u0131na sormal\u0131d\u0131r. Zaten t\u00fcm cevaplar\u0131 en iyi bilende PKK ve Cemil Bay\u0131k\u2019\u0131n kendisidir.<\/p>\n<p>[\/darkamazi_column_text][\/darkamazi_column][\/darkamazi_row]<\/p>\n<\/div>","protected":false},"excerpt":{"rendered":"<p>[darkamazi_row][darkamazi_column][mpc_carousel_image preset=&#8221;mpc_preset_8&#8243; loop=&#8221;true&#8221; auto_slide=&#8221;true&#8221; delay=&#8221;1400&#8243; speed=&#8221;1450&#8243; layout=&#8221;fluid&#8221; enable_force_height=&#8221;true&#8221; force_height=&#8221;500&#8243; images=&#8221;1006897,1006898,1006899,1006900,1006901&#8243; gap=&#8221;5&#8243; start_at=&#8221;1&#8243; image_size=&#8221;large&#8221; image_opacity=&#8221;100&#8243; image_border_css=&#8221;border-width:15px;border-color:#f3f3f3;border-style:solid;&#8221; image_hover_opacity=&#8221;100&#8243; image_hover_border_css=&#8221;border-color:#ffffff;&#8221; overlay_icon_align=&#8221;top-right&#8221; overlay_enable_lightbox=&#8221;true&#8221; overlay_icon=&#8221;eti eti_arrow_expand&#8221; overlay_icon_color=&#8221;#ffffff&#8221; overlay_icon_size=&#8221;20&#8243; overlay_icon_background=&#8221;#f8bf4d&#8221; overlay_icon_margin_divider=&#8221;true&#8221; overlay_icon_margin_css=&#8221;margin-top:30px;margin-right:30px;&#8221; overlay_icon_padding_divider=&#8221;true&#8221; overlay_icon_padding_css=&#8221;padding-top:15px;padding-right:20px;padding-bottom:15px;padding-left:20px;&#8221; overlay_hover_color=&#8221;#fcfcfc&#8221; overlay_hover_icon_background=&#8221;#f4b83f&#8221;][darkamazi_column_text] T\u00fcrk devletinin 15 Ekim\u2019de Azmar da\u011f\u0131na yapt\u0131\u011f\u0131 sald\u0131r\u0131 bi\u00e7imi ilk kez deneniyor. Neden bu ki\u015filer hedef al\u0131nd\u0131lar? D\u00fcn K\u00fcrdistan B\u00f6lge Asayi\u015fi ve ard\u0131ndan da PKK [&hellip;]<\/p>\n","protected":false},"author":2,"featured_media":1006897,"comment_status":"closed","ping_status":"closed","sticky":false,"template":"epic_custom_post_template-1006382","format":"standard","meta":{"footnotes":""},"categories":[7],"tags":[31],"class_list":["post-1006880","post","type-post","status-publish","format-standard","has-post-thumbnail","hentry","category-editorden","tag-onemli"],"blocksy_meta":[],"seo_head":"<!-- This site is optimized with the Yoast SEO plugin v27.5 - https:\/\/yoast.com\/product\/yoast-seo-wordpress\/ -->\n<title>S\u00dcLEYMAN\u0130YE\u2019DE VURULAN HER \u0130K\u0130 PKK\u2019L\u0130 K\u0130MD\u0130? - Darka Mazi<\/title>\n<meta name=\"robots\" content=\"index, follow, max-snippet:-1, max-image-preview:large, max-video-preview:-1\" \/>\n<link rel=\"canonical\" href=\"https:\/\/darkamazi.site\/archives\/1006880\" \/>\n<meta property=\"og:locale\" content=\"en_US\" \/>\n<meta property=\"og:type\" content=\"article\" \/>\n<meta property=\"og:title\" content=\"S\u00dcLEYMAN\u0130YE\u2019DE VURULAN HER \u0130K\u0130 PKK\u2019L\u0130 K\u0130MD\u0130? - Darka Mazi\" \/>\n<meta property=\"og:description\" content=\"[darkamazi_row][darkamazi_column][mpc_carousel_image preset=&#8221;mpc_preset_8&#8243; loop=&#8221;true&#8221; auto_slide=&#8221;true&#8221; delay=&#8221;1400&#8243; speed=&#8221;1450&#8243; layout=&#8221;fluid&#8221; enable_force_height=&#8221;true&#8221; force_height=&#8221;500&#8243; images=&#8221;1006897,1006898,1006899,1006900,1006901&#8243; gap=&#8221;5&#8243; start_at=&#8221;1&#8243; image_size=&#8221;large&#8221; image_opacity=&#8221;100&#8243; image_border_css=&#8221;border-width:15px;border-color:#f3f3f3;border-style:solid;&#8221; image_hover_opacity=&#8221;100&#8243; image_hover_border_css=&#8221;border-color:#ffffff;&#8221; overlay_icon_align=&#8221;top-right&#8221; overlay_enable_lightbox=&#8221;true&#8221; overlay_icon=&#8221;eti eti_arrow_expand&#8221; overlay_icon_color=&#8221;#ffffff&#8221; overlay_icon_size=&#8221;20&#8243; overlay_icon_background=&#8221;#f8bf4d&#8221; overlay_icon_margin_divider=&#8221;true&#8221; overlay_icon_margin_css=&#8221;margin-top:30px;margin-right:30px;&#8221; overlay_icon_padding_divider=&#8221;true&#8221; overlay_icon_padding_css=&#8221;padding-top:15px;padding-right:20px;padding-bottom:15px;padding-left:20px;&#8221; overlay_hover_color=&#8221;#fcfcfc&#8221; overlay_hover_icon_background=&#8221;#f4b83f&#8221;][darkamazi_column_text] T\u00fcrk devletinin 15 Ekim\u2019de Azmar da\u011f\u0131na yapt\u0131\u011f\u0131 sald\u0131r\u0131 bi\u00e7imi ilk kez deneniyor. Neden bu ki\u015filer hedef al\u0131nd\u0131lar? D\u00fcn K\u00fcrdistan B\u00f6lge Asayi\u015fi ve ard\u0131ndan da PKK [&hellip;]\" \/>\n<meta property=\"og:url\" content=\"https:\/\/darkamazi.site\/archives\/1006880\" \/>\n<meta property=\"og:site_name\" content=\"Darka Mazi\" \/>\n<meta property=\"article:publisher\" content=\"https:\/\/www.facebook.com\/DarkaMaziturkce\" \/>\n<meta property=\"article:published_time\" content=\"2019-10-23T15:10:54+00:00\" \/>\n<meta property=\"og:image\" content=\"https:\/\/darkamazi.site\/file\/2019\/10\/S\u00dcLEYMAN\u0130YE\u2019DE-VURULAN-HER-\u0130K\u0130-PKK\u2019L\u0130-K\u0130MD\u0130-3.jpg\" \/>\n\t<meta property=\"og:image:width\" content=\"990\" \/>\n\t<meta property=\"og:image:height\" content=\"556\" \/>\n\t<meta property=\"og:image:type\" content=\"image\/jpeg\" \/>\n<meta name=\"author\" content=\"darka mazi\" \/>\n<meta name=\"twitter:card\" content=\"summary_large_image\" \/>\n<meta name=\"twitter:creator\" content=\"@DarkaMaziTurkce\" \/>\n<meta name=\"twitter:site\" content=\"@DarkaMaziTurkce\" \/>\n<meta name=\"twitter:label1\" content=\"Written by\" \/>\n\t<meta name=\"twitter:data1\" content=\"darka mazi\" \/>\n\t<meta name=\"twitter:label2\" content=\"Est. reading time\" \/>\n\t<meta name=\"twitter:data2\" content=\"7 minutes\" \/>\n<script type=\"application\/ld+json\" class=\"seo-schema-graph\">{\"@context\":\"https:\\\/\\\/schema.org\",\"@graph\":[{\"@type\":\"NewsArticle\",\"@id\":\"https:\\\/\\\/darkamazi.site\\\/archives\\\/1006880#article\",\"isPartOf\":{\"@id\":\"https:\\\/\\\/darkamazi.site\\\/archives\\\/1006880\"},\"author\":{\"name\":\"darka mazi\",\"@id\":\"https:\\\/\\\/darkamazi.site\\\/#\\\/schema\\\/person\\\/67986a95ac546c16760365877ef4a9d3\"},\"headline\":\"S\u00dcLEYMAN\u0130YE\u2019DE VURULAN HER \u0130K\u0130 PKK\u2019L\u0130 K\u0130MD\u0130?\",\"datePublished\":\"2019-10-23T15:10:54+00:00\",\"mainEntityOfPage\":{\"@id\":\"https:\\\/\\\/darkamazi.site\\\/archives\\\/1006880\"},\"wordCount\":1321,\"publisher\":{\"@id\":\"https:\\\/\\\/darkamazi.site\\\/#organization\"},\"image\":{\"@id\":\"https:\\\/\\\/darkamazi.site\\\/archives\\\/1006880#primaryimage\"},\"thumbnailUrl\":\"https:\\\/\\\/darkamazi.site\\\/darka-content\\\/uploads\\\/2019\\\/10\\\/S\u00dcLEYMAN\u0130YE\u2019DE-VURULAN-HER-\u0130K\u0130-PKK\u2019L\u0130-K\u0130MD\u0130-3.jpg\",\"keywords\":[\"\u00f6nemli\"],\"articleSection\":[\"Edit\u00f6rden\"],\"inLanguage\":\"en-US\"},{\"@type\":\"WebPage\",\"@id\":\"https:\\\/\\\/darkamazi.site\\\/archives\\\/1006880\",\"url\":\"https:\\\/\\\/darkamazi.site\\\/archives\\\/1006880\",\"name\":\"S\u00dcLEYMAN\u0130YE\u2019DE VURULAN HER \u0130K\u0130 PKK\u2019L\u0130 K\u0130MD\u0130? - Darka Mazi\",\"isPartOf\":{\"@id\":\"https:\\\/\\\/darkamazi.site\\\/#website\"},\"primaryImageOfPage\":{\"@id\":\"https:\\\/\\\/darkamazi.site\\\/archives\\\/1006880#primaryimage\"},\"image\":{\"@id\":\"https:\\\/\\\/darkamazi.site\\\/archives\\\/1006880#primaryimage\"},\"thumbnailUrl\":\"https:\\\/\\\/darkamazi.site\\\/darka-content\\\/uploads\\\/2019\\\/10\\\/S\u00dcLEYMAN\u0130YE\u2019DE-VURULAN-HER-\u0130K\u0130-PKK\u2019L\u0130-K\u0130MD\u0130-3.jpg\",\"datePublished\":\"2019-10-23T15:10:54+00:00\",\"breadcrumb\":{\"@id\":\"https:\\\/\\\/darkamazi.site\\\/archives\\\/1006880#breadcrumb\"},\"inLanguage\":\"en-US\",\"potentialAction\":[{\"@type\":\"ReadAction\",\"target\":[\"https:\\\/\\\/darkamazi.site\\\/archives\\\/1006880\"]}]},{\"@type\":\"ImageObject\",\"inLanguage\":\"en-US\",\"@id\":\"https:\\\/\\\/darkamazi.site\\\/archives\\\/1006880#primaryimage\",\"url\":\"https:\\\/\\\/darkamazi.site\\\/darka-content\\\/uploads\\\/2019\\\/10\\\/S\u00dcLEYMAN\u0130YE\u2019DE-VURULAN-HER-\u0130K\u0130-PKK\u2019L\u0130-K\u0130MD\u0130-3.jpg\",\"contentUrl\":\"https:\\\/\\\/darkamazi.site\\\/darka-content\\\/uploads\\\/2019\\\/10\\\/S\u00dcLEYMAN\u0130YE\u2019DE-VURULAN-HER-\u0130K\u0130-PKK\u2019L\u0130-K\u0130MD\u0130-3.jpg\",\"width\":990,\"height\":556,\"caption\":\"S\u00dcLEYMAN\u0130YE\u2019DE VURULAN HER \u0130K\u0130 PKK\u2019L\u0130 K\u0130MD\u0130\"},{\"@type\":\"BreadcrumbList\",\"@id\":\"https:\\\/\\\/darkamazi.site\\\/archives\\\/1006880#breadcrumb\",\"itemListElement\":[{\"@type\":\"ListItem\",\"position\":1,\"name\":\"Home\",\"item\":\"https:\\\/\\\/darkamazi.site\\\/\"},{\"@type\":\"ListItem\",\"position\":2,\"name\":\"S\u00dcLEYMAN\u0130YE\u2019DE VURULAN HER \u0130K\u0130 PKK\u2019L\u0130 K\u0130MD\u0130?\"}]},{\"@type\":\"WebSite\",\"@id\":\"https:\\\/\\\/darkamazi.site\\\/#website\",\"url\":\"https:\\\/\\\/darkamazi.site\\\/\",\"name\":\"Darka Mazi\",\"description\":\"Ana Sayfa\",\"publisher\":{\"@id\":\"https:\\\/\\\/darkamazi.site\\\/#organization\"},\"potentialAction\":[{\"@type\":\"SearchAction\",\"target\":{\"@type\":\"EntryPoint\",\"urlTemplate\":\"https:\\\/\\\/darkamazi.site\\\/?s={search_term_string}\"},\"query-input\":{\"@type\":\"PropertyValueSpecification\",\"valueRequired\":true,\"valueName\":\"search_term_string\"}}],\"inLanguage\":\"en-US\"},{\"@type\":\"Organization\",\"@id\":\"https:\\\/\\\/darkamazi.site\\\/#organization\",\"name\":\"Darka Mazi T\u00fcrk\u00e7e\",\"alternateName\":\"Darka Mazi\",\"url\":\"https:\\\/\\\/darkamazi.site\\\/\",\"logo\":{\"@type\":\"ImageObject\",\"inLanguage\":\"en-US\",\"@id\":\"https:\\\/\\\/darkamazi.site\\\/#\\\/schema\\\/logo\\\/image\\\/\",\"url\":\"https:\\\/\\\/darkamazi.site\\\/darka-content\\\/uploads\\\/2017\\\/12\\\/darka-mazi-logo.png\",\"contentUrl\":\"https:\\\/\\\/darkamazi.site\\\/darka-content\\\/uploads\\\/2017\\\/12\\\/darka-mazi-logo.png\",\"width\":151,\"height\":75,\"caption\":\"Darka Mazi T\u00fcrk\u00e7e\"},\"image\":{\"@id\":\"https:\\\/\\\/darkamazi.site\\\/#\\\/schema\\\/logo\\\/image\\\/\"},\"sameAs\":[\"https:\\\/\\\/www.facebook.com\\\/DarkaMaziturkce\",\"https:\\\/\\\/x.com\\\/DarkaMaziTurkce\"]},{\"@type\":\"Person\",\"@id\":\"https:\\\/\\\/darkamazi.site\\\/#\\\/schema\\\/person\\\/67986a95ac546c16760365877ef4a9d3\",\"name\":\"darka mazi\",\"sameAs\":[\"https:\\\/\\\/darkamazi.site\"],\"url\":\"https:\\\/\\\/darkamazi.site\\\/archives\\\/author\\\/turkish\"}]}<\/script>\n<!-- \/ Yoast SEO plugin. -->","seo_head_json":{"title":"S\u00dcLEYMAN\u0130YE\u2019DE VURULAN HER \u0130K\u0130 PKK\u2019L\u0130 K\u0130MD\u0130? - Darka Mazi","robots":{"index":"index","follow":"follow","max-snippet":"max-snippet:-1","max-image-preview":"max-image-preview:large","max-video-preview":"max-video-preview:-1"},"canonical":"https:\/\/darkamazi.site\/archives\/1006880","og_locale":"en_US","og_type":"article","og_title":"S\u00dcLEYMAN\u0130YE\u2019DE VURULAN HER \u0130K\u0130 PKK\u2019L\u0130 K\u0130MD\u0130? - Darka Mazi","og_description":"[darkamazi_row][darkamazi_column][mpc_carousel_image preset=&#8221;mpc_preset_8&#8243; loop=&#8221;true&#8221; auto_slide=&#8221;true&#8221; delay=&#8221;1400&#8243; speed=&#8221;1450&#8243; layout=&#8221;fluid&#8221; enable_force_height=&#8221;true&#8221; force_height=&#8221;500&#8243; images=&#8221;1006897,1006898,1006899,1006900,1006901&#8243; gap=&#8221;5&#8243; start_at=&#8221;1&#8243; image_size=&#8221;large&#8221; image_opacity=&#8221;100&#8243; image_border_css=&#8221;border-width:15px;border-color:#f3f3f3;border-style:solid;&#8221; image_hover_opacity=&#8221;100&#8243; image_hover_border_css=&#8221;border-color:#ffffff;&#8221; overlay_icon_align=&#8221;top-right&#8221; overlay_enable_lightbox=&#8221;true&#8221; overlay_icon=&#8221;eti eti_arrow_expand&#8221; overlay_icon_color=&#8221;#ffffff&#8221; overlay_icon_size=&#8221;20&#8243; overlay_icon_background=&#8221;#f8bf4d&#8221; overlay_icon_margin_divider=&#8221;true&#8221; overlay_icon_margin_css=&#8221;margin-top:30px;margin-right:30px;&#8221; overlay_icon_padding_divider=&#8221;true&#8221; overlay_icon_padding_css=&#8221;padding-top:15px;padding-right:20px;padding-bottom:15px;padding-left:20px;&#8221; overlay_hover_color=&#8221;#fcfcfc&#8221; overlay_hover_icon_background=&#8221;#f4b83f&#8221;][darkamazi_column_text] T\u00fcrk devletinin 15 Ekim\u2019de Azmar da\u011f\u0131na yapt\u0131\u011f\u0131 sald\u0131r\u0131 bi\u00e7imi ilk kez deneniyor. Neden bu ki\u015filer hedef al\u0131nd\u0131lar? D\u00fcn K\u00fcrdistan B\u00f6lge Asayi\u015fi ve ard\u0131ndan da PKK [&hellip;]","og_url":"https:\/\/darkamazi.site\/archives\/1006880","og_site_name":"Darka Mazi","article_publisher":"https:\/\/www.facebook.com\/DarkaMaziturkce","article_published_time":"2019-10-23T15:10:54+00:00","og_image":[{"width":990,"height":556,"url":"https:\/\/darkamazi.site\/file\/2019\/10\/S\u00dcLEYMAN\u0130YE\u2019DE-VURULAN-HER-\u0130K\u0130-PKK\u2019L\u0130-K\u0130MD\u0130-3.jpg","type":"image\/jpeg"}],"author":"darka mazi","twitter_card":"summary_large_image","twitter_creator":"@DarkaMaziTurkce","twitter_site":"@DarkaMaziTurkce","twitter_misc":{"Written by":"darka mazi","Est. reading time":"7 minutes"},"schema":{"@context":"https:\/\/schema.org","@graph":[{"@type":"NewsArticle","@id":"https:\/\/darkamazi.site\/archives\/1006880#article","isPartOf":{"@id":"https:\/\/darkamazi.site\/archives\/1006880"},"author":{"name":"darka mazi","@id":"https:\/\/darkamazi.site\/#\/schema\/person\/67986a95ac546c16760365877ef4a9d3"},"headline":"S\u00dcLEYMAN\u0130YE\u2019DE VURULAN HER \u0130K\u0130 PKK\u2019L\u0130 K\u0130MD\u0130?","datePublished":"2019-10-23T15:10:54+00:00","mainEntityOfPage":{"@id":"https:\/\/darkamazi.site\/archives\/1006880"},"wordCount":1321,"publisher":{"@id":"https:\/\/darkamazi.site\/#organization"},"image":{"@id":"https:\/\/darkamazi.site\/archives\/1006880#primaryimage"},"thumbnailUrl":"https:\/\/darkamazi.site\/file\/2019\/10\/S\u00dcLEYMAN\u0130YE\u2019DE-VURULAN-HER-\u0130K\u0130-PKK\u2019L\u0130-K\u0130MD\u0130-3.jpg","keywords":["\u00f6nemli"],"articleSection":["Edit\u00f6rden"],"inLanguage":"en-US"},{"@type":"WebPage","@id":"https:\/\/darkamazi.site\/archives\/1006880","url":"https:\/\/darkamazi.site\/archives\/1006880","name":"S\u00dcLEYMAN\u0130YE\u2019DE VURULAN HER \u0130K\u0130 PKK\u2019L\u0130 K\u0130MD\u0130? - Darka Mazi","isPartOf":{"@id":"https:\/\/darkamazi.site\/#website"},"primaryImageOfPage":{"@id":"https:\/\/darkamazi.site\/archives\/1006880#primaryimage"},"image":{"@id":"https:\/\/darkamazi.site\/archives\/1006880#primaryimage"},"thumbnailUrl":"https:\/\/darkamazi.site\/file\/2019\/10\/S\u00dcLEYMAN\u0130YE\u2019DE-VURULAN-HER-\u0130K\u0130-PKK\u2019L\u0130-K\u0130MD\u0130-3.jpg","datePublished":"2019-10-23T15:10:54+00:00","breadcrumb":{"@id":"https:\/\/darkamazi.site\/archives\/1006880#breadcrumb"},"inLanguage":"en-US","potentialAction":[{"@type":"ReadAction","target":["https:\/\/darkamazi.site\/archives\/1006880"]}]},{"@type":"ImageObject","inLanguage":"en-US","@id":"https:\/\/darkamazi.site\/archives\/1006880#primaryimage","url":"https:\/\/darkamazi.site\/file\/2019\/10\/S\u00dcLEYMAN\u0130YE\u2019DE-VURULAN-HER-\u0130K\u0130-PKK\u2019L\u0130-K\u0130MD\u0130-3.jpg","contentUrl":"https:\/\/darkamazi.site\/file\/2019\/10\/S\u00dcLEYMAN\u0130YE\u2019DE-VURULAN-HER-\u0130K\u0130-PKK\u2019L\u0130-K\u0130MD\u0130-3.jpg","width":990,"height":556,"caption":"S\u00dcLEYMAN\u0130YE\u2019DE VURULAN HER \u0130K\u0130 PKK\u2019L\u0130 K\u0130MD\u0130"},{"@type":"BreadcrumbList","@id":"https:\/\/darkamazi.site\/archives\/1006880#breadcrumb","itemListElement":[{"@type":"ListItem","position":1,"name":"Home","item":"https:\/\/darkamazi.site\/"},{"@type":"ListItem","position":2,"name":"S\u00dcLEYMAN\u0130YE\u2019DE VURULAN HER \u0130K\u0130 PKK\u2019L\u0130 K\u0130MD\u0130?"}]},{"@type":"WebSite","@id":"https:\/\/darkamazi.site\/#website","url":"https:\/\/darkamazi.site\/","name":"Darka Mazi","description":"Ana Sayfa","publisher":{"@id":"https:\/\/darkamazi.site\/#organization"},"potentialAction":[{"@type":"SearchAction","target":{"@type":"EntryPoint","urlTemplate":"https:\/\/darkamazi.site\/?s={search_term_string}"},"query-input":{"@type":"PropertyValueSpecification","valueRequired":true,"valueName":"search_term_string"}}],"inLanguage":"en-US"},{"@type":"Organization","@id":"https:\/\/darkamazi.site\/#organization","name":"Darka Mazi T\u00fcrk\u00e7e","alternateName":"Darka Mazi","url":"https:\/\/darkamazi.site\/","logo":{"@type":"ImageObject","inLanguage":"en-US","@id":"https:\/\/darkamazi.site\/#\/schema\/logo\/image\/","url":"https:\/\/darkamazi.site\/file\/2017\/12\/darka-mazi-logo.png","contentUrl":"https:\/\/darkamazi.site\/file\/2017\/12\/darka-mazi-logo.png","width":151,"height":75,"caption":"Darka Mazi T\u00fcrk\u00e7e"},"image":{"@id":"https:\/\/darkamazi.site\/#\/schema\/logo\/image\/"},"sameAs":["https:\/\/www.facebook.com\/DarkaMaziturkce","https:\/\/x.com\/DarkaMaziTurkce"]},{"@type":"Person","@id":"https:\/\/darkamazi.site\/#\/schema\/person\/67986a95ac546c16760365877ef4a9d3","name":"darka mazi","sameAs":["https:\/\/darkamazi.site"],"url":"https:\/\/darkamazi.site\/archives\/author\/turkish"}]}},"_links":{"self":[{"href":"https:\/\/darkamazi.site\/funavuv\/wp\/v2\/posts\/1006880","targetHints":{"allow":["GET"]}}],"collection":[{"href":"https:\/\/darkamazi.site\/funavuv\/wp\/v2\/posts"}],"about":[{"href":"https:\/\/darkamazi.site\/funavuv\/wp\/v2\/types\/post"}],"author":[{"embeddable":true,"href":"https:\/\/darkamazi.site\/funavuv\/wp\/v2\/users\/2"}],"replies":[{"embeddable":true,"href":"https:\/\/darkamazi.site\/funavuv\/wp\/v2\/comments?post=1006880"}],"version-history":[{"count":0,"href":"https:\/\/darkamazi.site\/funavuv\/wp\/v2\/posts\/1006880\/revisions"}],"wp:featuredmedia":[{"embeddable":true,"href":"https:\/\/darkamazi.site\/funavuv\/wp\/v2\/media\/1006897"}],"wp:attachment":[{"href":"https:\/\/darkamazi.site\/funavuv\/wp\/v2\/media?parent=1006880"}],"wp:term":[{"taxonomy":"category","embeddable":true,"href":"https:\/\/darkamazi.site\/funavuv\/wp\/v2\/categories?post=1006880"},{"taxonomy":"post_tag","embeddable":true,"href":"https:\/\/darkamazi.site\/funavuv\/wp\/v2\/tags?post=1006880"}],"curies":[{"name":"wp","href":"https:\/\/api.w.org\/{rel}","templated":true}]}}