{"id":1006920,"date":"2019-10-27T11:47:00","date_gmt":"2019-10-27T08:47:00","guid":{"rendered":"https:\/\/darkamazi.site\/?p=1006920"},"modified":"2019-10-27T11:47:00","modified_gmt":"2019-10-27T08:47:00","slug":"pesmergenin-xwe-neceminin-destani-arap-turk-ve-farslarin-planlarini-yikti","status":"publish","type":"post","link":"https:\/\/darkamazi.site\/archives\/1006920","title":{"rendered":"P\u00ca\u015eMERGE\u2019N\u0130N \u201cXWE NE\u00c7EM\u0130NIN\u201d DESTANI ARAP, T\u00dcRK VE FARS\u2019LARIN PLANLARINI YIKTI"},"content":{"rendered":"<h2 style=\"text-align: justify\"><span style=\"font-family: 'arial black', sans-serif;font-size: 12pt\">Kerk\u00fck&#8217;\u00fcn i\u015fgali sonras\u0131 ya\u015fananlar hala t\u00fcm y\u00f6nleri ile kamuoyu taraf\u0131ndan bilinmiyor. Kerk\u00fck&#8217;\u00fc i\u015fgal plan\u0131 baz\u0131 Avrupa devletleri ile b\u00f6lgedeki \u0130ran, T\u00fcrkiye, Irak gibi s\u00f6m\u00fcrgeci g\u00fc\u00e7lerin onay\u0131 ve deste\u011fi ile yap\u0131ld\u0131. Peki nas\u0131l durdu? kimse bunu tam olarak bilmiyor. Oysaki Pirde, Sihela ve Mahmudiye cephesindeki direni\u015f ile bu b\u00fcy\u00fck oyun bozuldu.<\/span><\/h2>\n<p style=\"text-align: justify\">16 EK\u0130M 2017 den \u00f6nce, G\u00fcney K\u00fcrdistan\u2019\u0131 i\u015fgal etme planlar\u0131 yap\u0131ld\u0131. \u0130\u015fgal plan\u0131na kat\u0131lacak birlikler He\u015fdi \u015eabi, Irak Federal polisi, Irak Ordusu, \u0130ran Pastarlar\u0131 ve L\u00fcbnan Hizbullah\u2019\u0131na ba\u011fl\u0131 \u00e7ete birliklerden olu\u015fmaktayd\u0131. Birinci cephe Pirde kasabas\u0131 \u00fczerinden ba\u015fken Erbil\u2019i hedef alacakt\u0131. \u0130kinci cephe ise \u00e7ok yo\u011fun bir askeri g\u00fc\u00e7 ve ordu envanterinde bulunan b\u00fct\u00fcn a\u011f\u0131r silahlarla Rabia \u00fczerinde P\u00ea\u015fhabur hatt\u0131na y\u00f6nelecekti. \u0130\u015fgal plan\u0131 b\u00f6yle yap\u0131lm\u0131\u015ft\u0131.<\/p>\n<h3 style=\"text-align: justify\"><span style=\"font-family: 'arial black', sans-serif;font-size: 12pt\"><strong>\u0130\u015fgalcilerin hedefi P\u00ea\u015fhabur\u00ea \u00fc\u00e7genini ele ge\u00e7irmekti.<\/strong><\/span><\/h3>\n<p style=\"text-align: justify\">Rebia cephesinin amac\u0131; P\u00ea\u015fhabur\u00ea \u00fc\u00e7genini ele ge\u00e7irip, K\u00fcrdistan\u2019\u0131n uluslararas\u0131 petrol nakil hatt\u0131 yani Kerk\u00fck-Ceyhan boru hatt\u0131n\u0131 ele ge\u00e7irmekti. Plana g\u00f6re; G\u00fcney K\u00fcrdistan\u2019\u0131n ekonomik kaynaklar\u0131 ele ge\u00e7irilecek ve b\u00f6ylelikle t\u00fcm siyasi ve ekonomik kazan\u0131mlar ortadan kald\u0131r\u0131lacakt\u0131. \u0130hanet\u00e7i grup ile i\u015fgalci devletlerin ve \u00f6zellikle Qas\u0131m S\u00fcleymani ile yapt\u0131\u011f\u0131 anla\u015fmaya g\u00f6re: Bay Hasan ve Havana petrol kuyular\u0131 \u0130ngiltere\u2019nin British Petroleum (BP) petrol \u015firketine verilecekti. Kar\u015f\u0131l\u0131\u011f\u0131nda g\u00fcnl\u00fck olarak 150 000 varil ham petrol Ceyhan dolum tesislerine pompalanacakt\u0131. Bu anla\u015fmaya T\u00fcrkiye\u2019de raz\u0131yd\u0131 \u00e7\u00fcnk\u00fc kendisine \u00e7ok ciddi kar kalacakt\u0131. Kerk\u00fck ihanetini yapan taraflarda bu gelirden pay alacakt\u0131. B\u00f6ylelikle i\u015fgalin ortaklar\u0131 ekonomik ortakl\u0131kta yapm\u0131\u015f olacakt\u0131r.<\/p>\n<h2 style=\"text-align: justify\"><span style=\"font-family: 'arial black', sans-serif;font-size: 12pt\"><strong>P\u00ea\u015fmergeler \u00f6l\u00fcm kal\u0131m sava\u015f\u0131 verdiler<\/strong><\/span><\/h2>\n<p style=\"text-align: justify\">Sihela ve Mehmudiye cephesinde; Mansur Barzani\u2019nin komutas\u0131 alt\u0131nda \u00fc\u00e7 ayr\u0131 g\u00fc\u00e7 mevzilenmi\u015fti. Bunlar; General Bedel Bendi\u2019nin komutas\u0131nda, P\u00ea\u015fmergey\u00ean Rojava \u00ea Kurdistan\u00ea (H\u00eaza Roj),Le\u015fker\u00ea Taybet\u00ea Y\u00eak ( \u00d6zel Kuvvetler 1.G\u00fcc\u00fc), \u00a0P\u00ea\u015fmerg\u00ea Gulan ( KDP ye ba\u011fl\u0131 \u00d6zel G\u00fc\u00e7ler)g\u00fc\u00e7leriydiler. \u00dc\u00e7 koldan mevzilenen p\u00ea\u015fmerge g\u00fc\u00e7leri, General Mansur Barzani\u2019nin komutas\u0131nda \u00f6l\u00fcm kal\u0131m sava\u015f\u0131 i\u00e7in t\u00fcm haz\u0131rl\u0131klar\u0131n\u0131 tamamlam\u0131\u015flard\u0131. B\u00fcy\u00fck onur sava\u015f\u0131 ba\u015flamadan \u00f6nce komutan Mansur Barzani p\u00ea\u015fmerge g\u00fc\u00e7lerine hitaben \u201c<strong>bu g\u00fcn burada t\u00fcm K\u00fcrt halk\u0131n\u0131n onurunu koruma sava\u015f\u0131 verece\u011fiz. T\u00fcm mevzilerimize b\u00fcy\u00fck bir sald\u0131r\u0131 olacak. Sizden ricam \u015fudur ki \u015fayet i\u00e7inizde ruhen bu sava\u015fa haz\u0131r olmayan varsa \u015fimdiden \u00e7\u0131k\u0131p evine gidebilir. Biz d\u00fc\u015fman sald\u0131r\u0131s\u0131n\u0131 k\u0131rmak i\u00e7in sonuna kadar direnece\u011fiz. Hi\u00e7bir mevziimizi terk etmeyece\u011fiz, cephemizi b\u0131rakmayaca\u011f\u0131z. Bu g\u00fcn burada i\u015fgalcileri yenip K\u00fcrt halk\u0131na zafer bah\u015fedece\u011fiz. Bu g\u00fcnk\u00fc sava\u015f K\u00fcrt halk\u0131n\u0131n kaderini belirleyecektir<\/strong>\u201d dedi.<\/p>\n<p style=\"text-align: justify\">S\u0131hela ve Mahmudiye sald\u0131r\u0131s\u0131 da t\u0131pk\u0131 P\u0131rd\u00ea sald\u0131r\u0131s\u0131 gibi \u00f6nce yo\u011fun top at\u0131\u015flar\u0131yla ba\u015flad\u0131. Aral\u0131ks\u0131z olarak \u00fc\u00e7 saat P\u00ea\u015fmerge mevzileri yo\u011fun bombard\u0131mana tutuldu. Alanda bombalanmam\u0131\u015f bir kar\u0131\u015f toprak kalmad\u0131. Daha sonra Irak ordusunun 9. z\u0131rhl\u0131 t\u00fcmeni sald\u0131r\u0131ya ge\u00e7ti. P\u00ea\u015fmerge\u2019nin menziline girdiklerinde kahramanl\u0131k destan\u0131 yaz\u0131lmaya ba\u015fland\u0131. Yo\u011fun direni\u015ften sonra P\u00ea\u015fmerg g\u00fc\u00e7leri Irak ordusuna ait 1 Bacar tipi askeri ara\u00e7, 3 tank ve 4 Hummer askeri arac\u0131 imha etti. Irak ordusu, 250 \u00f6l\u00fc ve 470 yaral\u0131 vererek geri \u00e7ekilmek zorunda kald\u0131.<\/p>\n<p style=\"text-align: justify\">Bu direni\u015f d\u00fc\u015fman\u0131n bir\u00e7ok koldan k\u0131r\u0131lmas\u0131na sebep oldu. Ancak bu k\u0131r\u0131lmay\u0131 hazmedemeyen i\u015fgalciler 13.000 ki\u015filik orduyla ikinci bir sald\u0131r\u0131 ba\u015flatt\u0131.\u00a0 D\u00fc\u015fman\u0131n ikinci sald\u0131r\u0131s\u0131 da k\u0131r\u0131ld\u0131. Bu son sald\u0131r\u0131da H\u00eaza Roj ve Zerevani g\u00fc\u00e7lerinden \u015fehadetler ya\u015fand\u0131. Uzun y\u0131llar pe\u015fmergelik yapm\u0131\u015f, G\u00fcney K\u00fcrdistan\u2019\u0131n sevilen \u015fahsiyetlerinden General Wahel Bakozi\u2019de burada \u015fehit d\u00fc\u015ft\u00fc.<\/p>\n<p style=\"text-align: justify\">P\u00ea\u015fmerge Ordusu Genel Komutanl\u0131\u011f\u0131 sava\u015f cephesini geni\u015fletme takti\u011fi uygulayarak Irak ordusuna kar\u015f\u0131 Mahmur cephesinden de sald\u0131r\u0131ya ge\u00e7ti. Mahmur cephesindeki t\u00fcm d\u00fc\u015fman mevzileri d\u00fc\u015f\u00fcr\u00fcld\u00fc, Mahmur kasabas\u0131na girildi ve onlarca Irak askeri \u00f6ld\u00fcr\u00fcld\u00fc ve bir\u00e7o\u011fu da esir al\u0131nd\u0131. Irak ordusu P\u0131rde, Sihela ve Maxmur cephesinde a\u011f\u0131r bir yenilgi alarak tarihi bir yenilgiye u\u011frad\u0131lar.<\/p>\n<h3 style=\"text-align: justify\"><strong><span style=\"font-family: 'arial black', sans-serif;font-size: 12pt\">Abadi\u2019nin \u201cdeve\u201d\u00a0 r\u00fcyas\u0131<\/span><\/strong><\/h3>\n<p style=\"text-align: justify\">\u00a0Irak ba\u015fbakan\u0131 Haydar Abadi sald\u0131r\u0131 g\u00fcn\u00fc Xabur s\u0131n\u0131r kap\u0131s\u0131n\u0131n T\u00fcrkiye yakas\u0131na ortak tatbikat bahanesi ile askeri bir g\u00fc\u00e7 ve birka\u00e7 g\u00fcmr\u00fck memuru yerle\u015ftirmi\u015fti. Abadi\u2019nin plan\u0131na g\u00f6re nas\u0131l olsa Pe\u015fmerge g\u00fc\u00e7leri yenilecek, Irak ordusu ve devleti her yeri ele ge\u00e7irecek ve kendisi de kara yolu ile Xabur s\u0131n\u0131r kap\u0131s\u0131ndan T\u00fcrkiye\u2019ye ge\u00e7erek R. Tayip Erdo\u011fan\u2019la g\u00f6r\u00fc\u015f\u00fcp bu zaferi kutlayacaklard\u0131. Her \u015fey haz\u0131rd\u0131. T\u00fcrkiye taraf\u0131nda t\u00fcm haz\u0131rl\u0131klar bitmi\u015fti. D\u00f6nemi T\u00fcrkiye Ba\u015fbakan\u0131 Binali Y\u0131ld\u0131r\u0131m \u2018 Irak kap\u0131y\u0131 devralacak, haz\u0131rl\u0131klar tamamland\u0131\u2019 bi\u00e7iminde a\u00e7\u0131klama da yapt\u0131. Ba\u011fdat\u2019\u0131n g\u00f6nderdi\u011fi g\u00fcmr\u00fck memurlar\u0131 Silopi taraf\u0131nda bekliyordu. Ancak P\u00ea\u015fmerge direni\u015fi Abadi\u2019nin bu hayalini \u201cdeve r\u00fcyas\u0131na\u201d \u00e7evirdi.<\/p>\n<p style=\"text-align: justify\">P\u00ea\u015fmerge\u2019nin S\u0131hela destan\u0131 \u015funu g\u00f6sterdi ki e\u011fer ihanet\u00e7i grup olmasayd\u0131 i\u015fgalciler asla Kerk\u00fck \u015fehrini ele ge\u00e7iremeyecekti. Bu direni\u015f K\u00fcrdistan tarihine \u201cxwe ne\u00e7emin\u0131n\u201d ( E\u011filmeyin) destan\u0131 olarak ge\u00e7ti. \u201cXwe ne\u00e7emin\u0131n\u201d \u015fiar\u0131, askeri bir refleksten \u00e7ok K\u00fcrt halk\u0131n\u0131n ulusal duru\u015funu ifade etmektedir. Bu destan Irak, \u0130ran, T\u00fcrkiye ve \u0130ngiltere\u2019nin t\u00fcm i\u015fgal planlar\u0131n\u0131 yerle bir etti.<\/p>\n<p style=\"text-align: justify\">\n<p style=\"text-align: justify\">\n","protected":false},"excerpt":{"rendered":"<p>Kerk\u00fck&#8217;\u00fcn i\u015fgali sonras\u0131 ya\u015fananlar hala t\u00fcm y\u00f6nleri ile kamuoyu taraf\u0131ndan bilinmiyor. Kerk\u00fck&#8217;\u00fc i\u015fgal plan\u0131 baz\u0131 Avrupa devletleri ile b\u00f6lgedeki \u0130ran, T\u00fcrkiye, Irak gibi s\u00f6m\u00fcrgeci g\u00fc\u00e7lerin onay\u0131 ve deste\u011fi ile yap\u0131ld\u0131. Peki nas\u0131l durdu? kimse bunu tam olarak bilmiyor. Oysaki Pirde, Sihela ve Mahmudiye cephesindeki direni\u015f ile bu b\u00fcy\u00fck oyun bozuldu. 16 EK\u0130M 2017 den \u00f6nce, [&hellip;]<\/p>\n","protected":false},"author":2,"featured_media":1006921,"comment_status":"closed","ping_status":"closed","sticky":false,"template":"","format":"standard","meta":{"footnotes":""},"categories":[3],"tags":[],"class_list":["post-1006920","post","type-post","status-publish","format-standard","has-post-thumbnail","hentry","category-kurdistan"],"blocksy_meta":[],"seo_head":"<!-- This site is optimized with the Yoast SEO plugin v27.5 - https:\/\/yoast.com\/product\/yoast-seo-wordpress\/ -->\n<title>P\u00ca\u015eMERGE\u2019N\u0130N \u201cXWE NE\u00c7EM\u0130NIN\u201d DESTANI ARAP, T\u00dcRK VE FARS\u2019LARIN PLANLARINI YIKTI - Darka Mazi<\/title>\n<meta name=\"robots\" content=\"index, follow, max-snippet:-1, max-image-preview:large, max-video-preview:-1\" \/>\n<link rel=\"canonical\" href=\"https:\/\/darkamazi.site\/archives\/1006920\" \/>\n<meta property=\"og:locale\" content=\"en_US\" \/>\n<meta property=\"og:type\" content=\"article\" \/>\n<meta property=\"og:title\" content=\"P\u00ca\u015eMERGE\u2019N\u0130N \u201cXWE NE\u00c7EM\u0130NIN\u201d DESTANI ARAP, T\u00dcRK VE FARS\u2019LARIN PLANLARINI YIKTI - Darka Mazi\" \/>\n<meta property=\"og:description\" content=\"Kerk\u00fck&#8217;\u00fcn i\u015fgali sonras\u0131 ya\u015fananlar hala t\u00fcm y\u00f6nleri ile kamuoyu taraf\u0131ndan bilinmiyor. Kerk\u00fck&#8217;\u00fc i\u015fgal plan\u0131 baz\u0131 Avrupa devletleri ile b\u00f6lgedeki \u0130ran, T\u00fcrkiye, Irak gibi s\u00f6m\u00fcrgeci g\u00fc\u00e7lerin onay\u0131 ve deste\u011fi ile yap\u0131ld\u0131. Peki nas\u0131l durdu? kimse bunu tam olarak bilmiyor. Oysaki Pirde, Sihela ve Mahmudiye cephesindeki direni\u015f ile bu b\u00fcy\u00fck oyun bozuldu. 16 EK\u0130M 2017 den \u00f6nce, [&hellip;]\" \/>\n<meta property=\"og:url\" content=\"https:\/\/darkamazi.site\/archives\/1006920\" \/>\n<meta property=\"og:site_name\" content=\"Darka Mazi\" \/>\n<meta property=\"article:publisher\" content=\"https:\/\/www.facebook.com\/DarkaMaziturkce\" \/>\n<meta property=\"article:published_time\" content=\"2019-10-27T08:47:00+00:00\" \/>\n<meta property=\"og:image\" content=\"https:\/\/darkamazi.site\/file\/2019\/10\/Fermande-2.jpg\" \/>\n\t<meta property=\"og:image:width\" content=\"710\" \/>\n\t<meta property=\"og:image:height\" content=\"353\" \/>\n\t<meta property=\"og:image:type\" content=\"image\/jpeg\" \/>\n<meta name=\"author\" content=\"darka mazi\" \/>\n<meta name=\"twitter:card\" content=\"summary_large_image\" \/>\n<meta name=\"twitter:creator\" content=\"@DarkaMaziTurkce\" \/>\n<meta name=\"twitter:site\" content=\"@DarkaMaziTurkce\" \/>\n<meta name=\"twitter:label1\" content=\"Written by\" \/>\n\t<meta name=\"twitter:data1\" content=\"darka mazi\" \/>\n\t<meta name=\"twitter:label2\" content=\"Est. reading time\" \/>\n\t<meta name=\"twitter:data2\" content=\"5 minutes\" \/>\n<script type=\"application\/ld+json\" class=\"seo-schema-graph\">{\"@context\":\"https:\\\/\\\/schema.org\",\"@graph\":[{\"@type\":\"NewsArticle\",\"@id\":\"https:\\\/\\\/darkamazi.site\\\/archives\\\/1006920#article\",\"isPartOf\":{\"@id\":\"https:\\\/\\\/darkamazi.site\\\/archives\\\/1006920\"},\"author\":{\"name\":\"darka mazi\",\"@id\":\"https:\\\/\\\/darkamazi.site\\\/#\\\/schema\\\/person\\\/67986a95ac546c16760365877ef4a9d3\"},\"headline\":\"P\u00ca\u015eMERGE\u2019N\u0130N \u201cXWE NE\u00c7EM\u0130NIN\u201d DESTANI ARAP, T\u00dcRK VE FARS\u2019LARIN PLANLARINI YIKTI\",\"datePublished\":\"2019-10-27T08:47:00+00:00\",\"mainEntityOfPage\":{\"@id\":\"https:\\\/\\\/darkamazi.site\\\/archives\\\/1006920\"},\"wordCount\":1002,\"publisher\":{\"@id\":\"https:\\\/\\\/darkamazi.site\\\/#organization\"},\"image\":{\"@id\":\"https:\\\/\\\/darkamazi.site\\\/archives\\\/1006920#primaryimage\"},\"thumbnailUrl\":\"https:\\\/\\\/darkamazi.site\\\/darka-content\\\/uploads\\\/2019\\\/10\\\/Fermande-2.jpg\",\"articleSection\":[\"Kurdistan\"],\"inLanguage\":\"en-US\"},{\"@type\":\"WebPage\",\"@id\":\"https:\\\/\\\/darkamazi.site\\\/archives\\\/1006920\",\"url\":\"https:\\\/\\\/darkamazi.site\\\/archives\\\/1006920\",\"name\":\"P\u00ca\u015eMERGE\u2019N\u0130N \u201cXWE NE\u00c7EM\u0130NIN\u201d DESTANI ARAP, T\u00dcRK VE FARS\u2019LARIN PLANLARINI YIKTI - Darka Mazi\",\"isPartOf\":{\"@id\":\"https:\\\/\\\/darkamazi.site\\\/#website\"},\"primaryImageOfPage\":{\"@id\":\"https:\\\/\\\/darkamazi.site\\\/archives\\\/1006920#primaryimage\"},\"image\":{\"@id\":\"https:\\\/\\\/darkamazi.site\\\/archives\\\/1006920#primaryimage\"},\"thumbnailUrl\":\"https:\\\/\\\/darkamazi.site\\\/darka-content\\\/uploads\\\/2019\\\/10\\\/Fermande-2.jpg\",\"datePublished\":\"2019-10-27T08:47:00+00:00\",\"breadcrumb\":{\"@id\":\"https:\\\/\\\/darkamazi.site\\\/archives\\\/1006920#breadcrumb\"},\"inLanguage\":\"en-US\",\"potentialAction\":[{\"@type\":\"ReadAction\",\"target\":[\"https:\\\/\\\/darkamazi.site\\\/archives\\\/1006920\"]}]},{\"@type\":\"ImageObject\",\"inLanguage\":\"en-US\",\"@id\":\"https:\\\/\\\/darkamazi.site\\\/archives\\\/1006920#primaryimage\",\"url\":\"https:\\\/\\\/darkamazi.site\\\/darka-content\\\/uploads\\\/2019\\\/10\\\/Fermande-2.jpg\",\"contentUrl\":\"https:\\\/\\\/darkamazi.site\\\/darka-content\\\/uploads\\\/2019\\\/10\\\/Fermande-2.jpg\",\"width\":710,\"height\":353,\"caption\":\"P\u00ca\u015eMERGE\u2019N\u0130N \u201cXWE NE\u00c7EM\u0130NIN\u201d DESTANI ARAP, T\u00dcRK VE FARS\u2019LARIN PLANLARINI YIKTI\"},{\"@type\":\"BreadcrumbList\",\"@id\":\"https:\\\/\\\/darkamazi.site\\\/archives\\\/1006920#breadcrumb\",\"itemListElement\":[{\"@type\":\"ListItem\",\"position\":1,\"name\":\"Home\",\"item\":\"https:\\\/\\\/darkamazi.site\\\/\"},{\"@type\":\"ListItem\",\"position\":2,\"name\":\"P\u00ca\u015eMERGE\u2019N\u0130N \u201cXWE NE\u00c7EM\u0130NIN\u201d DESTANI ARAP, T\u00dcRK VE FARS\u2019LARIN PLANLARINI YIKTI\"}]},{\"@type\":\"WebSite\",\"@id\":\"https:\\\/\\\/darkamazi.site\\\/#website\",\"url\":\"https:\\\/\\\/darkamazi.site\\\/\",\"name\":\"Darka Mazi\",\"description\":\"Ana Sayfa\",\"publisher\":{\"@id\":\"https:\\\/\\\/darkamazi.site\\\/#organization\"},\"potentialAction\":[{\"@type\":\"SearchAction\",\"target\":{\"@type\":\"EntryPoint\",\"urlTemplate\":\"https:\\\/\\\/darkamazi.site\\\/?s={search_term_string}\"},\"query-input\":{\"@type\":\"PropertyValueSpecification\",\"valueRequired\":true,\"valueName\":\"search_term_string\"}}],\"inLanguage\":\"en-US\"},{\"@type\":\"Organization\",\"@id\":\"https:\\\/\\\/darkamazi.site\\\/#organization\",\"name\":\"Darka Mazi T\u00fcrk\u00e7e\",\"alternateName\":\"Darka Mazi\",\"url\":\"https:\\\/\\\/darkamazi.site\\\/\",\"logo\":{\"@type\":\"ImageObject\",\"inLanguage\":\"en-US\",\"@id\":\"https:\\\/\\\/darkamazi.site\\\/#\\\/schema\\\/logo\\\/image\\\/\",\"url\":\"https:\\\/\\\/darkamazi.site\\\/darka-content\\\/uploads\\\/2017\\\/12\\\/darka-mazi-logo.png\",\"contentUrl\":\"https:\\\/\\\/darkamazi.site\\\/darka-content\\\/uploads\\\/2017\\\/12\\\/darka-mazi-logo.png\",\"width\":151,\"height\":75,\"caption\":\"Darka Mazi T\u00fcrk\u00e7e\"},\"image\":{\"@id\":\"https:\\\/\\\/darkamazi.site\\\/#\\\/schema\\\/logo\\\/image\\\/\"},\"sameAs\":[\"https:\\\/\\\/www.facebook.com\\\/DarkaMaziturkce\",\"https:\\\/\\\/x.com\\\/DarkaMaziTurkce\"]},{\"@type\":\"Person\",\"@id\":\"https:\\\/\\\/darkamazi.site\\\/#\\\/schema\\\/person\\\/67986a95ac546c16760365877ef4a9d3\",\"name\":\"darka mazi\",\"sameAs\":[\"https:\\\/\\\/darkamazi.site\"],\"url\":\"https:\\\/\\\/darkamazi.site\\\/archives\\\/author\\\/turkish\"}]}<\/script>\n<!-- \/ Yoast SEO plugin. -->","seo_head_json":{"title":"P\u00ca\u015eMERGE\u2019N\u0130N \u201cXWE NE\u00c7EM\u0130NIN\u201d DESTANI ARAP, T\u00dcRK VE FARS\u2019LARIN PLANLARINI YIKTI - Darka Mazi","robots":{"index":"index","follow":"follow","max-snippet":"max-snippet:-1","max-image-preview":"max-image-preview:large","max-video-preview":"max-video-preview:-1"},"canonical":"https:\/\/darkamazi.site\/archives\/1006920","og_locale":"en_US","og_type":"article","og_title":"P\u00ca\u015eMERGE\u2019N\u0130N \u201cXWE NE\u00c7EM\u0130NIN\u201d DESTANI ARAP, T\u00dcRK VE FARS\u2019LARIN PLANLARINI YIKTI - Darka Mazi","og_description":"Kerk\u00fck&#8217;\u00fcn i\u015fgali sonras\u0131 ya\u015fananlar hala t\u00fcm y\u00f6nleri ile kamuoyu taraf\u0131ndan bilinmiyor. Kerk\u00fck&#8217;\u00fc i\u015fgal plan\u0131 baz\u0131 Avrupa devletleri ile b\u00f6lgedeki \u0130ran, T\u00fcrkiye, Irak gibi s\u00f6m\u00fcrgeci g\u00fc\u00e7lerin onay\u0131 ve deste\u011fi ile yap\u0131ld\u0131. Peki nas\u0131l durdu? kimse bunu tam olarak bilmiyor. Oysaki Pirde, Sihela ve Mahmudiye cephesindeki direni\u015f ile bu b\u00fcy\u00fck oyun bozuldu. 16 EK\u0130M 2017 den \u00f6nce, [&hellip;]","og_url":"https:\/\/darkamazi.site\/archives\/1006920","og_site_name":"Darka Mazi","article_publisher":"https:\/\/www.facebook.com\/DarkaMaziturkce","article_published_time":"2019-10-27T08:47:00+00:00","og_image":[{"width":710,"height":353,"url":"https:\/\/darkamazi.site\/file\/2019\/10\/Fermande-2.jpg","type":"image\/jpeg"}],"author":"darka mazi","twitter_card":"summary_large_image","twitter_creator":"@DarkaMaziTurkce","twitter_site":"@DarkaMaziTurkce","twitter_misc":{"Written by":"darka mazi","Est. reading time":"5 minutes"},"schema":{"@context":"https:\/\/schema.org","@graph":[{"@type":"NewsArticle","@id":"https:\/\/darkamazi.site\/archives\/1006920#article","isPartOf":{"@id":"https:\/\/darkamazi.site\/archives\/1006920"},"author":{"name":"darka mazi","@id":"https:\/\/darkamazi.site\/#\/schema\/person\/67986a95ac546c16760365877ef4a9d3"},"headline":"P\u00ca\u015eMERGE\u2019N\u0130N \u201cXWE NE\u00c7EM\u0130NIN\u201d DESTANI ARAP, T\u00dcRK VE FARS\u2019LARIN PLANLARINI YIKTI","datePublished":"2019-10-27T08:47:00+00:00","mainEntityOfPage":{"@id":"https:\/\/darkamazi.site\/archives\/1006920"},"wordCount":1002,"publisher":{"@id":"https:\/\/darkamazi.site\/#organization"},"image":{"@id":"https:\/\/darkamazi.site\/archives\/1006920#primaryimage"},"thumbnailUrl":"https:\/\/darkamazi.site\/file\/2019\/10\/Fermande-2.jpg","articleSection":["Kurdistan"],"inLanguage":"en-US"},{"@type":"WebPage","@id":"https:\/\/darkamazi.site\/archives\/1006920","url":"https:\/\/darkamazi.site\/archives\/1006920","name":"P\u00ca\u015eMERGE\u2019N\u0130N \u201cXWE NE\u00c7EM\u0130NIN\u201d DESTANI ARAP, T\u00dcRK VE FARS\u2019LARIN PLANLARINI YIKTI - Darka Mazi","isPartOf":{"@id":"https:\/\/darkamazi.site\/#website"},"primaryImageOfPage":{"@id":"https:\/\/darkamazi.site\/archives\/1006920#primaryimage"},"image":{"@id":"https:\/\/darkamazi.site\/archives\/1006920#primaryimage"},"thumbnailUrl":"https:\/\/darkamazi.site\/file\/2019\/10\/Fermande-2.jpg","datePublished":"2019-10-27T08:47:00+00:00","breadcrumb":{"@id":"https:\/\/darkamazi.site\/archives\/1006920#breadcrumb"},"inLanguage":"en-US","potentialAction":[{"@type":"ReadAction","target":["https:\/\/darkamazi.site\/archives\/1006920"]}]},{"@type":"ImageObject","inLanguage":"en-US","@id":"https:\/\/darkamazi.site\/archives\/1006920#primaryimage","url":"https:\/\/darkamazi.site\/file\/2019\/10\/Fermande-2.jpg","contentUrl":"https:\/\/darkamazi.site\/file\/2019\/10\/Fermande-2.jpg","width":710,"height":353,"caption":"P\u00ca\u015eMERGE\u2019N\u0130N \u201cXWE NE\u00c7EM\u0130NIN\u201d DESTANI ARAP, T\u00dcRK VE FARS\u2019LARIN PLANLARINI YIKTI"},{"@type":"BreadcrumbList","@id":"https:\/\/darkamazi.site\/archives\/1006920#breadcrumb","itemListElement":[{"@type":"ListItem","position":1,"name":"Home","item":"https:\/\/darkamazi.site\/"},{"@type":"ListItem","position":2,"name":"P\u00ca\u015eMERGE\u2019N\u0130N \u201cXWE NE\u00c7EM\u0130NIN\u201d DESTANI ARAP, T\u00dcRK VE FARS\u2019LARIN PLANLARINI YIKTI"}]},{"@type":"WebSite","@id":"https:\/\/darkamazi.site\/#website","url":"https:\/\/darkamazi.site\/","name":"Darka Mazi","description":"Ana Sayfa","publisher":{"@id":"https:\/\/darkamazi.site\/#organization"},"potentialAction":[{"@type":"SearchAction","target":{"@type":"EntryPoint","urlTemplate":"https:\/\/darkamazi.site\/?s={search_term_string}"},"query-input":{"@type":"PropertyValueSpecification","valueRequired":true,"valueName":"search_term_string"}}],"inLanguage":"en-US"},{"@type":"Organization","@id":"https:\/\/darkamazi.site\/#organization","name":"Darka Mazi T\u00fcrk\u00e7e","alternateName":"Darka Mazi","url":"https:\/\/darkamazi.site\/","logo":{"@type":"ImageObject","inLanguage":"en-US","@id":"https:\/\/darkamazi.site\/#\/schema\/logo\/image\/","url":"https:\/\/darkamazi.site\/file\/2017\/12\/darka-mazi-logo.png","contentUrl":"https:\/\/darkamazi.site\/file\/2017\/12\/darka-mazi-logo.png","width":151,"height":75,"caption":"Darka Mazi T\u00fcrk\u00e7e"},"image":{"@id":"https:\/\/darkamazi.site\/#\/schema\/logo\/image\/"},"sameAs":["https:\/\/www.facebook.com\/DarkaMaziturkce","https:\/\/x.com\/DarkaMaziTurkce"]},{"@type":"Person","@id":"https:\/\/darkamazi.site\/#\/schema\/person\/67986a95ac546c16760365877ef4a9d3","name":"darka mazi","sameAs":["https:\/\/darkamazi.site"],"url":"https:\/\/darkamazi.site\/archives\/author\/turkish"}]}},"_links":{"self":[{"href":"https:\/\/darkamazi.site\/funavuv\/wp\/v2\/posts\/1006920","targetHints":{"allow":["GET"]}}],"collection":[{"href":"https:\/\/darkamazi.site\/funavuv\/wp\/v2\/posts"}],"about":[{"href":"https:\/\/darkamazi.site\/funavuv\/wp\/v2\/types\/post"}],"author":[{"embeddable":true,"href":"https:\/\/darkamazi.site\/funavuv\/wp\/v2\/users\/2"}],"replies":[{"embeddable":true,"href":"https:\/\/darkamazi.site\/funavuv\/wp\/v2\/comments?post=1006920"}],"version-history":[{"count":0,"href":"https:\/\/darkamazi.site\/funavuv\/wp\/v2\/posts\/1006920\/revisions"}],"wp:featuredmedia":[{"embeddable":true,"href":"https:\/\/darkamazi.site\/funavuv\/wp\/v2\/media\/1006921"}],"wp:attachment":[{"href":"https:\/\/darkamazi.site\/funavuv\/wp\/v2\/media?parent=1006920"}],"wp:term":[{"taxonomy":"category","embeddable":true,"href":"https:\/\/darkamazi.site\/funavuv\/wp\/v2\/categories?post=1006920"},{"taxonomy":"post_tag","embeddable":true,"href":"https:\/\/darkamazi.site\/funavuv\/wp\/v2\/tags?post=1006920"}],"curies":[{"name":"wp","href":"https:\/\/api.w.org\/{rel}","templated":true}]}}