{"id":1006928,"date":"2019-10-28T00:00:32","date_gmt":"2019-10-27T21:00:32","guid":{"rendered":"https:\/\/darkamazi.site\/?p=1006928"},"modified":"2019-10-28T00:00:32","modified_gmt":"2019-10-27T21:00:32","slug":"barzani-ebubekir-bagdadinin-oldurulmesi-isidin-yok-olmasi-anlamina-gelmez","status":"publish","type":"post","link":"https:\/\/darkamazi.site\/archives\/1006928","title":{"rendered":"Barzani: Ebubekir Ba\u011fdadi\u2019nin \u00f6ld\u00fcr\u00fclmesi, I\u015e\u0130D&#8217;in yok olmas\u0131 anlam\u0131na gelmez"},"content":{"rendered":"<h3 style=\"text-align: justify\"><\/h3>\n<h3 style=\"text-align: justify\"><span style=\"font-family: 'arial black', sans-serif;font-size: 14pt\">I\u015eID lideri Ebubekir Ba\u011fdadi\u2019nin \u00f6ld\u00fcr\u00fcld\u00fc\u011f\u00fcn\u00fcn a\u00e7\u0131lanmas\u0131ndan sonra bir a\u00e7\u0131klama da KDP Genel Ba\u015fkan\u0131 Mesut Barzani\u2019den geldi<\/span><\/h3>\n<p style=\"text-align: justify\"><strong>\u00a0<\/strong>KDP Genel Ba\u015fkan\u0131 Mesud Barzani, I\u015e\u0130D\u2019in lideri Ebubekir Ba\u011fdadi\u2019nin \u00f6ld\u00fcr\u00fclmesinin, \u00f6rg\u00fct\u00fcn yok olmas\u0131 anlam\u0131na gelmedi\u011fini belirterek, uluslararas\u0131 toplumun I\u015e\u0130D ile m\u00fccadeleye devam etmesi gerekti\u011fini belirtti.<\/p>\n<p style=\"text-align: justify\">Barzani I\u015e\u0130D lideri Ebubekir Ba\u011fdadi\u2019nin \u00f6ld\u00fcr\u00fclmesiyle ilgili bir mesaj yay\u0131mlad\u0131.<\/p>\n<p style=\"text-align: justify\"><span style=\"font-size: 14pt;font-family: 'arial black', sans-serif\"><strong>\u00a0Mesud Barzani&#8217;in mesaj\u0131 \u015fu \u015fekilde:<\/strong><\/span><\/p>\n<p style=\"text-align: justify\">\u201c\u015e\u00fcphesiz su\u00e7lular ve g\u00fcnahs\u0131z halk\u0131n katilleri er ya da ge\u00e7 cezalar\u0131n\u0131 \u00e7ekecektir\u201d diyen Ba\u015fkan Barzani, Ebubekir Ba\u011fdadi\u2019nin \u00f6ld\u00fcr\u00fclmesinin \u00f6rg\u00fct\u00fc zay\u0131flataca\u011f\u0131n\u0131 ancak bunun \u00f6rg\u00fct\u00fcn ortadan kalkt\u0131\u011f\u0131 anlam\u0131na gelmedi\u011fini vurgulad\u0131.<\/p>\n<p style=\"text-align: justify\">Uluslararas\u0131 toplum, I\u015e\u0130D ile m\u00fccadeleye koordinasyon i\u00e7erisinde devam etmeli.<\/p>\n<p style=\"text-align: justify\">Ebubekir Ba\u011fdadi\u2019nin \u00f6ld\u00fcr\u00fclmesinin ter\u00f6ristlerin zay\u0131flamas\u0131nda etkisinin olaca\u011f\u0131 muhakkak ancak t\u00fcm taraflar\u0131n \u00f6zellikle de uluslararas\u0131 toplumun bunun I\u015e\u0130D\u2019in ortadan kalkt\u0131\u011f\u0131 anlam\u0131na gelmedi\u011fini bilmesi gerek. Ter\u00f6r\u00fcn ortadan kald\u0131r\u0131lmas\u0131na y\u00f6nelik m\u00fccadele devam etmeli.\u201d<\/p>\n","protected":false},"excerpt":{"rendered":"<p>I\u015eID lideri Ebubekir Ba\u011fdadi\u2019nin \u00f6ld\u00fcr\u00fcld\u00fc\u011f\u00fcn\u00fcn a\u00e7\u0131lanmas\u0131ndan sonra bir a\u00e7\u0131klama da KDP Genel Ba\u015fkan\u0131 Mesut Barzani\u2019den geldi \u00a0KDP Genel Ba\u015fkan\u0131 Mesud Barzani, I\u015e\u0130D\u2019in lideri Ebubekir Ba\u011fdadi\u2019nin \u00f6ld\u00fcr\u00fclmesinin, \u00f6rg\u00fct\u00fcn yok olmas\u0131 anlam\u0131na gelmedi\u011fini belirterek, uluslararas\u0131 toplumun I\u015e\u0130D ile m\u00fccadeleye devam etmesi gerekti\u011fini belirtti. Barzani I\u015e\u0130D lideri Ebubekir Ba\u011fdadi\u2019nin \u00f6ld\u00fcr\u00fclmesiyle ilgili bir mesaj yay\u0131mlad\u0131. \u00a0Mesud Barzani&#8217;in mesaj\u0131 \u015fu [&hellip;]<\/p>\n","protected":false},"author":2,"featured_media":1006929,"comment_status":"closed","ping_status":"closed","sticky":false,"template":"","format":"standard","meta":{"footnotes":""},"categories":[3],"tags":[31],"class_list":["post-1006928","post","type-post","status-publish","format-standard","has-post-thumbnail","hentry","category-kurdistan","tag-onemli"],"blocksy_meta":[],"seo_head":"<!-- This site is optimized with the Yoast SEO plugin v27.5 - https:\/\/yoast.com\/product\/yoast-seo-wordpress\/ -->\n<title>Barzani: Ebubekir Ba\u011fdadi\u2019nin \u00f6ld\u00fcr\u00fclmesi, I\u015e\u0130D&#039;in yok olmas\u0131 anlam\u0131na gelmez - Darka Mazi<\/title>\n<meta name=\"robots\" content=\"index, follow, max-snippet:-1, max-image-preview:large, max-video-preview:-1\" \/>\n<link rel=\"canonical\" href=\"https:\/\/darkamazi.site\/archives\/1006928\" \/>\n<meta property=\"og:locale\" content=\"en_US\" \/>\n<meta property=\"og:type\" content=\"article\" \/>\n<meta property=\"og:title\" content=\"Barzani: Ebubekir Ba\u011fdadi\u2019nin \u00f6ld\u00fcr\u00fclmesi, I\u015e\u0130D&#039;in yok olmas\u0131 anlam\u0131na gelmez - Darka Mazi\" \/>\n<meta property=\"og:description\" content=\"I\u015eID lideri Ebubekir Ba\u011fdadi\u2019nin \u00f6ld\u00fcr\u00fcld\u00fc\u011f\u00fcn\u00fcn a\u00e7\u0131lanmas\u0131ndan sonra bir a\u00e7\u0131klama da KDP Genel Ba\u015fkan\u0131 Mesut Barzani\u2019den geldi \u00a0KDP Genel Ba\u015fkan\u0131 Mesud Barzani, I\u015e\u0130D\u2019in lideri Ebubekir Ba\u011fdadi\u2019nin \u00f6ld\u00fcr\u00fclmesinin, \u00f6rg\u00fct\u00fcn yok olmas\u0131 anlam\u0131na gelmedi\u011fini belirterek, uluslararas\u0131 toplumun I\u015e\u0130D ile m\u00fccadeleye devam etmesi gerekti\u011fini belirtti. Barzani I\u015e\u0130D lideri Ebubekir Ba\u011fdadi\u2019nin \u00f6ld\u00fcr\u00fclmesiyle ilgili bir mesaj yay\u0131mlad\u0131. \u00a0Mesud Barzani&#8217;in mesaj\u0131 \u015fu [&hellip;]\" \/>\n<meta property=\"og:url\" content=\"https:\/\/darkamazi.site\/archives\/1006928\" \/>\n<meta property=\"og:site_name\" content=\"Darka Mazi\" \/>\n<meta property=\"article:publisher\" content=\"https:\/\/www.facebook.com\/DarkaMaziturkce\" \/>\n<meta property=\"article:published_time\" content=\"2019-10-27T21:00:32+00:00\" \/>\n<meta property=\"og:image\" content=\"https:\/\/darkamazi.site\/file\/2019\/10\/barzani-ba\u011fdadi-a\u00e7\u0131klamas\u0131.jpg\" \/>\n\t<meta property=\"og:image:width\" content=\"640\" \/>\n\t<meta property=\"og:image:height\" content=\"440\" \/>\n\t<meta property=\"og:image:type\" content=\"image\/jpeg\" \/>\n<meta name=\"author\" content=\"darka mazi\" \/>\n<meta name=\"twitter:card\" content=\"summary_large_image\" \/>\n<meta name=\"twitter:creator\" content=\"@DarkaMaziTurkce\" \/>\n<meta name=\"twitter:site\" content=\"@DarkaMaziTurkce\" \/>\n<meta name=\"twitter:label1\" content=\"Written by\" \/>\n\t<meta name=\"twitter:data1\" content=\"darka mazi\" \/>\n\t<meta name=\"twitter:label2\" content=\"Est. reading time\" \/>\n\t<meta name=\"twitter:data2\" content=\"1 minute\" \/>\n<script type=\"application\/ld+json\" class=\"seo-schema-graph\">{\"@context\":\"https:\\\/\\\/schema.org\",\"@graph\":[{\"@type\":\"NewsArticle\",\"@id\":\"https:\\\/\\\/darkamazi.site\\\/archives\\\/1006928#article\",\"isPartOf\":{\"@id\":\"https:\\\/\\\/darkamazi.site\\\/archives\\\/1006928\"},\"author\":{\"name\":\"darka mazi\",\"@id\":\"https:\\\/\\\/darkamazi.site\\\/#\\\/schema\\\/person\\\/67986a95ac546c16760365877ef4a9d3\"},\"headline\":\"Barzani: Ebubekir Ba\u011fdadi\u2019nin \u00f6ld\u00fcr\u00fclmesi, I\u015e\u0130D&#8217;in yok olmas\u0131 anlam\u0131na gelmez\",\"datePublished\":\"2019-10-27T21:00:32+00:00\",\"mainEntityOfPage\":{\"@id\":\"https:\\\/\\\/darkamazi.site\\\/archives\\\/1006928\"},\"wordCount\":212,\"publisher\":{\"@id\":\"https:\\\/\\\/darkamazi.site\\\/#organization\"},\"image\":{\"@id\":\"https:\\\/\\\/darkamazi.site\\\/archives\\\/1006928#primaryimage\"},\"thumbnailUrl\":\"https:\\\/\\\/darkamazi.site\\\/darka-content\\\/uploads\\\/2019\\\/10\\\/barzani-ba\u011fdadi-a\u00e7\u0131klamas\u0131.jpg\",\"keywords\":[\"\u00f6nemli\"],\"articleSection\":[\"Kurdistan\"],\"inLanguage\":\"en-US\"},{\"@type\":\"WebPage\",\"@id\":\"https:\\\/\\\/darkamazi.site\\\/archives\\\/1006928\",\"url\":\"https:\\\/\\\/darkamazi.site\\\/archives\\\/1006928\",\"name\":\"Barzani: Ebubekir Ba\u011fdadi\u2019nin \u00f6ld\u00fcr\u00fclmesi, I\u015e\u0130D'in yok olmas\u0131 anlam\u0131na gelmez - Darka Mazi\",\"isPartOf\":{\"@id\":\"https:\\\/\\\/darkamazi.site\\\/#website\"},\"primaryImageOfPage\":{\"@id\":\"https:\\\/\\\/darkamazi.site\\\/archives\\\/1006928#primaryimage\"},\"image\":{\"@id\":\"https:\\\/\\\/darkamazi.site\\\/archives\\\/1006928#primaryimage\"},\"thumbnailUrl\":\"https:\\\/\\\/darkamazi.site\\\/darka-content\\\/uploads\\\/2019\\\/10\\\/barzani-ba\u011fdadi-a\u00e7\u0131klamas\u0131.jpg\",\"datePublished\":\"2019-10-27T21:00:32+00:00\",\"breadcrumb\":{\"@id\":\"https:\\\/\\\/darkamazi.site\\\/archives\\\/1006928#breadcrumb\"},\"inLanguage\":\"en-US\",\"potentialAction\":[{\"@type\":\"ReadAction\",\"target\":[\"https:\\\/\\\/darkamazi.site\\\/archives\\\/1006928\"]}]},{\"@type\":\"ImageObject\",\"inLanguage\":\"en-US\",\"@id\":\"https:\\\/\\\/darkamazi.site\\\/archives\\\/1006928#primaryimage\",\"url\":\"https:\\\/\\\/darkamazi.site\\\/darka-content\\\/uploads\\\/2019\\\/10\\\/barzani-ba\u011fdadi-a\u00e7\u0131klamas\u0131.jpg\",\"contentUrl\":\"https:\\\/\\\/darkamazi.site\\\/darka-content\\\/uploads\\\/2019\\\/10\\\/barzani-ba\u011fdadi-a\u00e7\u0131klamas\u0131.jpg\",\"width\":640,\"height\":440,\"caption\":\"Barzani: Ebubekir Ba\u011fdadi\u2019nin \u00f6ld\u00fcr\u00fclmesi, I\u015e\u0130D'in yok olmas\u0131 anlam\u0131na gelmez\"},{\"@type\":\"BreadcrumbList\",\"@id\":\"https:\\\/\\\/darkamazi.site\\\/archives\\\/1006928#breadcrumb\",\"itemListElement\":[{\"@type\":\"ListItem\",\"position\":1,\"name\":\"Home\",\"item\":\"https:\\\/\\\/darkamazi.site\\\/\"},{\"@type\":\"ListItem\",\"position\":2,\"name\":\"Barzani: Ebubekir Ba\u011fdadi\u2019nin \u00f6ld\u00fcr\u00fclmesi, I\u015e\u0130D&#8217;in yok olmas\u0131 anlam\u0131na gelmez\"}]},{\"@type\":\"WebSite\",\"@id\":\"https:\\\/\\\/darkamazi.site\\\/#website\",\"url\":\"https:\\\/\\\/darkamazi.site\\\/\",\"name\":\"Darka Mazi\",\"description\":\"Ana Sayfa\",\"publisher\":{\"@id\":\"https:\\\/\\\/darkamazi.site\\\/#organization\"},\"potentialAction\":[{\"@type\":\"SearchAction\",\"target\":{\"@type\":\"EntryPoint\",\"urlTemplate\":\"https:\\\/\\\/darkamazi.site\\\/?s={search_term_string}\"},\"query-input\":{\"@type\":\"PropertyValueSpecification\",\"valueRequired\":true,\"valueName\":\"search_term_string\"}}],\"inLanguage\":\"en-US\"},{\"@type\":\"Organization\",\"@id\":\"https:\\\/\\\/darkamazi.site\\\/#organization\",\"name\":\"Darka Mazi T\u00fcrk\u00e7e\",\"alternateName\":\"Darka Mazi\",\"url\":\"https:\\\/\\\/darkamazi.site\\\/\",\"logo\":{\"@type\":\"ImageObject\",\"inLanguage\":\"en-US\",\"@id\":\"https:\\\/\\\/darkamazi.site\\\/#\\\/schema\\\/logo\\\/image\\\/\",\"url\":\"https:\\\/\\\/darkamazi.site\\\/darka-content\\\/uploads\\\/2017\\\/12\\\/darka-mazi-logo.png\",\"contentUrl\":\"https:\\\/\\\/darkamazi.site\\\/darka-content\\\/uploads\\\/2017\\\/12\\\/darka-mazi-logo.png\",\"width\":151,\"height\":75,\"caption\":\"Darka Mazi T\u00fcrk\u00e7e\"},\"image\":{\"@id\":\"https:\\\/\\\/darkamazi.site\\\/#\\\/schema\\\/logo\\\/image\\\/\"},\"sameAs\":[\"https:\\\/\\\/www.facebook.com\\\/DarkaMaziturkce\",\"https:\\\/\\\/x.com\\\/DarkaMaziTurkce\"]},{\"@type\":\"Person\",\"@id\":\"https:\\\/\\\/darkamazi.site\\\/#\\\/schema\\\/person\\\/67986a95ac546c16760365877ef4a9d3\",\"name\":\"darka mazi\",\"sameAs\":[\"https:\\\/\\\/darkamazi.site\"],\"url\":\"https:\\\/\\\/darkamazi.site\\\/archives\\\/author\\\/turkish\"}]}<\/script>\n<!-- \/ Yoast SEO plugin. -->","seo_head_json":{"title":"Barzani: Ebubekir Ba\u011fdadi\u2019nin \u00f6ld\u00fcr\u00fclmesi, I\u015e\u0130D'in yok olmas\u0131 anlam\u0131na gelmez - Darka Mazi","robots":{"index":"index","follow":"follow","max-snippet":"max-snippet:-1","max-image-preview":"max-image-preview:large","max-video-preview":"max-video-preview:-1"},"canonical":"https:\/\/darkamazi.site\/archives\/1006928","og_locale":"en_US","og_type":"article","og_title":"Barzani: Ebubekir Ba\u011fdadi\u2019nin \u00f6ld\u00fcr\u00fclmesi, I\u015e\u0130D'in yok olmas\u0131 anlam\u0131na gelmez - Darka Mazi","og_description":"I\u015eID lideri Ebubekir Ba\u011fdadi\u2019nin \u00f6ld\u00fcr\u00fcld\u00fc\u011f\u00fcn\u00fcn a\u00e7\u0131lanmas\u0131ndan sonra bir a\u00e7\u0131klama da KDP Genel Ba\u015fkan\u0131 Mesut Barzani\u2019den geldi \u00a0KDP Genel Ba\u015fkan\u0131 Mesud Barzani, I\u015e\u0130D\u2019in lideri Ebubekir Ba\u011fdadi\u2019nin \u00f6ld\u00fcr\u00fclmesinin, \u00f6rg\u00fct\u00fcn yok olmas\u0131 anlam\u0131na gelmedi\u011fini belirterek, uluslararas\u0131 toplumun I\u015e\u0130D ile m\u00fccadeleye devam etmesi gerekti\u011fini belirtti. Barzani I\u015e\u0130D lideri Ebubekir Ba\u011fdadi\u2019nin \u00f6ld\u00fcr\u00fclmesiyle ilgili bir mesaj yay\u0131mlad\u0131. \u00a0Mesud Barzani&#8217;in mesaj\u0131 \u015fu [&hellip;]","og_url":"https:\/\/darkamazi.site\/archives\/1006928","og_site_name":"Darka Mazi","article_publisher":"https:\/\/www.facebook.com\/DarkaMaziturkce","article_published_time":"2019-10-27T21:00:32+00:00","og_image":[{"width":640,"height":440,"url":"https:\/\/darkamazi.site\/file\/2019\/10\/barzani-ba\u011fdadi-a\u00e7\u0131klamas\u0131.jpg","type":"image\/jpeg"}],"author":"darka mazi","twitter_card":"summary_large_image","twitter_creator":"@DarkaMaziTurkce","twitter_site":"@DarkaMaziTurkce","twitter_misc":{"Written by":"darka mazi","Est. reading time":"1 minute"},"schema":{"@context":"https:\/\/schema.org","@graph":[{"@type":"NewsArticle","@id":"https:\/\/darkamazi.site\/archives\/1006928#article","isPartOf":{"@id":"https:\/\/darkamazi.site\/archives\/1006928"},"author":{"name":"darka mazi","@id":"https:\/\/darkamazi.site\/#\/schema\/person\/67986a95ac546c16760365877ef4a9d3"},"headline":"Barzani: Ebubekir Ba\u011fdadi\u2019nin \u00f6ld\u00fcr\u00fclmesi, I\u015e\u0130D&#8217;in yok olmas\u0131 anlam\u0131na gelmez","datePublished":"2019-10-27T21:00:32+00:00","mainEntityOfPage":{"@id":"https:\/\/darkamazi.site\/archives\/1006928"},"wordCount":212,"publisher":{"@id":"https:\/\/darkamazi.site\/#organization"},"image":{"@id":"https:\/\/darkamazi.site\/archives\/1006928#primaryimage"},"thumbnailUrl":"https:\/\/darkamazi.site\/file\/2019\/10\/barzani-ba\u011fdadi-a\u00e7\u0131klamas\u0131.jpg","keywords":["\u00f6nemli"],"articleSection":["Kurdistan"],"inLanguage":"en-US"},{"@type":"WebPage","@id":"https:\/\/darkamazi.site\/archives\/1006928","url":"https:\/\/darkamazi.site\/archives\/1006928","name":"Barzani: Ebubekir Ba\u011fdadi\u2019nin \u00f6ld\u00fcr\u00fclmesi, I\u015e\u0130D'in yok olmas\u0131 anlam\u0131na gelmez - Darka Mazi","isPartOf":{"@id":"https:\/\/darkamazi.site\/#website"},"primaryImageOfPage":{"@id":"https:\/\/darkamazi.site\/archives\/1006928#primaryimage"},"image":{"@id":"https:\/\/darkamazi.site\/archives\/1006928#primaryimage"},"thumbnailUrl":"https:\/\/darkamazi.site\/file\/2019\/10\/barzani-ba\u011fdadi-a\u00e7\u0131klamas\u0131.jpg","datePublished":"2019-10-27T21:00:32+00:00","breadcrumb":{"@id":"https:\/\/darkamazi.site\/archives\/1006928#breadcrumb"},"inLanguage":"en-US","potentialAction":[{"@type":"ReadAction","target":["https:\/\/darkamazi.site\/archives\/1006928"]}]},{"@type":"ImageObject","inLanguage":"en-US","@id":"https:\/\/darkamazi.site\/archives\/1006928#primaryimage","url":"https:\/\/darkamazi.site\/file\/2019\/10\/barzani-ba\u011fdadi-a\u00e7\u0131klamas\u0131.jpg","contentUrl":"https:\/\/darkamazi.site\/file\/2019\/10\/barzani-ba\u011fdadi-a\u00e7\u0131klamas\u0131.jpg","width":640,"height":440,"caption":"Barzani: Ebubekir Ba\u011fdadi\u2019nin \u00f6ld\u00fcr\u00fclmesi, I\u015e\u0130D'in yok olmas\u0131 anlam\u0131na gelmez"},{"@type":"BreadcrumbList","@id":"https:\/\/darkamazi.site\/archives\/1006928#breadcrumb","itemListElement":[{"@type":"ListItem","position":1,"name":"Home","item":"https:\/\/darkamazi.site\/"},{"@type":"ListItem","position":2,"name":"Barzani: Ebubekir Ba\u011fdadi\u2019nin \u00f6ld\u00fcr\u00fclmesi, I\u015e\u0130D&#8217;in yok olmas\u0131 anlam\u0131na gelmez"}]},{"@type":"WebSite","@id":"https:\/\/darkamazi.site\/#website","url":"https:\/\/darkamazi.site\/","name":"Darka Mazi","description":"Ana Sayfa","publisher":{"@id":"https:\/\/darkamazi.site\/#organization"},"potentialAction":[{"@type":"SearchAction","target":{"@type":"EntryPoint","urlTemplate":"https:\/\/darkamazi.site\/?s={search_term_string}"},"query-input":{"@type":"PropertyValueSpecification","valueRequired":true,"valueName":"search_term_string"}}],"inLanguage":"en-US"},{"@type":"Organization","@id":"https:\/\/darkamazi.site\/#organization","name":"Darka Mazi T\u00fcrk\u00e7e","alternateName":"Darka Mazi","url":"https:\/\/darkamazi.site\/","logo":{"@type":"ImageObject","inLanguage":"en-US","@id":"https:\/\/darkamazi.site\/#\/schema\/logo\/image\/","url":"https:\/\/darkamazi.site\/file\/2017\/12\/darka-mazi-logo.png","contentUrl":"https:\/\/darkamazi.site\/file\/2017\/12\/darka-mazi-logo.png","width":151,"height":75,"caption":"Darka Mazi T\u00fcrk\u00e7e"},"image":{"@id":"https:\/\/darkamazi.site\/#\/schema\/logo\/image\/"},"sameAs":["https:\/\/www.facebook.com\/DarkaMaziturkce","https:\/\/x.com\/DarkaMaziTurkce"]},{"@type":"Person","@id":"https:\/\/darkamazi.site\/#\/schema\/person\/67986a95ac546c16760365877ef4a9d3","name":"darka mazi","sameAs":["https:\/\/darkamazi.site"],"url":"https:\/\/darkamazi.site\/archives\/author\/turkish"}]}},"_links":{"self":[{"href":"https:\/\/darkamazi.site\/funavuv\/wp\/v2\/posts\/1006928","targetHints":{"allow":["GET"]}}],"collection":[{"href":"https:\/\/darkamazi.site\/funavuv\/wp\/v2\/posts"}],"about":[{"href":"https:\/\/darkamazi.site\/funavuv\/wp\/v2\/types\/post"}],"author":[{"embeddable":true,"href":"https:\/\/darkamazi.site\/funavuv\/wp\/v2\/users\/2"}],"replies":[{"embeddable":true,"href":"https:\/\/darkamazi.site\/funavuv\/wp\/v2\/comments?post=1006928"}],"version-history":[{"count":0,"href":"https:\/\/darkamazi.site\/funavuv\/wp\/v2\/posts\/1006928\/revisions"}],"wp:featuredmedia":[{"embeddable":true,"href":"https:\/\/darkamazi.site\/funavuv\/wp\/v2\/media\/1006929"}],"wp:attachment":[{"href":"https:\/\/darkamazi.site\/funavuv\/wp\/v2\/media?parent=1006928"}],"wp:term":[{"taxonomy":"category","embeddable":true,"href":"https:\/\/darkamazi.site\/funavuv\/wp\/v2\/categories?post=1006928"},{"taxonomy":"post_tag","embeddable":true,"href":"https:\/\/darkamazi.site\/funavuv\/wp\/v2\/tags?post=1006928"}],"curies":[{"name":"wp","href":"https:\/\/api.w.org\/{rel}","templated":true}]}}