{"id":1006938,"date":"2019-10-28T23:40:31","date_gmt":"2019-10-28T20:40:31","guid":{"rendered":"https:\/\/darkamazi.site\/?p=1006938"},"modified":"2019-10-28T23:40:31","modified_gmt":"2019-10-28T20:40:31","slug":"iki-hdpli-vekile-sorusturma","status":"publish","type":"post","link":"https:\/\/darkamazi.site\/archives\/1006938","title":{"rendered":"\u0130K\u0130 HDP&#8217;L\u0130 VEK\u0130LE SORU\u015eTURMA"},"content":{"rendered":"<h3><span style=\"font-family: 'arial black', sans-serif\">Cumhuriyet Savc\u0131l\u0131\u011f\u0131 Cumhurba\u015fkan\u0131na hareket su\u00e7lamas\u0131 ile HDP\u2019li iki parlamenter hakk\u0131nda soru\u015fturma ba\u015flatt<\/span>\u0131<\/h3>\n<p>Amed\u2019de bulunan Cumhuriyet Ba\u015fsavc\u0131l\u0131\u011f\u0131, T\u00fcrkiye Cumhurba\u015fkan\u0131 Recep Tayip Erdo\u011fan\u2019a hakaret gerek\u00e7esi ile HDP\u2019li iki milletvekili hakk\u0131nda soru\u015fturma ba\u015flatt\u0131. Haklar\u0131nda soru\u015fturma a\u00e7\u0131lan vekiller Remziye Tosun ve Saliha Aydeniz Amed\u2019den se\u00e7ilmi\u015fler.<\/p>\n<p>Cumhuriyet Ba\u015fsavc\u0131l\u0131\u011f\u0131 soru\u015fturmay\u0131 yaz\u0131l\u0131 bir a\u00e7\u0131klama ile duyurdu.<\/p>\n","protected":false},"excerpt":{"rendered":"<p>Cumhuriyet Savc\u0131l\u0131\u011f\u0131 Cumhurba\u015fkan\u0131na hareket su\u00e7lamas\u0131 ile HDP\u2019li iki parlamenter hakk\u0131nda soru\u015fturma ba\u015flatt\u0131 Amed\u2019de bulunan Cumhuriyet Ba\u015fsavc\u0131l\u0131\u011f\u0131, T\u00fcrkiye Cumhurba\u015fkan\u0131 Recep Tayip Erdo\u011fan\u2019a hakaret gerek\u00e7esi ile HDP\u2019li iki milletvekili hakk\u0131nda soru\u015fturma ba\u015flatt\u0131. Haklar\u0131nda soru\u015fturma a\u00e7\u0131lan vekiller Remziye Tosun ve Saliha Aydeniz Amed\u2019den se\u00e7ilmi\u015fler. Cumhuriyet Ba\u015fsavc\u0131l\u0131\u011f\u0131 soru\u015fturmay\u0131 yaz\u0131l\u0131 bir a\u00e7\u0131klama ile duyurdu.<\/p>\n","protected":false},"author":2,"featured_media":1006939,"comment_status":"closed","ping_status":"closed","sticky":false,"template":"","format":"standard","meta":{"footnotes":""},"categories":[3],"tags":[],"class_list":["post-1006938","post","type-post","status-publish","format-standard","has-post-thumbnail","hentry","category-kurdistan"],"blocksy_meta":[],"seo_head":"<!-- This site is optimized with the Yoast SEO plugin v27.5 - https:\/\/yoast.com\/product\/yoast-seo-wordpress\/ -->\n<title>\u0130K\u0130 HDP&#039;L\u0130 VEK\u0130LE SORU\u015eTURMA - Darka Mazi<\/title>\n<meta name=\"robots\" content=\"index, follow, max-snippet:-1, max-image-preview:large, max-video-preview:-1\" \/>\n<link rel=\"canonical\" href=\"https:\/\/darkamazi.site\/archives\/1006938\" \/>\n<meta property=\"og:locale\" content=\"en_US\" \/>\n<meta property=\"og:type\" content=\"article\" \/>\n<meta property=\"og:title\" content=\"\u0130K\u0130 HDP&#039;L\u0130 VEK\u0130LE SORU\u015eTURMA - Darka Mazi\" \/>\n<meta property=\"og:description\" content=\"Cumhuriyet Savc\u0131l\u0131\u011f\u0131 Cumhurba\u015fkan\u0131na hareket su\u00e7lamas\u0131 ile HDP\u2019li iki parlamenter hakk\u0131nda soru\u015fturma ba\u015flatt\u0131 Amed\u2019de bulunan Cumhuriyet Ba\u015fsavc\u0131l\u0131\u011f\u0131, T\u00fcrkiye Cumhurba\u015fkan\u0131 Recep Tayip Erdo\u011fan\u2019a hakaret gerek\u00e7esi ile HDP\u2019li iki milletvekili hakk\u0131nda soru\u015fturma ba\u015flatt\u0131. Haklar\u0131nda soru\u015fturma a\u00e7\u0131lan vekiller Remziye Tosun ve Saliha Aydeniz Amed\u2019den se\u00e7ilmi\u015fler. Cumhuriyet Ba\u015fsavc\u0131l\u0131\u011f\u0131 soru\u015fturmay\u0131 yaz\u0131l\u0131 bir a\u00e7\u0131klama ile duyurdu.\" \/>\n<meta property=\"og:url\" content=\"https:\/\/darkamazi.site\/archives\/1006938\" \/>\n<meta property=\"og:site_name\" content=\"Darka Mazi\" \/>\n<meta property=\"article:publisher\" content=\"https:\/\/www.facebook.com\/DarkaMaziturkce\" \/>\n<meta property=\"article:published_time\" content=\"2019-10-28T20:40:31+00:00\" \/>\n<meta property=\"og:image\" content=\"https:\/\/darkamazi.site\/file\/2019\/10\/saliha-u.jpg\" \/>\n\t<meta property=\"og:image:width\" content=\"786\" \/>\n\t<meta property=\"og:image:height\" content=\"473\" \/>\n\t<meta property=\"og:image:type\" content=\"image\/jpeg\" \/>\n<meta name=\"author\" content=\"darka mazi\" \/>\n<meta name=\"twitter:card\" content=\"summary_large_image\" \/>\n<meta name=\"twitter:creator\" content=\"@DarkaMaziTurkce\" \/>\n<meta name=\"twitter:site\" content=\"@DarkaMaziTurkce\" \/>\n<meta name=\"twitter:label1\" content=\"Written by\" \/>\n\t<meta name=\"twitter:data1\" content=\"darka mazi\" \/>\n<script type=\"application\/ld+json\" class=\"seo-schema-graph\">{\"@context\":\"https:\\\/\\\/schema.org\",\"@graph\":[{\"@type\":\"NewsArticle\",\"@id\":\"https:\\\/\\\/darkamazi.site\\\/archives\\\/1006938#article\",\"isPartOf\":{\"@id\":\"https:\\\/\\\/darkamazi.site\\\/archives\\\/1006938\"},\"author\":{\"name\":\"darka mazi\",\"@id\":\"https:\\\/\\\/darkamazi.site\\\/#\\\/schema\\\/person\\\/67986a95ac546c16760365877ef4a9d3\"},\"headline\":\"\u0130K\u0130 HDP&#8217;L\u0130 VEK\u0130LE SORU\u015eTURMA\",\"datePublished\":\"2019-10-28T20:40:31+00:00\",\"mainEntityOfPage\":{\"@id\":\"https:\\\/\\\/darkamazi.site\\\/archives\\\/1006938\"},\"wordCount\":87,\"publisher\":{\"@id\":\"https:\\\/\\\/darkamazi.site\\\/#organization\"},\"image\":{\"@id\":\"https:\\\/\\\/darkamazi.site\\\/archives\\\/1006938#primaryimage\"},\"thumbnailUrl\":\"https:\\\/\\\/darkamazi.site\\\/darka-content\\\/uploads\\\/2019\\\/10\\\/saliha-u.jpg\",\"articleSection\":[\"Kurdistan\"],\"inLanguage\":\"en-US\"},{\"@type\":\"WebPage\",\"@id\":\"https:\\\/\\\/darkamazi.site\\\/archives\\\/1006938\",\"url\":\"https:\\\/\\\/darkamazi.site\\\/archives\\\/1006938\",\"name\":\"\u0130K\u0130 HDP'L\u0130 VEK\u0130LE SORU\u015eTURMA - Darka Mazi\",\"isPartOf\":{\"@id\":\"https:\\\/\\\/darkamazi.site\\\/#website\"},\"primaryImageOfPage\":{\"@id\":\"https:\\\/\\\/darkamazi.site\\\/archives\\\/1006938#primaryimage\"},\"image\":{\"@id\":\"https:\\\/\\\/darkamazi.site\\\/archives\\\/1006938#primaryimage\"},\"thumbnailUrl\":\"https:\\\/\\\/darkamazi.site\\\/darka-content\\\/uploads\\\/2019\\\/10\\\/saliha-u.jpg\",\"datePublished\":\"2019-10-28T20:40:31+00:00\",\"breadcrumb\":{\"@id\":\"https:\\\/\\\/darkamazi.site\\\/archives\\\/1006938#breadcrumb\"},\"inLanguage\":\"en-US\",\"potentialAction\":[{\"@type\":\"ReadAction\",\"target\":[\"https:\\\/\\\/darkamazi.site\\\/archives\\\/1006938\"]}]},{\"@type\":\"ImageObject\",\"inLanguage\":\"en-US\",\"@id\":\"https:\\\/\\\/darkamazi.site\\\/archives\\\/1006938#primaryimage\",\"url\":\"https:\\\/\\\/darkamazi.site\\\/darka-content\\\/uploads\\\/2019\\\/10\\\/saliha-u.jpg\",\"contentUrl\":\"https:\\\/\\\/darkamazi.site\\\/darka-content\\\/uploads\\\/2019\\\/10\\\/saliha-u.jpg\",\"width\":786,\"height\":473,\"caption\":\"HDP'L\u0130 \u0130K\u0130 VEK\u0130LE SORU\u015eTURMA\"},{\"@type\":\"BreadcrumbList\",\"@id\":\"https:\\\/\\\/darkamazi.site\\\/archives\\\/1006938#breadcrumb\",\"itemListElement\":[{\"@type\":\"ListItem\",\"position\":1,\"name\":\"Home\",\"item\":\"https:\\\/\\\/darkamazi.site\\\/\"},{\"@type\":\"ListItem\",\"position\":2,\"name\":\"\u0130K\u0130 HDP&#8217;L\u0130 VEK\u0130LE SORU\u015eTURMA\"}]},{\"@type\":\"WebSite\",\"@id\":\"https:\\\/\\\/darkamazi.site\\\/#website\",\"url\":\"https:\\\/\\\/darkamazi.site\\\/\",\"name\":\"Darka Mazi\",\"description\":\"Ana Sayfa\",\"publisher\":{\"@id\":\"https:\\\/\\\/darkamazi.site\\\/#organization\"},\"potentialAction\":[{\"@type\":\"SearchAction\",\"target\":{\"@type\":\"EntryPoint\",\"urlTemplate\":\"https:\\\/\\\/darkamazi.site\\\/?s={search_term_string}\"},\"query-input\":{\"@type\":\"PropertyValueSpecification\",\"valueRequired\":true,\"valueName\":\"search_term_string\"}}],\"inLanguage\":\"en-US\"},{\"@type\":\"Organization\",\"@id\":\"https:\\\/\\\/darkamazi.site\\\/#organization\",\"name\":\"Darka Mazi T\u00fcrk\u00e7e\",\"alternateName\":\"Darka Mazi\",\"url\":\"https:\\\/\\\/darkamazi.site\\\/\",\"logo\":{\"@type\":\"ImageObject\",\"inLanguage\":\"en-US\",\"@id\":\"https:\\\/\\\/darkamazi.site\\\/#\\\/schema\\\/logo\\\/image\\\/\",\"url\":\"https:\\\/\\\/darkamazi.site\\\/darka-content\\\/uploads\\\/2017\\\/12\\\/darka-mazi-logo.png\",\"contentUrl\":\"https:\\\/\\\/darkamazi.site\\\/darka-content\\\/uploads\\\/2017\\\/12\\\/darka-mazi-logo.png\",\"width\":151,\"height\":75,\"caption\":\"Darka Mazi T\u00fcrk\u00e7e\"},\"image\":{\"@id\":\"https:\\\/\\\/darkamazi.site\\\/#\\\/schema\\\/logo\\\/image\\\/\"},\"sameAs\":[\"https:\\\/\\\/www.facebook.com\\\/DarkaMaziturkce\",\"https:\\\/\\\/x.com\\\/DarkaMaziTurkce\"]},{\"@type\":\"Person\",\"@id\":\"https:\\\/\\\/darkamazi.site\\\/#\\\/schema\\\/person\\\/67986a95ac546c16760365877ef4a9d3\",\"name\":\"darka mazi\",\"sameAs\":[\"https:\\\/\\\/darkamazi.site\"],\"url\":\"https:\\\/\\\/darkamazi.site\\\/archives\\\/author\\\/turkish\"}]}<\/script>\n<!-- \/ Yoast SEO plugin. -->","seo_head_json":{"title":"\u0130K\u0130 HDP'L\u0130 VEK\u0130LE SORU\u015eTURMA - Darka Mazi","robots":{"index":"index","follow":"follow","max-snippet":"max-snippet:-1","max-image-preview":"max-image-preview:large","max-video-preview":"max-video-preview:-1"},"canonical":"https:\/\/darkamazi.site\/archives\/1006938","og_locale":"en_US","og_type":"article","og_title":"\u0130K\u0130 HDP'L\u0130 VEK\u0130LE SORU\u015eTURMA - Darka Mazi","og_description":"Cumhuriyet Savc\u0131l\u0131\u011f\u0131 Cumhurba\u015fkan\u0131na hareket su\u00e7lamas\u0131 ile HDP\u2019li iki parlamenter hakk\u0131nda soru\u015fturma ba\u015flatt\u0131 Amed\u2019de bulunan Cumhuriyet Ba\u015fsavc\u0131l\u0131\u011f\u0131, T\u00fcrkiye Cumhurba\u015fkan\u0131 Recep Tayip Erdo\u011fan\u2019a hakaret gerek\u00e7esi ile HDP\u2019li iki milletvekili hakk\u0131nda soru\u015fturma ba\u015flatt\u0131. Haklar\u0131nda soru\u015fturma a\u00e7\u0131lan vekiller Remziye Tosun ve Saliha Aydeniz Amed\u2019den se\u00e7ilmi\u015fler. Cumhuriyet Ba\u015fsavc\u0131l\u0131\u011f\u0131 soru\u015fturmay\u0131 yaz\u0131l\u0131 bir a\u00e7\u0131klama ile duyurdu.","og_url":"https:\/\/darkamazi.site\/archives\/1006938","og_site_name":"Darka Mazi","article_publisher":"https:\/\/www.facebook.com\/DarkaMaziturkce","article_published_time":"2019-10-28T20:40:31+00:00","og_image":[{"width":786,"height":473,"url":"https:\/\/darkamazi.site\/file\/2019\/10\/saliha-u.jpg","type":"image\/jpeg"}],"author":"darka mazi","twitter_card":"summary_large_image","twitter_creator":"@DarkaMaziTurkce","twitter_site":"@DarkaMaziTurkce","twitter_misc":{"Written by":"darka mazi"},"schema":{"@context":"https:\/\/schema.org","@graph":[{"@type":"NewsArticle","@id":"https:\/\/darkamazi.site\/archives\/1006938#article","isPartOf":{"@id":"https:\/\/darkamazi.site\/archives\/1006938"},"author":{"name":"darka mazi","@id":"https:\/\/darkamazi.site\/#\/schema\/person\/67986a95ac546c16760365877ef4a9d3"},"headline":"\u0130K\u0130 HDP&#8217;L\u0130 VEK\u0130LE SORU\u015eTURMA","datePublished":"2019-10-28T20:40:31+00:00","mainEntityOfPage":{"@id":"https:\/\/darkamazi.site\/archives\/1006938"},"wordCount":87,"publisher":{"@id":"https:\/\/darkamazi.site\/#organization"},"image":{"@id":"https:\/\/darkamazi.site\/archives\/1006938#primaryimage"},"thumbnailUrl":"https:\/\/darkamazi.site\/file\/2019\/10\/saliha-u.jpg","articleSection":["Kurdistan"],"inLanguage":"en-US"},{"@type":"WebPage","@id":"https:\/\/darkamazi.site\/archives\/1006938","url":"https:\/\/darkamazi.site\/archives\/1006938","name":"\u0130K\u0130 HDP'L\u0130 VEK\u0130LE SORU\u015eTURMA - Darka Mazi","isPartOf":{"@id":"https:\/\/darkamazi.site\/#website"},"primaryImageOfPage":{"@id":"https:\/\/darkamazi.site\/archives\/1006938#primaryimage"},"image":{"@id":"https:\/\/darkamazi.site\/archives\/1006938#primaryimage"},"thumbnailUrl":"https:\/\/darkamazi.site\/file\/2019\/10\/saliha-u.jpg","datePublished":"2019-10-28T20:40:31+00:00","breadcrumb":{"@id":"https:\/\/darkamazi.site\/archives\/1006938#breadcrumb"},"inLanguage":"en-US","potentialAction":[{"@type":"ReadAction","target":["https:\/\/darkamazi.site\/archives\/1006938"]}]},{"@type":"ImageObject","inLanguage":"en-US","@id":"https:\/\/darkamazi.site\/archives\/1006938#primaryimage","url":"https:\/\/darkamazi.site\/file\/2019\/10\/saliha-u.jpg","contentUrl":"https:\/\/darkamazi.site\/file\/2019\/10\/saliha-u.jpg","width":786,"height":473,"caption":"HDP'L\u0130 \u0130K\u0130 VEK\u0130LE SORU\u015eTURMA"},{"@type":"BreadcrumbList","@id":"https:\/\/darkamazi.site\/archives\/1006938#breadcrumb","itemListElement":[{"@type":"ListItem","position":1,"name":"Home","item":"https:\/\/darkamazi.site\/"},{"@type":"ListItem","position":2,"name":"\u0130K\u0130 HDP&#8217;L\u0130 VEK\u0130LE SORU\u015eTURMA"}]},{"@type":"WebSite","@id":"https:\/\/darkamazi.site\/#website","url":"https:\/\/darkamazi.site\/","name":"Darka Mazi","description":"Ana Sayfa","publisher":{"@id":"https:\/\/darkamazi.site\/#organization"},"potentialAction":[{"@type":"SearchAction","target":{"@type":"EntryPoint","urlTemplate":"https:\/\/darkamazi.site\/?s={search_term_string}"},"query-input":{"@type":"PropertyValueSpecification","valueRequired":true,"valueName":"search_term_string"}}],"inLanguage":"en-US"},{"@type":"Organization","@id":"https:\/\/darkamazi.site\/#organization","name":"Darka Mazi T\u00fcrk\u00e7e","alternateName":"Darka Mazi","url":"https:\/\/darkamazi.site\/","logo":{"@type":"ImageObject","inLanguage":"en-US","@id":"https:\/\/darkamazi.site\/#\/schema\/logo\/image\/","url":"https:\/\/darkamazi.site\/file\/2017\/12\/darka-mazi-logo.png","contentUrl":"https:\/\/darkamazi.site\/file\/2017\/12\/darka-mazi-logo.png","width":151,"height":75,"caption":"Darka Mazi T\u00fcrk\u00e7e"},"image":{"@id":"https:\/\/darkamazi.site\/#\/schema\/logo\/image\/"},"sameAs":["https:\/\/www.facebook.com\/DarkaMaziturkce","https:\/\/x.com\/DarkaMaziTurkce"]},{"@type":"Person","@id":"https:\/\/darkamazi.site\/#\/schema\/person\/67986a95ac546c16760365877ef4a9d3","name":"darka mazi","sameAs":["https:\/\/darkamazi.site"],"url":"https:\/\/darkamazi.site\/archives\/author\/turkish"}]}},"_links":{"self":[{"href":"https:\/\/darkamazi.site\/funavuv\/wp\/v2\/posts\/1006938","targetHints":{"allow":["GET"]}}],"collection":[{"href":"https:\/\/darkamazi.site\/funavuv\/wp\/v2\/posts"}],"about":[{"href":"https:\/\/darkamazi.site\/funavuv\/wp\/v2\/types\/post"}],"author":[{"embeddable":true,"href":"https:\/\/darkamazi.site\/funavuv\/wp\/v2\/users\/2"}],"replies":[{"embeddable":true,"href":"https:\/\/darkamazi.site\/funavuv\/wp\/v2\/comments?post=1006938"}],"version-history":[{"count":0,"href":"https:\/\/darkamazi.site\/funavuv\/wp\/v2\/posts\/1006938\/revisions"}],"wp:featuredmedia":[{"embeddable":true,"href":"https:\/\/darkamazi.site\/funavuv\/wp\/v2\/media\/1006939"}],"wp:attachment":[{"href":"https:\/\/darkamazi.site\/funavuv\/wp\/v2\/media?parent=1006938"}],"wp:term":[{"taxonomy":"category","embeddable":true,"href":"https:\/\/darkamazi.site\/funavuv\/wp\/v2\/categories?post=1006938"},{"taxonomy":"post_tag","embeddable":true,"href":"https:\/\/darkamazi.site\/funavuv\/wp\/v2\/tags?post=1006938"}],"curies":[{"name":"wp","href":"https:\/\/api.w.org\/{rel}","templated":true}]}}