{"id":1006996,"date":"2019-10-29T22:30:23","date_gmt":"2019-10-29T19:30:23","guid":{"rendered":"https:\/\/darkamazi.site\/?p=1006996"},"modified":"2019-11-04T13:04:15","modified_gmt":"2019-11-04T10:04:15","slug":"pesmergenin-kobaniye-gidisinin-5-yildonumu","status":"publish","type":"post","link":"https:\/\/darkamazi.site\/archives\/1006996","title":{"rendered":"P\u00ca\u015eMERGE\u2019N\u0130N KOBAN\u00ce\u2019YE G\u0130D\u0130\u015e\u0130N\u0130N 5.YILD\u00d6N\u00dcM\u00dc"},"content":{"rendered":"<p style=\"text-align: justify\">Bu g\u00fcn, G\u00ea\u015fmerge\u2019nin koban\u00ee\u2019ye gidi\u015finin \u00fczerinde tam be\u015f y\u0131l ge\u00e7ti. Ba\u015fkan Mesut Barzan\u00ee, P\u00ea\u015fmerge ordusu komutanlar\u0131yla bir toplant\u0131 yaparak;\u00a0 DA\u0130\u015e\u2019\u0131n Koban\u00ee\u2019ye sald\u0131r\u0131s\u0131n\u0131 k\u0131rmak i\u00e7in acilen yard\u0131ma gitmelerini emretti.\u00a0 Ba\u015fkan barzani\u2019nin bu emri \u00fczerine K\u00fcrdistan Parlementosu ola\u011fan\u00fcst\u00fc toplanarak P\u00ea\u015fmerge\u2019nin Koban\u00ee\u2019ye gidi\u015f teskeresinin ilgili maddeleri (28 ve 22) oybirli\u011fi ile onayland\u0131.\u00a0 Karar\u0131n ard\u0131ndan ge\u00e7i\u015f g\u00fczerg\u00e2h\u0131 belirlendikten sonra be\u015f y\u0131l \u00f6nce bu g\u00fcn 150 ki\u015fiden olu\u015fan P\u00ea\u015fmerge birli\u011finin a\u011f\u0131r silahlar\u0131yla T\u00fcrkiye \u00fczerinden Koban\u00ee ye intikal etti. P\u00ea\u015fmerge\u2019nin Koban\u00ee\u2019ye gidi\u015fi ile sava\u015f\u0131n seyrini h\u0131zla de\u011fi\u015fti. DA\u0130\u015e sald\u0131r\u0131 g\u00fcc\u00fcn\u00fc kaybetti ve Koban\u00ee\u2019de K\u00fcrt ulusal g\u00fc\u00e7leri insiyatif kazanmaya ba\u015flad\u0131.\u00a0 K\u00fcrdistani g\u00fc\u00e7lerin direni\u015fi t\u00fcm d\u00fcnyada efsanele\u015fti. \u0130lk defad\u0131r K\u00fcrdistan\u2019i askeri bir g\u00fc\u00e7 di\u011fer, di\u011fer par\u00e7adaki K\u00fcrt soyda\u015flar\u0131na yard\u0131ma gidiyordu, hem de T\u00fcrkiye Cumhuriyeti\u2019nin topraklar\u0131 \u00fczerinden. Bu \u00e7ok \u00f6nemli ve tarihi bir olay olarak g\u00f6r\u00fcld\u00fc.<\/p>\n<p style=\"text-align: justify\"><img loading=\"lazy\" decoding=\"async\" width=\"750\" height=\"375\" class=\"aligncenter darka-image-1006998 \" src=\"https:\/\/darkamazi.site\/file\/2019\/10\/Koban-2-750x375.jpg\" alt=\"\" srcset=\"https:\/\/darkamazi.site\/file\/2019\/10\/Koban-2-750x375.jpg 750w, https:\/\/darkamazi.site\/file\/2019\/10\/Koban-2-360x180.jpg 360w, https:\/\/darkamazi.site\/file\/2019\/10\/Koban-2-1140x570.jpg 1140w\" sizes=\"auto, (max-width: 750px) 100vw, 750px\" \/><\/p>\n<h3 style=\"text-align: justify\"><span style=\"font-family: 'arial black', sans-serif\"><strong>P\u00ea\u015fmerge g\u00fc\u00e7lerinin Koban\u00ee\u2019ye gidi\u015fi \u201cUlusal Birlik\u201d i\u00e7in \u00e7ok \u00f6nemli bir ad\u0131md\u0131.<\/strong><\/span><\/h3>\n<p style=\"text-align: justify\">G\u00fcney K\u00fcrdistan\u2019\u0131n t\u00fcm \u015fehirleri Hewl\u00ear, Duhok, Zaxo ve g\u00fczerg\u00e2htaki t\u00fcm yerle\u015fim merkezlerindeki halk, P\u00ea\u015fmerge\u2019nin \u201cOnur Kervan\u0131n\u0131\u201d g\u00fcllerle, mar\u015flarla ve sevin\u00e7 g\u00f6sterileriyle b\u00fcy\u00fck bir moralle u\u011furlad\u0131. Ulusal ba\u011f\u0131ms\u0131zl\u0131k r\u00fczg\u00e2r\u0131 esiyordu g\u00fcney K\u00fcrdistan sokaklar\u0131nda. Do\u011fu K\u00fcrdistan halk\u0131da caddelerde kutlamalarda bulunarak P\u00ea\u015fmerge\u2019nin Koban\u00ee\u2019ye gidi\u015fini selamlad\u0131. P\u00ea\u015fmerge\u2019nin \u201cOnur Kervan\u0131\u201d Kuzey K\u00fcrdistana ula\u015ft\u0131\u011f\u0131nda cadde, sokaklar ve mahalleler mah\u015feri kalabal\u0131klar bin y\u0131ll\u0131k ulusal birlik r\u00fcyas\u0131n\u0131n ger\u00e7ekle\u015fti\u011fi an\u0131 kutlad\u0131lar. K\u0131saca P\u00ea\u015fmerge\u2019nin Koban\u00ee seferi ulusal birlik ve ulusal dayan\u0131\u015fma noktas\u0131nda \u00e7ok tarihi ve duygusal bir atmosfer yaratm\u0131\u015ft\u0131.<\/p>\n<p style=\"text-align: justify\">Say\u0131sal a\u00e7\u0131dan 150 P\u00ea\u015fmerge\u2019nin gidi\u015fi \u00e7ok \u00f6nemli olmayabilir. Bu say\u0131 sava\u015fta k\u00f6kl\u00fc bir de\u011fi\u015fikli\u011fe yol a\u00e7mayabilir. Ancak bu tahminlerin aksine P\u00ea\u015fmerge\u2019nin sava\u015fa m\u00fcdahil olmas\u0131 t\u00fcm denklemleri de\u011fi\u015ftirdi. \u00c7\u00fcnk\u00fc P\u00ea\u015fmerge g\u00fc\u00e7\u00fc Koban\u00ee\u2019ye ula\u015ft\u0131\u011f\u0131nda \u015fehrin %20\u2019si K\u00fcrt sava\u015f\u00e7\u0131lar\u0131n elinde %80\u2019ni de DA\u0130\u015e\u2019in elindeydi.<\/p>\n<p style=\"text-align: justify\">P\u00ea\u015fmerge birli\u011finin ula\u015fmas\u0131yla sava\u015fa seyri de\u011fi\u015fti.\u00a0 En a\u011f\u0131r darbeleri ter\u00f6ristlere indirerek, ulusal ruhun g\u00fcc\u00fcn\u00fc ve kudretini g\u00f6sterdi. P\u00ea\u015fmerge\u2019nin gidi\u015fi sava\u015f\u00e7\u0131lar\u0131n moral, motivasyonunu y\u00fckselti. Art\u0131k DA\u0130\u015e i\u00e7in r\u00fczg\u00e2r ters esmeye ba\u015flam\u0131\u015ft\u0131. Sava\u015f\u00e7\u0131lar P\u00ea\u015fmergenin a\u011f\u0131r silah deste\u011fi ile kaybettikleri sald\u0131r\u0131 pozisyonunu tekrar yakalayarak \u015fehrin d\u00fc\u015fmesini engellediler. K\u00fcrdistani g\u00fc\u00e7ler en k\u0131sa zamanda ulusal sembol olan Koban\u00ee\u2019yi sokak sokak geri ald\u0131lar.<\/p>\n<p style=\"text-align: justify\"><img loading=\"lazy\" decoding=\"async\" width=\"750\" height=\"375\" class=\"aligncenter darka-image-1006999 \" src=\"https:\/\/darkamazi.site\/file\/2019\/10\/Koban-3-750x375.jpg\" alt=\"\" srcset=\"https:\/\/darkamazi.site\/file\/2019\/10\/Koban-3-750x375.jpg 750w, https:\/\/darkamazi.site\/file\/2019\/10\/Koban-3-360x180.jpg 360w, https:\/\/darkamazi.site\/file\/2019\/10\/Koban-3-1140x570.jpg 1140w\" sizes=\"auto, (max-width: 750px) 100vw, 750px\" \/><\/p>\n<p style=\"text-align: justify\">\n<h3 style=\"text-align: justify\"><span style=\"font-family: 'arial black', sans-serif\"><strong>P\u00ea\u015fmerge birli\u011finin bu kutsal ulusal g\u00f6revi bitti\u011finde geri \u00fcstlerine d\u00f6nd\u00fcler. Onlar PKK gibi yapmad\u0131. PKK \u015eengal\u2019de ve G\u00fcney K\u00fcrdistan\u2019\u0131n baz\u0131 b\u00f6lgelerinde bir ka\u00e7 kur\u015fun s\u0131karak buras\u0131 bizimdir biz kurtard\u0131k demediler.<\/strong><\/span><\/h3>\n<p style=\"text-align: justify\">P\u00ea\u015fmerge ve sava\u015f\u00e7\u0131lar emsalsiz bir sava\u015f verdiler Koban\u00ee de. P\u00ea\u015fmerge g\u00fc\u00e7lerinin kat\u0131l\u0131m\u0131 ile s\u00fcren 7 ayl\u0131k direni\u015f Koban\u00ee\u2019nin d\u00fc\u015fmesini engelledi\u011fi gibi kaybedilen mahalle ve \u00e7evre arazi tekrardan kurtad\u0131r\u0131ld\u0131. \u00a0Cihat\u00e7\u0131 DA\u0130\u015e \u00e7eteleri b\u00fcy\u00fck bir hezimete u\u011frayarak tarihinin en b\u00fcy\u00fck yenilgisini ald\u0131. Bu kutsal g\u00f6rev tamamland\u0131\u011f\u0131 i\u00e7in P\u00ea\u015fmergeler g\u00fcney K\u00fcrdistan\u2019a geri d\u00f6nd\u00fcler.\u00a0 PKK ise, \u015eengal ve G\u00fcney K\u00fcrdistan\u2019\u0131n baz\u0131 b\u00f6lgelerinde iki kur\u015fun s\u0131karak kendisini o b\u00f6lgelerin sahibi ilan ediyor. P\u00ea\u015fmerge ise PKK\u2019nin tam tersine 7 ay K\u00fcrt karde\u015fleri i\u00e7in Koban\u00ee\u2019de sava\u015ft\u0131, \u015fehit verdi ama hi\u00e7bir zaman \u201cben kurtard\u0131m buras\u0131 benimdir\u201d deyip kalmad\u0131. G\u00f6revini tamamlad\u0131ktan sonra g\u00fcney k\u00fcrdistandaki direni\u015f mevzilerine geri geldi ve DA\u0130\u015e le kalan yerden sava\u015f\u0131na devam etti. P\u00ea\u015fmerge\u2019nin Koban\u00ee\u2019ye gidi\u015fi ve \u015fehrin kurtar\u0131lmas\u0131 konusunda en b\u00fcy\u00fck haks\u0131zl\u0131k Ba\u015fkan Mesut Barzani\u2019ye yap\u0131ld\u0131. Maalesef ki,\u00a0 P\u00ea\u015fmerge\u2019nin gitmesi i\u00e7in gerekli olan K\u00fcrdistan Parlamentosu\u2019nun onay\u0131, P\u00ea\u015fmerge\u2019ye ge\u00e7i\u015f g\u00fczergah\u0131 sa\u011flamak i\u00e7in T\u00fcrk devletinin ikna edilmesi, s\u00fcrecin iyi y\u00f6netilmesi ve g\u00f6sterdi\u011fi e\u015fsiz diplomatik \u00e7aba ve ba\u015far\u0131s\u0131nda hak etti\u011fi yeri, \u00f6nemi G\u00fcney K\u00fcrdistan bas\u0131n\u0131 vermedi.<\/p>\n<p style=\"text-align: justify\">\u00a0Uluslararas\u0131 g\u00f6zlemcilere g\u00f6re \u015fayet Ba\u015fkan Barzani\u2019nin diplomatik \u00e7abalar\u0131 olmasayd\u0131 T\u00fcrk devletini Pe\u015fmerge g\u00fc\u00e7lerinin T\u00fcrkiye topraklar\u0131ndan ge\u00e7i\u015fi i\u00e7in asla izin vermezdi.\u00a0 P\u00ea\u015fmerge g\u00fc\u00e7lerinin bu ulusal dayan\u0131\u015fma ad\u0131m\u0131 K\u00fcrtlerde milli ve ulusal duygular\u0131n geli\u015fip per\u00e7inlenmesine sa\u011flad\u0131. Bu da T\u00fcrkiye devletinin asla kabul edemeyece\u011fi bir durum. \u00c7\u00fcnk\u00fc bu duygunun g\u00fc\u00e7lenmesi demek T\u00fcrk i\u015fgal ve s\u00f6m\u00fcr\u00fcs\u00fcne isyan\u0131n artmas\u0131 demektir.<\/p>\n<p style=\"text-align: justify\"><img loading=\"lazy\" decoding=\"async\" width=\"750\" height=\"375\" class=\"aligncenter darka-image-1007000 size-epic-750x375\" src=\"https:\/\/darkamazi.site\/file\/2019\/10\/Koban-4-768x286-750x375.jpg\" alt=\"\" srcset=\"https:\/\/darkamazi.site\/file\/2019\/10\/Koban-4-768x286-750x375.jpg 750w, https:\/\/darkamazi.site\/file\/2019\/10\/Koban-4-768x286-360x180.jpg 360w, https:\/\/darkamazi.site\/file\/2019\/10\/Koban-4-768x286-1140x570.jpg 1140w\" sizes=\"auto, (max-width: 750px) 100vw, 750px\" \/><\/p>\n","protected":false},"excerpt":{"rendered":"<p>Bu g\u00fcn, G\u00ea\u015fmerge\u2019nin koban\u00ee\u2019ye gidi\u015finin \u00fczerinde tam be\u015f y\u0131l ge\u00e7ti. Ba\u015fkan Mesut Barzan\u00ee, P\u00ea\u015fmerge ordusu komutanlar\u0131yla bir toplant\u0131 yaparak;\u00a0 DA\u0130\u015e\u2019\u0131n Koban\u00ee\u2019ye sald\u0131r\u0131s\u0131n\u0131 k\u0131rmak i\u00e7in acilen yard\u0131ma gitmelerini emretti.\u00a0 Ba\u015fkan barzani\u2019nin bu emri \u00fczerine K\u00fcrdistan Parlementosu ola\u011fan\u00fcst\u00fc toplanarak P\u00ea\u015fmerge\u2019nin Koban\u00ee\u2019ye gidi\u015f teskeresinin ilgili maddeleri (28 ve 22) oybirli\u011fi ile onayland\u0131.\u00a0 Karar\u0131n ard\u0131ndan ge\u00e7i\u015f g\u00fczerg\u00e2h\u0131 belirlendikten sonra [&hellip;]<\/p>\n","protected":false},"author":2,"featured_media":1006997,"comment_status":"closed","ping_status":"closed","sticky":false,"template":"","format":"gallery","meta":{"footnotes":""},"categories":[3],"tags":[31],"class_list":["post-1006996","post","type-post","status-publish","format-gallery","has-post-thumbnail","hentry","category-kurdistan","tag-onemli","post_format-post-format-gallery"],"blocksy_meta":[],"seo_head":"<!-- This site is optimized with the Yoast SEO plugin v27.5 - https:\/\/yoast.com\/product\/yoast-seo-wordpress\/ -->\n<title>P\u00ca\u015eMERGE\u2019N\u0130N KOBAN\u00ce\u2019YE G\u0130D\u0130\u015e\u0130N\u0130N 5.YILD\u00d6N\u00dcM\u00dc - Darka Mazi<\/title>\n<meta name=\"robots\" content=\"index, follow, max-snippet:-1, max-image-preview:large, max-video-preview:-1\" \/>\n<link rel=\"canonical\" href=\"https:\/\/darkamazi.site\/archives\/1006996\" \/>\n<meta property=\"og:locale\" content=\"en_US\" \/>\n<meta property=\"og:type\" content=\"article\" \/>\n<meta property=\"og:title\" content=\"P\u00ca\u015eMERGE\u2019N\u0130N KOBAN\u00ce\u2019YE G\u0130D\u0130\u015e\u0130N\u0130N 5.YILD\u00d6N\u00dcM\u00dc - Darka Mazi\" \/>\n<meta property=\"og:description\" content=\"Bu g\u00fcn, G\u00ea\u015fmerge\u2019nin koban\u00ee\u2019ye gidi\u015finin \u00fczerinde tam be\u015f y\u0131l ge\u00e7ti. Ba\u015fkan Mesut Barzan\u00ee, P\u00ea\u015fmerge ordusu komutanlar\u0131yla bir toplant\u0131 yaparak;\u00a0 DA\u0130\u015e\u2019\u0131n Koban\u00ee\u2019ye sald\u0131r\u0131s\u0131n\u0131 k\u0131rmak i\u00e7in acilen yard\u0131ma gitmelerini emretti.\u00a0 Ba\u015fkan barzani\u2019nin bu emri \u00fczerine K\u00fcrdistan Parlementosu ola\u011fan\u00fcst\u00fc toplanarak P\u00ea\u015fmerge\u2019nin Koban\u00ee\u2019ye gidi\u015f teskeresinin ilgili maddeleri (28 ve 22) oybirli\u011fi ile onayland\u0131.\u00a0 Karar\u0131n ard\u0131ndan ge\u00e7i\u015f g\u00fczerg\u00e2h\u0131 belirlendikten sonra [&hellip;]\" \/>\n<meta property=\"og:url\" content=\"https:\/\/darkamazi.site\/archives\/1006996\" \/>\n<meta property=\"og:site_name\" content=\"Darka Mazi\" \/>\n<meta property=\"article:publisher\" content=\"https:\/\/www.facebook.com\/DarkaMaziturkce\" \/>\n<meta property=\"article:published_time\" content=\"2019-10-29T19:30:23+00:00\" \/>\n<meta property=\"article:modified_time\" content=\"2019-11-04T10:04:15+00:00\" \/>\n<meta property=\"og:image\" content=\"https:\/\/darkamazi.site\/file\/2019\/10\/Koban-1.jpg\" \/>\n\t<meta property=\"og:image:width\" content=\"781\" \/>\n\t<meta property=\"og:image:height\" content=\"439\" \/>\n\t<meta property=\"og:image:type\" content=\"image\/jpeg\" \/>\n<meta name=\"author\" content=\"darka mazi\" \/>\n<meta name=\"twitter:card\" content=\"summary_large_image\" \/>\n<meta name=\"twitter:creator\" content=\"@DarkaMaziTurkce\" \/>\n<meta name=\"twitter:site\" content=\"@DarkaMaziTurkce\" \/>\n<meta name=\"twitter:label1\" content=\"Written by\" \/>\n\t<meta name=\"twitter:data1\" content=\"darka mazi\" \/>\n\t<meta name=\"twitter:label2\" content=\"Est. reading time\" \/>\n\t<meta name=\"twitter:data2\" content=\"4 minutes\" \/>\n<script type=\"application\/ld+json\" class=\"seo-schema-graph\">{\"@context\":\"https:\\\/\\\/schema.org\",\"@graph\":[{\"@type\":\"NewsArticle\",\"@id\":\"https:\\\/\\\/darkamazi.site\\\/archives\\\/1006996#article\",\"isPartOf\":{\"@id\":\"https:\\\/\\\/darkamazi.site\\\/archives\\\/1006996\"},\"author\":{\"name\":\"darka mazi\",\"@id\":\"https:\\\/\\\/darkamazi.site\\\/#\\\/schema\\\/person\\\/67986a95ac546c16760365877ef4a9d3\"},\"headline\":\"P\u00ca\u015eMERGE\u2019N\u0130N KOBAN\u00ce\u2019YE G\u0130D\u0130\u015e\u0130N\u0130N 5.YILD\u00d6N\u00dcM\u00dc\",\"datePublished\":\"2019-10-29T19:30:23+00:00\",\"dateModified\":\"2019-11-04T10:04:15+00:00\",\"mainEntityOfPage\":{\"@id\":\"https:\\\/\\\/darkamazi.site\\\/archives\\\/1006996\"},\"wordCount\":891,\"publisher\":{\"@id\":\"https:\\\/\\\/darkamazi.site\\\/#organization\"},\"image\":{\"@id\":\"https:\\\/\\\/darkamazi.site\\\/archives\\\/1006996#primaryimage\"},\"thumbnailUrl\":\"https:\\\/\\\/darkamazi.site\\\/darka-content\\\/uploads\\\/2019\\\/10\\\/Koban-1.jpg\",\"keywords\":[\"\u00f6nemli\"],\"articleSection\":[\"Kurdistan\"],\"inLanguage\":\"en-US\"},{\"@type\":\"WebPage\",\"@id\":\"https:\\\/\\\/darkamazi.site\\\/archives\\\/1006996\",\"url\":\"https:\\\/\\\/darkamazi.site\\\/archives\\\/1006996\",\"name\":\"P\u00ca\u015eMERGE\u2019N\u0130N KOBAN\u00ce\u2019YE G\u0130D\u0130\u015e\u0130N\u0130N 5.YILD\u00d6N\u00dcM\u00dc - Darka Mazi\",\"isPartOf\":{\"@id\":\"https:\\\/\\\/darkamazi.site\\\/#website\"},\"primaryImageOfPage\":{\"@id\":\"https:\\\/\\\/darkamazi.site\\\/archives\\\/1006996#primaryimage\"},\"image\":{\"@id\":\"https:\\\/\\\/darkamazi.site\\\/archives\\\/1006996#primaryimage\"},\"thumbnailUrl\":\"https:\\\/\\\/darkamazi.site\\\/darka-content\\\/uploads\\\/2019\\\/10\\\/Koban-1.jpg\",\"datePublished\":\"2019-10-29T19:30:23+00:00\",\"dateModified\":\"2019-11-04T10:04:15+00:00\",\"breadcrumb\":{\"@id\":\"https:\\\/\\\/darkamazi.site\\\/archives\\\/1006996#breadcrumb\"},\"inLanguage\":\"en-US\",\"potentialAction\":[{\"@type\":\"ReadAction\",\"target\":[\"https:\\\/\\\/darkamazi.site\\\/archives\\\/1006996\"]}]},{\"@type\":\"ImageObject\",\"inLanguage\":\"en-US\",\"@id\":\"https:\\\/\\\/darkamazi.site\\\/archives\\\/1006996#primaryimage\",\"url\":\"https:\\\/\\\/darkamazi.site\\\/darka-content\\\/uploads\\\/2019\\\/10\\\/Koban-1.jpg\",\"contentUrl\":\"https:\\\/\\\/darkamazi.site\\\/darka-content\\\/uploads\\\/2019\\\/10\\\/Koban-1.jpg\",\"width\":781,\"height\":439,\"caption\":\"P\u00ca\u015eMERGE\u2019N\u0130N KOBAN\u00ce\u2019YE G\u0130D\u0130\u015e\u0130N\u0130N 5.YILD\u00d6N\u00dcM\u00dc\"},{\"@type\":\"BreadcrumbList\",\"@id\":\"https:\\\/\\\/darkamazi.site\\\/archives\\\/1006996#breadcrumb\",\"itemListElement\":[{\"@type\":\"ListItem\",\"position\":1,\"name\":\"Home\",\"item\":\"https:\\\/\\\/darkamazi.site\\\/\"},{\"@type\":\"ListItem\",\"position\":2,\"name\":\"P\u00ca\u015eMERGE\u2019N\u0130N KOBAN\u00ce\u2019YE G\u0130D\u0130\u015e\u0130N\u0130N 5.YILD\u00d6N\u00dcM\u00dc\"}]},{\"@type\":\"WebSite\",\"@id\":\"https:\\\/\\\/darkamazi.site\\\/#website\",\"url\":\"https:\\\/\\\/darkamazi.site\\\/\",\"name\":\"Darka Mazi\",\"description\":\"Ana Sayfa\",\"publisher\":{\"@id\":\"https:\\\/\\\/darkamazi.site\\\/#organization\"},\"potentialAction\":[{\"@type\":\"SearchAction\",\"target\":{\"@type\":\"EntryPoint\",\"urlTemplate\":\"https:\\\/\\\/darkamazi.site\\\/?s={search_term_string}\"},\"query-input\":{\"@type\":\"PropertyValueSpecification\",\"valueRequired\":true,\"valueName\":\"search_term_string\"}}],\"inLanguage\":\"en-US\"},{\"@type\":\"Organization\",\"@id\":\"https:\\\/\\\/darkamazi.site\\\/#organization\",\"name\":\"Darka Mazi T\u00fcrk\u00e7e\",\"alternateName\":\"Darka Mazi\",\"url\":\"https:\\\/\\\/darkamazi.site\\\/\",\"logo\":{\"@type\":\"ImageObject\",\"inLanguage\":\"en-US\",\"@id\":\"https:\\\/\\\/darkamazi.site\\\/#\\\/schema\\\/logo\\\/image\\\/\",\"url\":\"https:\\\/\\\/darkamazi.site\\\/darka-content\\\/uploads\\\/2017\\\/12\\\/darka-mazi-logo.png\",\"contentUrl\":\"https:\\\/\\\/darkamazi.site\\\/darka-content\\\/uploads\\\/2017\\\/12\\\/darka-mazi-logo.png\",\"width\":151,\"height\":75,\"caption\":\"Darka Mazi T\u00fcrk\u00e7e\"},\"image\":{\"@id\":\"https:\\\/\\\/darkamazi.site\\\/#\\\/schema\\\/logo\\\/image\\\/\"},\"sameAs\":[\"https:\\\/\\\/www.facebook.com\\\/DarkaMaziturkce\",\"https:\\\/\\\/x.com\\\/DarkaMaziTurkce\"]},{\"@type\":\"Person\",\"@id\":\"https:\\\/\\\/darkamazi.site\\\/#\\\/schema\\\/person\\\/67986a95ac546c16760365877ef4a9d3\",\"name\":\"darka mazi\",\"sameAs\":[\"https:\\\/\\\/darkamazi.site\"],\"url\":\"https:\\\/\\\/darkamazi.site\\\/archives\\\/author\\\/turkish\"}]}<\/script>\n<!-- \/ Yoast SEO plugin. -->","seo_head_json":{"title":"P\u00ca\u015eMERGE\u2019N\u0130N KOBAN\u00ce\u2019YE G\u0130D\u0130\u015e\u0130N\u0130N 5.YILD\u00d6N\u00dcM\u00dc - Darka Mazi","robots":{"index":"index","follow":"follow","max-snippet":"max-snippet:-1","max-image-preview":"max-image-preview:large","max-video-preview":"max-video-preview:-1"},"canonical":"https:\/\/darkamazi.site\/archives\/1006996","og_locale":"en_US","og_type":"article","og_title":"P\u00ca\u015eMERGE\u2019N\u0130N KOBAN\u00ce\u2019YE G\u0130D\u0130\u015e\u0130N\u0130N 5.YILD\u00d6N\u00dcM\u00dc - Darka Mazi","og_description":"Bu g\u00fcn, G\u00ea\u015fmerge\u2019nin koban\u00ee\u2019ye gidi\u015finin \u00fczerinde tam be\u015f y\u0131l ge\u00e7ti. Ba\u015fkan Mesut Barzan\u00ee, P\u00ea\u015fmerge ordusu komutanlar\u0131yla bir toplant\u0131 yaparak;\u00a0 DA\u0130\u015e\u2019\u0131n Koban\u00ee\u2019ye sald\u0131r\u0131s\u0131n\u0131 k\u0131rmak i\u00e7in acilen yard\u0131ma gitmelerini emretti.\u00a0 Ba\u015fkan barzani\u2019nin bu emri \u00fczerine K\u00fcrdistan Parlementosu ola\u011fan\u00fcst\u00fc toplanarak P\u00ea\u015fmerge\u2019nin Koban\u00ee\u2019ye gidi\u015f teskeresinin ilgili maddeleri (28 ve 22) oybirli\u011fi ile onayland\u0131.\u00a0 Karar\u0131n ard\u0131ndan ge\u00e7i\u015f g\u00fczerg\u00e2h\u0131 belirlendikten sonra [&hellip;]","og_url":"https:\/\/darkamazi.site\/archives\/1006996","og_site_name":"Darka Mazi","article_publisher":"https:\/\/www.facebook.com\/DarkaMaziturkce","article_published_time":"2019-10-29T19:30:23+00:00","article_modified_time":"2019-11-04T10:04:15+00:00","og_image":[{"width":781,"height":439,"url":"https:\/\/darkamazi.site\/file\/2019\/10\/Koban-1.jpg","type":"image\/jpeg"}],"author":"darka mazi","twitter_card":"summary_large_image","twitter_creator":"@DarkaMaziTurkce","twitter_site":"@DarkaMaziTurkce","twitter_misc":{"Written by":"darka mazi","Est. reading time":"4 minutes"},"schema":{"@context":"https:\/\/schema.org","@graph":[{"@type":"NewsArticle","@id":"https:\/\/darkamazi.site\/archives\/1006996#article","isPartOf":{"@id":"https:\/\/darkamazi.site\/archives\/1006996"},"author":{"name":"darka mazi","@id":"https:\/\/darkamazi.site\/#\/schema\/person\/67986a95ac546c16760365877ef4a9d3"},"headline":"P\u00ca\u015eMERGE\u2019N\u0130N KOBAN\u00ce\u2019YE G\u0130D\u0130\u015e\u0130N\u0130N 5.YILD\u00d6N\u00dcM\u00dc","datePublished":"2019-10-29T19:30:23+00:00","dateModified":"2019-11-04T10:04:15+00:00","mainEntityOfPage":{"@id":"https:\/\/darkamazi.site\/archives\/1006996"},"wordCount":891,"publisher":{"@id":"https:\/\/darkamazi.site\/#organization"},"image":{"@id":"https:\/\/darkamazi.site\/archives\/1006996#primaryimage"},"thumbnailUrl":"https:\/\/darkamazi.site\/file\/2019\/10\/Koban-1.jpg","keywords":["\u00f6nemli"],"articleSection":["Kurdistan"],"inLanguage":"en-US"},{"@type":"WebPage","@id":"https:\/\/darkamazi.site\/archives\/1006996","url":"https:\/\/darkamazi.site\/archives\/1006996","name":"P\u00ca\u015eMERGE\u2019N\u0130N KOBAN\u00ce\u2019YE G\u0130D\u0130\u015e\u0130N\u0130N 5.YILD\u00d6N\u00dcM\u00dc - Darka Mazi","isPartOf":{"@id":"https:\/\/darkamazi.site\/#website"},"primaryImageOfPage":{"@id":"https:\/\/darkamazi.site\/archives\/1006996#primaryimage"},"image":{"@id":"https:\/\/darkamazi.site\/archives\/1006996#primaryimage"},"thumbnailUrl":"https:\/\/darkamazi.site\/file\/2019\/10\/Koban-1.jpg","datePublished":"2019-10-29T19:30:23+00:00","dateModified":"2019-11-04T10:04:15+00:00","breadcrumb":{"@id":"https:\/\/darkamazi.site\/archives\/1006996#breadcrumb"},"inLanguage":"en-US","potentialAction":[{"@type":"ReadAction","target":["https:\/\/darkamazi.site\/archives\/1006996"]}]},{"@type":"ImageObject","inLanguage":"en-US","@id":"https:\/\/darkamazi.site\/archives\/1006996#primaryimage","url":"https:\/\/darkamazi.site\/file\/2019\/10\/Koban-1.jpg","contentUrl":"https:\/\/darkamazi.site\/file\/2019\/10\/Koban-1.jpg","width":781,"height":439,"caption":"P\u00ca\u015eMERGE\u2019N\u0130N KOBAN\u00ce\u2019YE G\u0130D\u0130\u015e\u0130N\u0130N 5.YILD\u00d6N\u00dcM\u00dc"},{"@type":"BreadcrumbList","@id":"https:\/\/darkamazi.site\/archives\/1006996#breadcrumb","itemListElement":[{"@type":"ListItem","position":1,"name":"Home","item":"https:\/\/darkamazi.site\/"},{"@type":"ListItem","position":2,"name":"P\u00ca\u015eMERGE\u2019N\u0130N KOBAN\u00ce\u2019YE G\u0130D\u0130\u015e\u0130N\u0130N 5.YILD\u00d6N\u00dcM\u00dc"}]},{"@type":"WebSite","@id":"https:\/\/darkamazi.site\/#website","url":"https:\/\/darkamazi.site\/","name":"Darka Mazi","description":"Ana Sayfa","publisher":{"@id":"https:\/\/darkamazi.site\/#organization"},"potentialAction":[{"@type":"SearchAction","target":{"@type":"EntryPoint","urlTemplate":"https:\/\/darkamazi.site\/?s={search_term_string}"},"query-input":{"@type":"PropertyValueSpecification","valueRequired":true,"valueName":"search_term_string"}}],"inLanguage":"en-US"},{"@type":"Organization","@id":"https:\/\/darkamazi.site\/#organization","name":"Darka Mazi T\u00fcrk\u00e7e","alternateName":"Darka Mazi","url":"https:\/\/darkamazi.site\/","logo":{"@type":"ImageObject","inLanguage":"en-US","@id":"https:\/\/darkamazi.site\/#\/schema\/logo\/image\/","url":"https:\/\/darkamazi.site\/file\/2017\/12\/darka-mazi-logo.png","contentUrl":"https:\/\/darkamazi.site\/file\/2017\/12\/darka-mazi-logo.png","width":151,"height":75,"caption":"Darka Mazi T\u00fcrk\u00e7e"},"image":{"@id":"https:\/\/darkamazi.site\/#\/schema\/logo\/image\/"},"sameAs":["https:\/\/www.facebook.com\/DarkaMaziturkce","https:\/\/x.com\/DarkaMaziTurkce"]},{"@type":"Person","@id":"https:\/\/darkamazi.site\/#\/schema\/person\/67986a95ac546c16760365877ef4a9d3","name":"darka mazi","sameAs":["https:\/\/darkamazi.site"],"url":"https:\/\/darkamazi.site\/archives\/author\/turkish"}]}},"_links":{"self":[{"href":"https:\/\/darkamazi.site\/funavuv\/wp\/v2\/posts\/1006996","targetHints":{"allow":["GET"]}}],"collection":[{"href":"https:\/\/darkamazi.site\/funavuv\/wp\/v2\/posts"}],"about":[{"href":"https:\/\/darkamazi.site\/funavuv\/wp\/v2\/types\/post"}],"author":[{"embeddable":true,"href":"https:\/\/darkamazi.site\/funavuv\/wp\/v2\/users\/2"}],"replies":[{"embeddable":true,"href":"https:\/\/darkamazi.site\/funavuv\/wp\/v2\/comments?post=1006996"}],"version-history":[{"count":0,"href":"https:\/\/darkamazi.site\/funavuv\/wp\/v2\/posts\/1006996\/revisions"}],"wp:featuredmedia":[{"embeddable":true,"href":"https:\/\/darkamazi.site\/funavuv\/wp\/v2\/media\/1006997"}],"wp:attachment":[{"href":"https:\/\/darkamazi.site\/funavuv\/wp\/v2\/media?parent=1006996"}],"wp:term":[{"taxonomy":"category","embeddable":true,"href":"https:\/\/darkamazi.site\/funavuv\/wp\/v2\/categories?post=1006996"},{"taxonomy":"post_tag","embeddable":true,"href":"https:\/\/darkamazi.site\/funavuv\/wp\/v2\/tags?post=1006996"}],"curies":[{"name":"wp","href":"https:\/\/api.w.org\/{rel}","templated":true}]}}