{"id":1007008,"date":"2019-10-29T23:15:39","date_gmt":"2019-10-29T20:15:39","guid":{"rendered":"https:\/\/darkamazi.site\/?p=1007008"},"modified":"2019-10-29T23:15:39","modified_gmt":"2019-10-29T20:15:39","slug":"rojava-pkkden-buyuktur","status":"publish","type":"post","link":"https:\/\/darkamazi.site\/archives\/1007008","title":{"rendered":"Rojava PKK\u2019den B\u00fcy\u00fckt\u00fcr\u2026"},"content":{"rendered":"<h3 style=\"text-align: justify\"><strong><span style=\"font-family: 'arial black', sans-serif\">Rojava\u2019ya d\u00f6n\u00fck i\u015fgal sald\u0131r\u0131lar\u0131 askerini \u015fiddetini azaltm\u0131\u015f gibi g\u00f6r\u00fcnse de siyasal \u015fiddet devam ediyor. Hala tehlike azalm\u0131\u015f de\u011fil. Rojava meselesi uluslararas\u0131 anla\u015fmalar\u0131n ve ittifaklar\u0131n konusudur art\u0131k. Bu konuda sadece bir K\u00fcrt partisinin meselesi olamayacak kadar \u00f6nemli bir konudur<\/span>.<\/strong><\/h3>\n<p style=\"text-align: justify\">Rojava K\u00fcrdistan\u2019\u0131na T\u00fcrkiye\u2019nin i\u015fgal sald\u0131r\u0131lar\u0131 ve sonras\u0131nda ya\u015fanan geli\u015fmeler devam ediyor. Rusya ve T\u00fcrkiye aras\u0131nda imzalanan mutabakat sonras\u0131 Rojava\u2019da sorunlar\u0131n nas\u0131l \u00e7\u00f6z\u00fclece\u011fi konusunda ciddi bir tart\u0131\u015fma ve g\u00fcndem var. Rojava meselesi t\u00fcm K\u00fcrtlerin kaderi ile ilgili oldu\u011fu i\u00e7in sadece bir iki ki\u015fi etraf\u0131nda \u00e7\u00f6z\u00fclecek bir sorun de\u011fil.\u00a0 E\u011fer \u015fu anda Rojava T\u00fcrkiye\u2019nin Bar\u0131\u015f P\u0131nar\u0131 Harek\u00e2t\u0131 ile yapmak istedi\u011fi katliam ve i\u015fgal ger\u00e7ekle\u015fmemi\u015fse bu t\u00fcm K\u00fcrtlerin ortak \u00e7abas\u0131 ile olan bir \u015fey. G\u00fcney h\u00fck\u00fcmetinin ve siyaset\u00e7ilerinin uluslararas\u0131 d\u00fczeyde ki \u00e7abas\u0131 da bu \u00e7abalar\u0131n ba\u015f\u0131nda geliyor.<\/p>\n<p style=\"text-align: justify\">Fakat \u015fimdi i\u015fgal giri\u015fimi sonras\u0131 hala Rojava\u2019n\u0131n K\u00fcrdistan\u0131 bo\u011fma \u00e7abalar\u0131 varken de ayn\u0131 ortakl\u0131k g\u00f6sterilmeli. \u00c7\u00fcnk\u00fc Rojava sorunu sadece bir partiyi ilgilendirmedi\u011fi gibi bir partinin \u00e7\u00f6ze bilece\u011fi bir \u015fey de\u011fildir. Taraflar bu konudaki bencil siyasi yakla\u015f\u0131mlar\u0131n\u0131 a\u015fmal\u0131. PKK ge\u00e7mi\u015fte de t\u00fcm K\u00fcrtleri ilgilendirecek konularda sadece ben s\u00f6z s\u00f6ylerim dedi. \u00d6zellikle PKK\u2019nin Rojava\u2019y\u0131 kendi tekeline alan yakla\u015f\u0131mlar\u0131 a\u015f\u0131lmal\u0131. PKK\u2019nin yapt\u0131\u011f\u0131 a\u00e7\u0131klamalarda Rojava sadece benimdir kimseyi yakla\u015ft\u0131rmam anlay\u0131\u015f\u0131 g\u00f6r\u00fcn\u00fcyor. A\u00e7\u0131k\u00e7a s\u00f6ylemek gerekirse bu zihniyet \u00e7ok sak\u0131ncal\u0131. \u00c7\u00fcnk\u00fc K\u00fcrdistan bir partiden daha b\u00fcy\u00fckt\u00fcr. K\u00fcrdistan halk\u0131n\u0131n gelece\u011fi bir partinin gelece\u011finden daha \u00f6nemlidir. Ve tabi bir de \u015fu var; PKK\u2019nin ge\u00e7mi\u015f d\u00f6nemde K\u00fcrtlerle ilgili \u00f6nemli ve ortak meselelerde gizli bir ajandas\u0131n\u0131n olu\u011fu ve karanl\u0131k ili\u015fkilerinin oldu\u011fu y\u00f6n\u00fcnde ku\u015fkular var.<\/p>\n<p style=\"text-align: justify\">Her \u015feyden \u00f6nce PKK ve \u00d6calan T\u00fcrk devletinin siyasal yakla\u015f\u0131mlar\u0131na kar\u015f\u0131 ger\u00e7ek radikal tavr\u0131 alam\u0131yor veya alm\u0131yor. Rojava\u2019ya sald\u0131r\u0131 oldu\u011fu g\u00fcnlerde Parlamantodaki partilerden tutal\u0131m t\u00fcm sivil kurulu\u015flar\u0131na ra\u011fmen herkes Rojavaya sald\u0131r\u0131y\u0131 destekledi\u011fini a\u00e7\u0131klad\u0131. Fakat PKK T\u00fcrk devletinin i\u015fgal sald\u0131r\u0131s\u0131n\u0131 bile AKP-MHP rejiminin i\u015fgal sald\u0131r\u0131s\u0131 olarak g\u00f6rd\u00fc. Yani T\u00fcrk devletini de\u011fil sadece Erdo\u011fan\u0131 hedef g\u00f6sterdi. \u00c7\u00fcnk\u00fc PKK T\u00fcrk devletinin te\u015fhir olmas\u0131n\u0131 istemiyor.\u00a0 T\u00fcrk devletinin sald\u0131r\u0131lar\u0131n\u0131 sadece AKP\u2019ye ba\u011flay\u0131p geri kalan T\u00fcrkiye tarihini akl\u0131yor. \u00c7\u00fcnk\u00fc PKK ile T\u00fcrk devleti aras\u0131nda hala s\u0131rr\u0131 \u00e7\u00f6z\u00fclemeyen bir ili\u015fki a\u011f\u0131 var. Bu ili\u015fki a\u011f\u0131 K\u00fcrtlerin kaderini b\u00fcy\u00fck oranda da etkiliyor.<\/p>\n<h3 style=\"text-align: justify\"><strong><span style=\"font-family: 'arial black', sans-serif\">Afrin sava\u015f\u0131ndaki\u00a0 M\u0130T-PKK-\u0130mral\u0131 ili\u015fkisi neydi<\/span>?<\/strong><\/h3>\n<p style=\"text-align: justify\">PKK-Devlet ili\u015fkisinin en \u00f6nemli g\u00f6stergesi Afrin i\u015fgali sonras\u0131 ya\u015fand\u0131. Afrin T\u00fcrk g\u00fc\u00e7lerinin eline ge\u00e7tikten sonra 20 Mart 2018 tarihinde Murat Karay\u0131lan Denge Welat radyosuna konu\u015farak \u201c T\u00fcrkiye ve Rusya stratejik ittifak yapt\u0131. As\u0131l b\u00fcy\u00fck sava\u015f \u0130mral\u0131\u2019da verildi, \u0130mral\u0131\u2019ya heyet g\u00f6nderildi Afrin\u2019deki direni\u015fin durdurulmas\u0131n\u0131 istedi ve fakat \u00f6nderli\u011fimizi bunu reddetti. \u00d6nderli\u011fimiz \u00fczerinde b\u00fcy\u00fck bask\u0131 var hareketin elinde \u00f6nemli bilgiler var kamuoyuna yaz\u0131l\u0131 a\u00e7\u0131klama yapaca\u011f\u0131z\u201d dedi. Oysa daha sonra hi\u00e7bir a\u00e7\u0131klama yap\u0131lmad\u0131.\u00a0 Peki, ger\u00e7ekte ne olmu\u015ftu.<\/p>\n<p style=\"text-align: justify\">Afrin sald\u0131r\u0131s\u0131 20 Ocak 2018 tarihinde ba\u015flad\u0131 ve PYD Afrini T\u00fcrk ordusuna \u201cVietnam yapacaklar\u0131n\u0131\u201d s\u00f6yledi. E\u015fitsiz bir sava\u015ft\u0131 ve K\u00fcrt halk\u0131n\u0131n evlatlar\u0131 ger\u00e7ekten bir direni\u015f g\u00f6sterdi. Afrin halk\u0131n\u0131n kendisi de topraklar\u0131n\u0131 b\u0131rakmak istemedi. 1500 YPG sava\u015f\u00e7\u0131s\u0131n\u0131n hayat\u0131n\u0131 kaybetti\u011fini daha sonra Mazlum Abdi kendisi yabanc\u0131 bas\u0131na verdi\u011fi bir deme\u00e7te a\u00e7\u0131klad\u0131. Ve tam 18 Mart g\u00fcn\u00fc HSD-YPG g\u00fc\u00e7leri Afrin\u2019den aniden \u00e7ekildi\u011fini a\u00e7\u0131klad\u0131. Normalde YPG giremeyecekler demi\u015fti, Hatta T\u00fcrkiye D\u0131\u015f i\u015fleri bakan\u0131 Mevl\u00fct \u00c7avu\u015fo\u011flu \u2018Afrin operasyonu may\u0131s ay\u0131na kadar s\u00fcrecek\u2019 dedikten iki saat sonra Erdo\u011fan \u00e7ok kesin bir bi\u00e7imde\u00a0 \u201chay\u0131r iki g\u00fcn i\u00e7inde Afrin\u2019e girece\u011fiz\u201d dedi.<\/p>\n<p style=\"text-align: justify\">Erdo\u011fan\u0131n \u0130ki g\u00fcn sonra T\u00fcrk ordusu ve \u00e7eteleri Afrin\u2019e girdi. Ne oldu da Di\u015f \u0130\u015fleri Bakan\u0131n\u0131n 2 ay sonra gireriz dedi\u011fi yere iki g\u00fcn sonra girildi. Elbette ki Afrin masada teslim edildi.<\/p>\n<p style=\"text-align: justify\">Karay\u0131lan anla\u015fmay\u0131 ters y\u00fcz ederek bir bi\u00e7ime ima etti asl\u0131nda fakat demek sonra farkl\u0131 karalar al\u0131nd\u0131 ve bir daha konu a\u00e7\u0131lmad\u0131. \u00c7\u00fcnk\u00fc Norma ko\u015fullarda \u0130mral\u0131ya tecrit uyguland\u0131\u011f\u0131 s\u00f6yleniyor ve \u00d6calan ile kimsenin g\u00f6r\u00fc\u015femedi\u011fi s\u00f6yleniyor. Peki,\u00a0 Murat Karay\u0131lan bu bilgiyi nerden al\u0131yor? Elbette ki devlet ve PKK \u00d6calan\u2019\u0131 arac\u0131l\u0131\u011f\u0131 ile anla\u015ft\u0131lar ve bu bi\u00e7imde Afrin\u2019den geri \u00e7ekilme oldu. Hatta asl\u0131nda s\u00f6ylendi\u011fi gibi imral\u0131dan hi\u00e7 bilgi al\u0131nmad\u0131\u011f\u0131 ve tecrit oldu\u011fu da pek do\u011fru de\u011fildir. Mit arac\u0131l\u0131\u011f\u0131 ile s\u00fcrekli bir diyalog vard\u0131r. Afrin meselesinde de b\u00f6yle oldu ve \u00d6calan s\u00fcrece m\u00fcdahale ederek Afrindeki yerel direni\u015fi durdurdu, Afrin T\u00fcrkiye devletine b\u0131rak\u0131ld\u0131.<\/p>\n<p style=\"text-align: justify\">Hatta bu geri \u00e7ekilme \u00f6yle bir g\u00fcne geldi ki 18 Mart T\u00fcrkler i\u00e7in \u00f6nemli olan \u00c7anakkale zaferine denk geldi. \u00c7anakkale zaferi ile Afrin i\u015fgalini bir arada kutlayan T\u00fcrkler her yerde \u00e7ifte bayram yapt\u0131.<\/p>\n<p style=\"text-align: justify\">Elbette ki sava\u015fta geri \u00e7ekilme vard\u0131r, insan\u0131n g\u00fcc\u00fc her \u015feye yetmeye bilir geri de \u00e7ekilir, yerini de b\u0131rak\u0131r ama ortada yap\u0131lan bir anla\u015fma varsa neden a\u00e7\u0131klanm\u0131yor, neden t\u00fcm K\u00fcrtlere yalan s\u00f6yleniyor. K\u00fcrt ayd\u0131nlar\u0131 ve siyaset\u00e7ilerinin sorumlulu\u011fu tam bu noktada ba\u015fl\u0131yor K\u00fcrdistan meselesini bir partiye b\u0131rakmamalar\u0131 gerekiyor. Afrin gibi bir konuda K\u00fcrtler \u00e7\u0131k\u0131p neyin kar\u015f\u0131l\u0131\u011f\u0131nda b\u0131rak\u0131ld\u0131. Kimler arac\u0131l\u0131k yapt\u0131 gibi sorular\u0131 sora bilmeli. \u00c7\u00fcnk\u00fc K\u00fcrdistan meselesi bir partiye b\u0131rak\u0131lmayacak kadar \u00f6nemlidir.<\/p>\n<p style=\"text-align: justify\">\u00a0Rojava konusundaki s\u00f6ylemek iste\u011fimiz temel \u015fey i\u015fte kayna\u011f\u0131n\u0131 buradan al\u0131yor Rojava meselesi PKK\u2019nin, \u0130mral\u0131\u2019n\u0131n, Ankara\u2019n\u0131n gizli kap\u0131lar arkas\u0131nda \u00e7\u00f6zece\u011fi bir mesele de\u011fildir. T\u00fcm Rojava\u2019y\u0131 Afrin gibi yapmalar\u0131na izin veremeyiz. Rojava t\u00fcm K\u00fcrtlerindir.<br \/>\nRojava PKK\u2019den b\u00fcy\u00fckt\u00fcr. PKK\u2019nin dar partisel \u00e7\u0131karlar\u0131na ve \u00d6calan\u2019\u0131n\u0131n T\u00fcrk devleti ile gizli anla\u015fmalar\u0131na kurban edilemez.<\/p>\n<p style=\"text-align: justify\">\n","protected":false},"excerpt":{"rendered":"<p>Rojava\u2019ya d\u00f6n\u00fck i\u015fgal sald\u0131r\u0131lar\u0131 askerini \u015fiddetini azaltm\u0131\u015f gibi g\u00f6r\u00fcnse de siyasal \u015fiddet devam ediyor. Hala tehlike azalm\u0131\u015f de\u011fil. Rojava meselesi uluslararas\u0131 anla\u015fmalar\u0131n ve ittifaklar\u0131n konusudur art\u0131k. Bu konuda sadece bir K\u00fcrt partisinin meselesi olamayacak kadar \u00f6nemli bir konudur. Rojava K\u00fcrdistan\u2019\u0131na T\u00fcrkiye\u2019nin i\u015fgal sald\u0131r\u0131lar\u0131 ve sonras\u0131nda ya\u015fanan geli\u015fmeler devam ediyor. Rusya ve T\u00fcrkiye aras\u0131nda imzalanan mutabakat [&hellip;]<\/p>\n","protected":false},"author":2,"featured_media":1007009,"comment_status":"closed","ping_status":"closed","sticky":false,"template":"","format":"standard","meta":{"footnotes":""},"categories":[3],"tags":[31],"class_list":["post-1007008","post","type-post","status-publish","format-standard","has-post-thumbnail","hentry","category-kurdistan","tag-onemli"],"blocksy_meta":[],"seo_head":"<!-- This site is optimized with the Yoast SEO plugin v27.5 - https:\/\/yoast.com\/product\/yoast-seo-wordpress\/ -->\n<title>Rojava PKK\u2019den B\u00fcy\u00fckt\u00fcr\u2026 - Darka Mazi<\/title>\n<meta name=\"robots\" content=\"index, follow, max-snippet:-1, max-image-preview:large, max-video-preview:-1\" \/>\n<link rel=\"canonical\" href=\"https:\/\/darkamazi.site\/archives\/1007008\" \/>\n<meta property=\"og:locale\" content=\"en_US\" \/>\n<meta property=\"og:type\" content=\"article\" \/>\n<meta property=\"og:title\" content=\"Rojava PKK\u2019den B\u00fcy\u00fckt\u00fcr\u2026 - Darka Mazi\" \/>\n<meta property=\"og:description\" content=\"Rojava\u2019ya d\u00f6n\u00fck i\u015fgal sald\u0131r\u0131lar\u0131 askerini \u015fiddetini azaltm\u0131\u015f gibi g\u00f6r\u00fcnse de siyasal \u015fiddet devam ediyor. Hala tehlike azalm\u0131\u015f de\u011fil. Rojava meselesi uluslararas\u0131 anla\u015fmalar\u0131n ve ittifaklar\u0131n konusudur art\u0131k. Bu konuda sadece bir K\u00fcrt partisinin meselesi olamayacak kadar \u00f6nemli bir konudur. Rojava K\u00fcrdistan\u2019\u0131na T\u00fcrkiye\u2019nin i\u015fgal sald\u0131r\u0131lar\u0131 ve sonras\u0131nda ya\u015fanan geli\u015fmeler devam ediyor. Rusya ve T\u00fcrkiye aras\u0131nda imzalanan mutabakat [&hellip;]\" \/>\n<meta property=\"og:url\" content=\"https:\/\/darkamazi.site\/archives\/1007008\" \/>\n<meta property=\"og:site_name\" content=\"Darka Mazi\" \/>\n<meta property=\"article:publisher\" content=\"https:\/\/www.facebook.com\/DarkaMaziturkce\" \/>\n<meta property=\"article:published_time\" content=\"2019-10-29T20:15:39+00:00\" \/>\n<meta property=\"og:image\" content=\"https:\/\/darkamazi.site\/file\/2019\/10\/Rojava-PKK\u2019den-B\u00fcy\u00fckt\u00fcr\u2026.jpg\" \/>\n\t<meta property=\"og:image:width\" content=\"1082\" \/>\n\t<meta property=\"og:image:height\" content=\"624\" \/>\n\t<meta property=\"og:image:type\" content=\"image\/jpeg\" \/>\n<meta name=\"author\" content=\"darka mazi\" \/>\n<meta name=\"twitter:card\" content=\"summary_large_image\" \/>\n<meta name=\"twitter:creator\" content=\"@DarkaMaziTurkce\" \/>\n<meta name=\"twitter:site\" content=\"@DarkaMaziTurkce\" \/>\n<meta name=\"twitter:label1\" content=\"Written by\" \/>\n\t<meta name=\"twitter:data1\" content=\"darka mazi\" \/>\n\t<meta name=\"twitter:label2\" content=\"Est. reading time\" \/>\n\t<meta name=\"twitter:data2\" content=\"6 minutes\" \/>\n<script type=\"application\/ld+json\" class=\"seo-schema-graph\">{\"@context\":\"https:\\\/\\\/schema.org\",\"@graph\":[{\"@type\":\"NewsArticle\",\"@id\":\"https:\\\/\\\/darkamazi.site\\\/archives\\\/1007008#article\",\"isPartOf\":{\"@id\":\"https:\\\/\\\/darkamazi.site\\\/archives\\\/1007008\"},\"author\":{\"name\":\"darka mazi\",\"@id\":\"https:\\\/\\\/darkamazi.site\\\/#\\\/schema\\\/person\\\/67986a95ac546c16760365877ef4a9d3\"},\"headline\":\"Rojava PKK\u2019den B\u00fcy\u00fckt\u00fcr\u2026\",\"datePublished\":\"2019-10-29T20:15:39+00:00\",\"mainEntityOfPage\":{\"@id\":\"https:\\\/\\\/darkamazi.site\\\/archives\\\/1007008\"},\"wordCount\":1147,\"publisher\":{\"@id\":\"https:\\\/\\\/darkamazi.site\\\/#organization\"},\"image\":{\"@id\":\"https:\\\/\\\/darkamazi.site\\\/archives\\\/1007008#primaryimage\"},\"thumbnailUrl\":\"https:\\\/\\\/darkamazi.site\\\/darka-content\\\/uploads\\\/2019\\\/10\\\/Rojava-PKK\u2019den-B\u00fcy\u00fckt\u00fcr\u2026.jpg\",\"keywords\":[\"\u00f6nemli\"],\"articleSection\":[\"Kurdistan\"],\"inLanguage\":\"en-US\"},{\"@type\":\"WebPage\",\"@id\":\"https:\\\/\\\/darkamazi.site\\\/archives\\\/1007008\",\"url\":\"https:\\\/\\\/darkamazi.site\\\/archives\\\/1007008\",\"name\":\"Rojava PKK\u2019den B\u00fcy\u00fckt\u00fcr\u2026 - Darka Mazi\",\"isPartOf\":{\"@id\":\"https:\\\/\\\/darkamazi.site\\\/#website\"},\"primaryImageOfPage\":{\"@id\":\"https:\\\/\\\/darkamazi.site\\\/archives\\\/1007008#primaryimage\"},\"image\":{\"@id\":\"https:\\\/\\\/darkamazi.site\\\/archives\\\/1007008#primaryimage\"},\"thumbnailUrl\":\"https:\\\/\\\/darkamazi.site\\\/darka-content\\\/uploads\\\/2019\\\/10\\\/Rojava-PKK\u2019den-B\u00fcy\u00fckt\u00fcr\u2026.jpg\",\"datePublished\":\"2019-10-29T20:15:39+00:00\",\"breadcrumb\":{\"@id\":\"https:\\\/\\\/darkamazi.site\\\/archives\\\/1007008#breadcrumb\"},\"inLanguage\":\"en-US\",\"potentialAction\":[{\"@type\":\"ReadAction\",\"target\":[\"https:\\\/\\\/darkamazi.site\\\/archives\\\/1007008\"]}]},{\"@type\":\"ImageObject\",\"inLanguage\":\"en-US\",\"@id\":\"https:\\\/\\\/darkamazi.site\\\/archives\\\/1007008#primaryimage\",\"url\":\"https:\\\/\\\/darkamazi.site\\\/darka-content\\\/uploads\\\/2019\\\/10\\\/Rojava-PKK\u2019den-B\u00fcy\u00fckt\u00fcr\u2026.jpg\",\"contentUrl\":\"https:\\\/\\\/darkamazi.site\\\/darka-content\\\/uploads\\\/2019\\\/10\\\/Rojava-PKK\u2019den-B\u00fcy\u00fckt\u00fcr\u2026.jpg\",\"width\":1082,\"height\":624,\"caption\":\"Rojava PKK\u2019den B\u00fcy\u00fckt\u00fcr\u2026 PKK ENKS K\u00dcRT\"},{\"@type\":\"BreadcrumbList\",\"@id\":\"https:\\\/\\\/darkamazi.site\\\/archives\\\/1007008#breadcrumb\",\"itemListElement\":[{\"@type\":\"ListItem\",\"position\":1,\"name\":\"Home\",\"item\":\"https:\\\/\\\/darkamazi.site\\\/\"},{\"@type\":\"ListItem\",\"position\":2,\"name\":\"Rojava PKK\u2019den B\u00fcy\u00fckt\u00fcr\u2026\"}]},{\"@type\":\"WebSite\",\"@id\":\"https:\\\/\\\/darkamazi.site\\\/#website\",\"url\":\"https:\\\/\\\/darkamazi.site\\\/\",\"name\":\"Darka Mazi\",\"description\":\"Ana Sayfa\",\"publisher\":{\"@id\":\"https:\\\/\\\/darkamazi.site\\\/#organization\"},\"potentialAction\":[{\"@type\":\"SearchAction\",\"target\":{\"@type\":\"EntryPoint\",\"urlTemplate\":\"https:\\\/\\\/darkamazi.site\\\/?s={search_term_string}\"},\"query-input\":{\"@type\":\"PropertyValueSpecification\",\"valueRequired\":true,\"valueName\":\"search_term_string\"}}],\"inLanguage\":\"en-US\"},{\"@type\":\"Organization\",\"@id\":\"https:\\\/\\\/darkamazi.site\\\/#organization\",\"name\":\"Darka Mazi T\u00fcrk\u00e7e\",\"alternateName\":\"Darka Mazi\",\"url\":\"https:\\\/\\\/darkamazi.site\\\/\",\"logo\":{\"@type\":\"ImageObject\",\"inLanguage\":\"en-US\",\"@id\":\"https:\\\/\\\/darkamazi.site\\\/#\\\/schema\\\/logo\\\/image\\\/\",\"url\":\"https:\\\/\\\/darkamazi.site\\\/darka-content\\\/uploads\\\/2017\\\/12\\\/darka-mazi-logo.png\",\"contentUrl\":\"https:\\\/\\\/darkamazi.site\\\/darka-content\\\/uploads\\\/2017\\\/12\\\/darka-mazi-logo.png\",\"width\":151,\"height\":75,\"caption\":\"Darka Mazi T\u00fcrk\u00e7e\"},\"image\":{\"@id\":\"https:\\\/\\\/darkamazi.site\\\/#\\\/schema\\\/logo\\\/image\\\/\"},\"sameAs\":[\"https:\\\/\\\/www.facebook.com\\\/DarkaMaziturkce\",\"https:\\\/\\\/x.com\\\/DarkaMaziTurkce\"]},{\"@type\":\"Person\",\"@id\":\"https:\\\/\\\/darkamazi.site\\\/#\\\/schema\\\/person\\\/67986a95ac546c16760365877ef4a9d3\",\"name\":\"darka mazi\",\"sameAs\":[\"https:\\\/\\\/darkamazi.site\"],\"url\":\"https:\\\/\\\/darkamazi.site\\\/archives\\\/author\\\/turkish\"}]}<\/script>\n<!-- \/ Yoast SEO plugin. -->","seo_head_json":{"title":"Rojava PKK\u2019den B\u00fcy\u00fckt\u00fcr\u2026 - Darka Mazi","robots":{"index":"index","follow":"follow","max-snippet":"max-snippet:-1","max-image-preview":"max-image-preview:large","max-video-preview":"max-video-preview:-1"},"canonical":"https:\/\/darkamazi.site\/archives\/1007008","og_locale":"en_US","og_type":"article","og_title":"Rojava PKK\u2019den B\u00fcy\u00fckt\u00fcr\u2026 - Darka Mazi","og_description":"Rojava\u2019ya d\u00f6n\u00fck i\u015fgal sald\u0131r\u0131lar\u0131 askerini \u015fiddetini azaltm\u0131\u015f gibi g\u00f6r\u00fcnse de siyasal \u015fiddet devam ediyor. Hala tehlike azalm\u0131\u015f de\u011fil. Rojava meselesi uluslararas\u0131 anla\u015fmalar\u0131n ve ittifaklar\u0131n konusudur art\u0131k. Bu konuda sadece bir K\u00fcrt partisinin meselesi olamayacak kadar \u00f6nemli bir konudur. Rojava K\u00fcrdistan\u2019\u0131na T\u00fcrkiye\u2019nin i\u015fgal sald\u0131r\u0131lar\u0131 ve sonras\u0131nda ya\u015fanan geli\u015fmeler devam ediyor. Rusya ve T\u00fcrkiye aras\u0131nda imzalanan mutabakat [&hellip;]","og_url":"https:\/\/darkamazi.site\/archives\/1007008","og_site_name":"Darka Mazi","article_publisher":"https:\/\/www.facebook.com\/DarkaMaziturkce","article_published_time":"2019-10-29T20:15:39+00:00","og_image":[{"width":1082,"height":624,"url":"https:\/\/darkamazi.site\/file\/2019\/10\/Rojava-PKK\u2019den-B\u00fcy\u00fckt\u00fcr\u2026.jpg","type":"image\/jpeg"}],"author":"darka mazi","twitter_card":"summary_large_image","twitter_creator":"@DarkaMaziTurkce","twitter_site":"@DarkaMaziTurkce","twitter_misc":{"Written by":"darka mazi","Est. reading time":"6 minutes"},"schema":{"@context":"https:\/\/schema.org","@graph":[{"@type":"NewsArticle","@id":"https:\/\/darkamazi.site\/archives\/1007008#article","isPartOf":{"@id":"https:\/\/darkamazi.site\/archives\/1007008"},"author":{"name":"darka mazi","@id":"https:\/\/darkamazi.site\/#\/schema\/person\/67986a95ac546c16760365877ef4a9d3"},"headline":"Rojava PKK\u2019den B\u00fcy\u00fckt\u00fcr\u2026","datePublished":"2019-10-29T20:15:39+00:00","mainEntityOfPage":{"@id":"https:\/\/darkamazi.site\/archives\/1007008"},"wordCount":1147,"publisher":{"@id":"https:\/\/darkamazi.site\/#organization"},"image":{"@id":"https:\/\/darkamazi.site\/archives\/1007008#primaryimage"},"thumbnailUrl":"https:\/\/darkamazi.site\/file\/2019\/10\/Rojava-PKK\u2019den-B\u00fcy\u00fckt\u00fcr\u2026.jpg","keywords":["\u00f6nemli"],"articleSection":["Kurdistan"],"inLanguage":"en-US"},{"@type":"WebPage","@id":"https:\/\/darkamazi.site\/archives\/1007008","url":"https:\/\/darkamazi.site\/archives\/1007008","name":"Rojava PKK\u2019den B\u00fcy\u00fckt\u00fcr\u2026 - Darka Mazi","isPartOf":{"@id":"https:\/\/darkamazi.site\/#website"},"primaryImageOfPage":{"@id":"https:\/\/darkamazi.site\/archives\/1007008#primaryimage"},"image":{"@id":"https:\/\/darkamazi.site\/archives\/1007008#primaryimage"},"thumbnailUrl":"https:\/\/darkamazi.site\/file\/2019\/10\/Rojava-PKK\u2019den-B\u00fcy\u00fckt\u00fcr\u2026.jpg","datePublished":"2019-10-29T20:15:39+00:00","breadcrumb":{"@id":"https:\/\/darkamazi.site\/archives\/1007008#breadcrumb"},"inLanguage":"en-US","potentialAction":[{"@type":"ReadAction","target":["https:\/\/darkamazi.site\/archives\/1007008"]}]},{"@type":"ImageObject","inLanguage":"en-US","@id":"https:\/\/darkamazi.site\/archives\/1007008#primaryimage","url":"https:\/\/darkamazi.site\/file\/2019\/10\/Rojava-PKK\u2019den-B\u00fcy\u00fckt\u00fcr\u2026.jpg","contentUrl":"https:\/\/darkamazi.site\/file\/2019\/10\/Rojava-PKK\u2019den-B\u00fcy\u00fckt\u00fcr\u2026.jpg","width":1082,"height":624,"caption":"Rojava PKK\u2019den B\u00fcy\u00fckt\u00fcr\u2026 PKK ENKS K\u00dcRT"},{"@type":"BreadcrumbList","@id":"https:\/\/darkamazi.site\/archives\/1007008#breadcrumb","itemListElement":[{"@type":"ListItem","position":1,"name":"Home","item":"https:\/\/darkamazi.site\/"},{"@type":"ListItem","position":2,"name":"Rojava PKK\u2019den B\u00fcy\u00fckt\u00fcr\u2026"}]},{"@type":"WebSite","@id":"https:\/\/darkamazi.site\/#website","url":"https:\/\/darkamazi.site\/","name":"Darka Mazi","description":"Ana Sayfa","publisher":{"@id":"https:\/\/darkamazi.site\/#organization"},"potentialAction":[{"@type":"SearchAction","target":{"@type":"EntryPoint","urlTemplate":"https:\/\/darkamazi.site\/?s={search_term_string}"},"query-input":{"@type":"PropertyValueSpecification","valueRequired":true,"valueName":"search_term_string"}}],"inLanguage":"en-US"},{"@type":"Organization","@id":"https:\/\/darkamazi.site\/#organization","name":"Darka Mazi T\u00fcrk\u00e7e","alternateName":"Darka Mazi","url":"https:\/\/darkamazi.site\/","logo":{"@type":"ImageObject","inLanguage":"en-US","@id":"https:\/\/darkamazi.site\/#\/schema\/logo\/image\/","url":"https:\/\/darkamazi.site\/file\/2017\/12\/darka-mazi-logo.png","contentUrl":"https:\/\/darkamazi.site\/file\/2017\/12\/darka-mazi-logo.png","width":151,"height":75,"caption":"Darka Mazi T\u00fcrk\u00e7e"},"image":{"@id":"https:\/\/darkamazi.site\/#\/schema\/logo\/image\/"},"sameAs":["https:\/\/www.facebook.com\/DarkaMaziturkce","https:\/\/x.com\/DarkaMaziTurkce"]},{"@type":"Person","@id":"https:\/\/darkamazi.site\/#\/schema\/person\/67986a95ac546c16760365877ef4a9d3","name":"darka mazi","sameAs":["https:\/\/darkamazi.site"],"url":"https:\/\/darkamazi.site\/archives\/author\/turkish"}]}},"_links":{"self":[{"href":"https:\/\/darkamazi.site\/funavuv\/wp\/v2\/posts\/1007008","targetHints":{"allow":["GET"]}}],"collection":[{"href":"https:\/\/darkamazi.site\/funavuv\/wp\/v2\/posts"}],"about":[{"href":"https:\/\/darkamazi.site\/funavuv\/wp\/v2\/types\/post"}],"author":[{"embeddable":true,"href":"https:\/\/darkamazi.site\/funavuv\/wp\/v2\/users\/2"}],"replies":[{"embeddable":true,"href":"https:\/\/darkamazi.site\/funavuv\/wp\/v2\/comments?post=1007008"}],"version-history":[{"count":0,"href":"https:\/\/darkamazi.site\/funavuv\/wp\/v2\/posts\/1007008\/revisions"}],"wp:featuredmedia":[{"embeddable":true,"href":"https:\/\/darkamazi.site\/funavuv\/wp\/v2\/media\/1007009"}],"wp:attachment":[{"href":"https:\/\/darkamazi.site\/funavuv\/wp\/v2\/media?parent=1007008"}],"wp:term":[{"taxonomy":"category","embeddable":true,"href":"https:\/\/darkamazi.site\/funavuv\/wp\/v2\/categories?post=1007008"},{"taxonomy":"post_tag","embeddable":true,"href":"https:\/\/darkamazi.site\/funavuv\/wp\/v2\/tags?post=1007008"}],"curies":[{"name":"wp","href":"https:\/\/api.w.org\/{rel}","templated":true}]}}