{"id":1007015,"date":"2019-10-30T15:44:02","date_gmt":"2019-10-30T12:44:02","guid":{"rendered":"https:\/\/darkamazi.site\/?p=1007015"},"modified":"2019-11-19T17:35:10","modified_gmt":"2019-11-19T14:35:10","slug":"dr-suleymanin-ardindan","status":"publish","type":"post","link":"https:\/\/darkamazi.site\/archives\/1007015","title":{"rendered":"Dr. S\u00fcleyman\u2019\u0131n Ard\u0131ndan&#8230;"},"content":{"rendered":"<p style=\"text-align: justify;\"><strong>\u00a0<\/strong><\/p>\n<h3><span style=\"font-family: 'arial black', sans-serif;\"><strong>\u201c Welatpar\u00eaz\u00ee, Roja Ku Hewce Be, M\u0131rov J\u0131bo Welat\u00ea\u00a0 Xwe Can\u00ea Xwe J\u00ee Feda Bike.\u201d ( Yurtseverlik, gerekti\u011fi\u00a0 yerde ve zamanda can\u0131n\u0131\u00a0 feda etmeyi bilmektir). \u015eehit Dr S\u00fcleyman<\/strong><\/span><\/h3>\n<h3 style=\"padding-left: 200px;\"><strong><img loading=\"lazy\" decoding=\"async\" class=\"darka-image-1007016 size-full aligncenter\" src=\"https:\/\/darkamazi.site\/file\/2019\/10\/1075.jpg\" alt=\"Dr. S\u00fcleyman\u2019\u0131n Ard\u0131ndan... sait \u00e7\u00fcr\u00fckkaya\" width=\"640\" height=\"480\" srcset=\"https:\/\/darkamazi.site\/file\/2019\/10\/1075.jpg 640w, https:\/\/darkamazi.site\/file\/2019\/10\/1075-300x225.jpg 300w, https:\/\/darkamazi.site\/file\/2019\/10\/1075-800x600.jpg 800w\" sizes=\"auto, (max-width: 640px) 100vw, 640px\" \/><\/strong><\/h3>\n<p style=\"text-align: justify;\">Dr S\u00fcleyman (Sait \u00c7\u00fcr\u00fckkaya) 1968 \u2018de Bing\u00f6l\u2019\u00fcn \u00c7ilkan\u00ee k\u00f6y\u00fcnde d\u00fcnyaya\u00a0 gelir. \u00c7ewlik (Bing\u00f6l)co\u011frafyas\u0131n\u0131n isyank\u00e2r gelene\u011fi, \u00a0k\u00f6kenini k\u00fclt\u00fcrel de\u011ferlerinden al\u0131r. \u201cCo\u011frafya Kaderdir\u201d\u00a0 s\u00f6z\u00fc tamda bu y\u00f6renin insan\u0131 i\u00e7in s\u00f6ylenmi\u015fti sanki. \u00c7\u00fcnk\u00fc \u00e7ocukluk an\u0131lar\u0131, tarihsel ya\u015fanm\u0131\u015fl\u0131klar\u0131n derin izlerini ta\u015f\u0131r.<\/p>\n<p style=\"text-align: justify;\">Duydu\u011fu t\u00fcm masal kahramanlar\u0131n\u0131n ayak izleri duruyordu hala, k\u00f6y patikalar\u0131nda. \u00a0Onlara yak\u0131lan a\u011f\u0131tlar adeta t\u00fcm \u00e7ocuklar\u0131n ezberinde kalan ilk melodilerdi.\u00a0 Kader a\u011flar\u0131 o a\u011f\u0131tlar\u0131n ezgisinde sakl\u0131yd\u0131. Ad\u0131n\u0131n Sait olarak verilmesi de adeta hayat yolculu\u011funun ilk parolas\u0131 gibiydi. Ya\u015fam Ser\u00fcveni bu ismin yar\u0131m kalan ama\u00e7lar\u0131n\u0131 tamamlamas\u0131n\u0131n u\u011fra\u015f\u0131s\u0131 d\u0131\u015f\u0131nda bir \u015fey olmayacakt\u0131.<\/p>\n<p style=\"text-align: justify;\">\u015e\u00eax Said\u00ea Kal\u2019\u0131n vasiyet sava\u015f\u00e7\u0131lar\u0131 ve Da\u011fkap\u0131 da s\u00f6nd\u00fcr\u00fclmek istenen ate\u015fin son k\u0131v\u0131lc\u0131mlar\u0131, belki de. Vefa borcuydu, \u00a0bilmeden boynunda ta\u015f\u0131d\u0131\u011f\u0131 k\u00fcnye de yaz\u0131l\u0131 olan. Yi\u011fitlere \u00f6yk\u00fcnmek ve g\u00fcn\u00fcn birinde bir masal kahraman\u0131 oluvermek mesela Yado gibi nam salmak. Her g\u00f6n\u00fclde taht kurmakt\u0131 gizlice.<\/p>\n<p style=\"text-align: justify;\">Bak\u0131n geri d\u00f6nd\u00fcler \u201cyado\u2019nun sava\u015fc\u0131lar\u0131\u201d evet geri d\u00f6neceklerini biliyorduk! \u00a0Umudu ile ya\u015famak. T\u00fcm bu hayallerin sava\u015f\u00e7\u0131s\u0131yd\u0131 Dr. S\u00fcleyman.\u00a0 Vasiyet sava\u015f\u00e7\u0131s\u0131 olmak, Tarihin bir cilvesi miydi acaba Yado ya imrenip ayn\u0131 patikalardan ge\u00e7mek. Belki de ilahi bir emirdi! Kim bilir.\u00a0 T\u00fcm bu b\u00fcy\u00fck hayalleri ger\u00e7ekle\u015ftirme vakti gelmi\u015fti. Kariyer ile isyan\u0131n kav\u015fa\u011f\u0131nda, k\u00f6y\u00fcn\u00fcn patikas\u0131nda bulmu\u015ftu kendini.<\/p>\n<p style=\"text-align: justify;\">Kartal\u0131n yuvadan u\u00e7ma vakti gelmi\u015fti. 1989 da PKK\u2019ye kat\u0131l\u0131r. K\u0131sa bir e\u011fitim devresini Bekaa vadisinde g\u00f6rd\u00fckten sonra tekrar t\u0131p fak\u00fcltesi okudu\u011fu \u00c7ukurova b\u00f6lgesine, gen\u00e7lik ve \u00f6\u011frenci \u00e7al\u0131\u015fmalar\u0131na d\u00fczenlenir. Ancak bu d\u00f6n\u00fc\u015f\u00fc t\u0131p 3. s\u0131n\u0131f \u00f6\u011frencisi Sait de\u011fil de ba\u015ftan sona illegaliteye b\u00fcr\u00fcnm\u00fc\u015f Dr.<\/p>\n<p style=\"text-align: justify;\">S\u00fcleyman olarak d\u00f6ner. \u015eehir gerillac\u0131l\u0131\u011f\u0131n\u0131n ilk eylemini planlar. Bir motosiklet \u00fczerinden Adana polis merkezine roketli sald\u0131r\u0131 yapar.\u00a0 K\u0131sa s\u00fcrede de\u015fifre olur ve Amed eyaleti k\u0131rsal\u0131na gider. Sava\u015f\u00e7\u0131 ruhu ve cesareti onu h\u0131zla komuta d\u00fczeyine ta\u015f\u0131r. Sava\u015f taktiklerindeki yarat\u0131c\u0131l\u0131\u011f\u0131 g\u00fcn ge\u00e7tik\u00e7e a\u00e7\u0131\u011fa \u00e7\u0131kar Andok\u2019lar \u00a0da \u00a0Dr S\u00fcleyman r\u00fczgar\u0131 esmeye ba\u015flar.<\/p>\n<p style=\"text-align: justify;\">Onun i\u00e7in da\u011f, ama\u00e7lar\u0131n\u0131 ger\u00e7ekle\u015ftirmenin yeg\u00e2ne alan\u0131yd\u0131.\u00a0 Do\u011fdu\u011fu co\u011frafya da isyanc\u0131 bir g\u00fcc\u00fcn sorumlulu\u011funu yapmak kendisine bah\u015fedilmi\u015f en b\u00fcy\u00fck de\u011ferdi. Eylem tarz\u0131ndaki radikalizm mensubu oldu\u011fu \u00f6rg\u00fct komuta yap\u0131s\u0131nda, imrendirici bir yere sahipti. Sava\u015f ve \u00f6rg\u00fct g\u00f6revlerinde en \u00fcst kademeye geldi. PKK merkez komite \u00fcyesi ve orta saha komutan\u0131. Ancak Dr. S\u00fcleyman\u0131 d\u00fc\u015f\u00fcnd\u00fcren baz\u0131 \u00f6rg\u00fctsel olgular vard\u0131.<\/p>\n<p style=\"text-align: justify;\">Ulusal kurtulu\u015f sava\u015f\u0131 ile ba\u011fda\u015fmayan \u201c\u00f6rg\u00fct militan\u0131, ideolojik kadro ve \u00e7izgi devrimcili\u011fi\u201d gibi kavramlar can\u0131n\u0131 \u00e7ok s\u0131k\u0131yordu. \u0130nsan ki\u015fili\u011fini k\u0131s\u0131tlayan ve geli\u015fimi s\u0131n\u0131rland\u0131ran \u00d6nderlik \u00e7izgisi ve parti ya\u015fam\u0131 vb kavramlarla ilgili ele\u015ftirilere muhatap oluyor ve inanmad\u0131\u011f\u0131 \u015feyleri kendinde uygulamada \u00e7ok zorlan\u0131yordu. Ya kendisi olarak kalacak ya da \u00e7izgi ad\u0131na m\u00fcritle\u015fecek. Ulusal ama\u00e7lar\u0131 i\u00e7in harekette kalmak istiyor ancak Apocu\u2019luk tarikat\u0131na da ku\u015fkuyla bak\u0131yor.\u00a0 Partinin ideolojik kal\u0131plar\u0131na s\u0131k\u0131\u015facak bir yap\u0131ya da sahip de\u011fildi.<\/p>\n<p style=\"text-align: justify;\">Kendisine ait d\u00fcnya g\u00f6r\u00fc\u015f\u00fc ve ulusal alg\u0131s\u0131 vard\u0131.\u00a0 Ulusal de\u011ferlerle parti de\u011ferleri aras\u0131nda s\u0131k\u0131\u015f\u0131p kalmay\u0131 kendisine yediremiyordu.\u00a0 Ya ad\u0131na parti \u00e7izgi denilen tarikata kat\u0131lacakt\u0131 ya da kendi \u00f6zg\u00fcr ruhunu ile hareket edecekti. Acaba PKK\u2019nin gerilla g\u00fcc\u00fcn\u00fc ulusal ama\u00e7lar\u0131m kullanabilir miyim noktas\u0131ndaki hayalleri t\u00fcmden yok olmu\u015ftu. Apo\u2019nun yakalanmas\u0131 ve d\u00fc\u015fman kar\u015f\u0131s\u0131ndaki teslimiyeti PKK\u2019nin h\u0131zla TC\u2019nin g\u00fcd\u00fcm\u00fcnde bir g\u00fcce d\u00f6n\u00fc\u015fece\u011fini kestirebiliyordu. Sohbetlerinde \u201cApo niye t\u00fcm K\u00fcrt liderleri gibi da\u011fa \u00e7\u0131kmad\u0131\u201d derdi.<\/p>\n<p style=\"text-align: justify;\">O hayalinde Yado\u2019nun \u00f6nderlik tarz\u0131n\u0131 canland\u0131r\u0131r ve Apo\u2019nun d\u00fc\u015fman kar\u015f\u0131s\u0131ndaki kahrolas\u0131 duru\u015funu d\u00fc\u015f\u00fcn\u00fcrd\u00fc. Bir \u015feylerin kurdewar\u00ee olmad\u0131\u011f\u0131n\u0131 hissediyordu. Ve tescillenmesi i\u00e7in teslimiyetin bir resmi platform gerekiyordu. I\u015fte PKK\u2019nin 7. Ula\u011fan\u00fcst\u00fc kongresinde sunulan demokratik d\u00f6n\u00fc\u015f\u00fcm projesine \u201c T\u00dcS\u0130AD\u2019\u0131n K\u00fcrt projesinden \u00a0daha geri bir proje\u201d\u00a0 oldu\u011funu ve kat\u0131lmad\u0131\u011f\u0131n\u0131 s\u00f6yleyerek duru\u015funu belirledi.<\/p>\n<p style=\"text-align: justify;\">Onun bu duru\u015fu r\u00fc\u015ft\u00fcn\u00fc ispatlamaya \u00e7al\u0131\u015fan \u201cba\u015fkanl\u0131k konseyi \u201dde \u00f6rg\u00fcte isyan olarak de\u011ferlendirildi. Dr. S\u00fcleyman\u2019\u0131 tasfiye etmek i\u00e7in geriye say\u0131m ba\u015flam\u0131\u015ft\u0131. Ancak Dr. S\u00fcleyman Dola K\u00fbk\u00ea\u2019deki atmosferi \u00e7ok iyi g\u00f6rebiliyordu. Art\u0131k bu \u00f6rg\u00fctte ama\u00e7lar\u0131na hitap eden bir de\u011fer k\u0131r\u0131nt\u0131s\u0131 bile kalmam\u0131\u015ft\u0131. Ulusal ba\u011f\u0131ms\u0131zl\u0131k amac\u0131n\u0131n cenaze t\u00f6reni 7. Kongrede yap\u0131lm\u0131\u015ft\u0131. Yani kendi \u00f6rg\u00fct\u00fcn\u00fcn ihanetine u\u011fram\u0131\u015ft\u0131 adeta.\u00a0 Hani Yado\u2019nun ve \u015f\u00eax\u00ea Kal\u2019\u0131n vasiyeti ne olacakt\u0131.<\/p>\n<p style=\"text-align: justify;\">T\u00fcm bu ruhsal ve d\u00fc\u015f\u00fcnsel gelgitlerin i\u00e7inde art\u0131k PKK\u2019de kal\u0131namayaca\u011f\u0131n\u0131 kararla\u015ft\u0131rarak bir grup eski arkada\u015f\u0131 ile 2000 May\u0131s\u2019\u0131n da ayr\u0131l\u0131r.\u00a0 Yeniden silahl\u0131 m\u00fccadele ba\u015flatmak i\u00e7in kendi aralar\u0131nda tart\u0131\u015fma y\u00fcr\u00fcten \u201c\u00f6zg\u00fcrl\u00fck insiyatifi grubu\u201d\u00a0 PKK\u2019nin kar\u015f\u0131 sald\u0131r\u0131s\u0131na maruz kald\u0131\u011f\u0131 i\u00e7in da\u011fdan ayr\u0131l\u0131rlar. Dr S\u00fcleyman\u2019\u0131n\u0131n grubu PKK\u2019nin yo\u011fun bask\u0131s\u0131 ve imk\u00e2ns\u0131zl\u0131klardan dolay\u0131 da\u011f\u0131l\u0131r. Dr. S\u00fcleyman Almanya\u2019ya gider ve orda akademik \u00f6\u011frenimine devam eder. \u00dcniversiteye gider, dil \u00f6\u011frenir ve kendi ekonomik hayat\u0131n\u0131 \u00f6rg\u00fctler. Ulusal m\u00fccadelesini de\u011fi\u015fik platformlarda s\u00fcrd\u00fcr\u00fcr.<\/p>\n<p style=\"text-align: justify;\">2 A\u011fustos 2014 y\u0131l\u0131nda \u015eengal\u2019in DA\u0130\u015e\u2019in eline ge\u00e7mesi ve binlerce \u00cazdi k\u0131zlar\u0131n\u0131n ka\u00e7\u0131r\u0131l\u0131p Musul sokaklar\u0131n da cariye olarak sat\u0131lmalar\u0131na daha fazla dayanamaz ve h\u0131zla g\u00fcney K\u00fcrdistan\u2019a gelme haz\u0131rl\u0131klar\u0131na ba\u015flar. B\u00f6yle bir durum kar\u015f\u0131s\u0131nda bir \u015fey yapamamay\u0131 kendisine lay\u0131k g\u00f6rmezdi. Zaman kaybetmeden her \u015feyi ard\u0131nda b\u0131rak\u0131p sava\u015f sahas\u0131na gider. DA\u0130\u015e\u2019in yaratt\u0131\u011f\u0131 ani \u015fok dalgas\u0131nda umutsuzluk ve ka\u00e7\u0131\u015f ya\u015fan\u0131rken Dr. S\u00fcleyman b\u00fcy\u00fck bir y\u00fcreklilikle K\u00fcrdistan\u2019a y\u00f6n\u00fcn\u00fc veriri. \u201cYurtseverlik gerekti\u011fi yerde can\u0131n\u0131 feda etmeyi bilmektir \u201dder. Ve silah\u0131n\u0131 ku\u015fan\u0131r. \u00c7ok az bir ili\u015fki a\u011f\u0131 \u00fczerinden DA\u0130\u015e\u2019\u0131n bu ter\u00f6r\u00fcn\u00fc durdurmak i\u00e7in \u00e7al\u0131\u015fma ba\u015flat\u0131r.<\/p>\n<p style=\"text-align: justify;\">Sava\u015f cephesindeki komutadan yard\u0131mc\u0131 olmalar\u0131n\u0131 rica eder. DA\u0130\u015e\u2019in ani sald\u0131r\u0131s\u0131 kar\u015f\u0131s\u0131nda P\u00ea\u015fmerge\u2019nin donan\u0131ms\u0131z yanlar\u0131n\u0131 tahlil eder. G\u00f6n\u00fcll\u00fc p\u00ea\u015fmerge e\u011fitim devresi a\u00e7ar ve her b\u00f6lgeden g\u00fc\u00e7 toplar. 45 g\u00fcnl\u00fck e\u011fitim devrelerinde partizan sava\u015f\u0131, may\u0131n e\u011fitimi ve silah kullan\u0131m\u0131 \u00fczerine dersler verir. Birinci e\u011fitim devresinin ortalar\u0131nda g\u00f6n\u00fcll\u00fc P\u00ea\u015fmerge birli\u011fi H\u00eaza Agir\u00ee\u2019yi kurar. \u015eengal\u2019in kurtar\u0131lmas\u0131nda Dr. S\u00fcleyman ve komutas\u0131ndaki g\u00fc\u00e7 b\u00fcy\u00fck ba\u015far\u0131 g\u00f6sterir. Dr. S\u00fcleyman kendisi P\u00ea\u015fmerge g\u00fc\u00e7lerin de patlat\u0131lmak \u00fczere olan bir intihar arac\u0131n\u0131 ele ge\u00e7irir.<\/p>\n<p style=\"text-align: justify;\">H\u0131zla i\u00e7indeki patlay\u0131c\u0131lar\u0131 devre d\u0131\u015f\u0131 b\u0131rak\u0131r ve P\u00ea\u015fmerge\u2019yi b\u00fcy\u00fck bir felaketten kurtar\u0131r. \u015eengal operasyonu ak\u015fam\u0131 G\u00fcney K\u00fcrdistan halk\u0131 ilk defa Dr S\u00fcleyman ad\u0131n\u0131 duyacakt\u0131. Bu apoletsiz, cesur Kuzey K\u00fcrdistan\u2019l\u0131 kimdi. B\u00f6yle korkusuzca i\u015fler yapmay\u0131 nerden \u00f6\u011frenmi\u015f ve ni\u00e7in buradad\u0131r gibisinden sorular G\u00fcney halk\u0131n\u0131n kafas\u0131n\u0131 kar\u0131\u015ft\u0131ra dursun Dr. S\u00fcleyman sava\u015f\u0131n t\u00fcm cephelerinde temas noktalar\u0131nda ve en \u00f6nde cansiperane sava\u015f\u0131yordu. G\u00fcneyin medya organlar\u0131 b\u00f6ylesi tecr\u00fcbeli bir sava\u015f\u00e7\u0131y\u0131 TV ekranlar\u0131nda halka tan\u0131\u015ft\u0131rma yar\u0131\u015f\u0131ndayd\u0131lar.<\/p>\n<p style=\"text-align: justify;\">\u00c7\u00fcnk\u00fc Dr. S\u00fcleyman\u2019\u0131n bulundu\u011fu yerde do\u011fru haber vard\u0131. G\u00fcneyin savunma stratejisi \u00fczerine yaz\u0131lar yazar ve P\u00ea\u015fmerge g\u00fc\u00e7lerine seminerler vermeye ba\u015flar. Koalisyon g\u00fc\u00e7leri de onun engine sava\u015f tecr\u00fcbelerinden yararlanmak i\u00e7in kararg\u00e2hlar\u0131na davet eder. Art\u0131k Dr. S\u00fcleyman ulusal bir sembol olarak g\u00f6r\u00fclmeye ba\u015flan\u0131r. Siyaset, askerlik ve sava\u015f konular\u0131nda g\u00f6r\u00fc\u015flerine ba\u015fvurulur. Onlarca e\u011fitim devresi a\u00e7ar y\u00fczlerce P\u00ea\u015fmerge e\u011fitir ve ayr\u0131ca operasyonlarda P\u00ea\u015fmerge g\u00fc\u00e7lerinin \u00f6n\u00fcnde may\u0131n temizleme g\u00f6revini yapard\u0131.<\/p>\n<p style=\"text-align: justify;\">T\u00fcm bu \u00e7al\u0131\u015fmalar\u0131 sadece ulusall\u0131k ve yurtseverlik g\u00f6revi olarak bilirdi. Hi\u00e7 bir maddi kar\u015f\u0131l\u0131k beklemez ve almazd\u0131. \u00c7o\u011fu kez kendi maddi imk\u00e2nlar\u0131 ile Almanya\u2019dan teknik malzeme getirir ve may\u0131n devreleri kurard\u0131.\u00a0 G\u00fcneyin Sava\u015f koordinesine d\u00fczenli olarak takt\u0131k konularda g\u00f6r\u00fc\u015flerini yaz\u0131l\u0131 olarak sunar. Baz\u0131 \u00f6zel askeri birimlerin \u00f6rg\u00fctlenmesine projeleri vard\u0131. \u00a0Emeklerinin de\u011feri belki o zaman tam anla\u015f\u0131lmad\u0131, fakat etraf\u0131nda derin bir iz b\u0131rakt\u0131. En b\u00fcy\u00fck hayali Birle\u015fik Ulusal bir K\u00fcrdistan ordusunu kurmakt\u0131. Bunun i\u00e7in P\u00ea\u015fmerge bakanl\u0131\u011f\u0131na \u00f6nerilerde bulunur.<\/p>\n<p style=\"text-align: justify;\">Askeri g\u00fc\u00e7lerin partilerin denetiminden \u00e7\u0131kart\u0131l\u0131p ulusal bir kurum olan P\u00ea\u015fmerge bakanl\u0131\u011f\u0131na ba\u011flanmas\u0131 i\u00e7in \u00e7aba harcad\u0131. \u201cBir \u00fclkenin en b\u00fcy\u00fck de\u011feri savunma g\u00fcc\u00fcd\u00fcr \u201c diyordu. Ulusal devletle\u015fme olgusuna yakla\u015f\u0131m\u0131; par\u00e7a devletlerinin kurulmas\u0131n\u0131n imkan dahilinde oldu\u011funu savunurdu.<\/p>\n<p style=\"text-align: justify;\">G\u00fcney K\u00fcrdistan\u2019daki son g\u00f6revi s\u0131ras\u0131nda Beh\u015fiqa\u2019ya ba\u011fl\u0131\u00a0 T\u00eesxiraba Mezin k\u00f6y\u00fcnde may\u0131n patlamas\u0131 sonucu a\u011f\u0131r yaralan\u0131r. K\u00fcrdistan\u2019da bir \u015fey yap\u0131lamayaca\u011f\u0131 anla\u015f\u0131l\u0131nca \u00f6zel u\u00e7akla Almanya\u2019ya g\u00f6nderilir. Almanya\u2019da 30.10.2016 da \u015fehadete ula\u015f\u0131r.\u00a0 Onun \u015fehadeti, K\u00fcrdistan\u2019\u0131n her d\u00f6rt par\u00e7as\u0131nda b\u00fcy\u00fck bir ulusal matem havas\u0131 yaratt\u0131.\u00a0 K\u00fcrt halk\u0131 b\u00fcy\u00fck bir evlad\u0131n\u0131, generalini ve isyanc\u0131s\u0131n\u0131 kaybetmi\u015fti.<\/p>\n<p style=\"text-align: justify;\">Ama t\u00fcm K\u00fcrt ulusu bu kahraman\u0131n etraf\u0131nda birle\u015fmi\u015fti. G\u00f6rkemli bir cenaze t\u00f6reni ile; tek ba\u015f\u0131na \u00e7\u0131kt\u0131\u011f\u0131 k\u00f6yden binlerce insan\u0131n omuzlar\u0131nda d\u00f6nd\u00fc, \u00c7ilkan\u00ee\u00a0 k\u00f6y\u00fcn de K\u00fcrdistan bayra\u011f\u0131n\u0131n g\u00f6lgesinde\u00a0 daha \u00f6nce \u015fehit d\u00fc\u015fen iki karde\u015fileri Munzur ( Hasan \u00c7\u00fcr\u00fckkaya, 1991- \u00c7ewlik\u2019de \u015fehit d\u00fc\u015fer) ve Diyar\u2019\u0131n \u00a0\u00a0( \u00d6mer \u00c7\u00fcr\u00fckkaya 1996- Dersim) yan\u0131nda defn edildi.<\/p>\n","protected":false},"excerpt":{"rendered":"<p>\u00a0 \u201c Welatpar\u00eaz\u00ee, Roja Ku Hewce Be, M\u0131rov J\u0131bo Welat\u00ea\u00a0 Xwe Can\u00ea Xwe J\u00ee Feda Bike.\u201d ( Yurtseverlik, gerekti\u011fi\u00a0 yerde ve zamanda can\u0131n\u0131\u00a0 feda etmeyi bilmektir). \u015eehit Dr S\u00fcleyman Dr S\u00fcleyman (Sait \u00c7\u00fcr\u00fckkaya) 1968 \u2018de Bing\u00f6l\u2019\u00fcn \u00c7ilkan\u00ee k\u00f6y\u00fcnde d\u00fcnyaya\u00a0 gelir. \u00c7ewlik (Bing\u00f6l)co\u011frafyas\u0131n\u0131n isyank\u00e2r gelene\u011fi, \u00a0k\u00f6kenini k\u00fclt\u00fcrel de\u011ferlerinden al\u0131r. \u201cCo\u011frafya Kaderdir\u201d\u00a0 s\u00f6z\u00fc tamda bu y\u00f6renin insan\u0131 [&hellip;]<\/p>\n","protected":false},"author":2,"featured_media":1007020,"comment_status":"closed","ping_status":"closed","sticky":false,"template":"","format":"standard","meta":{"footnotes":""},"categories":[7],"tags":[31],"class_list":["post-1007015","post","type-post","status-publish","format-standard","has-post-thumbnail","hentry","category-editorden","tag-onemli"],"blocksy_meta":[],"seo_head":"<!-- This site is optimized with the Yoast SEO plugin v27.5 - https:\/\/yoast.com\/product\/yoast-seo-wordpress\/ -->\n<title>Dr. S\u00fcleyman\u2019\u0131n Ard\u0131ndan... - Darka Mazi<\/title>\n<meta name=\"robots\" content=\"index, follow, max-snippet:-1, max-image-preview:large, max-video-preview:-1\" \/>\n<link rel=\"canonical\" href=\"https:\/\/darkamazi.site\/archives\/1007015\" \/>\n<meta property=\"og:locale\" content=\"en_US\" \/>\n<meta property=\"og:type\" content=\"article\" \/>\n<meta property=\"og:title\" content=\"Dr. S\u00fcleyman\u2019\u0131n Ard\u0131ndan... - Darka Mazi\" \/>\n<meta property=\"og:description\" content=\"\u00a0 \u201c Welatpar\u00eaz\u00ee, Roja Ku Hewce Be, M\u0131rov J\u0131bo Welat\u00ea\u00a0 Xwe Can\u00ea Xwe J\u00ee Feda Bike.\u201d ( Yurtseverlik, gerekti\u011fi\u00a0 yerde ve zamanda can\u0131n\u0131\u00a0 feda etmeyi bilmektir). \u015eehit Dr S\u00fcleyman Dr S\u00fcleyman (Sait \u00c7\u00fcr\u00fckkaya) 1968 \u2018de Bing\u00f6l\u2019\u00fcn \u00c7ilkan\u00ee k\u00f6y\u00fcnde d\u00fcnyaya\u00a0 gelir. \u00c7ewlik (Bing\u00f6l)co\u011frafyas\u0131n\u0131n isyank\u00e2r gelene\u011fi, \u00a0k\u00f6kenini k\u00fclt\u00fcrel de\u011ferlerinden al\u0131r. \u201cCo\u011frafya Kaderdir\u201d\u00a0 s\u00f6z\u00fc tamda bu y\u00f6renin insan\u0131 [&hellip;]\" \/>\n<meta property=\"og:url\" content=\"https:\/\/darkamazi.site\/archives\/1007015\" \/>\n<meta property=\"og:site_name\" content=\"Darka Mazi\" \/>\n<meta property=\"article:publisher\" content=\"https:\/\/www.facebook.com\/DarkaMaziturkce\" \/>\n<meta property=\"article:published_time\" content=\"2019-10-30T12:44:02+00:00\" \/>\n<meta property=\"article:modified_time\" content=\"2019-11-19T14:35:10+00:00\" \/>\n<meta property=\"og:image\" content=\"https:\/\/darkamazi.site\/file\/2019\/10\/sehid-said-curukkaya-drsileman.jpg\" \/>\n\t<meta property=\"og:image:width\" content=\"1024\" \/>\n\t<meta property=\"og:image:height\" content=\"471\" \/>\n\t<meta property=\"og:image:type\" content=\"image\/jpeg\" \/>\n<meta name=\"author\" content=\"darka mazi\" \/>\n<meta name=\"twitter:card\" content=\"summary_large_image\" \/>\n<meta name=\"twitter:creator\" content=\"@DarkaMaziTurkce\" \/>\n<meta name=\"twitter:site\" content=\"@DarkaMaziTurkce\" \/>\n<meta name=\"twitter:label1\" content=\"Written by\" \/>\n\t<meta name=\"twitter:data1\" content=\"darka mazi\" \/>\n\t<meta name=\"twitter:label2\" content=\"Est. reading time\" \/>\n\t<meta name=\"twitter:data2\" content=\"9 minutes\" \/>\n<script type=\"application\/ld+json\" class=\"seo-schema-graph\">{\"@context\":\"https:\\\/\\\/schema.org\",\"@graph\":[{\"@type\":\"NewsArticle\",\"@id\":\"https:\\\/\\\/darkamazi.site\\\/archives\\\/1007015#article\",\"isPartOf\":{\"@id\":\"https:\\\/\\\/darkamazi.site\\\/archives\\\/1007015\"},\"author\":{\"name\":\"darka mazi\",\"@id\":\"https:\\\/\\\/darkamazi.site\\\/#\\\/schema\\\/person\\\/67986a95ac546c16760365877ef4a9d3\"},\"headline\":\"Dr. S\u00fcleyman\u2019\u0131n Ard\u0131ndan&#8230;\",\"datePublished\":\"2019-10-30T12:44:02+00:00\",\"dateModified\":\"2019-11-19T14:35:10+00:00\",\"mainEntityOfPage\":{\"@id\":\"https:\\\/\\\/darkamazi.site\\\/archives\\\/1007015\"},\"wordCount\":1859,\"publisher\":{\"@id\":\"https:\\\/\\\/darkamazi.site\\\/#organization\"},\"image\":{\"@id\":\"https:\\\/\\\/darkamazi.site\\\/archives\\\/1007015#primaryimage\"},\"thumbnailUrl\":\"https:\\\/\\\/darkamazi.site\\\/darka-content\\\/uploads\\\/2019\\\/10\\\/sehid-said-curukkaya-drsileman.jpg\",\"keywords\":[\"\u00f6nemli\"],\"articleSection\":[\"Edit\u00f6rden\"],\"inLanguage\":\"en-US\"},{\"@type\":\"WebPage\",\"@id\":\"https:\\\/\\\/darkamazi.site\\\/archives\\\/1007015\",\"url\":\"https:\\\/\\\/darkamazi.site\\\/archives\\\/1007015\",\"name\":\"Dr. S\u00fcleyman\u2019\u0131n Ard\u0131ndan... - Darka Mazi\",\"isPartOf\":{\"@id\":\"https:\\\/\\\/darkamazi.site\\\/#website\"},\"primaryImageOfPage\":{\"@id\":\"https:\\\/\\\/darkamazi.site\\\/archives\\\/1007015#primaryimage\"},\"image\":{\"@id\":\"https:\\\/\\\/darkamazi.site\\\/archives\\\/1007015#primaryimage\"},\"thumbnailUrl\":\"https:\\\/\\\/darkamazi.site\\\/darka-content\\\/uploads\\\/2019\\\/10\\\/sehid-said-curukkaya-drsileman.jpg\",\"datePublished\":\"2019-10-30T12:44:02+00:00\",\"dateModified\":\"2019-11-19T14:35:10+00:00\",\"breadcrumb\":{\"@id\":\"https:\\\/\\\/darkamazi.site\\\/archives\\\/1007015#breadcrumb\"},\"inLanguage\":\"en-US\",\"potentialAction\":[{\"@type\":\"ReadAction\",\"target\":[\"https:\\\/\\\/darkamazi.site\\\/archives\\\/1007015\"]}]},{\"@type\":\"ImageObject\",\"inLanguage\":\"en-US\",\"@id\":\"https:\\\/\\\/darkamazi.site\\\/archives\\\/1007015#primaryimage\",\"url\":\"https:\\\/\\\/darkamazi.site\\\/darka-content\\\/uploads\\\/2019\\\/10\\\/sehid-said-curukkaya-drsileman.jpg\",\"contentUrl\":\"https:\\\/\\\/darkamazi.site\\\/darka-content\\\/uploads\\\/2019\\\/10\\\/sehid-said-curukkaya-drsileman.jpg\",\"width\":1024,\"height\":471,\"caption\":\"Dr. S\u00fcleyman\u2019\u0131n Ard\u0131ndan...\"},{\"@type\":\"BreadcrumbList\",\"@id\":\"https:\\\/\\\/darkamazi.site\\\/archives\\\/1007015#breadcrumb\",\"itemListElement\":[{\"@type\":\"ListItem\",\"position\":1,\"name\":\"Home\",\"item\":\"https:\\\/\\\/darkamazi.site\\\/\"},{\"@type\":\"ListItem\",\"position\":2,\"name\":\"Dr. S\u00fcleyman\u2019\u0131n Ard\u0131ndan&#8230;\"}]},{\"@type\":\"WebSite\",\"@id\":\"https:\\\/\\\/darkamazi.site\\\/#website\",\"url\":\"https:\\\/\\\/darkamazi.site\\\/\",\"name\":\"Darka Mazi\",\"description\":\"Ana Sayfa\",\"publisher\":{\"@id\":\"https:\\\/\\\/darkamazi.site\\\/#organization\"},\"potentialAction\":[{\"@type\":\"SearchAction\",\"target\":{\"@type\":\"EntryPoint\",\"urlTemplate\":\"https:\\\/\\\/darkamazi.site\\\/?s={search_term_string}\"},\"query-input\":{\"@type\":\"PropertyValueSpecification\",\"valueRequired\":true,\"valueName\":\"search_term_string\"}}],\"inLanguage\":\"en-US\"},{\"@type\":\"Organization\",\"@id\":\"https:\\\/\\\/darkamazi.site\\\/#organization\",\"name\":\"Darka Mazi T\u00fcrk\u00e7e\",\"alternateName\":\"Darka Mazi\",\"url\":\"https:\\\/\\\/darkamazi.site\\\/\",\"logo\":{\"@type\":\"ImageObject\",\"inLanguage\":\"en-US\",\"@id\":\"https:\\\/\\\/darkamazi.site\\\/#\\\/schema\\\/logo\\\/image\\\/\",\"url\":\"https:\\\/\\\/darkamazi.site\\\/darka-content\\\/uploads\\\/2017\\\/12\\\/darka-mazi-logo.png\",\"contentUrl\":\"https:\\\/\\\/darkamazi.site\\\/darka-content\\\/uploads\\\/2017\\\/12\\\/darka-mazi-logo.png\",\"width\":151,\"height\":75,\"caption\":\"Darka Mazi T\u00fcrk\u00e7e\"},\"image\":{\"@id\":\"https:\\\/\\\/darkamazi.site\\\/#\\\/schema\\\/logo\\\/image\\\/\"},\"sameAs\":[\"https:\\\/\\\/www.facebook.com\\\/DarkaMaziturkce\",\"https:\\\/\\\/x.com\\\/DarkaMaziTurkce\"]},{\"@type\":\"Person\",\"@id\":\"https:\\\/\\\/darkamazi.site\\\/#\\\/schema\\\/person\\\/67986a95ac546c16760365877ef4a9d3\",\"name\":\"darka mazi\",\"sameAs\":[\"https:\\\/\\\/darkamazi.site\"],\"url\":\"https:\\\/\\\/darkamazi.site\\\/archives\\\/author\\\/turkish\"}]}<\/script>\n<!-- \/ Yoast SEO plugin. -->","seo_head_json":{"title":"Dr. S\u00fcleyman\u2019\u0131n Ard\u0131ndan... - Darka Mazi","robots":{"index":"index","follow":"follow","max-snippet":"max-snippet:-1","max-image-preview":"max-image-preview:large","max-video-preview":"max-video-preview:-1"},"canonical":"https:\/\/darkamazi.site\/archives\/1007015","og_locale":"en_US","og_type":"article","og_title":"Dr. S\u00fcleyman\u2019\u0131n Ard\u0131ndan... - Darka Mazi","og_description":"\u00a0 \u201c Welatpar\u00eaz\u00ee, Roja Ku Hewce Be, M\u0131rov J\u0131bo Welat\u00ea\u00a0 Xwe Can\u00ea Xwe J\u00ee Feda Bike.\u201d ( Yurtseverlik, gerekti\u011fi\u00a0 yerde ve zamanda can\u0131n\u0131\u00a0 feda etmeyi bilmektir). \u015eehit Dr S\u00fcleyman Dr S\u00fcleyman (Sait \u00c7\u00fcr\u00fckkaya) 1968 \u2018de Bing\u00f6l\u2019\u00fcn \u00c7ilkan\u00ee k\u00f6y\u00fcnde d\u00fcnyaya\u00a0 gelir. \u00c7ewlik (Bing\u00f6l)co\u011frafyas\u0131n\u0131n isyank\u00e2r gelene\u011fi, \u00a0k\u00f6kenini k\u00fclt\u00fcrel de\u011ferlerinden al\u0131r. \u201cCo\u011frafya Kaderdir\u201d\u00a0 s\u00f6z\u00fc tamda bu y\u00f6renin insan\u0131 [&hellip;]","og_url":"https:\/\/darkamazi.site\/archives\/1007015","og_site_name":"Darka Mazi","article_publisher":"https:\/\/www.facebook.com\/DarkaMaziturkce","article_published_time":"2019-10-30T12:44:02+00:00","article_modified_time":"2019-11-19T14:35:10+00:00","og_image":[{"width":1024,"height":471,"url":"https:\/\/darkamazi.site\/file\/2019\/10\/sehid-said-curukkaya-drsileman.jpg","type":"image\/jpeg"}],"author":"darka mazi","twitter_card":"summary_large_image","twitter_creator":"@DarkaMaziTurkce","twitter_site":"@DarkaMaziTurkce","twitter_misc":{"Written by":"darka mazi","Est. reading time":"9 minutes"},"schema":{"@context":"https:\/\/schema.org","@graph":[{"@type":"NewsArticle","@id":"https:\/\/darkamazi.site\/archives\/1007015#article","isPartOf":{"@id":"https:\/\/darkamazi.site\/archives\/1007015"},"author":{"name":"darka mazi","@id":"https:\/\/darkamazi.site\/#\/schema\/person\/67986a95ac546c16760365877ef4a9d3"},"headline":"Dr. S\u00fcleyman\u2019\u0131n Ard\u0131ndan&#8230;","datePublished":"2019-10-30T12:44:02+00:00","dateModified":"2019-11-19T14:35:10+00:00","mainEntityOfPage":{"@id":"https:\/\/darkamazi.site\/archives\/1007015"},"wordCount":1859,"publisher":{"@id":"https:\/\/darkamazi.site\/#organization"},"image":{"@id":"https:\/\/darkamazi.site\/archives\/1007015#primaryimage"},"thumbnailUrl":"https:\/\/darkamazi.site\/file\/2019\/10\/sehid-said-curukkaya-drsileman.jpg","keywords":["\u00f6nemli"],"articleSection":["Edit\u00f6rden"],"inLanguage":"en-US"},{"@type":"WebPage","@id":"https:\/\/darkamazi.site\/archives\/1007015","url":"https:\/\/darkamazi.site\/archives\/1007015","name":"Dr. S\u00fcleyman\u2019\u0131n Ard\u0131ndan... - Darka Mazi","isPartOf":{"@id":"https:\/\/darkamazi.site\/#website"},"primaryImageOfPage":{"@id":"https:\/\/darkamazi.site\/archives\/1007015#primaryimage"},"image":{"@id":"https:\/\/darkamazi.site\/archives\/1007015#primaryimage"},"thumbnailUrl":"https:\/\/darkamazi.site\/file\/2019\/10\/sehid-said-curukkaya-drsileman.jpg","datePublished":"2019-10-30T12:44:02+00:00","dateModified":"2019-11-19T14:35:10+00:00","breadcrumb":{"@id":"https:\/\/darkamazi.site\/archives\/1007015#breadcrumb"},"inLanguage":"en-US","potentialAction":[{"@type":"ReadAction","target":["https:\/\/darkamazi.site\/archives\/1007015"]}]},{"@type":"ImageObject","inLanguage":"en-US","@id":"https:\/\/darkamazi.site\/archives\/1007015#primaryimage","url":"https:\/\/darkamazi.site\/file\/2019\/10\/sehid-said-curukkaya-drsileman.jpg","contentUrl":"https:\/\/darkamazi.site\/file\/2019\/10\/sehid-said-curukkaya-drsileman.jpg","width":1024,"height":471,"caption":"Dr. S\u00fcleyman\u2019\u0131n Ard\u0131ndan..."},{"@type":"BreadcrumbList","@id":"https:\/\/darkamazi.site\/archives\/1007015#breadcrumb","itemListElement":[{"@type":"ListItem","position":1,"name":"Home","item":"https:\/\/darkamazi.site\/"},{"@type":"ListItem","position":2,"name":"Dr. S\u00fcleyman\u2019\u0131n Ard\u0131ndan&#8230;"}]},{"@type":"WebSite","@id":"https:\/\/darkamazi.site\/#website","url":"https:\/\/darkamazi.site\/","name":"Darka Mazi","description":"Ana Sayfa","publisher":{"@id":"https:\/\/darkamazi.site\/#organization"},"potentialAction":[{"@type":"SearchAction","target":{"@type":"EntryPoint","urlTemplate":"https:\/\/darkamazi.site\/?s={search_term_string}"},"query-input":{"@type":"PropertyValueSpecification","valueRequired":true,"valueName":"search_term_string"}}],"inLanguage":"en-US"},{"@type":"Organization","@id":"https:\/\/darkamazi.site\/#organization","name":"Darka Mazi T\u00fcrk\u00e7e","alternateName":"Darka Mazi","url":"https:\/\/darkamazi.site\/","logo":{"@type":"ImageObject","inLanguage":"en-US","@id":"https:\/\/darkamazi.site\/#\/schema\/logo\/image\/","url":"https:\/\/darkamazi.site\/file\/2017\/12\/darka-mazi-logo.png","contentUrl":"https:\/\/darkamazi.site\/file\/2017\/12\/darka-mazi-logo.png","width":151,"height":75,"caption":"Darka Mazi T\u00fcrk\u00e7e"},"image":{"@id":"https:\/\/darkamazi.site\/#\/schema\/logo\/image\/"},"sameAs":["https:\/\/www.facebook.com\/DarkaMaziturkce","https:\/\/x.com\/DarkaMaziTurkce"]},{"@type":"Person","@id":"https:\/\/darkamazi.site\/#\/schema\/person\/67986a95ac546c16760365877ef4a9d3","name":"darka mazi","sameAs":["https:\/\/darkamazi.site"],"url":"https:\/\/darkamazi.site\/archives\/author\/turkish"}]}},"_links":{"self":[{"href":"https:\/\/darkamazi.site\/funavuv\/wp\/v2\/posts\/1007015","targetHints":{"allow":["GET"]}}],"collection":[{"href":"https:\/\/darkamazi.site\/funavuv\/wp\/v2\/posts"}],"about":[{"href":"https:\/\/darkamazi.site\/funavuv\/wp\/v2\/types\/post"}],"author":[{"embeddable":true,"href":"https:\/\/darkamazi.site\/funavuv\/wp\/v2\/users\/2"}],"replies":[{"embeddable":true,"href":"https:\/\/darkamazi.site\/funavuv\/wp\/v2\/comments?post=1007015"}],"version-history":[{"count":0,"href":"https:\/\/darkamazi.site\/funavuv\/wp\/v2\/posts\/1007015\/revisions"}],"wp:featuredmedia":[{"embeddable":true,"href":"https:\/\/darkamazi.site\/funavuv\/wp\/v2\/media\/1007020"}],"wp:attachment":[{"href":"https:\/\/darkamazi.site\/funavuv\/wp\/v2\/media?parent=1007015"}],"wp:term":[{"taxonomy":"category","embeddable":true,"href":"https:\/\/darkamazi.site\/funavuv\/wp\/v2\/categories?post=1007015"},{"taxonomy":"post_tag","embeddable":true,"href":"https:\/\/darkamazi.site\/funavuv\/wp\/v2\/tags?post=1007015"}],"curies":[{"name":"wp","href":"https:\/\/api.w.org\/{rel}","templated":true}]}}