{"id":1007027,"date":"2019-10-31T12:29:14","date_gmt":"2019-10-31T09:29:14","guid":{"rendered":"https:\/\/darkamazi.site\/?p=1007027"},"modified":"2019-10-31T12:30:49","modified_gmt":"2019-10-31T09:30:49","slug":"kuzeydeki-sessizligin-nedeni-hdpmi","status":"publish","type":"post","link":"https:\/\/darkamazi.site\/archives\/1007027","title":{"rendered":"Kuzeydeki sessizli\u011fin nedeni HDP\u2019mi?"},"content":{"rendered":"<h3 style=\"text-align: justify\"><span style=\"font-family: 'arial black', sans-serif\">T\u00fcrk devletinin Rojava i\u015fgali sonras\u0131 herkes Kuzey K\u00fcrdistan\u2019da ki sessizli\u011fi tart\u0131\u015f\u0131yor, \u00e7o\u011funluk da HDP\u2019yi su\u00e7luyor.\u00a0 Ger\u00e7ekten HDP\u2019mi su\u00e7lu, yoksa HDP\u2019yi kuranlar m\u0131 su\u00e7lu? \u00a0Peki, HDP\u2019yi kim kurd<\/span><strong>u?<\/strong><\/h3>\n<p style=\"text-align: justify\">9 Ekim g\u00fcn\u00fc T\u00fcrkiye devletinin Rojava\u2019y\u0131 i\u015fgal giri\u015fimi sonras\u0131 d\u00fcnyan\u0131n her yerinden i\u015fgale kar\u015f\u0131 ses y\u00fckseldi. K\u00fcrtler ve demokrat insanlar meydanlarda beraber i\u015fgale kar\u015f\u0131 tutum ald\u0131. \u0130\u015fgale kar\u015f\u0131 en sessiz duran yer Kuzey K\u00fcrdistan\u2019d\u0131. Kuzey K\u00fcrdistan halk\u0131 Rojava i\u00e7in i\u00e7i s\u0131zlasa da pek yapacak bir \u015feyi yoktu. 1990\u2019lar gibi en zor d\u00f6nemde bile aya\u011f\u0131 kalkan, panzerleri ta\u015flayan halk neden hi\u00e7bir \u015fey yapmad\u0131? Herkes bu konuda HDP\u2019yi su\u00e7luyor, HDP vekillerinin istifa etmesini bekliyor. Peki, ger\u00e7ekten HDP\u2019mi su\u00e7lu?<\/p>\n<p style=\"text-align: justify\">Kuzey K\u00fcrdistan\u2019da K\u00fcrtlerin legal siyasi parti tarihleri iki ayr\u0131 d\u00f6neme ayr\u0131l\u0131r asl\u0131nda. Birincisi; DEP, HEP, DEHAP gibi K\u00fcrdistan\u2019da ve K\u00fcrtlerin \u00e7ok 9999ya\u015fad\u0131\u011f\u0131 \u015fehirlerde \u00f6rg\u00fctlenmi\u015f, K\u00fcrdistani \u015fahsiyetlerin i\u00e7inde oldu\u011fu K\u00fcrt ve K\u00fcrdistan partileriydiler. Bu partilerdeki insanlar\u0131n ideolojik aidiyetleri yoktu, temel aidiyetleri K\u00fcrdistan davas\u0131yd\u0131. Bu d\u00f6nem 1991\u2019den 2005 tarihine kadar devam etti. Bu 14 y\u0131l boyunca bu partilerden onlarca insan faili me\u00e7hul oldu, tutukland\u0131, i\u015fkence g\u00f6rd\u00fc. HEP (halk\u0131n Emek Partisi) Amed il ba\u015fkan\u0131 Vedat Ayd\u0131n 5 Temmuz 1991 g\u00fcn\u00fc ka\u00e7\u0131r\u0131ld\u0131 ve 7 Temmuz g\u00fcn\u00fc cenazesi bulundu. Y\u00fczbinlerce ki\u015fi \u201cb\u0131ji K\u00fcrdistan bimre koledar\u201d( ya\u015fas\u0131n K\u00fcrdistan, kahrolsun s\u00f6m\u00fcrgecilik) slogan\u0131 ile sokaklara d\u00f6k\u00fcld\u00fc. Sloganlar\u0131 2004 tarihine kadar ki partilerin temel slogan\u0131 oldu.<\/p>\n<p style=\"text-align: justify\">\u0130kinci d\u00f6nem ise; 2005 y\u0131l\u0131ndan g\u00fcn\u00fcm\u00fcze kadar devam eden partilerdir. \u00a0Bu partiler s\u0131ras\u0131 ile DTP, BDP ve HDP isimleri ald\u0131. Bu partiler ise ilk d\u00f6nemden sadece bi\u00e7im de\u011fil \u00f6z ve d\u00fc\u015f\u00fcnce sistemi ile \u00e7ok farkl\u0131yd\u0131.\u00a0 Bizzat \u00d6calan taraf\u0131ndan tasarlanm\u0131\u015f ve kurulu\u015f s\u00fcreci y\u00f6netilmi\u015fti. Bu partilerin slogan\u0131 ve amac\u0131 ise; demokratik T\u00fcrkiye, T\u00fcrkiyelile\u015fme ve K\u00fcrt- T\u00fcrks\u00fcz, T\u00fcrk\u2019te K\u00fcrts\u00fcz olmaz ana fikriydi.\u00a0 K\u00fcrtlerin ise i\u00e7inde gittik\u00e7e az\u0131nl\u0131\u011fa d\u00fc\u015ft\u00fc\u011f\u00fc, etkilerinin azald\u0131\u011f\u0131, T\u00fcrk sol partileri ile ittifak halinde, K\u00fcrdistan sorununu de\u011fil T\u00fcrkiye\u2019nin demokratikle\u015fme sorununu esas alan bir sistem belirledi. Ba\u015flang\u0131\u00e7ta bu parti i\u00e7inde yer alan Leyla Zana gibi daha K\u00fcrt kimli\u011fi ile \u00f6ne \u00e7\u0131kan ki\u015filer bile gittik\u00e7e s\u00fcrecin d\u0131\u015f\u0131na \u00e7\u0131kar\u0131ld\u0131. Se\u00e7im mitinglerinde HDP ve T\u00fcrk bayra\u011f\u0131n\u0131 beraber ta\u015f\u0131d\u0131lar. Hatta \u00d6calan ve Mustafa Kemalin resmini ayn\u0131 pankarta ast\u0131lar.\u00a0 Bu partiler i\u00e7indeki sol partilerin herhangi bir kitlesi yoktu, bu nedenle HDP K\u00fcrtlerden oy ald\u0131, ana kitlesi K\u00fcrtlerdi ama her yere T\u00fcrkler yerle\u015ftirildi, T\u00fcrkler hi\u00e7 tan\u0131mad\u0131klar\u0131 K\u00fcrdistan illerinden vekil oldu. Hi\u00e7 K\u00fcrt\u00e7e bilmeyen insanlar mecliste K\u00fcrt\u2019leri temsil etti.\u00a0 Yani birinci d\u00f6nem K\u00fcrdistani legal parti d\u00f6nemi kapanm\u0131\u015f, ikinci d\u00f6nem T\u00fcrkiyele\u015fme partileri d\u00f6nemi ba\u015flam\u0131\u015ft\u0131.<\/p>\n<p style=\"text-align: justify\"><span style=\"font-family: 'arial black', sans-serif\">HDP&#8217;yi \u00d6calan ve M\u0130T beraber mi kurdu?<\/span><\/p>\n<p style=\"text-align: justify\">Daha sonra bu partilerin \u00d6calan ve M\u0130T\u2019in beraber kurdu\u011funa d\u00f6n\u00fck iddialar ortaya at\u0131ld\u0131. 2014 tarihinde Abdullah \u00d6calan\u2019a ait olan g\u00f6r\u00fc\u015fme tutanaklar\u0131 a\u00e7\u0131kland\u0131 ve Abdullah \u00d6calan\u2019\u0131n \u201cHDP i\u00e7in M\u0130T\u2019i ikna ettim HDP i\u00e7inde T\u00fcrk sol partileri de girecek. HDP T\u00fcrk solunun partisi de olacak\u201d dedi\u011fi belgeler yay\u0131nland\u0131.\u00a0\u00a0 Ne \u00d6calan, ne PKK ne de HDP bu belgeleri yalanlamad\u0131. Hatta gazeteciler Selahattin Demirta\u015f\u2019a HDP\u2019yi M\u0130T \u2018mi kurdu diye sorunca bile cevap vermedi.<\/p>\n<h3 style=\"text-align: justify\"><span style=\"font-family: 'arial black', sans-serif\">Neden Kuzey K\u00fcrdistan halk\u0131 hep soyut taleplerle eyleme davet edildi?<\/span><\/h3>\n<p style=\"text-align: justify\">Bu g\u00fcn Kuzey K\u00fcrdistan\u2019da ya\u015fanan duruma bak\u0131nca HDP\u2019yi M\u0130T ve \u00d6calan\u2019\u0131n ortak kurdu\u011fu y\u00f6n\u00fcndeki d\u00fc\u015f\u00fcncenin do\u011fru oldu\u011funu d\u00fc\u015f\u00fcnmemek elde de\u011fil. Kuzey K\u00fcrdistan\u2019da halk\u0131n enerjisini absorve ede20 y\u0131l \u00f6ncede devlet tutukluyor, \u00f6ld\u00fcr\u00fcyor, i\u015fkence yap\u0131yordu, y\u00fcr\u00fcy\u00fc\u015flere ger\u00e7ek mermi ile sald\u0131r\u0131yordu. Ama halk aya\u011f\u0131 kalk\u0131yordu. Bu g\u00fcn halk aya\u011f\u0131 kalkm\u0131yor. \u00c7\u00fcnk\u00fc son 20 y\u0131ld\u0131r \u00f6zelliklede son 10 y\u0131ld\u0131r K\u00fcrdistan\u2019da uygulanan siyaset Kuzey halk\u0131n\u0131 pasifli\u011fe itti. Halk\u0131n enerjisi t\u00fcketildi. Somut olmayan talepler i\u00e7in s\u00fcrekli olarak PKK taraf\u0131ndan serh\u0131ldana ve direni\u015fe davet edildi. T\u00fcrkiye ko\u015fullar\u0131n\u0131n en uygun oldu\u011fu d\u00f6nemde bir ana dil hakk\u0131 i\u00e7in Avrupa ve Kuzey K\u00fcrdistan kitlesini harekete ge\u00e7irmeyen PKK hi\u00e7bir somutlu\u011fu olmayan, kabul edilmeyece\u011fini bildi\u011fi \u00d6calan \u00f6zg\u00fcrl\u00fck slogan\u0131 i\u00e7in halk\u0131 aylarca eyleme kald\u0131rd\u0131. Binlerce eylem yap\u0131ld\u0131, bu eylemler nedeni ile y\u00fczlerce gen\u00e7 okuldan at\u0131ld\u0131, y\u00fczlerce insan tutukland\u0131. Oysaki bu insanlar en basit K\u00fcrt\u00e7e dil hakk\u0131 i\u00e7in harekete ge\u00e7se o zaman ki T\u00fcrkiye ve d\u00fcnya ko\u015fullar\u0131 bunun i\u00e7in uygundu yap\u0131lmad\u0131. 2014 y\u0131l\u0131nda Amed\u2019in Lice da\u011flar\u0131na 1986 y\u0131l\u0131nda vurulan kendi komutanlar\u0131ndan Mahsum Korkmaz\u2019\u0131n heykelini koydu. Devletin bunu y\u0131kaca\u011f\u0131 bilinmesine ra\u011fmen halk\u0131 her zaman oldu\u011fu gibi \u201cdireni\u015fe davet etti\u201d sonu\u00e7 binlerce insan toplan\u0131p iki g\u00fcn barikat kurdu, 1 ki\u015fi halktan \u015fehit d\u00fc\u015ft\u00fc, elli ki\u015fi tutukland\u0131. Heykel iki g\u00fcn i\u00e7inde y\u0131k\u0131ld\u0131. Bu heykelin eninde sonunda y\u0131k\u0131laca\u011f\u0131 bilindi\u011fi halde neden b\u00f6yle yap\u0131ld\u0131?\u00a0 Bunlar ger\u00e7ekten bir hata m\u0131yd\u0131, yoksa K\u00fcrtlerin enerjisini emecek oyunlar m\u0131yd\u0131?<\/p>\n<h3 style=\"text-align: justify\"><span style=\"font-family: 'arial black', sans-serif\">Hendek Sava\u015flar\u0131 ve hala kapanmayan yaralar<\/span><\/h3>\n<p style=\"text-align: justify\">En \u00f6nemlisi ise Kuzey\u2019de K\u00fcrtlerin elini kolunu ba\u011flay\u0131p en g\u00fc\u00e7s\u00fcz duruma d\u00fc\u015f\u00fcren \u015fey ise hendek siyasetiydi. Hendekler ba\u015fl\u0131 ba\u015f\u0131na ayr\u0131 bir konu ama net olan \u015fu ki; hendekler K\u00fcrdistan halk\u0131n\u0131n en dinamik oldu\u011fu Cizre, Amed, Nusaybin, Silopi gibi yerleri hareket edemez duruma getirdi.\u00a0 Halk yerinden oldu, y\u00fczlerce gen\u00e7 \u015fehit d\u00fc\u015ft\u00fc veya tutukland\u0131. Hendeklerin her hangi bir siyasi kazan\u0131m\u0131 olmad\u0131. Zaten olamazd\u0131 \u00e7\u00fcnk\u00fc hendekler \u00f6zerk y\u00f6netim istiyoruz diyordu. Oysaki \u00f6zerk y\u00f6netimin o ko\u015fullarda ne uluslararas\u0131 ne de b\u00f6lgesel d\u00fczeyde yoktu. Buna ra\u011fmen yedi yerle\u015fim yeri kurban edildi. Hadi birinde denendi, ikisinde denendi, peki neden ilk iki \u00fc\u00e7 yerde ba\u015far\u0131s\u0131zl\u0131k ve y\u0131k\u0131m oldu\u011fu halde neden s\u0131ra ile be\u015f yerde daha denendi. E\u011fer ger\u00e7ekten halk i\u00e7in bir yakla\u015f\u0131m olsa iki ba\u015far\u0131s\u0131zl\u0131k ve kay\u0131ptan sonra durdurulurdu. Durmad\u0131 hatta gen\u00e7ler hendek kaz\u0131lacak yereler kamyonlarla \u00e7imento ve in\u015faat malzemesi ta\u015f\u0131rken asker uzaktan sadece izliyor hi\u00e7 m\u00fcdahale etmiyordu. Neden? Devlette mi hendek kaz\u0131ls\u0131n istiyordu? Yoksa hendeklerde t\u0131pk\u0131 HDP projesi gibi \u00d6calan ve M\u0130T\u2019in ile ortak yapt\u0131\u011f\u0131 bir \u015fey miydi? Bu sorular\u0131n cevaplar\u0131 kesinlikle verilmesi gerekiyor. \u00c7\u00fcnk\u00fc son 5 y\u0131ld\u0131r K\u00fcrtlerin Kuzey K\u00fcrdistan\u2019daki sessizli\u011finin temel nedeni hendekler.<\/p>\n<p style=\"text-align: justify\">K\u0131saca bunlar\u0131n hepsine bak\u0131nca tekrar ba\u015ftaki soruya geri d\u00f6n\u00fcyoruz. Rojava i\u00e7in Kuzey K\u00fcrdistan\u2019da halk\u0131n sessizli\u011finin nedeni HDP mi? Hay\u0131r. Bunun sorumlusu ise kesinlikle HDP de\u011fil. \u00c7\u00fcnk\u00fc zaten HDP imral\u0131 ile M\u0130T\u2019in ortak kurdu\u011fu bir partidir. Ekranda g\u00f6rd\u00fc\u011f\u00fcm\u00fcz y\u00f6neticileri ise daha \u00e7ok tiyatro oyuncusudur.\u00a0 Stratejik kararlar\u0131 alma, \u00f6nemli s\u00fcre\u00e7leri y\u00f6netmede hi\u00e7bir etkinlikleri yoktur, her \u015fey d\u0131\u015fardan belirlenir. Onu kuranlar kimse HDP\u2019nin hatalar\u0131ndan da o sorumludur. Yani Mit ve Abdullah \u00d6calan ortakl\u0131\u011f\u0131 sorumludur. Hesap isteyeceksek onlardan isteyelim.<\/p>\n","protected":false},"excerpt":{"rendered":"<p>T\u00fcrk devletinin Rojava i\u015fgali sonras\u0131 herkes Kuzey K\u00fcrdistan\u2019da ki sessizli\u011fi tart\u0131\u015f\u0131yor, \u00e7o\u011funluk da HDP\u2019yi su\u00e7luyor.\u00a0 Ger\u00e7ekten HDP\u2019mi su\u00e7lu, yoksa HDP\u2019yi kuranlar m\u0131 su\u00e7lu? \u00a0Peki, HDP\u2019yi kim kurdu? 9 Ekim g\u00fcn\u00fc T\u00fcrkiye devletinin Rojava\u2019y\u0131 i\u015fgal giri\u015fimi sonras\u0131 d\u00fcnyan\u0131n her yerinden i\u015fgale kar\u015f\u0131 ses y\u00fckseldi. K\u00fcrtler ve demokrat insanlar meydanlarda beraber i\u015fgale kar\u015f\u0131 tutum ald\u0131. \u0130\u015fgale kar\u015f\u0131 [&hellip;]<\/p>\n","protected":false},"author":2,"featured_media":1007028,"comment_status":"closed","ping_status":"closed","sticky":false,"template":"","format":"standard","meta":{"footnotes":""},"categories":[7],"tags":[31],"class_list":["post-1007027","post","type-post","status-publish","format-standard","has-post-thumbnail","hentry","category-editorden","tag-onemli"],"blocksy_meta":[],"seo_head":"<!-- This site is optimized with the Yoast SEO plugin v27.5 - https:\/\/yoast.com\/product\/yoast-seo-wordpress\/ -->\n<title>Kuzeydeki sessizli\u011fin nedeni HDP\u2019mi? - Darka Mazi<\/title>\n<meta name=\"robots\" content=\"index, follow, max-snippet:-1, max-image-preview:large, max-video-preview:-1\" \/>\n<link rel=\"canonical\" href=\"https:\/\/darkamazi.site\/archives\/1007027\" \/>\n<meta property=\"og:locale\" content=\"en_US\" \/>\n<meta property=\"og:type\" content=\"article\" \/>\n<meta property=\"og:title\" content=\"Kuzeydeki sessizli\u011fin nedeni HDP\u2019mi? - Darka Mazi\" \/>\n<meta property=\"og:description\" content=\"T\u00fcrk devletinin Rojava i\u015fgali sonras\u0131 herkes Kuzey K\u00fcrdistan\u2019da ki sessizli\u011fi tart\u0131\u015f\u0131yor, \u00e7o\u011funluk da HDP\u2019yi su\u00e7luyor.\u00a0 Ger\u00e7ekten HDP\u2019mi su\u00e7lu, yoksa HDP\u2019yi kuranlar m\u0131 su\u00e7lu? \u00a0Peki, HDP\u2019yi kim kurdu? 9 Ekim g\u00fcn\u00fc T\u00fcrkiye devletinin Rojava\u2019y\u0131 i\u015fgal giri\u015fimi sonras\u0131 d\u00fcnyan\u0131n her yerinden i\u015fgale kar\u015f\u0131 ses y\u00fckseldi. K\u00fcrtler ve demokrat insanlar meydanlarda beraber i\u015fgale kar\u015f\u0131 tutum ald\u0131. \u0130\u015fgale kar\u015f\u0131 [&hellip;]\" \/>\n<meta property=\"og:url\" content=\"https:\/\/darkamazi.site\/archives\/1007027\" \/>\n<meta property=\"og:site_name\" content=\"Darka Mazi\" \/>\n<meta property=\"article:publisher\" content=\"https:\/\/www.facebook.com\/DarkaMaziturkce\" \/>\n<meta property=\"article:published_time\" content=\"2019-10-31T09:29:14+00:00\" \/>\n<meta property=\"article:modified_time\" content=\"2019-10-31T09:30:49+00:00\" \/>\n<meta property=\"og:image\" content=\"https:\/\/darkamazi.site\/file\/2019\/10\/Kuzeydeki-sessizli\u011fin-nedeni-HDP\u2019mi.jpg\" \/>\n\t<meta property=\"og:image:width\" content=\"1024\" \/>\n\t<meta property=\"og:image:height\" content=\"576\" \/>\n\t<meta property=\"og:image:type\" content=\"image\/jpeg\" \/>\n<meta name=\"author\" content=\"darka mazi\" \/>\n<meta name=\"twitter:card\" content=\"summary_large_image\" \/>\n<meta name=\"twitter:creator\" content=\"@DarkaMaziTurkce\" \/>\n<meta name=\"twitter:site\" content=\"@DarkaMaziTurkce\" \/>\n<meta name=\"twitter:label1\" content=\"Written by\" \/>\n\t<meta name=\"twitter:data1\" content=\"darka mazi\" \/>\n\t<meta name=\"twitter:label2\" content=\"Est. reading time\" \/>\n\t<meta name=\"twitter:data2\" content=\"7 minutes\" \/>\n<script type=\"application\/ld+json\" class=\"seo-schema-graph\">{\"@context\":\"https:\\\/\\\/schema.org\",\"@graph\":[{\"@type\":\"NewsArticle\",\"@id\":\"https:\\\/\\\/darkamazi.site\\\/archives\\\/1007027#article\",\"isPartOf\":{\"@id\":\"https:\\\/\\\/darkamazi.site\\\/archives\\\/1007027\"},\"author\":{\"name\":\"darka mazi\",\"@id\":\"https:\\\/\\\/darkamazi.site\\\/#\\\/schema\\\/person\\\/67986a95ac546c16760365877ef4a9d3\"},\"headline\":\"Kuzeydeki sessizli\u011fin nedeni HDP\u2019mi?\",\"datePublished\":\"2019-10-31T09:29:14+00:00\",\"dateModified\":\"2019-10-31T09:30:49+00:00\",\"mainEntityOfPage\":{\"@id\":\"https:\\\/\\\/darkamazi.site\\\/archives\\\/1007027\"},\"wordCount\":1316,\"publisher\":{\"@id\":\"https:\\\/\\\/darkamazi.site\\\/#organization\"},\"image\":{\"@id\":\"https:\\\/\\\/darkamazi.site\\\/archives\\\/1007027#primaryimage\"},\"thumbnailUrl\":\"https:\\\/\\\/darkamazi.site\\\/darka-content\\\/uploads\\\/2019\\\/10\\\/Kuzeydeki-sessizli\u011fin-nedeni-HDP\u2019mi.jpg\",\"keywords\":[\"\u00f6nemli\"],\"articleSection\":[\"Edit\u00f6rden\"],\"inLanguage\":\"en-US\"},{\"@type\":\"WebPage\",\"@id\":\"https:\\\/\\\/darkamazi.site\\\/archives\\\/1007027\",\"url\":\"https:\\\/\\\/darkamazi.site\\\/archives\\\/1007027\",\"name\":\"Kuzeydeki sessizli\u011fin nedeni HDP\u2019mi? - Darka Mazi\",\"isPartOf\":{\"@id\":\"https:\\\/\\\/darkamazi.site\\\/#website\"},\"primaryImageOfPage\":{\"@id\":\"https:\\\/\\\/darkamazi.site\\\/archives\\\/1007027#primaryimage\"},\"image\":{\"@id\":\"https:\\\/\\\/darkamazi.site\\\/archives\\\/1007027#primaryimage\"},\"thumbnailUrl\":\"https:\\\/\\\/darkamazi.site\\\/darka-content\\\/uploads\\\/2019\\\/10\\\/Kuzeydeki-sessizli\u011fin-nedeni-HDP\u2019mi.jpg\",\"datePublished\":\"2019-10-31T09:29:14+00:00\",\"dateModified\":\"2019-10-31T09:30:49+00:00\",\"breadcrumb\":{\"@id\":\"https:\\\/\\\/darkamazi.site\\\/archives\\\/1007027#breadcrumb\"},\"inLanguage\":\"en-US\",\"potentialAction\":[{\"@type\":\"ReadAction\",\"target\":[\"https:\\\/\\\/darkamazi.site\\\/archives\\\/1007027\"]}]},{\"@type\":\"ImageObject\",\"inLanguage\":\"en-US\",\"@id\":\"https:\\\/\\\/darkamazi.site\\\/archives\\\/1007027#primaryimage\",\"url\":\"https:\\\/\\\/darkamazi.site\\\/darka-content\\\/uploads\\\/2019\\\/10\\\/Kuzeydeki-sessizli\u011fin-nedeni-HDP\u2019mi.jpg\",\"contentUrl\":\"https:\\\/\\\/darkamazi.site\\\/darka-content\\\/uploads\\\/2019\\\/10\\\/Kuzeydeki-sessizli\u011fin-nedeni-HDP\u2019mi.jpg\",\"width\":1024,\"height\":576,\"caption\":\"Kuzeydeki sessizli\u011fin nedeni HDP\u2019mi Selahattin Demirta\u015f, Abdullah \u00d6calan,\"},{\"@type\":\"BreadcrumbList\",\"@id\":\"https:\\\/\\\/darkamazi.site\\\/archives\\\/1007027#breadcrumb\",\"itemListElement\":[{\"@type\":\"ListItem\",\"position\":1,\"name\":\"Home\",\"item\":\"https:\\\/\\\/darkamazi.site\\\/\"},{\"@type\":\"ListItem\",\"position\":2,\"name\":\"Kuzeydeki sessizli\u011fin nedeni HDP\u2019mi?\"}]},{\"@type\":\"WebSite\",\"@id\":\"https:\\\/\\\/darkamazi.site\\\/#website\",\"url\":\"https:\\\/\\\/darkamazi.site\\\/\",\"name\":\"Darka Mazi\",\"description\":\"Ana Sayfa\",\"publisher\":{\"@id\":\"https:\\\/\\\/darkamazi.site\\\/#organization\"},\"potentialAction\":[{\"@type\":\"SearchAction\",\"target\":{\"@type\":\"EntryPoint\",\"urlTemplate\":\"https:\\\/\\\/darkamazi.site\\\/?s={search_term_string}\"},\"query-input\":{\"@type\":\"PropertyValueSpecification\",\"valueRequired\":true,\"valueName\":\"search_term_string\"}}],\"inLanguage\":\"en-US\"},{\"@type\":\"Organization\",\"@id\":\"https:\\\/\\\/darkamazi.site\\\/#organization\",\"name\":\"Darka Mazi T\u00fcrk\u00e7e\",\"alternateName\":\"Darka Mazi\",\"url\":\"https:\\\/\\\/darkamazi.site\\\/\",\"logo\":{\"@type\":\"ImageObject\",\"inLanguage\":\"en-US\",\"@id\":\"https:\\\/\\\/darkamazi.site\\\/#\\\/schema\\\/logo\\\/image\\\/\",\"url\":\"https:\\\/\\\/darkamazi.site\\\/darka-content\\\/uploads\\\/2017\\\/12\\\/darka-mazi-logo.png\",\"contentUrl\":\"https:\\\/\\\/darkamazi.site\\\/darka-content\\\/uploads\\\/2017\\\/12\\\/darka-mazi-logo.png\",\"width\":151,\"height\":75,\"caption\":\"Darka Mazi T\u00fcrk\u00e7e\"},\"image\":{\"@id\":\"https:\\\/\\\/darkamazi.site\\\/#\\\/schema\\\/logo\\\/image\\\/\"},\"sameAs\":[\"https:\\\/\\\/www.facebook.com\\\/DarkaMaziturkce\",\"https:\\\/\\\/x.com\\\/DarkaMaziTurkce\"]},{\"@type\":\"Person\",\"@id\":\"https:\\\/\\\/darkamazi.site\\\/#\\\/schema\\\/person\\\/67986a95ac546c16760365877ef4a9d3\",\"name\":\"darka mazi\",\"sameAs\":[\"https:\\\/\\\/darkamazi.site\"],\"url\":\"https:\\\/\\\/darkamazi.site\\\/archives\\\/author\\\/turkish\"}]}<\/script>\n<!-- \/ Yoast SEO plugin. -->","seo_head_json":{"title":"Kuzeydeki sessizli\u011fin nedeni HDP\u2019mi? - Darka Mazi","robots":{"index":"index","follow":"follow","max-snippet":"max-snippet:-1","max-image-preview":"max-image-preview:large","max-video-preview":"max-video-preview:-1"},"canonical":"https:\/\/darkamazi.site\/archives\/1007027","og_locale":"en_US","og_type":"article","og_title":"Kuzeydeki sessizli\u011fin nedeni HDP\u2019mi? - Darka Mazi","og_description":"T\u00fcrk devletinin Rojava i\u015fgali sonras\u0131 herkes Kuzey K\u00fcrdistan\u2019da ki sessizli\u011fi tart\u0131\u015f\u0131yor, \u00e7o\u011funluk da HDP\u2019yi su\u00e7luyor.\u00a0 Ger\u00e7ekten HDP\u2019mi su\u00e7lu, yoksa HDP\u2019yi kuranlar m\u0131 su\u00e7lu? \u00a0Peki, HDP\u2019yi kim kurdu? 9 Ekim g\u00fcn\u00fc T\u00fcrkiye devletinin Rojava\u2019y\u0131 i\u015fgal giri\u015fimi sonras\u0131 d\u00fcnyan\u0131n her yerinden i\u015fgale kar\u015f\u0131 ses y\u00fckseldi. K\u00fcrtler ve demokrat insanlar meydanlarda beraber i\u015fgale kar\u015f\u0131 tutum ald\u0131. \u0130\u015fgale kar\u015f\u0131 [&hellip;]","og_url":"https:\/\/darkamazi.site\/archives\/1007027","og_site_name":"Darka Mazi","article_publisher":"https:\/\/www.facebook.com\/DarkaMaziturkce","article_published_time":"2019-10-31T09:29:14+00:00","article_modified_time":"2019-10-31T09:30:49+00:00","og_image":[{"width":1024,"height":576,"url":"https:\/\/darkamazi.site\/file\/2019\/10\/Kuzeydeki-sessizli\u011fin-nedeni-HDP\u2019mi.jpg","type":"image\/jpeg"}],"author":"darka mazi","twitter_card":"summary_large_image","twitter_creator":"@DarkaMaziTurkce","twitter_site":"@DarkaMaziTurkce","twitter_misc":{"Written by":"darka mazi","Est. reading time":"7 minutes"},"schema":{"@context":"https:\/\/schema.org","@graph":[{"@type":"NewsArticle","@id":"https:\/\/darkamazi.site\/archives\/1007027#article","isPartOf":{"@id":"https:\/\/darkamazi.site\/archives\/1007027"},"author":{"name":"darka mazi","@id":"https:\/\/darkamazi.site\/#\/schema\/person\/67986a95ac546c16760365877ef4a9d3"},"headline":"Kuzeydeki sessizli\u011fin nedeni HDP\u2019mi?","datePublished":"2019-10-31T09:29:14+00:00","dateModified":"2019-10-31T09:30:49+00:00","mainEntityOfPage":{"@id":"https:\/\/darkamazi.site\/archives\/1007027"},"wordCount":1316,"publisher":{"@id":"https:\/\/darkamazi.site\/#organization"},"image":{"@id":"https:\/\/darkamazi.site\/archives\/1007027#primaryimage"},"thumbnailUrl":"https:\/\/darkamazi.site\/file\/2019\/10\/Kuzeydeki-sessizli\u011fin-nedeni-HDP\u2019mi.jpg","keywords":["\u00f6nemli"],"articleSection":["Edit\u00f6rden"],"inLanguage":"en-US"},{"@type":"WebPage","@id":"https:\/\/darkamazi.site\/archives\/1007027","url":"https:\/\/darkamazi.site\/archives\/1007027","name":"Kuzeydeki sessizli\u011fin nedeni HDP\u2019mi? - Darka Mazi","isPartOf":{"@id":"https:\/\/darkamazi.site\/#website"},"primaryImageOfPage":{"@id":"https:\/\/darkamazi.site\/archives\/1007027#primaryimage"},"image":{"@id":"https:\/\/darkamazi.site\/archives\/1007027#primaryimage"},"thumbnailUrl":"https:\/\/darkamazi.site\/file\/2019\/10\/Kuzeydeki-sessizli\u011fin-nedeni-HDP\u2019mi.jpg","datePublished":"2019-10-31T09:29:14+00:00","dateModified":"2019-10-31T09:30:49+00:00","breadcrumb":{"@id":"https:\/\/darkamazi.site\/archives\/1007027#breadcrumb"},"inLanguage":"en-US","potentialAction":[{"@type":"ReadAction","target":["https:\/\/darkamazi.site\/archives\/1007027"]}]},{"@type":"ImageObject","inLanguage":"en-US","@id":"https:\/\/darkamazi.site\/archives\/1007027#primaryimage","url":"https:\/\/darkamazi.site\/file\/2019\/10\/Kuzeydeki-sessizli\u011fin-nedeni-HDP\u2019mi.jpg","contentUrl":"https:\/\/darkamazi.site\/file\/2019\/10\/Kuzeydeki-sessizli\u011fin-nedeni-HDP\u2019mi.jpg","width":1024,"height":576,"caption":"Kuzeydeki sessizli\u011fin nedeni HDP\u2019mi Selahattin Demirta\u015f, Abdullah \u00d6calan,"},{"@type":"BreadcrumbList","@id":"https:\/\/darkamazi.site\/archives\/1007027#breadcrumb","itemListElement":[{"@type":"ListItem","position":1,"name":"Home","item":"https:\/\/darkamazi.site\/"},{"@type":"ListItem","position":2,"name":"Kuzeydeki sessizli\u011fin nedeni HDP\u2019mi?"}]},{"@type":"WebSite","@id":"https:\/\/darkamazi.site\/#website","url":"https:\/\/darkamazi.site\/","name":"Darka Mazi","description":"Ana Sayfa","publisher":{"@id":"https:\/\/darkamazi.site\/#organization"},"potentialAction":[{"@type":"SearchAction","target":{"@type":"EntryPoint","urlTemplate":"https:\/\/darkamazi.site\/?s={search_term_string}"},"query-input":{"@type":"PropertyValueSpecification","valueRequired":true,"valueName":"search_term_string"}}],"inLanguage":"en-US"},{"@type":"Organization","@id":"https:\/\/darkamazi.site\/#organization","name":"Darka Mazi T\u00fcrk\u00e7e","alternateName":"Darka Mazi","url":"https:\/\/darkamazi.site\/","logo":{"@type":"ImageObject","inLanguage":"en-US","@id":"https:\/\/darkamazi.site\/#\/schema\/logo\/image\/","url":"https:\/\/darkamazi.site\/file\/2017\/12\/darka-mazi-logo.png","contentUrl":"https:\/\/darkamazi.site\/file\/2017\/12\/darka-mazi-logo.png","width":151,"height":75,"caption":"Darka Mazi T\u00fcrk\u00e7e"},"image":{"@id":"https:\/\/darkamazi.site\/#\/schema\/logo\/image\/"},"sameAs":["https:\/\/www.facebook.com\/DarkaMaziturkce","https:\/\/x.com\/DarkaMaziTurkce"]},{"@type":"Person","@id":"https:\/\/darkamazi.site\/#\/schema\/person\/67986a95ac546c16760365877ef4a9d3","name":"darka mazi","sameAs":["https:\/\/darkamazi.site"],"url":"https:\/\/darkamazi.site\/archives\/author\/turkish"}]}},"_links":{"self":[{"href":"https:\/\/darkamazi.site\/funavuv\/wp\/v2\/posts\/1007027","targetHints":{"allow":["GET"]}}],"collection":[{"href":"https:\/\/darkamazi.site\/funavuv\/wp\/v2\/posts"}],"about":[{"href":"https:\/\/darkamazi.site\/funavuv\/wp\/v2\/types\/post"}],"author":[{"embeddable":true,"href":"https:\/\/darkamazi.site\/funavuv\/wp\/v2\/users\/2"}],"replies":[{"embeddable":true,"href":"https:\/\/darkamazi.site\/funavuv\/wp\/v2\/comments?post=1007027"}],"version-history":[{"count":0,"href":"https:\/\/darkamazi.site\/funavuv\/wp\/v2\/posts\/1007027\/revisions"}],"wp:featuredmedia":[{"embeddable":true,"href":"https:\/\/darkamazi.site\/funavuv\/wp\/v2\/media\/1007028"}],"wp:attachment":[{"href":"https:\/\/darkamazi.site\/funavuv\/wp\/v2\/media?parent=1007027"}],"wp:term":[{"taxonomy":"category","embeddable":true,"href":"https:\/\/darkamazi.site\/funavuv\/wp\/v2\/categories?post=1007027"},{"taxonomy":"post_tag","embeddable":true,"href":"https:\/\/darkamazi.site\/funavuv\/wp\/v2\/tags?post=1007027"}],"curies":[{"name":"wp","href":"https:\/\/api.w.org\/{rel}","templated":true}]}}