{"id":1007038,"date":"2019-10-31T14:13:56","date_gmt":"2019-10-31T11:13:56","guid":{"rendered":"https:\/\/darkamazi.site\/?p=1007038"},"modified":"2019-10-31T14:13:56","modified_gmt":"2019-10-31T11:13:56","slug":"necirvan-barzani-irakin-sorunu-anayasa-degil","status":"publish","type":"post","link":"https:\/\/darkamazi.site\/archives\/1007038","title":{"rendered":"Ne\u00e7irvan Barzani: Irak\u2019\u0131n sorunu anayasa de\u011fil"},"content":{"rendered":"<h3 style=\"text-align: justify\"><span style=\"font-family: 'arial black', sans-serif\">K\u00fcrdistan B\u00f6lge Ba\u015fkan\u0131 Ne\u00e7irvan Barzani bu g\u00fcn Irak\u2019ta gittik\u00e7e k\u00f6t\u00fcle\u015fen siyasi durum ve halk\u0131n g\u00f6sterileri \u00fczerine a\u00e7\u0131klamalarda bulundu.<\/span><\/h3>\n<p style=\"text-align: justify\">K\u00fcrdistan B\u00f6lgesi 6\u2019\u0131nc\u0131 Avukatlar Birli\u011fi kongresine kat\u0131lan K\u00fcrdistan B\u00f6lgesi Ba\u015fkan\u0131 Ne\u00e7irvan Barzani, kongre delegelerini selamlad\u0131ktan sonra yapt\u0131\u011f\u0131 konu\u015fmada, avukatlar birli\u011fi sendikas\u0131n\u0131n \u00f6nemine de\u011findi.<\/p>\n<p style=\"text-align: justify\">Ne\u00e7irvan Barzani konu\u015fmas\u0131n\u0131n devam\u0131nda g\u00f6sterilere de\u011finerek \u2018g\u00f6steriler en demokratik hakt\u0131r, g\u00f6stericilerde taleplerinde hakl\u0131 fakat \u015f\u00f6yle bir ger\u00e7ek var, hi\u00e7bir h\u00fck\u00fcmet k\u0131sa bir zaman i\u00e7inde gerekli de\u011fi\u015fimleri atarak istikrar\u0131 sa\u011flayamaz Irakta ki Abdul Mehdi h\u00fck\u00fcmeti de buna dahildir.<\/p>\n<p style=\"text-align: justify\">Ne\u00e7irvan Barzani konu\u015fmas\u0131nda Irak\u2019\u0131n ana sorununun anayasa ile ilgili olmad\u0131\u011f\u0131n\u0131, Irak anayasas\u0131n\u0131n uygulamas\u0131nda sorun oldu\u011funu, anayasan\u0131n d\u00fcr\u00fcst\u00e7e uygulanmas\u0131 durumunda sorunlar\u0131n b\u00fcy\u00fck \u00f6l\u00e7\u00fcde giderilece\u011fini s\u00f6yledi.<\/p>\n<p style=\"text-align: justify\">\u00a0Irak&#8217;\u0131n temel sorununun anayasa olmad\u0131\u011f\u0131na vurgu yapan Barzani konu\u015fmas\u0131n\u0131 \u015fu \u015fekilde sonland\u0131rd\u0131: &#8220;Irak&#8217;\u0131n temel sorunu anayasa de\u011fil. \u00c7\u00fcnk\u00fc kanunlarda yap\u0131lacak her yeni d\u00fczenleme ve yenilenme Irak&#8217;ta ya\u015fayan bile\u015fenlerin haklar\u0131n\u0131 g\u00f6zetmek zorunda. Bu nedenle K\u00fcrdistan B\u00f6lgesi olarak, Irak&#8217;ta ya\u015fayan bile\u015fenlerin hak ve \u00f6zg\u00fcrl\u00fcklerini esas alan b\u00fct\u00fcn yeni d\u00fczenlemelerde gerekli deste\u011fi sunar\u0131z. Ama K\u00fcrdistan B\u00f6lgesi&#8217;nin, yine ayn\u0131 \u015fekilde Irak&#8217;ta ya\u015fayan di\u011fer bile\u015fenlerin hak ve \u00f6zg\u00fcrl\u00fcklerini k\u0131s\u0131tlayan, zarar veren, Irak federal yap\u0131s\u0131n\u0131 zora sokan hi\u00e7 bir d\u00fczenleme ve yenilemeyi kabul edemeyiz. Ve zaten b\u00f6ylesi bir yakla\u015f\u0131m \u015fu an protesto g\u00f6sterileri yapanlar\u0131n taleplerine de ters.&#8221;<b>\u00a0 \u00a0 \u00a0<\/b><\/p>\n","protected":false},"excerpt":{"rendered":"<p>K\u00fcrdistan B\u00f6lge Ba\u015fkan\u0131 Ne\u00e7irvan Barzani bu g\u00fcn Irak\u2019ta gittik\u00e7e k\u00f6t\u00fcle\u015fen siyasi durum ve halk\u0131n g\u00f6sterileri \u00fczerine a\u00e7\u0131klamalarda bulundu. K\u00fcrdistan B\u00f6lgesi 6\u2019\u0131nc\u0131 Avukatlar Birli\u011fi kongresine kat\u0131lan K\u00fcrdistan B\u00f6lgesi Ba\u015fkan\u0131 Ne\u00e7irvan Barzani, kongre delegelerini selamlad\u0131ktan sonra yapt\u0131\u011f\u0131 konu\u015fmada, avukatlar birli\u011fi sendikas\u0131n\u0131n \u00f6nemine de\u011findi. Ne\u00e7irvan Barzani konu\u015fmas\u0131n\u0131n devam\u0131nda g\u00f6sterilere de\u011finerek \u2018g\u00f6steriler en demokratik hakt\u0131r, g\u00f6stericilerde taleplerinde hakl\u0131 fakat [&hellip;]<\/p>\n","protected":false},"author":2,"featured_media":1007039,"comment_status":"closed","ping_status":"closed","sticky":false,"template":"","format":"standard","meta":{"footnotes":""},"categories":[3],"tags":[],"class_list":["post-1007038","post","type-post","status-publish","format-standard","has-post-thumbnail","hentry","category-kurdistan"],"blocksy_meta":[],"seo_head":"<!-- This site is optimized with the Yoast SEO plugin v27.5 - https:\/\/yoast.com\/product\/yoast-seo-wordpress\/ -->\n<title>Ne\u00e7irvan Barzani: Irak\u2019\u0131n sorunu anayasa de\u011fil - Darka Mazi<\/title>\n<meta name=\"robots\" content=\"index, follow, max-snippet:-1, max-image-preview:large, max-video-preview:-1\" \/>\n<link rel=\"canonical\" href=\"https:\/\/darkamazi.site\/archives\/1007038\" \/>\n<meta property=\"og:locale\" content=\"en_US\" \/>\n<meta property=\"og:type\" content=\"article\" \/>\n<meta property=\"og:title\" content=\"Ne\u00e7irvan Barzani: Irak\u2019\u0131n sorunu anayasa de\u011fil - Darka Mazi\" \/>\n<meta property=\"og:description\" content=\"K\u00fcrdistan B\u00f6lge Ba\u015fkan\u0131 Ne\u00e7irvan Barzani bu g\u00fcn Irak\u2019ta gittik\u00e7e k\u00f6t\u00fcle\u015fen siyasi durum ve halk\u0131n g\u00f6sterileri \u00fczerine a\u00e7\u0131klamalarda bulundu. K\u00fcrdistan B\u00f6lgesi 6\u2019\u0131nc\u0131 Avukatlar Birli\u011fi kongresine kat\u0131lan K\u00fcrdistan B\u00f6lgesi Ba\u015fkan\u0131 Ne\u00e7irvan Barzani, kongre delegelerini selamlad\u0131ktan sonra yapt\u0131\u011f\u0131 konu\u015fmada, avukatlar birli\u011fi sendikas\u0131n\u0131n \u00f6nemine de\u011findi. Ne\u00e7irvan Barzani konu\u015fmas\u0131n\u0131n devam\u0131nda g\u00f6sterilere de\u011finerek \u2018g\u00f6steriler en demokratik hakt\u0131r, g\u00f6stericilerde taleplerinde hakl\u0131 fakat [&hellip;]\" \/>\n<meta property=\"og:url\" content=\"https:\/\/darkamazi.site\/archives\/1007038\" \/>\n<meta property=\"og:site_name\" content=\"Darka Mazi\" \/>\n<meta property=\"article:publisher\" content=\"https:\/\/www.facebook.com\/DarkaMaziturkce\" \/>\n<meta property=\"article:published_time\" content=\"2019-10-31T11:13:56+00:00\" \/>\n<meta property=\"og:image\" content=\"https:\/\/darkamazi.site\/file\/2019\/10\/nechirvan.jpg\" \/>\n\t<meta property=\"og:image:width\" content=\"781\" \/>\n\t<meta property=\"og:image:height\" content=\"439\" \/>\n\t<meta property=\"og:image:type\" content=\"image\/jpeg\" \/>\n<meta name=\"author\" content=\"darka mazi\" \/>\n<meta name=\"twitter:card\" content=\"summary_large_image\" \/>\n<meta name=\"twitter:creator\" content=\"@DarkaMaziTurkce\" \/>\n<meta name=\"twitter:site\" content=\"@DarkaMaziTurkce\" \/>\n<meta name=\"twitter:label1\" content=\"Written by\" \/>\n\t<meta name=\"twitter:data1\" content=\"darka mazi\" \/>\n\t<meta name=\"twitter:label2\" content=\"Est. reading time\" \/>\n\t<meta name=\"twitter:data2\" content=\"2 minutes\" \/>\n<script type=\"application\/ld+json\" class=\"seo-schema-graph\">{\"@context\":\"https:\\\/\\\/schema.org\",\"@graph\":[{\"@type\":\"NewsArticle\",\"@id\":\"https:\\\/\\\/darkamazi.site\\\/archives\\\/1007038#article\",\"isPartOf\":{\"@id\":\"https:\\\/\\\/darkamazi.site\\\/archives\\\/1007038\"},\"author\":{\"name\":\"darka mazi\",\"@id\":\"https:\\\/\\\/darkamazi.site\\\/#\\\/schema\\\/person\\\/67986a95ac546c16760365877ef4a9d3\"},\"headline\":\"Ne\u00e7irvan Barzani: Irak\u2019\u0131n sorunu anayasa de\u011fil\",\"datePublished\":\"2019-10-31T11:13:56+00:00\",\"mainEntityOfPage\":{\"@id\":\"https:\\\/\\\/darkamazi.site\\\/archives\\\/1007038\"},\"wordCount\":313,\"publisher\":{\"@id\":\"https:\\\/\\\/darkamazi.site\\\/#organization\"},\"image\":{\"@id\":\"https:\\\/\\\/darkamazi.site\\\/archives\\\/1007038#primaryimage\"},\"thumbnailUrl\":\"https:\\\/\\\/darkamazi.site\\\/darka-content\\\/uploads\\\/2019\\\/10\\\/nechirvan.jpg\",\"articleSection\":[\"Kurdistan\"],\"inLanguage\":\"en-US\"},{\"@type\":\"WebPage\",\"@id\":\"https:\\\/\\\/darkamazi.site\\\/archives\\\/1007038\",\"url\":\"https:\\\/\\\/darkamazi.site\\\/archives\\\/1007038\",\"name\":\"Ne\u00e7irvan Barzani: Irak\u2019\u0131n sorunu anayasa de\u011fil - Darka Mazi\",\"isPartOf\":{\"@id\":\"https:\\\/\\\/darkamazi.site\\\/#website\"},\"primaryImageOfPage\":{\"@id\":\"https:\\\/\\\/darkamazi.site\\\/archives\\\/1007038#primaryimage\"},\"image\":{\"@id\":\"https:\\\/\\\/darkamazi.site\\\/archives\\\/1007038#primaryimage\"},\"thumbnailUrl\":\"https:\\\/\\\/darkamazi.site\\\/darka-content\\\/uploads\\\/2019\\\/10\\\/nechirvan.jpg\",\"datePublished\":\"2019-10-31T11:13:56+00:00\",\"breadcrumb\":{\"@id\":\"https:\\\/\\\/darkamazi.site\\\/archives\\\/1007038#breadcrumb\"},\"inLanguage\":\"en-US\",\"potentialAction\":[{\"@type\":\"ReadAction\",\"target\":[\"https:\\\/\\\/darkamazi.site\\\/archives\\\/1007038\"]}]},{\"@type\":\"ImageObject\",\"inLanguage\":\"en-US\",\"@id\":\"https:\\\/\\\/darkamazi.site\\\/archives\\\/1007038#primaryimage\",\"url\":\"https:\\\/\\\/darkamazi.site\\\/darka-content\\\/uploads\\\/2019\\\/10\\\/nechirvan.jpg\",\"contentUrl\":\"https:\\\/\\\/darkamazi.site\\\/darka-content\\\/uploads\\\/2019\\\/10\\\/nechirvan.jpg\",\"width\":781,\"height\":439,\"caption\":\"Ne\u00e7irvan Barzani: Irak\u2019\u0131n sorunu anayasa de\u011fil\"},{\"@type\":\"BreadcrumbList\",\"@id\":\"https:\\\/\\\/darkamazi.site\\\/archives\\\/1007038#breadcrumb\",\"itemListElement\":[{\"@type\":\"ListItem\",\"position\":1,\"name\":\"Home\",\"item\":\"https:\\\/\\\/darkamazi.site\\\/\"},{\"@type\":\"ListItem\",\"position\":2,\"name\":\"Ne\u00e7irvan Barzani: Irak\u2019\u0131n sorunu anayasa de\u011fil\"}]},{\"@type\":\"WebSite\",\"@id\":\"https:\\\/\\\/darkamazi.site\\\/#website\",\"url\":\"https:\\\/\\\/darkamazi.site\\\/\",\"name\":\"Darka Mazi\",\"description\":\"Ana Sayfa\",\"publisher\":{\"@id\":\"https:\\\/\\\/darkamazi.site\\\/#organization\"},\"potentialAction\":[{\"@type\":\"SearchAction\",\"target\":{\"@type\":\"EntryPoint\",\"urlTemplate\":\"https:\\\/\\\/darkamazi.site\\\/?s={search_term_string}\"},\"query-input\":{\"@type\":\"PropertyValueSpecification\",\"valueRequired\":true,\"valueName\":\"search_term_string\"}}],\"inLanguage\":\"en-US\"},{\"@type\":\"Organization\",\"@id\":\"https:\\\/\\\/darkamazi.site\\\/#organization\",\"name\":\"Darka Mazi T\u00fcrk\u00e7e\",\"alternateName\":\"Darka Mazi\",\"url\":\"https:\\\/\\\/darkamazi.site\\\/\",\"logo\":{\"@type\":\"ImageObject\",\"inLanguage\":\"en-US\",\"@id\":\"https:\\\/\\\/darkamazi.site\\\/#\\\/schema\\\/logo\\\/image\\\/\",\"url\":\"https:\\\/\\\/darkamazi.site\\\/darka-content\\\/uploads\\\/2017\\\/12\\\/darka-mazi-logo.png\",\"contentUrl\":\"https:\\\/\\\/darkamazi.site\\\/darka-content\\\/uploads\\\/2017\\\/12\\\/darka-mazi-logo.png\",\"width\":151,\"height\":75,\"caption\":\"Darka Mazi T\u00fcrk\u00e7e\"},\"image\":{\"@id\":\"https:\\\/\\\/darkamazi.site\\\/#\\\/schema\\\/logo\\\/image\\\/\"},\"sameAs\":[\"https:\\\/\\\/www.facebook.com\\\/DarkaMaziturkce\",\"https:\\\/\\\/x.com\\\/DarkaMaziTurkce\"]},{\"@type\":\"Person\",\"@id\":\"https:\\\/\\\/darkamazi.site\\\/#\\\/schema\\\/person\\\/67986a95ac546c16760365877ef4a9d3\",\"name\":\"darka mazi\",\"sameAs\":[\"https:\\\/\\\/darkamazi.site\"],\"url\":\"https:\\\/\\\/darkamazi.site\\\/archives\\\/author\\\/turkish\"}]}<\/script>\n<!-- \/ Yoast SEO plugin. -->","seo_head_json":{"title":"Ne\u00e7irvan Barzani: Irak\u2019\u0131n sorunu anayasa de\u011fil - Darka Mazi","robots":{"index":"index","follow":"follow","max-snippet":"max-snippet:-1","max-image-preview":"max-image-preview:large","max-video-preview":"max-video-preview:-1"},"canonical":"https:\/\/darkamazi.site\/archives\/1007038","og_locale":"en_US","og_type":"article","og_title":"Ne\u00e7irvan Barzani: Irak\u2019\u0131n sorunu anayasa de\u011fil - Darka Mazi","og_description":"K\u00fcrdistan B\u00f6lge Ba\u015fkan\u0131 Ne\u00e7irvan Barzani bu g\u00fcn Irak\u2019ta gittik\u00e7e k\u00f6t\u00fcle\u015fen siyasi durum ve halk\u0131n g\u00f6sterileri \u00fczerine a\u00e7\u0131klamalarda bulundu. K\u00fcrdistan B\u00f6lgesi 6\u2019\u0131nc\u0131 Avukatlar Birli\u011fi kongresine kat\u0131lan K\u00fcrdistan B\u00f6lgesi Ba\u015fkan\u0131 Ne\u00e7irvan Barzani, kongre delegelerini selamlad\u0131ktan sonra yapt\u0131\u011f\u0131 konu\u015fmada, avukatlar birli\u011fi sendikas\u0131n\u0131n \u00f6nemine de\u011findi. Ne\u00e7irvan Barzani konu\u015fmas\u0131n\u0131n devam\u0131nda g\u00f6sterilere de\u011finerek \u2018g\u00f6steriler en demokratik hakt\u0131r, g\u00f6stericilerde taleplerinde hakl\u0131 fakat [&hellip;]","og_url":"https:\/\/darkamazi.site\/archives\/1007038","og_site_name":"Darka Mazi","article_publisher":"https:\/\/www.facebook.com\/DarkaMaziturkce","article_published_time":"2019-10-31T11:13:56+00:00","og_image":[{"width":781,"height":439,"url":"https:\/\/darkamazi.site\/file\/2019\/10\/nechirvan.jpg","type":"image\/jpeg"}],"author":"darka mazi","twitter_card":"summary_large_image","twitter_creator":"@DarkaMaziTurkce","twitter_site":"@DarkaMaziTurkce","twitter_misc":{"Written by":"darka mazi","Est. reading time":"2 minutes"},"schema":{"@context":"https:\/\/schema.org","@graph":[{"@type":"NewsArticle","@id":"https:\/\/darkamazi.site\/archives\/1007038#article","isPartOf":{"@id":"https:\/\/darkamazi.site\/archives\/1007038"},"author":{"name":"darka mazi","@id":"https:\/\/darkamazi.site\/#\/schema\/person\/67986a95ac546c16760365877ef4a9d3"},"headline":"Ne\u00e7irvan Barzani: Irak\u2019\u0131n sorunu anayasa de\u011fil","datePublished":"2019-10-31T11:13:56+00:00","mainEntityOfPage":{"@id":"https:\/\/darkamazi.site\/archives\/1007038"},"wordCount":313,"publisher":{"@id":"https:\/\/darkamazi.site\/#organization"},"image":{"@id":"https:\/\/darkamazi.site\/archives\/1007038#primaryimage"},"thumbnailUrl":"https:\/\/darkamazi.site\/file\/2019\/10\/nechirvan.jpg","articleSection":["Kurdistan"],"inLanguage":"en-US"},{"@type":"WebPage","@id":"https:\/\/darkamazi.site\/archives\/1007038","url":"https:\/\/darkamazi.site\/archives\/1007038","name":"Ne\u00e7irvan Barzani: Irak\u2019\u0131n sorunu anayasa de\u011fil - Darka Mazi","isPartOf":{"@id":"https:\/\/darkamazi.site\/#website"},"primaryImageOfPage":{"@id":"https:\/\/darkamazi.site\/archives\/1007038#primaryimage"},"image":{"@id":"https:\/\/darkamazi.site\/archives\/1007038#primaryimage"},"thumbnailUrl":"https:\/\/darkamazi.site\/file\/2019\/10\/nechirvan.jpg","datePublished":"2019-10-31T11:13:56+00:00","breadcrumb":{"@id":"https:\/\/darkamazi.site\/archives\/1007038#breadcrumb"},"inLanguage":"en-US","potentialAction":[{"@type":"ReadAction","target":["https:\/\/darkamazi.site\/archives\/1007038"]}]},{"@type":"ImageObject","inLanguage":"en-US","@id":"https:\/\/darkamazi.site\/archives\/1007038#primaryimage","url":"https:\/\/darkamazi.site\/file\/2019\/10\/nechirvan.jpg","contentUrl":"https:\/\/darkamazi.site\/file\/2019\/10\/nechirvan.jpg","width":781,"height":439,"caption":"Ne\u00e7irvan Barzani: Irak\u2019\u0131n sorunu anayasa de\u011fil"},{"@type":"BreadcrumbList","@id":"https:\/\/darkamazi.site\/archives\/1007038#breadcrumb","itemListElement":[{"@type":"ListItem","position":1,"name":"Home","item":"https:\/\/darkamazi.site\/"},{"@type":"ListItem","position":2,"name":"Ne\u00e7irvan Barzani: Irak\u2019\u0131n sorunu anayasa de\u011fil"}]},{"@type":"WebSite","@id":"https:\/\/darkamazi.site\/#website","url":"https:\/\/darkamazi.site\/","name":"Darka Mazi","description":"Ana Sayfa","publisher":{"@id":"https:\/\/darkamazi.site\/#organization"},"potentialAction":[{"@type":"SearchAction","target":{"@type":"EntryPoint","urlTemplate":"https:\/\/darkamazi.site\/?s={search_term_string}"},"query-input":{"@type":"PropertyValueSpecification","valueRequired":true,"valueName":"search_term_string"}}],"inLanguage":"en-US"},{"@type":"Organization","@id":"https:\/\/darkamazi.site\/#organization","name":"Darka Mazi T\u00fcrk\u00e7e","alternateName":"Darka Mazi","url":"https:\/\/darkamazi.site\/","logo":{"@type":"ImageObject","inLanguage":"en-US","@id":"https:\/\/darkamazi.site\/#\/schema\/logo\/image\/","url":"https:\/\/darkamazi.site\/file\/2017\/12\/darka-mazi-logo.png","contentUrl":"https:\/\/darkamazi.site\/file\/2017\/12\/darka-mazi-logo.png","width":151,"height":75,"caption":"Darka Mazi T\u00fcrk\u00e7e"},"image":{"@id":"https:\/\/darkamazi.site\/#\/schema\/logo\/image\/"},"sameAs":["https:\/\/www.facebook.com\/DarkaMaziturkce","https:\/\/x.com\/DarkaMaziTurkce"]},{"@type":"Person","@id":"https:\/\/darkamazi.site\/#\/schema\/person\/67986a95ac546c16760365877ef4a9d3","name":"darka mazi","sameAs":["https:\/\/darkamazi.site"],"url":"https:\/\/darkamazi.site\/archives\/author\/turkish"}]}},"_links":{"self":[{"href":"https:\/\/darkamazi.site\/funavuv\/wp\/v2\/posts\/1007038","targetHints":{"allow":["GET"]}}],"collection":[{"href":"https:\/\/darkamazi.site\/funavuv\/wp\/v2\/posts"}],"about":[{"href":"https:\/\/darkamazi.site\/funavuv\/wp\/v2\/types\/post"}],"author":[{"embeddable":true,"href":"https:\/\/darkamazi.site\/funavuv\/wp\/v2\/users\/2"}],"replies":[{"embeddable":true,"href":"https:\/\/darkamazi.site\/funavuv\/wp\/v2\/comments?post=1007038"}],"version-history":[{"count":0,"href":"https:\/\/darkamazi.site\/funavuv\/wp\/v2\/posts\/1007038\/revisions"}],"wp:featuredmedia":[{"embeddable":true,"href":"https:\/\/darkamazi.site\/funavuv\/wp\/v2\/media\/1007039"}],"wp:attachment":[{"href":"https:\/\/darkamazi.site\/funavuv\/wp\/v2\/media?parent=1007038"}],"wp:term":[{"taxonomy":"category","embeddable":true,"href":"https:\/\/darkamazi.site\/funavuv\/wp\/v2\/categories?post=1007038"},{"taxonomy":"post_tag","embeddable":true,"href":"https:\/\/darkamazi.site\/funavuv\/wp\/v2\/tags?post=1007038"}],"curies":[{"name":"wp","href":"https:\/\/api.w.org\/{rel}","templated":true}]}}