{"id":1007053,"date":"2019-10-31T22:36:57","date_gmt":"2019-10-31T19:36:57","guid":{"rendered":"https:\/\/darkamazi.site\/?p=1007053"},"modified":"2026-03-31T16:45:40","modified_gmt":"2026-03-31T13:45:40","slug":"abd-askerleri-sinirda-ortak-devriye-yapti","status":"publish","type":"post","link":"https:\/\/darkamazi.site\/archives\/1007053","title":{"rendered":"ABD ASKERLER\u0130 SINIRDA ORTAK DEVR\u0130YE YAPTI"},"content":{"rendered":"<h3 style=\"text-align: justify\"><span style=\"font-family: 'arial black', sans-serif\">Bu g\u00fcn ABD askerleri, Rojava\u00a0 s\u0131n\u0131r\u0131nda T\u00fcrkiye ile ortak devriye yapt\u0131.<\/span><\/h3>\n<h3 style=\"text-align: justify\"><span style=\"font-size: 12pt\">Darka Mazi\u2019nin\u00a0 Rojava\u2019daki haber kayna\u011f\u0131na g\u00f6re, bu g\u00fcn (31\/10\/2019)\u00a0 ABD \u00f6zel kuvvetlerine ba\u011fl\u0131 askeri bir g\u00fc\u00e7\u00a0 ile \u00a0T\u00fcrk devleti\u00a0 ortak bir devriye yapt\u0131. Edinilen bilgiye g\u00f6re ; ABD G\u00fc\u00e7leri ile i\u015fgalci T\u00fcrk g\u00fc\u00e7lerinin ortak devriyesi, Rojava\u2019n\u0131n \u00a0Tirbesp\u00eeye \u00a0ile Rim\u00ealan b\u00f6lgesinde helikopterler g\u00f6zetiminde yap\u0131ld\u0131.<\/span><\/h3>\n<h3 style=\"text-align: justify\"><span style=\"font-size: 12pt\">Hat\u0131rlanaca\u011f\u0131 \u00fczere\u00a0 bundan iki g\u00fcn \u00f6nce Rusya ile TC\u00a0 ayn\u0131 yerde ortak devriye yapm\u0131\u015flard\u0131.<\/span><\/h3>\n","protected":false},"excerpt":{"rendered":"<p>Bu g\u00fcn ABD askerleri, Rojava\u00a0 s\u0131n\u0131r\u0131nda T\u00fcrkiye ile ortak devriye yapt\u0131. Darka Mazi\u2019nin\u00a0 Rojava\u2019daki haber kayna\u011f\u0131na g\u00f6re, bu g\u00fcn (31\/10\/2019)\u00a0 ABD \u00f6zel kuvvetlerine ba\u011fl\u0131 askeri bir g\u00fc\u00e7\u00a0 ile \u00a0T\u00fcrk devleti\u00a0 ortak bir devriye yapt\u0131. Edinilen bilgiye g\u00f6re ; ABD G\u00fc\u00e7leri ile i\u015fgalci T\u00fcrk g\u00fc\u00e7lerinin ortak devriyesi, Rojava\u2019n\u0131n \u00a0Tirbesp\u00eeye \u00a0ile Rim\u00ealan b\u00f6lgesinde helikopterler g\u00f6zetiminde yap\u0131ld\u0131. Hat\u0131rlanaca\u011f\u0131 [&hellip;]<\/p>\n","protected":false},"author":2,"featured_media":1007054,"comment_status":"closed","ping_status":"closed","sticky":false,"template":"","format":"standard","meta":{"footnotes":""},"categories":[29],"tags":[],"class_list":["post-1007053","post","type-post","status-publish","format-standard","has-post-thumbnail","hentry","category-ortadogu"],"blocksy_meta":[],"seo_head":"<!-- This site is optimized with the Yoast SEO plugin v27.5 - https:\/\/yoast.com\/product\/yoast-seo-wordpress\/ -->\n<title>ABD ASKERLER\u0130 SINIRDA ORTAK DEVR\u0130YE YAPTI - Darka Mazi<\/title>\n<meta name=\"robots\" content=\"index, follow, max-snippet:-1, max-image-preview:large, max-video-preview:-1\" \/>\n<link rel=\"canonical\" href=\"https:\/\/darkamazi.site\/archives\/1007053\" \/>\n<meta property=\"og:locale\" content=\"en_US\" \/>\n<meta property=\"og:type\" content=\"article\" \/>\n<meta property=\"og:title\" content=\"ABD ASKERLER\u0130 SINIRDA ORTAK DEVR\u0130YE YAPTI - Darka Mazi\" \/>\n<meta property=\"og:description\" content=\"Bu g\u00fcn ABD askerleri, Rojava\u00a0 s\u0131n\u0131r\u0131nda T\u00fcrkiye ile ortak devriye yapt\u0131. Darka Mazi\u2019nin\u00a0 Rojava\u2019daki haber kayna\u011f\u0131na g\u00f6re, bu g\u00fcn (31\/10\/2019)\u00a0 ABD \u00f6zel kuvvetlerine ba\u011fl\u0131 askeri bir g\u00fc\u00e7\u00a0 ile \u00a0T\u00fcrk devleti\u00a0 ortak bir devriye yapt\u0131. Edinilen bilgiye g\u00f6re ; ABD G\u00fc\u00e7leri ile i\u015fgalci T\u00fcrk g\u00fc\u00e7lerinin ortak devriyesi, Rojava\u2019n\u0131n \u00a0Tirbesp\u00eeye \u00a0ile Rim\u00ealan b\u00f6lgesinde helikopterler g\u00f6zetiminde yap\u0131ld\u0131. Hat\u0131rlanaca\u011f\u0131 [&hellip;]\" \/>\n<meta property=\"og:url\" content=\"https:\/\/darkamazi.site\/archives\/1007053\" \/>\n<meta property=\"og:site_name\" content=\"Darka Mazi\" \/>\n<meta property=\"article:publisher\" content=\"https:\/\/www.facebook.com\/DarkaMaziturkce\" \/>\n<meta property=\"article:published_time\" content=\"2019-10-31T19:36:57+00:00\" \/>\n<meta property=\"article:modified_time\" content=\"2026-03-31T13:45:40+00:00\" \/>\n<meta property=\"og:image\" content=\"https:\/\/darkamazi.site\/file\/2019\/10\/dewri-1.jpg\" \/>\n\t<meta property=\"og:image:width\" content=\"855\" \/>\n\t<meta property=\"og:image:height\" content=\"475\" \/>\n\t<meta property=\"og:image:type\" content=\"image\/jpeg\" \/>\n<meta name=\"author\" content=\"darka mazi\" \/>\n<meta name=\"twitter:card\" content=\"summary_large_image\" \/>\n<meta name=\"twitter:creator\" content=\"@DarkaMaziTurkce\" \/>\n<meta name=\"twitter:site\" content=\"@DarkaMaziTurkce\" \/>\n<meta name=\"twitter:label1\" content=\"Written by\" \/>\n\t<meta name=\"twitter:data1\" content=\"darka mazi\" \/>\n<script type=\"application\/ld+json\" class=\"seo-schema-graph\">{\"@context\":\"https:\\\/\\\/schema.org\",\"@graph\":[{\"@type\":\"NewsArticle\",\"@id\":\"https:\\\/\\\/darkamazi.site\\\/archives\\\/1007053#article\",\"isPartOf\":{\"@id\":\"https:\\\/\\\/darkamazi.site\\\/archives\\\/1007053\"},\"author\":{\"name\":\"darka mazi\",\"@id\":\"https:\\\/\\\/darkamazi.site\\\/#\\\/schema\\\/person\\\/67986a95ac546c16760365877ef4a9d3\"},\"headline\":\"ABD ASKERLER\u0130 SINIRDA ORTAK DEVR\u0130YE YAPTI\",\"datePublished\":\"2019-10-31T19:36:57+00:00\",\"dateModified\":\"2026-03-31T13:45:40+00:00\",\"mainEntityOfPage\":{\"@id\":\"https:\\\/\\\/darkamazi.site\\\/archives\\\/1007053\"},\"wordCount\":100,\"publisher\":{\"@id\":\"https:\\\/\\\/darkamazi.site\\\/#organization\"},\"image\":{\"@id\":\"https:\\\/\\\/darkamazi.site\\\/archives\\\/1007053#primaryimage\"},\"thumbnailUrl\":\"https:\\\/\\\/darkamazi.site\\\/darka-content\\\/uploads\\\/2019\\\/10\\\/dewri-1.jpg\",\"articleSection\":[\"Ortado\u011fu\"],\"inLanguage\":\"en-US\"},{\"@type\":\"WebPage\",\"@id\":\"https:\\\/\\\/darkamazi.site\\\/archives\\\/1007053\",\"url\":\"https:\\\/\\\/darkamazi.site\\\/archives\\\/1007053\",\"name\":\"ABD ASKERLER\u0130 SINIRDA ORTAK DEVR\u0130YE YAPTI - Darka Mazi\",\"isPartOf\":{\"@id\":\"https:\\\/\\\/darkamazi.site\\\/#website\"},\"primaryImageOfPage\":{\"@id\":\"https:\\\/\\\/darkamazi.site\\\/archives\\\/1007053#primaryimage\"},\"image\":{\"@id\":\"https:\\\/\\\/darkamazi.site\\\/archives\\\/1007053#primaryimage\"},\"thumbnailUrl\":\"https:\\\/\\\/darkamazi.site\\\/darka-content\\\/uploads\\\/2019\\\/10\\\/dewri-1.jpg\",\"datePublished\":\"2019-10-31T19:36:57+00:00\",\"dateModified\":\"2026-03-31T13:45:40+00:00\",\"breadcrumb\":{\"@id\":\"https:\\\/\\\/darkamazi.site\\\/archives\\\/1007053#breadcrumb\"},\"inLanguage\":\"en-US\",\"potentialAction\":[{\"@type\":\"ReadAction\",\"target\":[\"https:\\\/\\\/darkamazi.site\\\/archives\\\/1007053\"]}]},{\"@type\":\"ImageObject\",\"inLanguage\":\"en-US\",\"@id\":\"https:\\\/\\\/darkamazi.site\\\/archives\\\/1007053#primaryimage\",\"url\":\"https:\\\/\\\/darkamazi.site\\\/darka-content\\\/uploads\\\/2019\\\/10\\\/dewri-1.jpg\",\"contentUrl\":\"https:\\\/\\\/darkamazi.site\\\/darka-content\\\/uploads\\\/2019\\\/10\\\/dewri-1.jpg\",\"width\":855,\"height\":475,\"caption\":\"ABD ASKERLER\u0130 SINIRDA ORTAK DEVR\u0130YE YAPTI\"},{\"@type\":\"BreadcrumbList\",\"@id\":\"https:\\\/\\\/darkamazi.site\\\/archives\\\/1007053#breadcrumb\",\"itemListElement\":[{\"@type\":\"ListItem\",\"position\":1,\"name\":\"Home\",\"item\":\"https:\\\/\\\/darkamazi.site\\\/\"},{\"@type\":\"ListItem\",\"position\":2,\"name\":\"ABD ASKERLER\u0130 SINIRDA ORTAK DEVR\u0130YE YAPTI\"}]},{\"@type\":\"WebSite\",\"@id\":\"https:\\\/\\\/darkamazi.site\\\/#website\",\"url\":\"https:\\\/\\\/darkamazi.site\\\/\",\"name\":\"Darka Mazi\",\"description\":\"Ana Sayfa\",\"publisher\":{\"@id\":\"https:\\\/\\\/darkamazi.site\\\/#organization\"},\"potentialAction\":[{\"@type\":\"SearchAction\",\"target\":{\"@type\":\"EntryPoint\",\"urlTemplate\":\"https:\\\/\\\/darkamazi.site\\\/?s={search_term_string}\"},\"query-input\":{\"@type\":\"PropertyValueSpecification\",\"valueRequired\":true,\"valueName\":\"search_term_string\"}}],\"inLanguage\":\"en-US\"},{\"@type\":\"Organization\",\"@id\":\"https:\\\/\\\/darkamazi.site\\\/#organization\",\"name\":\"Darka Mazi T\u00fcrk\u00e7e\",\"alternateName\":\"Darka Mazi\",\"url\":\"https:\\\/\\\/darkamazi.site\\\/\",\"logo\":{\"@type\":\"ImageObject\",\"inLanguage\":\"en-US\",\"@id\":\"https:\\\/\\\/darkamazi.site\\\/#\\\/schema\\\/logo\\\/image\\\/\",\"url\":\"https:\\\/\\\/darkamazi.site\\\/darka-content\\\/uploads\\\/2017\\\/12\\\/darka-mazi-logo.png\",\"contentUrl\":\"https:\\\/\\\/darkamazi.site\\\/darka-content\\\/uploads\\\/2017\\\/12\\\/darka-mazi-logo.png\",\"width\":151,\"height\":75,\"caption\":\"Darka Mazi T\u00fcrk\u00e7e\"},\"image\":{\"@id\":\"https:\\\/\\\/darkamazi.site\\\/#\\\/schema\\\/logo\\\/image\\\/\"},\"sameAs\":[\"https:\\\/\\\/www.facebook.com\\\/DarkaMaziturkce\",\"https:\\\/\\\/x.com\\\/DarkaMaziTurkce\"]},{\"@type\":\"Person\",\"@id\":\"https:\\\/\\\/darkamazi.site\\\/#\\\/schema\\\/person\\\/67986a95ac546c16760365877ef4a9d3\",\"name\":\"darka mazi\",\"sameAs\":[\"https:\\\/\\\/darkamazi.site\"],\"url\":\"https:\\\/\\\/darkamazi.site\\\/archives\\\/author\\\/turkish\"}]}<\/script>\n<!-- \/ Yoast SEO plugin. -->","seo_head_json":{"title":"ABD ASKERLER\u0130 SINIRDA ORTAK DEVR\u0130YE YAPTI - Darka Mazi","robots":{"index":"index","follow":"follow","max-snippet":"max-snippet:-1","max-image-preview":"max-image-preview:large","max-video-preview":"max-video-preview:-1"},"canonical":"https:\/\/darkamazi.site\/archives\/1007053","og_locale":"en_US","og_type":"article","og_title":"ABD ASKERLER\u0130 SINIRDA ORTAK DEVR\u0130YE YAPTI - Darka Mazi","og_description":"Bu g\u00fcn ABD askerleri, Rojava\u00a0 s\u0131n\u0131r\u0131nda T\u00fcrkiye ile ortak devriye yapt\u0131. Darka Mazi\u2019nin\u00a0 Rojava\u2019daki haber kayna\u011f\u0131na g\u00f6re, bu g\u00fcn (31\/10\/2019)\u00a0 ABD \u00f6zel kuvvetlerine ba\u011fl\u0131 askeri bir g\u00fc\u00e7\u00a0 ile \u00a0T\u00fcrk devleti\u00a0 ortak bir devriye yapt\u0131. Edinilen bilgiye g\u00f6re ; ABD G\u00fc\u00e7leri ile i\u015fgalci T\u00fcrk g\u00fc\u00e7lerinin ortak devriyesi, Rojava\u2019n\u0131n \u00a0Tirbesp\u00eeye \u00a0ile Rim\u00ealan b\u00f6lgesinde helikopterler g\u00f6zetiminde yap\u0131ld\u0131. Hat\u0131rlanaca\u011f\u0131 [&hellip;]","og_url":"https:\/\/darkamazi.site\/archives\/1007053","og_site_name":"Darka Mazi","article_publisher":"https:\/\/www.facebook.com\/DarkaMaziturkce","article_published_time":"2019-10-31T19:36:57+00:00","article_modified_time":"2026-03-31T13:45:40+00:00","og_image":[{"width":855,"height":475,"url":"https:\/\/darkamazi.site\/file\/2019\/10\/dewri-1.jpg","type":"image\/jpeg"}],"author":"darka mazi","twitter_card":"summary_large_image","twitter_creator":"@DarkaMaziTurkce","twitter_site":"@DarkaMaziTurkce","twitter_misc":{"Written by":"darka mazi"},"schema":{"@context":"https:\/\/schema.org","@graph":[{"@type":"NewsArticle","@id":"https:\/\/darkamazi.site\/archives\/1007053#article","isPartOf":{"@id":"https:\/\/darkamazi.site\/archives\/1007053"},"author":{"name":"darka mazi","@id":"https:\/\/darkamazi.site\/#\/schema\/person\/67986a95ac546c16760365877ef4a9d3"},"headline":"ABD ASKERLER\u0130 SINIRDA ORTAK DEVR\u0130YE YAPTI","datePublished":"2019-10-31T19:36:57+00:00","dateModified":"2026-03-31T13:45:40+00:00","mainEntityOfPage":{"@id":"https:\/\/darkamazi.site\/archives\/1007053"},"wordCount":100,"publisher":{"@id":"https:\/\/darkamazi.site\/#organization"},"image":{"@id":"https:\/\/darkamazi.site\/archives\/1007053#primaryimage"},"thumbnailUrl":"https:\/\/darkamazi.site\/file\/2019\/10\/dewri-1.jpg","articleSection":["Ortado\u011fu"],"inLanguage":"en-US"},{"@type":"WebPage","@id":"https:\/\/darkamazi.site\/archives\/1007053","url":"https:\/\/darkamazi.site\/archives\/1007053","name":"ABD ASKERLER\u0130 SINIRDA ORTAK DEVR\u0130YE YAPTI - Darka Mazi","isPartOf":{"@id":"https:\/\/darkamazi.site\/#website"},"primaryImageOfPage":{"@id":"https:\/\/darkamazi.site\/archives\/1007053#primaryimage"},"image":{"@id":"https:\/\/darkamazi.site\/archives\/1007053#primaryimage"},"thumbnailUrl":"https:\/\/darkamazi.site\/file\/2019\/10\/dewri-1.jpg","datePublished":"2019-10-31T19:36:57+00:00","dateModified":"2026-03-31T13:45:40+00:00","breadcrumb":{"@id":"https:\/\/darkamazi.site\/archives\/1007053#breadcrumb"},"inLanguage":"en-US","potentialAction":[{"@type":"ReadAction","target":["https:\/\/darkamazi.site\/archives\/1007053"]}]},{"@type":"ImageObject","inLanguage":"en-US","@id":"https:\/\/darkamazi.site\/archives\/1007053#primaryimage","url":"https:\/\/darkamazi.site\/file\/2019\/10\/dewri-1.jpg","contentUrl":"https:\/\/darkamazi.site\/file\/2019\/10\/dewri-1.jpg","width":855,"height":475,"caption":"ABD ASKERLER\u0130 SINIRDA ORTAK DEVR\u0130YE YAPTI"},{"@type":"BreadcrumbList","@id":"https:\/\/darkamazi.site\/archives\/1007053#breadcrumb","itemListElement":[{"@type":"ListItem","position":1,"name":"Home","item":"https:\/\/darkamazi.site\/"},{"@type":"ListItem","position":2,"name":"ABD ASKERLER\u0130 SINIRDA ORTAK DEVR\u0130YE YAPTI"}]},{"@type":"WebSite","@id":"https:\/\/darkamazi.site\/#website","url":"https:\/\/darkamazi.site\/","name":"Darka Mazi","description":"Ana Sayfa","publisher":{"@id":"https:\/\/darkamazi.site\/#organization"},"potentialAction":[{"@type":"SearchAction","target":{"@type":"EntryPoint","urlTemplate":"https:\/\/darkamazi.site\/?s={search_term_string}"},"query-input":{"@type":"PropertyValueSpecification","valueRequired":true,"valueName":"search_term_string"}}],"inLanguage":"en-US"},{"@type":"Organization","@id":"https:\/\/darkamazi.site\/#organization","name":"Darka Mazi T\u00fcrk\u00e7e","alternateName":"Darka Mazi","url":"https:\/\/darkamazi.site\/","logo":{"@type":"ImageObject","inLanguage":"en-US","@id":"https:\/\/darkamazi.site\/#\/schema\/logo\/image\/","url":"https:\/\/darkamazi.site\/file\/2017\/12\/darka-mazi-logo.png","contentUrl":"https:\/\/darkamazi.site\/file\/2017\/12\/darka-mazi-logo.png","width":151,"height":75,"caption":"Darka Mazi T\u00fcrk\u00e7e"},"image":{"@id":"https:\/\/darkamazi.site\/#\/schema\/logo\/image\/"},"sameAs":["https:\/\/www.facebook.com\/DarkaMaziturkce","https:\/\/x.com\/DarkaMaziTurkce"]},{"@type":"Person","@id":"https:\/\/darkamazi.site\/#\/schema\/person\/67986a95ac546c16760365877ef4a9d3","name":"darka mazi","sameAs":["https:\/\/darkamazi.site"],"url":"https:\/\/darkamazi.site\/archives\/author\/turkish"}]}},"_links":{"self":[{"href":"https:\/\/darkamazi.site\/funavuv\/wp\/v2\/posts\/1007053","targetHints":{"allow":["GET"]}}],"collection":[{"href":"https:\/\/darkamazi.site\/funavuv\/wp\/v2\/posts"}],"about":[{"href":"https:\/\/darkamazi.site\/funavuv\/wp\/v2\/types\/post"}],"author":[{"embeddable":true,"href":"https:\/\/darkamazi.site\/funavuv\/wp\/v2\/users\/2"}],"replies":[{"embeddable":true,"href":"https:\/\/darkamazi.site\/funavuv\/wp\/v2\/comments?post=1007053"}],"version-history":[{"count":0,"href":"https:\/\/darkamazi.site\/funavuv\/wp\/v2\/posts\/1007053\/revisions"}],"wp:featuredmedia":[{"embeddable":true,"href":"https:\/\/darkamazi.site\/funavuv\/wp\/v2\/media\/1007054"}],"wp:attachment":[{"href":"https:\/\/darkamazi.site\/funavuv\/wp\/v2\/media?parent=1007053"}],"wp:term":[{"taxonomy":"category","embeddable":true,"href":"https:\/\/darkamazi.site\/funavuv\/wp\/v2\/categories?post=1007053"},{"taxonomy":"post_tag","embeddable":true,"href":"https:\/\/darkamazi.site\/funavuv\/wp\/v2\/tags?post=1007053"}],"curies":[{"name":"wp","href":"https:\/\/api.w.org\/{rel}","templated":true}]}}