{"id":1007070,"date":"2019-11-02T18:27:43","date_gmt":"2019-11-02T15:27:43","guid":{"rendered":"https:\/\/darkamazi.site\/?p=1007070"},"modified":"2019-11-02T18:27:43","modified_gmt":"2019-11-02T15:27:43","slug":"barzani-anayasa-degisimi-baski-ile-yapilamaz","status":"publish","type":"post","link":"https:\/\/darkamazi.site\/archives\/1007070","title":{"rendered":"Barzani; Anayasa de\u011fi\u015fimi  bask\u0131 ile yap\u0131lamaz"},"content":{"rendered":"<p style=\"text-align: justify\"><strong>K\u00fcrdistan Demokrat Partisi (KDP)\u00a0 Genel Ba\u015fkan\u0131 Mesut Barzani bu g\u00fcn bir bildiri yay\u0131nlayarak Iraktaki geli\u015fmeleri de\u011ferlendirdi. Barzani; yap\u0131lacak de\u011fi\u015fikliklerin demokratik kazan\u0131mlar\u0131 ezmesi kabul edilemez dedi. <\/strong><\/p>\n<p style=\"text-align: justify\">Bu g\u00fcn yay\u0131nlanan bildiride Barzani Irak\u2019ta ya\u015fanan sorunlar\u0131n temelinde anayasan\u0131n uygulanmamas\u0131 oldu\u011funu s\u00f6yledi. Bildirinin devam\u0131 ise \u015f\u00f6yle;<\/p>\n<p style=\"text-align: justify\">\u201cIrak\u2019taki siyasi durum, rahats\u0131zl\u0131k ve vatanda\u015flar\u0131n d\u00fczenledi\u011fi g\u00f6sterilerden ve meydana \u00e7\u0131kan durumdan dolay\u0131 \u00e7ok endi\u015feliyiz. \u015eu an ya\u015fananlar\u0131n bug\u00fcn\u00fcn de\u011fil, geride kalan 15 y\u0131lda yap\u0131lan hatalar\u0131n sonucu oldu\u011funu d\u00fc\u015f\u00fcn\u00fcyoruz. Halk \u00e7ok ac\u0131lar \u00e7ekti ve taleplerinin, rahats\u0131zl\u0131klar\u0131n\u0131n olmas\u0131 haklar\u0131d\u0131r. Bu y\u00fczden halk\u0131n taleplerine kulak verilmeli. \u015eiddet ve kan d\u00f6kmeyle sorunlar \u00e7\u00f6z\u00fclmez.\u201d<\/p>\n<p style=\"text-align: justify\">Bununla birlikte Irak\u2019\u0131n en b\u00fcy\u00fck sorunlar\u0131ndan biri anayasan\u0131n uygulanmamas\u0131d\u0131r. E\u011fer anayasa oldu\u011fu gibi uygulansayd\u0131, ge\u00e7mi\u015fte ortaya \u00e7\u0131kan ve hala devam eden bir\u00e7ok \u015fey bug\u00fcn olmayacakt\u0131. \u00d6te yandan \u015fu anki durumun sebebi se\u00e7im yasas\u0131d\u0131r ve sorunlar\u0131n sebebinin ortadan kalkmas\u0131 i\u00e7in se\u00e7im yasas\u0131nda b\u00fct\u00fcn bile\u015fenlerin ger\u00e7ek\u00e7i talepleri do\u011frultusunda adil bir \u015fekilde de\u011fi\u015fime gidilmelidir.<\/p>\n<p style=\"text-align: justify\">Anayasa de\u011fi\u015fikli\u011fi de dayatma ya da zorla yap\u0131lmamal\u0131, ayn\u0131 zamanda anayasa de\u011fi\u015fikli\u011fi demokrasi, K\u00fcrt milletinin ve di\u011fer bile\u015fenlerin haklar\u0131ndan geri ad\u0131m at\u0131lmas\u0131na yol a\u00e7mamal\u0131. \u015e\u00fcphesiz demokrasi sistemi Irak halk\u0131n\u0131n \u00e7\u0131kar\u0131nad\u0131r, diktat\u00f6rl\u00fck de\u011fil. B\u00fct\u00fcn bu de\u011fi\u015fiklik de yasal ve anayasal mekanizma \u00e7er\u00e7evesinde olmal\u0131d\u0131r.<\/p>\n","protected":false},"excerpt":{"rendered":"<p>K\u00fcrdistan Demokrat Partisi (KDP)\u00a0 Genel Ba\u015fkan\u0131 Mesut Barzani bu g\u00fcn bir bildiri yay\u0131nlayarak Iraktaki geli\u015fmeleri de\u011ferlendirdi. Barzani; yap\u0131lacak de\u011fi\u015fikliklerin demokratik kazan\u0131mlar\u0131 ezmesi kabul edilemez dedi. Bu g\u00fcn yay\u0131nlanan bildiride Barzani Irak\u2019ta ya\u015fanan sorunlar\u0131n temelinde anayasan\u0131n uygulanmamas\u0131 oldu\u011funu s\u00f6yledi. Bildirinin devam\u0131 ise \u015f\u00f6yle; \u201cIrak\u2019taki siyasi durum, rahats\u0131zl\u0131k ve vatanda\u015flar\u0131n d\u00fczenledi\u011fi g\u00f6sterilerden ve meydana \u00e7\u0131kan durumdan dolay\u0131 [&hellip;]<\/p>\n","protected":false},"author":2,"featured_media":1007071,"comment_status":"closed","ping_status":"closed","sticky":false,"template":"","format":"standard","meta":{"footnotes":""},"categories":[3],"tags":[31],"class_list":["post-1007070","post","type-post","status-publish","format-standard","has-post-thumbnail","hentry","category-kurdistan","tag-onemli"],"blocksy_meta":[],"seo_head":"<!-- This site is optimized with the Yoast SEO plugin v27.5 - https:\/\/yoast.com\/product\/yoast-seo-wordpress\/ -->\n<title>Barzani; Anayasa de\u011fi\u015fimi bask\u0131 ile yap\u0131lamaz - Darka Mazi<\/title>\n<meta name=\"robots\" content=\"index, follow, max-snippet:-1, max-image-preview:large, max-video-preview:-1\" \/>\n<link rel=\"canonical\" href=\"https:\/\/darkamazi.site\/archives\/1007070\" \/>\n<meta property=\"og:locale\" content=\"en_US\" \/>\n<meta property=\"og:type\" content=\"article\" \/>\n<meta property=\"og:title\" content=\"Barzani; Anayasa de\u011fi\u015fimi bask\u0131 ile yap\u0131lamaz - Darka Mazi\" \/>\n<meta property=\"og:description\" content=\"K\u00fcrdistan Demokrat Partisi (KDP)\u00a0 Genel Ba\u015fkan\u0131 Mesut Barzani bu g\u00fcn bir bildiri yay\u0131nlayarak Iraktaki geli\u015fmeleri de\u011ferlendirdi. Barzani; yap\u0131lacak de\u011fi\u015fikliklerin demokratik kazan\u0131mlar\u0131 ezmesi kabul edilemez dedi. Bu g\u00fcn yay\u0131nlanan bildiride Barzani Irak\u2019ta ya\u015fanan sorunlar\u0131n temelinde anayasan\u0131n uygulanmamas\u0131 oldu\u011funu s\u00f6yledi. Bildirinin devam\u0131 ise \u015f\u00f6yle; \u201cIrak\u2019taki siyasi durum, rahats\u0131zl\u0131k ve vatanda\u015flar\u0131n d\u00fczenledi\u011fi g\u00f6sterilerden ve meydana \u00e7\u0131kan durumdan dolay\u0131 [&hellip;]\" \/>\n<meta property=\"og:url\" content=\"https:\/\/darkamazi.site\/archives\/1007070\" \/>\n<meta property=\"og:site_name\" content=\"Darka Mazi\" \/>\n<meta property=\"article:publisher\" content=\"https:\/\/www.facebook.com\/DarkaMaziturkce\" \/>\n<meta property=\"article:published_time\" content=\"2019-11-02T15:27:43+00:00\" \/>\n<meta property=\"og:image\" content=\"https:\/\/darkamazi.site\/file\/2019\/11\/barzani.jpg\" \/>\n\t<meta property=\"og:image:width\" content=\"750\" \/>\n\t<meta property=\"og:image:height\" content=\"649\" \/>\n\t<meta property=\"og:image:type\" content=\"image\/jpeg\" \/>\n<meta name=\"author\" content=\"darka mazi\" \/>\n<meta name=\"twitter:card\" content=\"summary_large_image\" \/>\n<meta name=\"twitter:creator\" content=\"@DarkaMaziTurkce\" \/>\n<meta name=\"twitter:site\" content=\"@DarkaMaziTurkce\" \/>\n<meta name=\"twitter:label1\" content=\"Written by\" \/>\n\t<meta name=\"twitter:data1\" content=\"darka mazi\" \/>\n\t<meta name=\"twitter:label2\" content=\"Est. reading time\" \/>\n\t<meta name=\"twitter:data2\" content=\"1 minute\" \/>\n<script type=\"application\/ld+json\" class=\"seo-schema-graph\">{\"@context\":\"https:\\\/\\\/schema.org\",\"@graph\":[{\"@type\":\"NewsArticle\",\"@id\":\"https:\\\/\\\/darkamazi.site\\\/archives\\\/1007070#article\",\"isPartOf\":{\"@id\":\"https:\\\/\\\/darkamazi.site\\\/archives\\\/1007070\"},\"author\":{\"name\":\"darka mazi\",\"@id\":\"https:\\\/\\\/darkamazi.site\\\/#\\\/schema\\\/person\\\/67986a95ac546c16760365877ef4a9d3\"},\"headline\":\"Barzani; Anayasa de\u011fi\u015fimi bask\u0131 ile yap\u0131lamaz\",\"datePublished\":\"2019-11-02T15:27:43+00:00\",\"mainEntityOfPage\":{\"@id\":\"https:\\\/\\\/darkamazi.site\\\/archives\\\/1007070\"},\"wordCount\":299,\"publisher\":{\"@id\":\"https:\\\/\\\/darkamazi.site\\\/#organization\"},\"image\":{\"@id\":\"https:\\\/\\\/darkamazi.site\\\/archives\\\/1007070#primaryimage\"},\"thumbnailUrl\":\"https:\\\/\\\/darkamazi.site\\\/darka-content\\\/uploads\\\/2019\\\/11\\\/barzani.jpg\",\"keywords\":[\"\u00f6nemli\"],\"articleSection\":[\"Kurdistan\"],\"inLanguage\":\"en-US\"},{\"@type\":\"WebPage\",\"@id\":\"https:\\\/\\\/darkamazi.site\\\/archives\\\/1007070\",\"url\":\"https:\\\/\\\/darkamazi.site\\\/archives\\\/1007070\",\"name\":\"Barzani; Anayasa de\u011fi\u015fimi bask\u0131 ile yap\u0131lamaz - Darka Mazi\",\"isPartOf\":{\"@id\":\"https:\\\/\\\/darkamazi.site\\\/#website\"},\"primaryImageOfPage\":{\"@id\":\"https:\\\/\\\/darkamazi.site\\\/archives\\\/1007070#primaryimage\"},\"image\":{\"@id\":\"https:\\\/\\\/darkamazi.site\\\/archives\\\/1007070#primaryimage\"},\"thumbnailUrl\":\"https:\\\/\\\/darkamazi.site\\\/darka-content\\\/uploads\\\/2019\\\/11\\\/barzani.jpg\",\"datePublished\":\"2019-11-02T15:27:43+00:00\",\"breadcrumb\":{\"@id\":\"https:\\\/\\\/darkamazi.site\\\/archives\\\/1007070#breadcrumb\"},\"inLanguage\":\"en-US\",\"potentialAction\":[{\"@type\":\"ReadAction\",\"target\":[\"https:\\\/\\\/darkamazi.site\\\/archives\\\/1007070\"]}]},{\"@type\":\"ImageObject\",\"inLanguage\":\"en-US\",\"@id\":\"https:\\\/\\\/darkamazi.site\\\/archives\\\/1007070#primaryimage\",\"url\":\"https:\\\/\\\/darkamazi.site\\\/darka-content\\\/uploads\\\/2019\\\/11\\\/barzani.jpg\",\"contentUrl\":\"https:\\\/\\\/darkamazi.site\\\/darka-content\\\/uploads\\\/2019\\\/11\\\/barzani.jpg\",\"width\":750,\"height\":649,\"caption\":\"Barzani; Anayasa de\u011fi\u015fimi bask\u0131 ile yap\u0131lamaz\"},{\"@type\":\"BreadcrumbList\",\"@id\":\"https:\\\/\\\/darkamazi.site\\\/archives\\\/1007070#breadcrumb\",\"itemListElement\":[{\"@type\":\"ListItem\",\"position\":1,\"name\":\"Home\",\"item\":\"https:\\\/\\\/darkamazi.site\\\/\"},{\"@type\":\"ListItem\",\"position\":2,\"name\":\"Barzani; Anayasa de\u011fi\u015fimi bask\u0131 ile yap\u0131lamaz\"}]},{\"@type\":\"WebSite\",\"@id\":\"https:\\\/\\\/darkamazi.site\\\/#website\",\"url\":\"https:\\\/\\\/darkamazi.site\\\/\",\"name\":\"Darka Mazi\",\"description\":\"Ana Sayfa\",\"publisher\":{\"@id\":\"https:\\\/\\\/darkamazi.site\\\/#organization\"},\"potentialAction\":[{\"@type\":\"SearchAction\",\"target\":{\"@type\":\"EntryPoint\",\"urlTemplate\":\"https:\\\/\\\/darkamazi.site\\\/?s={search_term_string}\"},\"query-input\":{\"@type\":\"PropertyValueSpecification\",\"valueRequired\":true,\"valueName\":\"search_term_string\"}}],\"inLanguage\":\"en-US\"},{\"@type\":\"Organization\",\"@id\":\"https:\\\/\\\/darkamazi.site\\\/#organization\",\"name\":\"Darka Mazi T\u00fcrk\u00e7e\",\"alternateName\":\"Darka Mazi\",\"url\":\"https:\\\/\\\/darkamazi.site\\\/\",\"logo\":{\"@type\":\"ImageObject\",\"inLanguage\":\"en-US\",\"@id\":\"https:\\\/\\\/darkamazi.site\\\/#\\\/schema\\\/logo\\\/image\\\/\",\"url\":\"https:\\\/\\\/darkamazi.site\\\/darka-content\\\/uploads\\\/2017\\\/12\\\/darka-mazi-logo.png\",\"contentUrl\":\"https:\\\/\\\/darkamazi.site\\\/darka-content\\\/uploads\\\/2017\\\/12\\\/darka-mazi-logo.png\",\"width\":151,\"height\":75,\"caption\":\"Darka Mazi T\u00fcrk\u00e7e\"},\"image\":{\"@id\":\"https:\\\/\\\/darkamazi.site\\\/#\\\/schema\\\/logo\\\/image\\\/\"},\"sameAs\":[\"https:\\\/\\\/www.facebook.com\\\/DarkaMaziturkce\",\"https:\\\/\\\/x.com\\\/DarkaMaziTurkce\"]},{\"@type\":\"Person\",\"@id\":\"https:\\\/\\\/darkamazi.site\\\/#\\\/schema\\\/person\\\/67986a95ac546c16760365877ef4a9d3\",\"name\":\"darka mazi\",\"sameAs\":[\"https:\\\/\\\/darkamazi.site\"],\"url\":\"https:\\\/\\\/darkamazi.site\\\/archives\\\/author\\\/turkish\"}]}<\/script>\n<!-- \/ Yoast SEO plugin. -->","seo_head_json":{"title":"Barzani; Anayasa de\u011fi\u015fimi bask\u0131 ile yap\u0131lamaz - Darka Mazi","robots":{"index":"index","follow":"follow","max-snippet":"max-snippet:-1","max-image-preview":"max-image-preview:large","max-video-preview":"max-video-preview:-1"},"canonical":"https:\/\/darkamazi.site\/archives\/1007070","og_locale":"en_US","og_type":"article","og_title":"Barzani; Anayasa de\u011fi\u015fimi bask\u0131 ile yap\u0131lamaz - Darka Mazi","og_description":"K\u00fcrdistan Demokrat Partisi (KDP)\u00a0 Genel Ba\u015fkan\u0131 Mesut Barzani bu g\u00fcn bir bildiri yay\u0131nlayarak Iraktaki geli\u015fmeleri de\u011ferlendirdi. Barzani; yap\u0131lacak de\u011fi\u015fikliklerin demokratik kazan\u0131mlar\u0131 ezmesi kabul edilemez dedi. Bu g\u00fcn yay\u0131nlanan bildiride Barzani Irak\u2019ta ya\u015fanan sorunlar\u0131n temelinde anayasan\u0131n uygulanmamas\u0131 oldu\u011funu s\u00f6yledi. Bildirinin devam\u0131 ise \u015f\u00f6yle; \u201cIrak\u2019taki siyasi durum, rahats\u0131zl\u0131k ve vatanda\u015flar\u0131n d\u00fczenledi\u011fi g\u00f6sterilerden ve meydana \u00e7\u0131kan durumdan dolay\u0131 [&hellip;]","og_url":"https:\/\/darkamazi.site\/archives\/1007070","og_site_name":"Darka Mazi","article_publisher":"https:\/\/www.facebook.com\/DarkaMaziturkce","article_published_time":"2019-11-02T15:27:43+00:00","og_image":[{"width":750,"height":649,"url":"https:\/\/darkamazi.site\/file\/2019\/11\/barzani.jpg","type":"image\/jpeg"}],"author":"darka mazi","twitter_card":"summary_large_image","twitter_creator":"@DarkaMaziTurkce","twitter_site":"@DarkaMaziTurkce","twitter_misc":{"Written by":"darka mazi","Est. reading time":"1 minute"},"schema":{"@context":"https:\/\/schema.org","@graph":[{"@type":"NewsArticle","@id":"https:\/\/darkamazi.site\/archives\/1007070#article","isPartOf":{"@id":"https:\/\/darkamazi.site\/archives\/1007070"},"author":{"name":"darka mazi","@id":"https:\/\/darkamazi.site\/#\/schema\/person\/67986a95ac546c16760365877ef4a9d3"},"headline":"Barzani; Anayasa de\u011fi\u015fimi bask\u0131 ile yap\u0131lamaz","datePublished":"2019-11-02T15:27:43+00:00","mainEntityOfPage":{"@id":"https:\/\/darkamazi.site\/archives\/1007070"},"wordCount":299,"publisher":{"@id":"https:\/\/darkamazi.site\/#organization"},"image":{"@id":"https:\/\/darkamazi.site\/archives\/1007070#primaryimage"},"thumbnailUrl":"https:\/\/darkamazi.site\/file\/2019\/11\/barzani.jpg","keywords":["\u00f6nemli"],"articleSection":["Kurdistan"],"inLanguage":"en-US"},{"@type":"WebPage","@id":"https:\/\/darkamazi.site\/archives\/1007070","url":"https:\/\/darkamazi.site\/archives\/1007070","name":"Barzani; Anayasa de\u011fi\u015fimi bask\u0131 ile yap\u0131lamaz - Darka Mazi","isPartOf":{"@id":"https:\/\/darkamazi.site\/#website"},"primaryImageOfPage":{"@id":"https:\/\/darkamazi.site\/archives\/1007070#primaryimage"},"image":{"@id":"https:\/\/darkamazi.site\/archives\/1007070#primaryimage"},"thumbnailUrl":"https:\/\/darkamazi.site\/file\/2019\/11\/barzani.jpg","datePublished":"2019-11-02T15:27:43+00:00","breadcrumb":{"@id":"https:\/\/darkamazi.site\/archives\/1007070#breadcrumb"},"inLanguage":"en-US","potentialAction":[{"@type":"ReadAction","target":["https:\/\/darkamazi.site\/archives\/1007070"]}]},{"@type":"ImageObject","inLanguage":"en-US","@id":"https:\/\/darkamazi.site\/archives\/1007070#primaryimage","url":"https:\/\/darkamazi.site\/file\/2019\/11\/barzani.jpg","contentUrl":"https:\/\/darkamazi.site\/file\/2019\/11\/barzani.jpg","width":750,"height":649,"caption":"Barzani; Anayasa de\u011fi\u015fimi bask\u0131 ile yap\u0131lamaz"},{"@type":"BreadcrumbList","@id":"https:\/\/darkamazi.site\/archives\/1007070#breadcrumb","itemListElement":[{"@type":"ListItem","position":1,"name":"Home","item":"https:\/\/darkamazi.site\/"},{"@type":"ListItem","position":2,"name":"Barzani; Anayasa de\u011fi\u015fimi bask\u0131 ile yap\u0131lamaz"}]},{"@type":"WebSite","@id":"https:\/\/darkamazi.site\/#website","url":"https:\/\/darkamazi.site\/","name":"Darka Mazi","description":"Ana Sayfa","publisher":{"@id":"https:\/\/darkamazi.site\/#organization"},"potentialAction":[{"@type":"SearchAction","target":{"@type":"EntryPoint","urlTemplate":"https:\/\/darkamazi.site\/?s={search_term_string}"},"query-input":{"@type":"PropertyValueSpecification","valueRequired":true,"valueName":"search_term_string"}}],"inLanguage":"en-US"},{"@type":"Organization","@id":"https:\/\/darkamazi.site\/#organization","name":"Darka Mazi T\u00fcrk\u00e7e","alternateName":"Darka Mazi","url":"https:\/\/darkamazi.site\/","logo":{"@type":"ImageObject","inLanguage":"en-US","@id":"https:\/\/darkamazi.site\/#\/schema\/logo\/image\/","url":"https:\/\/darkamazi.site\/file\/2017\/12\/darka-mazi-logo.png","contentUrl":"https:\/\/darkamazi.site\/file\/2017\/12\/darka-mazi-logo.png","width":151,"height":75,"caption":"Darka Mazi T\u00fcrk\u00e7e"},"image":{"@id":"https:\/\/darkamazi.site\/#\/schema\/logo\/image\/"},"sameAs":["https:\/\/www.facebook.com\/DarkaMaziturkce","https:\/\/x.com\/DarkaMaziTurkce"]},{"@type":"Person","@id":"https:\/\/darkamazi.site\/#\/schema\/person\/67986a95ac546c16760365877ef4a9d3","name":"darka mazi","sameAs":["https:\/\/darkamazi.site"],"url":"https:\/\/darkamazi.site\/archives\/author\/turkish"}]}},"_links":{"self":[{"href":"https:\/\/darkamazi.site\/funavuv\/wp\/v2\/posts\/1007070","targetHints":{"allow":["GET"]}}],"collection":[{"href":"https:\/\/darkamazi.site\/funavuv\/wp\/v2\/posts"}],"about":[{"href":"https:\/\/darkamazi.site\/funavuv\/wp\/v2\/types\/post"}],"author":[{"embeddable":true,"href":"https:\/\/darkamazi.site\/funavuv\/wp\/v2\/users\/2"}],"replies":[{"embeddable":true,"href":"https:\/\/darkamazi.site\/funavuv\/wp\/v2\/comments?post=1007070"}],"version-history":[{"count":0,"href":"https:\/\/darkamazi.site\/funavuv\/wp\/v2\/posts\/1007070\/revisions"}],"wp:featuredmedia":[{"embeddable":true,"href":"https:\/\/darkamazi.site\/funavuv\/wp\/v2\/media\/1007071"}],"wp:attachment":[{"href":"https:\/\/darkamazi.site\/funavuv\/wp\/v2\/media?parent=1007070"}],"wp:term":[{"taxonomy":"category","embeddable":true,"href":"https:\/\/darkamazi.site\/funavuv\/wp\/v2\/categories?post=1007070"},{"taxonomy":"post_tag","embeddable":true,"href":"https:\/\/darkamazi.site\/funavuv\/wp\/v2\/tags?post=1007070"}],"curies":[{"name":"wp","href":"https:\/\/api.w.org\/{rel}","templated":true}]}}