{"id":1007073,"date":"2019-11-02T18:50:01","date_gmt":"2019-11-02T15:50:01","guid":{"rendered":"https:\/\/darkamazi.site\/?p=1007073"},"modified":"2019-11-02T18:50:34","modified_gmt":"2019-11-02T15:50:34","slug":"til-temer-ve-zirgan-turkiye-cetelerine-mezar-oluyor","status":"publish","type":"post","link":"https:\/\/darkamazi.site\/archives\/1007073","title":{"rendered":"Til Temer ve Zirgan T\u00fcrkiye \u00e7etelerine mezar oluyor"},"content":{"rendered":"<p style=\"text-align: justify\"><span style=\"font-family: 'arial black', sans-serif;font-size: 12pt\">58 \u00e7etey\u00ean Cebhet El Nusre \u00fb arte\u015fa azad a s\u00fbry\u00ea ku \u015fer\u00ea rojava ji bo teref\u00ea Erdogan dikin, di pev\u00e7\u00fbn\u00ean nav\u00e7ey\u00ean Zirgan \u00fb Tiltemir\u00ea de hatine ku\u015ftin.<\/span><\/p>\n<p style=\"text-align: justify\"><span style=\"font-size: 12pt\">H\u00eaz\u00ean S\u00fbryaya demokrat\u00eek \u00eero roja \u015fem\u00ee 2\/11\/2019an amara \u015fer a 24 demjim\u00ear\u00ean derbas b\u00fby we\u015fand \u00fb t\u00eade hatiye tesb\u00eet kirin, li pev\u00e7\u00fbna duh roja \u00een\u00ee ya HSD\u2019\u00ea \u00fb \u00e7etey\u00ean Tirkiy\u00ea ji r\u00eaxistin\u00ean Cebhet Elnusre \u00fb arte\u015fa azad a s\u00fbry\u00ea de, li ser nav\u00e7ey\u00ean Zirgan\u00ea \u00fb s\u00eenor\u00ea Tiltemir\u00ea, 58 \u00e7ete hatine ku\u015ftin.<\/span><\/p>\n<h3 style=\"text-align: justify\"><span style=\"font-size: 12pt\">HSD\u2019\u00ea e\u015fkere kir, duh piran\u00ee ya \u00ear\u00ee\u015f\u00ean arte\u015fa dewleta Tirka ya dag\u00eerkar \u00fb \u00e7etey\u00ean w\u00ea li Tiltemir\u00ea hatine t\u00eak birin.<\/span><\/h3>\n<h3 style=\"text-align: justify\"><span style=\"font-size: 12pt\">Di encama bersivdan\u00ea de 10 erebey\u00ean le\u015fker\u00ee hatin r\u00fbxandin \u00fb 58 ku\u015ftiy\u00ean arte\u015fa dewleta Tirka ya dag\u00eerkar \u00fb \u00e7etey\u00ean w\u00ea \u00e7\u00eab\u00fbn.<\/span><\/h3>\n<h3 style=\"text-align: justify\"><span style=\"font-size: 12pt\">Ji 9\u00ee cotmeh\u00ea ve heta roja \u00eero a 24m\u00een, \u00ear\u00ee\u015f\u00ean dewleta Tirka dagirker \u00fb \u00e7etey\u00ean w\u00ea, li gel binp\u00ea kirin\u00ean li dij\u00ee Bak\u00fbr \u00fb Rojhilat\u00ea S\u00fbriy\u00ea ji h\u00eal w\u00ea ve, di domin. Li hember j\u00ee HSD berisva hem\u00fb \u00ear\u00ee\u015fan dide.<\/span><\/h3>\n","protected":false},"excerpt":{"rendered":"<p>58 \u00e7etey\u00ean Cebhet El Nusre \u00fb arte\u015fa azad a s\u00fbry\u00ea ku \u015fer\u00ea rojava ji bo teref\u00ea Erdogan dikin, di pev\u00e7\u00fbn\u00ean nav\u00e7ey\u00ean Zirgan \u00fb Tiltemir\u00ea de hatine ku\u015ftin. H\u00eaz\u00ean S\u00fbryaya demokrat\u00eek \u00eero roja \u015fem\u00ee 2\/11\/2019an amara \u015fer a 24 demjim\u00ear\u00ean derbas b\u00fby we\u015fand \u00fb t\u00eade hatiye tesb\u00eet kirin, li pev\u00e7\u00fbna duh roja \u00een\u00ee ya HSD\u2019\u00ea \u00fb [&hellip;]<\/p>\n","protected":false},"author":2,"featured_media":1007074,"comment_status":"closed","ping_status":"closed","sticky":false,"template":"","format":"standard","meta":{"footnotes":""},"categories":[3],"tags":[],"class_list":["post-1007073","post","type-post","status-publish","format-standard","has-post-thumbnail","hentry","category-kurdistan"],"blocksy_meta":[],"seo_head":"<!-- This site is optimized with the Yoast SEO plugin v27.5 - https:\/\/yoast.com\/product\/yoast-seo-wordpress\/ -->\n<title>Til Temer ve Zirgan T\u00fcrkiye \u00e7etelerine mezar oluyor - Darka Mazi<\/title>\n<meta name=\"robots\" content=\"index, follow, max-snippet:-1, max-image-preview:large, max-video-preview:-1\" \/>\n<link rel=\"canonical\" href=\"https:\/\/darkamazi.site\/archives\/1007073\" \/>\n<meta property=\"og:locale\" content=\"en_US\" \/>\n<meta property=\"og:type\" content=\"article\" \/>\n<meta property=\"og:title\" content=\"Til Temer ve Zirgan T\u00fcrkiye \u00e7etelerine mezar oluyor - Darka Mazi\" \/>\n<meta property=\"og:description\" content=\"58 \u00e7etey\u00ean Cebhet El Nusre \u00fb arte\u015fa azad a s\u00fbry\u00ea ku \u015fer\u00ea rojava ji bo teref\u00ea Erdogan dikin, di pev\u00e7\u00fbn\u00ean nav\u00e7ey\u00ean Zirgan \u00fb Tiltemir\u00ea de hatine ku\u015ftin. H\u00eaz\u00ean S\u00fbryaya demokrat\u00eek \u00eero roja \u015fem\u00ee 2\/11\/2019an amara \u015fer a 24 demjim\u00ear\u00ean derbas b\u00fby we\u015fand \u00fb t\u00eade hatiye tesb\u00eet kirin, li pev\u00e7\u00fbna duh roja \u00een\u00ee ya HSD\u2019\u00ea \u00fb [&hellip;]\" \/>\n<meta property=\"og:url\" content=\"https:\/\/darkamazi.site\/archives\/1007073\" \/>\n<meta property=\"og:site_name\" content=\"Darka Mazi\" \/>\n<meta property=\"article:publisher\" content=\"https:\/\/www.facebook.com\/DarkaMaziturkce\" \/>\n<meta property=\"article:published_time\" content=\"2019-11-02T15:50:01+00:00\" \/>\n<meta property=\"article:modified_time\" content=\"2019-11-02T15:50:34+00:00\" \/>\n<meta property=\"og:image\" content=\"https:\/\/darkamazi.site\/file\/2019\/11\/12.jpg\" \/>\n\t<meta property=\"og:image:width\" content=\"790\" \/>\n\t<meta property=\"og:image:height\" content=\"440\" \/>\n\t<meta property=\"og:image:type\" content=\"image\/jpeg\" \/>\n<meta name=\"author\" content=\"darka mazi\" \/>\n<meta name=\"twitter:card\" content=\"summary_large_image\" \/>\n<meta name=\"twitter:creator\" content=\"@DarkaMaziTurkce\" \/>\n<meta name=\"twitter:site\" content=\"@DarkaMaziTurkce\" \/>\n<meta name=\"twitter:label1\" content=\"Written by\" \/>\n\t<meta name=\"twitter:data1\" content=\"darka mazi\" \/>\n\t<meta name=\"twitter:label2\" content=\"Est. reading time\" \/>\n\t<meta name=\"twitter:data2\" content=\"1 minute\" \/>\n<script type=\"application\/ld+json\" class=\"seo-schema-graph\">{\"@context\":\"https:\\\/\\\/schema.org\",\"@graph\":[{\"@type\":\"NewsArticle\",\"@id\":\"https:\\\/\\\/darkamazi.site\\\/archives\\\/1007073#article\",\"isPartOf\":{\"@id\":\"https:\\\/\\\/darkamazi.site\\\/archives\\\/1007073\"},\"author\":{\"name\":\"darka mazi\",\"@id\":\"https:\\\/\\\/darkamazi.site\\\/#\\\/schema\\\/person\\\/67986a95ac546c16760365877ef4a9d3\"},\"headline\":\"Til Temer ve Zirgan T\u00fcrkiye \u00e7etelerine mezar oluyor\",\"datePublished\":\"2019-11-02T15:50:01+00:00\",\"dateModified\":\"2019-11-02T15:50:34+00:00\",\"mainEntityOfPage\":{\"@id\":\"https:\\\/\\\/darkamazi.site\\\/archives\\\/1007073\"},\"wordCount\":202,\"publisher\":{\"@id\":\"https:\\\/\\\/darkamazi.site\\\/#organization\"},\"image\":{\"@id\":\"https:\\\/\\\/darkamazi.site\\\/archives\\\/1007073#primaryimage\"},\"thumbnailUrl\":\"https:\\\/\\\/darkamazi.site\\\/darka-content\\\/uploads\\\/2019\\\/11\\\/12.jpg\",\"articleSection\":[\"Kurdistan\"],\"inLanguage\":\"en-US\"},{\"@type\":\"WebPage\",\"@id\":\"https:\\\/\\\/darkamazi.site\\\/archives\\\/1007073\",\"url\":\"https:\\\/\\\/darkamazi.site\\\/archives\\\/1007073\",\"name\":\"Til Temer ve Zirgan T\u00fcrkiye \u00e7etelerine mezar oluyor - Darka Mazi\",\"isPartOf\":{\"@id\":\"https:\\\/\\\/darkamazi.site\\\/#website\"},\"primaryImageOfPage\":{\"@id\":\"https:\\\/\\\/darkamazi.site\\\/archives\\\/1007073#primaryimage\"},\"image\":{\"@id\":\"https:\\\/\\\/darkamazi.site\\\/archives\\\/1007073#primaryimage\"},\"thumbnailUrl\":\"https:\\\/\\\/darkamazi.site\\\/darka-content\\\/uploads\\\/2019\\\/11\\\/12.jpg\",\"datePublished\":\"2019-11-02T15:50:01+00:00\",\"dateModified\":\"2019-11-02T15:50:34+00:00\",\"breadcrumb\":{\"@id\":\"https:\\\/\\\/darkamazi.site\\\/archives\\\/1007073#breadcrumb\"},\"inLanguage\":\"en-US\",\"potentialAction\":[{\"@type\":\"ReadAction\",\"target\":[\"https:\\\/\\\/darkamazi.site\\\/archives\\\/1007073\"]}]},{\"@type\":\"ImageObject\",\"inLanguage\":\"en-US\",\"@id\":\"https:\\\/\\\/darkamazi.site\\\/archives\\\/1007073#primaryimage\",\"url\":\"https:\\\/\\\/darkamazi.site\\\/darka-content\\\/uploads\\\/2019\\\/11\\\/12.jpg\",\"contentUrl\":\"https:\\\/\\\/darkamazi.site\\\/darka-content\\\/uploads\\\/2019\\\/11\\\/12.jpg\",\"width\":790,\"height\":440,\"caption\":\"Til Temer ve Zirgan T\u00fcrkiye \u00e7etelerine mezar oluyor\"},{\"@type\":\"BreadcrumbList\",\"@id\":\"https:\\\/\\\/darkamazi.site\\\/archives\\\/1007073#breadcrumb\",\"itemListElement\":[{\"@type\":\"ListItem\",\"position\":1,\"name\":\"Home\",\"item\":\"https:\\\/\\\/darkamazi.site\\\/\"},{\"@type\":\"ListItem\",\"position\":2,\"name\":\"Til Temer ve Zirgan T\u00fcrkiye \u00e7etelerine mezar oluyor\"}]},{\"@type\":\"WebSite\",\"@id\":\"https:\\\/\\\/darkamazi.site\\\/#website\",\"url\":\"https:\\\/\\\/darkamazi.site\\\/\",\"name\":\"Darka Mazi\",\"description\":\"Ana Sayfa\",\"publisher\":{\"@id\":\"https:\\\/\\\/darkamazi.site\\\/#organization\"},\"potentialAction\":[{\"@type\":\"SearchAction\",\"target\":{\"@type\":\"EntryPoint\",\"urlTemplate\":\"https:\\\/\\\/darkamazi.site\\\/?s={search_term_string}\"},\"query-input\":{\"@type\":\"PropertyValueSpecification\",\"valueRequired\":true,\"valueName\":\"search_term_string\"}}],\"inLanguage\":\"en-US\"},{\"@type\":\"Organization\",\"@id\":\"https:\\\/\\\/darkamazi.site\\\/#organization\",\"name\":\"Darka Mazi T\u00fcrk\u00e7e\",\"alternateName\":\"Darka Mazi\",\"url\":\"https:\\\/\\\/darkamazi.site\\\/\",\"logo\":{\"@type\":\"ImageObject\",\"inLanguage\":\"en-US\",\"@id\":\"https:\\\/\\\/darkamazi.site\\\/#\\\/schema\\\/logo\\\/image\\\/\",\"url\":\"https:\\\/\\\/darkamazi.site\\\/darka-content\\\/uploads\\\/2017\\\/12\\\/darka-mazi-logo.png\",\"contentUrl\":\"https:\\\/\\\/darkamazi.site\\\/darka-content\\\/uploads\\\/2017\\\/12\\\/darka-mazi-logo.png\",\"width\":151,\"height\":75,\"caption\":\"Darka Mazi T\u00fcrk\u00e7e\"},\"image\":{\"@id\":\"https:\\\/\\\/darkamazi.site\\\/#\\\/schema\\\/logo\\\/image\\\/\"},\"sameAs\":[\"https:\\\/\\\/www.facebook.com\\\/DarkaMaziturkce\",\"https:\\\/\\\/x.com\\\/DarkaMaziTurkce\"]},{\"@type\":\"Person\",\"@id\":\"https:\\\/\\\/darkamazi.site\\\/#\\\/schema\\\/person\\\/67986a95ac546c16760365877ef4a9d3\",\"name\":\"darka mazi\",\"sameAs\":[\"https:\\\/\\\/darkamazi.site\"],\"url\":\"https:\\\/\\\/darkamazi.site\\\/archives\\\/author\\\/turkish\"}]}<\/script>\n<!-- \/ Yoast SEO plugin. -->","seo_head_json":{"title":"Til Temer ve Zirgan T\u00fcrkiye \u00e7etelerine mezar oluyor - Darka Mazi","robots":{"index":"index","follow":"follow","max-snippet":"max-snippet:-1","max-image-preview":"max-image-preview:large","max-video-preview":"max-video-preview:-1"},"canonical":"https:\/\/darkamazi.site\/archives\/1007073","og_locale":"en_US","og_type":"article","og_title":"Til Temer ve Zirgan T\u00fcrkiye \u00e7etelerine mezar oluyor - Darka Mazi","og_description":"58 \u00e7etey\u00ean Cebhet El Nusre \u00fb arte\u015fa azad a s\u00fbry\u00ea ku \u015fer\u00ea rojava ji bo teref\u00ea Erdogan dikin, di pev\u00e7\u00fbn\u00ean nav\u00e7ey\u00ean Zirgan \u00fb Tiltemir\u00ea de hatine ku\u015ftin. H\u00eaz\u00ean S\u00fbryaya demokrat\u00eek \u00eero roja \u015fem\u00ee 2\/11\/2019an amara \u015fer a 24 demjim\u00ear\u00ean derbas b\u00fby we\u015fand \u00fb t\u00eade hatiye tesb\u00eet kirin, li pev\u00e7\u00fbna duh roja \u00een\u00ee ya HSD\u2019\u00ea \u00fb [&hellip;]","og_url":"https:\/\/darkamazi.site\/archives\/1007073","og_site_name":"Darka Mazi","article_publisher":"https:\/\/www.facebook.com\/DarkaMaziturkce","article_published_time":"2019-11-02T15:50:01+00:00","article_modified_time":"2019-11-02T15:50:34+00:00","og_image":[{"width":790,"height":440,"url":"https:\/\/darkamazi.site\/file\/2019\/11\/12.jpg","type":"image\/jpeg"}],"author":"darka mazi","twitter_card":"summary_large_image","twitter_creator":"@DarkaMaziTurkce","twitter_site":"@DarkaMaziTurkce","twitter_misc":{"Written by":"darka mazi","Est. reading time":"1 minute"},"schema":{"@context":"https:\/\/schema.org","@graph":[{"@type":"NewsArticle","@id":"https:\/\/darkamazi.site\/archives\/1007073#article","isPartOf":{"@id":"https:\/\/darkamazi.site\/archives\/1007073"},"author":{"name":"darka mazi","@id":"https:\/\/darkamazi.site\/#\/schema\/person\/67986a95ac546c16760365877ef4a9d3"},"headline":"Til Temer ve Zirgan T\u00fcrkiye \u00e7etelerine mezar oluyor","datePublished":"2019-11-02T15:50:01+00:00","dateModified":"2019-11-02T15:50:34+00:00","mainEntityOfPage":{"@id":"https:\/\/darkamazi.site\/archives\/1007073"},"wordCount":202,"publisher":{"@id":"https:\/\/darkamazi.site\/#organization"},"image":{"@id":"https:\/\/darkamazi.site\/archives\/1007073#primaryimage"},"thumbnailUrl":"https:\/\/darkamazi.site\/file\/2019\/11\/12.jpg","articleSection":["Kurdistan"],"inLanguage":"en-US"},{"@type":"WebPage","@id":"https:\/\/darkamazi.site\/archives\/1007073","url":"https:\/\/darkamazi.site\/archives\/1007073","name":"Til Temer ve Zirgan T\u00fcrkiye \u00e7etelerine mezar oluyor - Darka Mazi","isPartOf":{"@id":"https:\/\/darkamazi.site\/#website"},"primaryImageOfPage":{"@id":"https:\/\/darkamazi.site\/archives\/1007073#primaryimage"},"image":{"@id":"https:\/\/darkamazi.site\/archives\/1007073#primaryimage"},"thumbnailUrl":"https:\/\/darkamazi.site\/file\/2019\/11\/12.jpg","datePublished":"2019-11-02T15:50:01+00:00","dateModified":"2019-11-02T15:50:34+00:00","breadcrumb":{"@id":"https:\/\/darkamazi.site\/archives\/1007073#breadcrumb"},"inLanguage":"en-US","potentialAction":[{"@type":"ReadAction","target":["https:\/\/darkamazi.site\/archives\/1007073"]}]},{"@type":"ImageObject","inLanguage":"en-US","@id":"https:\/\/darkamazi.site\/archives\/1007073#primaryimage","url":"https:\/\/darkamazi.site\/file\/2019\/11\/12.jpg","contentUrl":"https:\/\/darkamazi.site\/file\/2019\/11\/12.jpg","width":790,"height":440,"caption":"Til Temer ve Zirgan T\u00fcrkiye \u00e7etelerine mezar oluyor"},{"@type":"BreadcrumbList","@id":"https:\/\/darkamazi.site\/archives\/1007073#breadcrumb","itemListElement":[{"@type":"ListItem","position":1,"name":"Home","item":"https:\/\/darkamazi.site\/"},{"@type":"ListItem","position":2,"name":"Til Temer ve Zirgan T\u00fcrkiye \u00e7etelerine mezar oluyor"}]},{"@type":"WebSite","@id":"https:\/\/darkamazi.site\/#website","url":"https:\/\/darkamazi.site\/","name":"Darka Mazi","description":"Ana Sayfa","publisher":{"@id":"https:\/\/darkamazi.site\/#organization"},"potentialAction":[{"@type":"SearchAction","target":{"@type":"EntryPoint","urlTemplate":"https:\/\/darkamazi.site\/?s={search_term_string}"},"query-input":{"@type":"PropertyValueSpecification","valueRequired":true,"valueName":"search_term_string"}}],"inLanguage":"en-US"},{"@type":"Organization","@id":"https:\/\/darkamazi.site\/#organization","name":"Darka Mazi T\u00fcrk\u00e7e","alternateName":"Darka Mazi","url":"https:\/\/darkamazi.site\/","logo":{"@type":"ImageObject","inLanguage":"en-US","@id":"https:\/\/darkamazi.site\/#\/schema\/logo\/image\/","url":"https:\/\/darkamazi.site\/file\/2017\/12\/darka-mazi-logo.png","contentUrl":"https:\/\/darkamazi.site\/file\/2017\/12\/darka-mazi-logo.png","width":151,"height":75,"caption":"Darka Mazi T\u00fcrk\u00e7e"},"image":{"@id":"https:\/\/darkamazi.site\/#\/schema\/logo\/image\/"},"sameAs":["https:\/\/www.facebook.com\/DarkaMaziturkce","https:\/\/x.com\/DarkaMaziTurkce"]},{"@type":"Person","@id":"https:\/\/darkamazi.site\/#\/schema\/person\/67986a95ac546c16760365877ef4a9d3","name":"darka mazi","sameAs":["https:\/\/darkamazi.site"],"url":"https:\/\/darkamazi.site\/archives\/author\/turkish"}]}},"_links":{"self":[{"href":"https:\/\/darkamazi.site\/funavuv\/wp\/v2\/posts\/1007073","targetHints":{"allow":["GET"]}}],"collection":[{"href":"https:\/\/darkamazi.site\/funavuv\/wp\/v2\/posts"}],"about":[{"href":"https:\/\/darkamazi.site\/funavuv\/wp\/v2\/types\/post"}],"author":[{"embeddable":true,"href":"https:\/\/darkamazi.site\/funavuv\/wp\/v2\/users\/2"}],"replies":[{"embeddable":true,"href":"https:\/\/darkamazi.site\/funavuv\/wp\/v2\/comments?post=1007073"}],"version-history":[{"count":0,"href":"https:\/\/darkamazi.site\/funavuv\/wp\/v2\/posts\/1007073\/revisions"}],"wp:featuredmedia":[{"embeddable":true,"href":"https:\/\/darkamazi.site\/funavuv\/wp\/v2\/media\/1007074"}],"wp:attachment":[{"href":"https:\/\/darkamazi.site\/funavuv\/wp\/v2\/media?parent=1007073"}],"wp:term":[{"taxonomy":"category","embeddable":true,"href":"https:\/\/darkamazi.site\/funavuv\/wp\/v2\/categories?post=1007073"},{"taxonomy":"post_tag","embeddable":true,"href":"https:\/\/darkamazi.site\/funavuv\/wp\/v2\/tags?post=1007073"}],"curies":[{"name":"wp","href":"https:\/\/api.w.org\/{rel}","templated":true}]}}