{"id":1007079,"date":"2019-11-02T19:24:00","date_gmt":"2019-11-02T16:24:00","guid":{"rendered":"https:\/\/darkamazi.site\/?p=1007079"},"modified":"2019-11-04T13:08:41","modified_gmt":"2019-11-04T10:08:41","slug":"gire-spide-patlama-cok-sayida-olu-ve-yarali-var","status":"publish","type":"post","link":"https:\/\/darkamazi.site\/archives\/1007079","title":{"rendered":"Gir\u00ea Sp\u00ee\u2019de patlama \u00e7ok say\u0131da \u00f6l\u00fc ve yaral\u0131 var"},"content":{"rendered":"<p>Gir\u00ea Sp\u00ee\u2019de patlama \u00e7ok say\u0131da \u00f6l\u00fc ve yaral\u0131 var<\/p>\n<p>Rojava K\u00fcrdistan\u0131\u2019n\u0131n Gir\u00ea Sp\u00ee kentinde d\u00fczenlenen bombal\u0131 sald\u0131r\u0131da en az 30 ki\u015finin \u00f6ld\u00fc\u011f\u00fc belirtildi. Kent merkezinde bulunan pazar yerinde \u00f6\u011fleden sonra bomba y\u00fckl\u00fc ara\u00e7la sald\u0131r\u0131 d\u00fczenlendi.<\/p>\n<p>Patlama T\u00fcrkiye\u2019ye ba\u011fl\u0131 \u00d6zg\u00fcr Suriye Ordusu \u00fcyelerinin bulundu\u011fu yerde oldu. \u00c7evrede sivillerinde oldu\u011fu san\u0131l\u0131yor.<\/p>\n<p>B\u00fcy\u00fck g\u00fcr\u00fclt\u00fcyle meydana gelen patlaman\u0131n ard\u0131ndan olay yerine \u00e7ok say\u0131da sa\u011fl\u0131k ekibi sevk edildi.<\/p>\n<div style=\"width: 1280px;\" class=\"darka-video\"><video class=\"darka-video-shortcode\" id=\"video-1007079-1\" width=\"1280\" height=\"720\" preload=\"metadata\" controls=\"controls\"><source type=\"video\/mp4\" src=\"https:\/\/darkamazi.site\/file\/2019\/11\/Li-gir\u00ea-sp\u00ee-erbeyeke-may\u00eenkir\u00ee-bi-arte\u015fa-azad-ve-teqya-1.mp4?_=1\" \/><a href=\"https:\/\/darkamazi.site\/file\/2019\/11\/Li-gir\u00ea-sp\u00ee-erbeyeke-may\u00eenkir\u00ee-bi-arte\u015fa-azad-ve-teqya-1.mp4\">https:\/\/darkamazi.site\/file\/2019\/11\/Li-gir\u00ea-sp\u00ee-erbeyeke-may\u00eenkir\u00ee-bi-arte\u015fa-azad-ve-teqya-1.mp4<\/a><\/video><\/div>\n","protected":false},"excerpt":{"rendered":"<p>Gir\u00ea Sp\u00ee\u2019de patlama \u00e7ok say\u0131da \u00f6l\u00fc ve yaral\u0131 var Rojava K\u00fcrdistan\u0131\u2019n\u0131n Gir\u00ea Sp\u00ee kentinde d\u00fczenlenen bombal\u0131 sald\u0131r\u0131da en az 30 ki\u015finin \u00f6ld\u00fc\u011f\u00fc belirtildi. Kent merkezinde bulunan pazar yerinde \u00f6\u011fleden sonra bomba y\u00fckl\u00fc ara\u00e7la sald\u0131r\u0131 d\u00fczenlendi. Patlama T\u00fcrkiye\u2019ye ba\u011fl\u0131 \u00d6zg\u00fcr Suriye Ordusu \u00fcyelerinin bulundu\u011fu yerde oldu. \u00c7evrede sivillerinde oldu\u011fu san\u0131l\u0131yor. B\u00fcy\u00fck g\u00fcr\u00fclt\u00fcyle meydana gelen patlaman\u0131n ard\u0131ndan [&hellip;]<\/p>\n","protected":false},"author":2,"featured_media":1007080,"comment_status":"closed","ping_status":"closed","sticky":false,"template":"","format":"video","meta":{"footnotes":""},"categories":[3],"tags":[],"class_list":["post-1007079","post","type-post","status-publish","format-video","has-post-thumbnail","hentry","category-kurdistan","post_format-post-format-video"],"blocksy_meta":[],"seo_head":"<!-- This site is optimized with the Yoast SEO plugin v27.5 - https:\/\/yoast.com\/product\/yoast-seo-wordpress\/ -->\n<title>Gir\u00ea Sp\u00ee\u2019de patlama \u00e7ok say\u0131da \u00f6l\u00fc ve yaral\u0131 var - Darka Mazi<\/title>\n<meta name=\"robots\" content=\"index, follow, max-snippet:-1, max-image-preview:large, max-video-preview:-1\" \/>\n<link rel=\"canonical\" href=\"https:\/\/darkamazi.site\/archives\/1007079\" \/>\n<meta property=\"og:locale\" content=\"en_US\" \/>\n<meta property=\"og:type\" content=\"article\" \/>\n<meta property=\"og:title\" content=\"Gir\u00ea Sp\u00ee\u2019de patlama \u00e7ok say\u0131da \u00f6l\u00fc ve yaral\u0131 var - Darka Mazi\" \/>\n<meta property=\"og:description\" content=\"Gir\u00ea Sp\u00ee\u2019de patlama \u00e7ok say\u0131da \u00f6l\u00fc ve yaral\u0131 var Rojava K\u00fcrdistan\u0131\u2019n\u0131n Gir\u00ea Sp\u00ee kentinde d\u00fczenlenen bombal\u0131 sald\u0131r\u0131da en az 30 ki\u015finin \u00f6ld\u00fc\u011f\u00fc belirtildi. Kent merkezinde bulunan pazar yerinde \u00f6\u011fleden sonra bomba y\u00fckl\u00fc ara\u00e7la sald\u0131r\u0131 d\u00fczenlendi. Patlama T\u00fcrkiye\u2019ye ba\u011fl\u0131 \u00d6zg\u00fcr Suriye Ordusu \u00fcyelerinin bulundu\u011fu yerde oldu. \u00c7evrede sivillerinde oldu\u011fu san\u0131l\u0131yor. B\u00fcy\u00fck g\u00fcr\u00fclt\u00fcyle meydana gelen patlaman\u0131n ard\u0131ndan [&hellip;]\" \/>\n<meta property=\"og:url\" content=\"https:\/\/darkamazi.site\/archives\/1007079\" \/>\n<meta property=\"og:site_name\" content=\"Darka Mazi\" \/>\n<meta property=\"article:publisher\" content=\"https:\/\/www.facebook.com\/DarkaMaziturkce\" \/>\n<meta property=\"article:published_time\" content=\"2019-11-02T16:24:00+00:00\" \/>\n<meta property=\"article:modified_time\" content=\"2019-11-04T10:08:41+00:00\" \/>\n<meta property=\"og:image\" content=\"https:\/\/darkamazi.site\/file\/2019\/11\/Gire-Spi.jpg\" \/>\n\t<meta property=\"og:image:width\" content=\"1080\" \/>\n\t<meta property=\"og:image:height\" content=\"607\" \/>\n\t<meta property=\"og:image:type\" content=\"image\/jpeg\" \/>\n<meta name=\"author\" content=\"darka mazi\" \/>\n<meta name=\"twitter:card\" content=\"summary_large_image\" \/>\n<meta name=\"twitter:creator\" content=\"@DarkaMaziTurkce\" \/>\n<meta name=\"twitter:site\" content=\"@DarkaMaziTurkce\" \/>\n<meta name=\"twitter:label1\" content=\"Written by\" \/>\n\t<meta name=\"twitter:data1\" content=\"darka mazi\" \/>\n\t<meta name=\"twitter:label2\" content=\"Est. reading time\" \/>\n\t<meta name=\"twitter:data2\" content=\"1 minute\" \/>\n<script type=\"application\/ld+json\" class=\"seo-schema-graph\">{\"@context\":\"https:\\\/\\\/schema.org\",\"@graph\":[{\"@type\":\"NewsArticle\",\"@id\":\"https:\\\/\\\/darkamazi.site\\\/archives\\\/1007079#article\",\"isPartOf\":{\"@id\":\"https:\\\/\\\/darkamazi.site\\\/archives\\\/1007079\"},\"author\":{\"name\":\"darka mazi\",\"@id\":\"https:\\\/\\\/darkamazi.site\\\/#\\\/schema\\\/person\\\/67986a95ac546c16760365877ef4a9d3\"},\"headline\":\"Gir\u00ea Sp\u00ee\u2019de patlama \u00e7ok say\u0131da \u00f6l\u00fc ve yaral\u0131 var\",\"datePublished\":\"2019-11-02T16:24:00+00:00\",\"dateModified\":\"2019-11-04T10:08:41+00:00\",\"mainEntityOfPage\":{\"@id\":\"https:\\\/\\\/darkamazi.site\\\/archives\\\/1007079\"},\"wordCount\":121,\"publisher\":{\"@id\":\"https:\\\/\\\/darkamazi.site\\\/#organization\"},\"image\":{\"@id\":\"https:\\\/\\\/darkamazi.site\\\/archives\\\/1007079#primaryimage\"},\"thumbnailUrl\":\"https:\\\/\\\/darkamazi.site\\\/darka-content\\\/uploads\\\/2019\\\/11\\\/Gire-Spi.jpg\",\"articleSection\":[\"Kurdistan\"],\"inLanguage\":\"en-US\"},{\"@type\":\"WebPage\",\"@id\":\"https:\\\/\\\/darkamazi.site\\\/archives\\\/1007079\",\"url\":\"https:\\\/\\\/darkamazi.site\\\/archives\\\/1007079\",\"name\":\"Gir\u00ea Sp\u00ee\u2019de patlama \u00e7ok say\u0131da \u00f6l\u00fc ve yaral\u0131 var - Darka Mazi\",\"isPartOf\":{\"@id\":\"https:\\\/\\\/darkamazi.site\\\/#website\"},\"primaryImageOfPage\":{\"@id\":\"https:\\\/\\\/darkamazi.site\\\/archives\\\/1007079#primaryimage\"},\"image\":{\"@id\":\"https:\\\/\\\/darkamazi.site\\\/archives\\\/1007079#primaryimage\"},\"thumbnailUrl\":\"https:\\\/\\\/darkamazi.site\\\/darka-content\\\/uploads\\\/2019\\\/11\\\/Gire-Spi.jpg\",\"datePublished\":\"2019-11-02T16:24:00+00:00\",\"dateModified\":\"2019-11-04T10:08:41+00:00\",\"breadcrumb\":{\"@id\":\"https:\\\/\\\/darkamazi.site\\\/archives\\\/1007079#breadcrumb\"},\"inLanguage\":\"en-US\",\"potentialAction\":[{\"@type\":\"ReadAction\",\"target\":[\"https:\\\/\\\/darkamazi.site\\\/archives\\\/1007079\"]}]},{\"@type\":\"ImageObject\",\"inLanguage\":\"en-US\",\"@id\":\"https:\\\/\\\/darkamazi.site\\\/archives\\\/1007079#primaryimage\",\"url\":\"https:\\\/\\\/darkamazi.site\\\/darka-content\\\/uploads\\\/2019\\\/11\\\/Gire-Spi.jpg\",\"contentUrl\":\"https:\\\/\\\/darkamazi.site\\\/darka-content\\\/uploads\\\/2019\\\/11\\\/Gire-Spi.jpg\",\"width\":1080,\"height\":607,\"caption\":\"Gir\u00ea Sp\u00ee\u2019de patlama \u00e7ok say\u0131da \u00f6l\u00fc ve yaral\u0131 var\"},{\"@type\":\"BreadcrumbList\",\"@id\":\"https:\\\/\\\/darkamazi.site\\\/archives\\\/1007079#breadcrumb\",\"itemListElement\":[{\"@type\":\"ListItem\",\"position\":1,\"name\":\"Home\",\"item\":\"https:\\\/\\\/darkamazi.site\\\/\"},{\"@type\":\"ListItem\",\"position\":2,\"name\":\"Gir\u00ea Sp\u00ee\u2019de patlama \u00e7ok say\u0131da \u00f6l\u00fc ve yaral\u0131 var\"}]},{\"@type\":\"WebSite\",\"@id\":\"https:\\\/\\\/darkamazi.site\\\/#website\",\"url\":\"https:\\\/\\\/darkamazi.site\\\/\",\"name\":\"Darka Mazi\",\"description\":\"Ana Sayfa\",\"publisher\":{\"@id\":\"https:\\\/\\\/darkamazi.site\\\/#organization\"},\"potentialAction\":[{\"@type\":\"SearchAction\",\"target\":{\"@type\":\"EntryPoint\",\"urlTemplate\":\"https:\\\/\\\/darkamazi.site\\\/?s={search_term_string}\"},\"query-input\":{\"@type\":\"PropertyValueSpecification\",\"valueRequired\":true,\"valueName\":\"search_term_string\"}}],\"inLanguage\":\"en-US\"},{\"@type\":\"Organization\",\"@id\":\"https:\\\/\\\/darkamazi.site\\\/#organization\",\"name\":\"Darka Mazi T\u00fcrk\u00e7e\",\"alternateName\":\"Darka Mazi\",\"url\":\"https:\\\/\\\/darkamazi.site\\\/\",\"logo\":{\"@type\":\"ImageObject\",\"inLanguage\":\"en-US\",\"@id\":\"https:\\\/\\\/darkamazi.site\\\/#\\\/schema\\\/logo\\\/image\\\/\",\"url\":\"https:\\\/\\\/darkamazi.site\\\/darka-content\\\/uploads\\\/2017\\\/12\\\/darka-mazi-logo.png\",\"contentUrl\":\"https:\\\/\\\/darkamazi.site\\\/darka-content\\\/uploads\\\/2017\\\/12\\\/darka-mazi-logo.png\",\"width\":151,\"height\":75,\"caption\":\"Darka Mazi T\u00fcrk\u00e7e\"},\"image\":{\"@id\":\"https:\\\/\\\/darkamazi.site\\\/#\\\/schema\\\/logo\\\/image\\\/\"},\"sameAs\":[\"https:\\\/\\\/www.facebook.com\\\/DarkaMaziturkce\",\"https:\\\/\\\/x.com\\\/DarkaMaziTurkce\"]},{\"@type\":\"Person\",\"@id\":\"https:\\\/\\\/darkamazi.site\\\/#\\\/schema\\\/person\\\/67986a95ac546c16760365877ef4a9d3\",\"name\":\"darka mazi\",\"sameAs\":[\"https:\\\/\\\/darkamazi.site\"],\"url\":\"https:\\\/\\\/darkamazi.site\\\/archives\\\/author\\\/turkish\"}]}<\/script>\n<!-- \/ Yoast SEO plugin. -->","seo_head_json":{"title":"Gir\u00ea Sp\u00ee\u2019de patlama \u00e7ok say\u0131da \u00f6l\u00fc ve yaral\u0131 var - Darka Mazi","robots":{"index":"index","follow":"follow","max-snippet":"max-snippet:-1","max-image-preview":"max-image-preview:large","max-video-preview":"max-video-preview:-1"},"canonical":"https:\/\/darkamazi.site\/archives\/1007079","og_locale":"en_US","og_type":"article","og_title":"Gir\u00ea Sp\u00ee\u2019de patlama \u00e7ok say\u0131da \u00f6l\u00fc ve yaral\u0131 var - Darka Mazi","og_description":"Gir\u00ea Sp\u00ee\u2019de patlama \u00e7ok say\u0131da \u00f6l\u00fc ve yaral\u0131 var Rojava K\u00fcrdistan\u0131\u2019n\u0131n Gir\u00ea Sp\u00ee kentinde d\u00fczenlenen bombal\u0131 sald\u0131r\u0131da en az 30 ki\u015finin \u00f6ld\u00fc\u011f\u00fc belirtildi. Kent merkezinde bulunan pazar yerinde \u00f6\u011fleden sonra bomba y\u00fckl\u00fc ara\u00e7la sald\u0131r\u0131 d\u00fczenlendi. Patlama T\u00fcrkiye\u2019ye ba\u011fl\u0131 \u00d6zg\u00fcr Suriye Ordusu \u00fcyelerinin bulundu\u011fu yerde oldu. \u00c7evrede sivillerinde oldu\u011fu san\u0131l\u0131yor. B\u00fcy\u00fck g\u00fcr\u00fclt\u00fcyle meydana gelen patlaman\u0131n ard\u0131ndan [&hellip;]","og_url":"https:\/\/darkamazi.site\/archives\/1007079","og_site_name":"Darka Mazi","article_publisher":"https:\/\/www.facebook.com\/DarkaMaziturkce","article_published_time":"2019-11-02T16:24:00+00:00","article_modified_time":"2019-11-04T10:08:41+00:00","og_image":[{"width":1080,"height":607,"url":"https:\/\/darkamazi.site\/file\/2019\/11\/Gire-Spi.jpg","type":"image\/jpeg"}],"author":"darka mazi","twitter_card":"summary_large_image","twitter_creator":"@DarkaMaziTurkce","twitter_site":"@DarkaMaziTurkce","twitter_misc":{"Written by":"darka mazi","Est. reading time":"1 minute"},"schema":{"@context":"https:\/\/schema.org","@graph":[{"@type":"NewsArticle","@id":"https:\/\/darkamazi.site\/archives\/1007079#article","isPartOf":{"@id":"https:\/\/darkamazi.site\/archives\/1007079"},"author":{"name":"darka mazi","@id":"https:\/\/darkamazi.site\/#\/schema\/person\/67986a95ac546c16760365877ef4a9d3"},"headline":"Gir\u00ea Sp\u00ee\u2019de patlama \u00e7ok say\u0131da \u00f6l\u00fc ve yaral\u0131 var","datePublished":"2019-11-02T16:24:00+00:00","dateModified":"2019-11-04T10:08:41+00:00","mainEntityOfPage":{"@id":"https:\/\/darkamazi.site\/archives\/1007079"},"wordCount":121,"publisher":{"@id":"https:\/\/darkamazi.site\/#organization"},"image":{"@id":"https:\/\/darkamazi.site\/archives\/1007079#primaryimage"},"thumbnailUrl":"https:\/\/darkamazi.site\/file\/2019\/11\/Gire-Spi.jpg","articleSection":["Kurdistan"],"inLanguage":"en-US"},{"@type":"WebPage","@id":"https:\/\/darkamazi.site\/archives\/1007079","url":"https:\/\/darkamazi.site\/archives\/1007079","name":"Gir\u00ea Sp\u00ee\u2019de patlama \u00e7ok say\u0131da \u00f6l\u00fc ve yaral\u0131 var - Darka Mazi","isPartOf":{"@id":"https:\/\/darkamazi.site\/#website"},"primaryImageOfPage":{"@id":"https:\/\/darkamazi.site\/archives\/1007079#primaryimage"},"image":{"@id":"https:\/\/darkamazi.site\/archives\/1007079#primaryimage"},"thumbnailUrl":"https:\/\/darkamazi.site\/file\/2019\/11\/Gire-Spi.jpg","datePublished":"2019-11-02T16:24:00+00:00","dateModified":"2019-11-04T10:08:41+00:00","breadcrumb":{"@id":"https:\/\/darkamazi.site\/archives\/1007079#breadcrumb"},"inLanguage":"en-US","potentialAction":[{"@type":"ReadAction","target":["https:\/\/darkamazi.site\/archives\/1007079"]}]},{"@type":"ImageObject","inLanguage":"en-US","@id":"https:\/\/darkamazi.site\/archives\/1007079#primaryimage","url":"https:\/\/darkamazi.site\/file\/2019\/11\/Gire-Spi.jpg","contentUrl":"https:\/\/darkamazi.site\/file\/2019\/11\/Gire-Spi.jpg","width":1080,"height":607,"caption":"Gir\u00ea Sp\u00ee\u2019de patlama \u00e7ok say\u0131da \u00f6l\u00fc ve yaral\u0131 var"},{"@type":"BreadcrumbList","@id":"https:\/\/darkamazi.site\/archives\/1007079#breadcrumb","itemListElement":[{"@type":"ListItem","position":1,"name":"Home","item":"https:\/\/darkamazi.site\/"},{"@type":"ListItem","position":2,"name":"Gir\u00ea Sp\u00ee\u2019de patlama \u00e7ok say\u0131da \u00f6l\u00fc ve yaral\u0131 var"}]},{"@type":"WebSite","@id":"https:\/\/darkamazi.site\/#website","url":"https:\/\/darkamazi.site\/","name":"Darka Mazi","description":"Ana Sayfa","publisher":{"@id":"https:\/\/darkamazi.site\/#organization"},"potentialAction":[{"@type":"SearchAction","target":{"@type":"EntryPoint","urlTemplate":"https:\/\/darkamazi.site\/?s={search_term_string}"},"query-input":{"@type":"PropertyValueSpecification","valueRequired":true,"valueName":"search_term_string"}}],"inLanguage":"en-US"},{"@type":"Organization","@id":"https:\/\/darkamazi.site\/#organization","name":"Darka Mazi T\u00fcrk\u00e7e","alternateName":"Darka Mazi","url":"https:\/\/darkamazi.site\/","logo":{"@type":"ImageObject","inLanguage":"en-US","@id":"https:\/\/darkamazi.site\/#\/schema\/logo\/image\/","url":"https:\/\/darkamazi.site\/file\/2017\/12\/darka-mazi-logo.png","contentUrl":"https:\/\/darkamazi.site\/file\/2017\/12\/darka-mazi-logo.png","width":151,"height":75,"caption":"Darka Mazi T\u00fcrk\u00e7e"},"image":{"@id":"https:\/\/darkamazi.site\/#\/schema\/logo\/image\/"},"sameAs":["https:\/\/www.facebook.com\/DarkaMaziturkce","https:\/\/x.com\/DarkaMaziTurkce"]},{"@type":"Person","@id":"https:\/\/darkamazi.site\/#\/schema\/person\/67986a95ac546c16760365877ef4a9d3","name":"darka mazi","sameAs":["https:\/\/darkamazi.site"],"url":"https:\/\/darkamazi.site\/archives\/author\/turkish"}]}},"_links":{"self":[{"href":"https:\/\/darkamazi.site\/funavuv\/wp\/v2\/posts\/1007079","targetHints":{"allow":["GET"]}}],"collection":[{"href":"https:\/\/darkamazi.site\/funavuv\/wp\/v2\/posts"}],"about":[{"href":"https:\/\/darkamazi.site\/funavuv\/wp\/v2\/types\/post"}],"author":[{"embeddable":true,"href":"https:\/\/darkamazi.site\/funavuv\/wp\/v2\/users\/2"}],"replies":[{"embeddable":true,"href":"https:\/\/darkamazi.site\/funavuv\/wp\/v2\/comments?post=1007079"}],"version-history":[{"count":0,"href":"https:\/\/darkamazi.site\/funavuv\/wp\/v2\/posts\/1007079\/revisions"}],"wp:featuredmedia":[{"embeddable":true,"href":"https:\/\/darkamazi.site\/funavuv\/wp\/v2\/media\/1007080"}],"wp:attachment":[{"href":"https:\/\/darkamazi.site\/funavuv\/wp\/v2\/media?parent=1007079"}],"wp:term":[{"taxonomy":"category","embeddable":true,"href":"https:\/\/darkamazi.site\/funavuv\/wp\/v2\/categories?post=1007079"},{"taxonomy":"post_tag","embeddable":true,"href":"https:\/\/darkamazi.site\/funavuv\/wp\/v2\/tags?post=1007079"}],"curies":[{"name":"wp","href":"https:\/\/api.w.org\/{rel}","templated":true}]}}