{"id":1007092,"date":"2019-11-02T22:08:11","date_gmt":"2019-11-02T19:08:11","guid":{"rendered":"https:\/\/darkamazi.site\/?p=1007092"},"modified":"2026-03-31T16:45:39","modified_gmt":"2026-03-31T13:45:39","slug":"almanyadan-kurt-vatandaslarina-turkiye-ye-seyahat-uyarisi","status":"publish","type":"post","link":"https:\/\/darkamazi.site\/archives\/1007092","title":{"rendered":"ALMANYA\u2019DAN K\u00dcRT VATANDA\u015eLARINA  T\u00dcRK\u0130YE\u2019 YE SEYAHAT UYARISI"},"content":{"rendered":"<h2 style=\"text-align: justify\"><span style=\"font-family: 'arial black', sans-serif\"><strong>T\u00fcrkiye\u2019ye giden Alman vatanda\u015f\u0131 K\u00fcrtlerin tutuklanmas\u0131 D\u0131\u015fi\u015fleri bakanl\u0131\u011f\u0131n\u0131 harekete ge\u00e7irdi. Almanya h\u00fckmeti, t\u00fcrkiye\u2019ye seyahat edecek k\u00fcrt vatanda\u015flar\u0131n\u0131 uyard\u0131.<\/strong><\/span><\/h2>\n<h2 style=\"text-align: justify\">Der Spiegel Dergisi\u2019nin internet sayfas\u0131nda yer alan haberde, Almanya d\u0131\u015fi\u015fleri bakanl\u0131\u011f\u0131 \u00e7evrelerinden al\u0131nan bilgiye g\u00f6re ekim ay\u0131ndan bu yana 14\u00a0 Alman vatanda\u015f\u0131 K\u00fcrd\u00fcn T\u00fcrkiye\u2019de g\u00f6zalt\u0131na al\u0131nd\u0131\u011f\u0131 belirtiyor.<\/h2>\n<h2 style=\"text-align: justify\">T\u00fcrkiye, g\u00f6zalt\u0131na ald\u0131\u011f\u0131 alman vatanda\u015f\u0131 K\u00fcrt\u2019leri \u201cter\u00f6r \u00f6rg\u00fct\u00fc \u00fcyeli\u011fi ve ter\u00f6r propagandas\u0131\u201d yapmakla su\u00e7luyor.<\/h2>\n<h2 style=\"text-align: justify\">Der Spiegel dergisi; g\u00f6zalt\u0131na al\u0131nan vatanda\u015flar\u0131n avukat ve yak\u0131nlar\u0131n\u0131n ifadelerine g\u00f6re T\u00fcrk Devleti\u2019nin elinde Almanya\u2019da K\u00fcrt derneklerine \u00fcye olana ki\u015filerin listesi bulunuyor.<\/h2>\n<h2 style=\"text-align: justify\">\u00d6zellikle rojava i\u015fgali K\u00fcrt halk\u0131nda infiale yol a\u00e7m\u0131\u015f ve t\u00fcm Avrupa \u00fclkelerinde T\u00fcrkiye kar\u015f\u0131t\u0131 protesto g\u00f6sterileri d\u00fczenlenmi\u015fti.<\/h2>\n","protected":false},"excerpt":{"rendered":"<p>T\u00fcrkiye\u2019ye giden Alman vatanda\u015f\u0131 K\u00fcrtlerin tutuklanmas\u0131 D\u0131\u015fi\u015fleri bakanl\u0131\u011f\u0131n\u0131 harekete ge\u00e7irdi. Almanya h\u00fckmeti, t\u00fcrkiye\u2019ye seyahat edecek k\u00fcrt vatanda\u015flar\u0131n\u0131 uyard\u0131. Der Spiegel Dergisi\u2019nin internet sayfas\u0131nda yer alan haberde, Almanya d\u0131\u015fi\u015fleri bakanl\u0131\u011f\u0131 \u00e7evrelerinden al\u0131nan bilgiye g\u00f6re ekim ay\u0131ndan bu yana 14\u00a0 Alman vatanda\u015f\u0131 K\u00fcrd\u00fcn T\u00fcrkiye\u2019de g\u00f6zalt\u0131na al\u0131nd\u0131\u011f\u0131 belirtiyor. T\u00fcrkiye, g\u00f6zalt\u0131na ald\u0131\u011f\u0131 alman vatanda\u015f\u0131 K\u00fcrt\u2019leri \u201cter\u00f6r \u00f6rg\u00fct\u00fc \u00fcyeli\u011fi ve [&hellip;]<\/p>\n","protected":false},"author":2,"featured_media":1007094,"comment_status":"closed","ping_status":"closed","sticky":false,"template":"","format":"standard","meta":{"footnotes":""},"categories":[6],"tags":[],"class_list":["post-1007092","post","type-post","status-publish","format-standard","has-post-thumbnail","hentry","category-dunya"],"blocksy_meta":[],"seo_head":"<!-- This site is optimized with the Yoast SEO plugin v27.5 - https:\/\/yoast.com\/product\/yoast-seo-wordpress\/ -->\n<title>ALMANYA\u2019DAN K\u00dcRT VATANDA\u015eLARINA T\u00dcRK\u0130YE\u2019 YE SEYAHAT UYARISI - Darka Mazi<\/title>\n<meta name=\"robots\" content=\"index, follow, max-snippet:-1, max-image-preview:large, max-video-preview:-1\" \/>\n<link rel=\"canonical\" href=\"https:\/\/darkamazi.site\/archives\/1007092\" \/>\n<meta property=\"og:locale\" content=\"en_US\" \/>\n<meta property=\"og:type\" content=\"article\" \/>\n<meta property=\"og:title\" content=\"ALMANYA\u2019DAN K\u00dcRT VATANDA\u015eLARINA T\u00dcRK\u0130YE\u2019 YE SEYAHAT UYARISI - Darka Mazi\" \/>\n<meta property=\"og:description\" content=\"T\u00fcrkiye\u2019ye giden Alman vatanda\u015f\u0131 K\u00fcrtlerin tutuklanmas\u0131 D\u0131\u015fi\u015fleri bakanl\u0131\u011f\u0131n\u0131 harekete ge\u00e7irdi. Almanya h\u00fckmeti, t\u00fcrkiye\u2019ye seyahat edecek k\u00fcrt vatanda\u015flar\u0131n\u0131 uyard\u0131. Der Spiegel Dergisi\u2019nin internet sayfas\u0131nda yer alan haberde, Almanya d\u0131\u015fi\u015fleri bakanl\u0131\u011f\u0131 \u00e7evrelerinden al\u0131nan bilgiye g\u00f6re ekim ay\u0131ndan bu yana 14\u00a0 Alman vatanda\u015f\u0131 K\u00fcrd\u00fcn T\u00fcrkiye\u2019de g\u00f6zalt\u0131na al\u0131nd\u0131\u011f\u0131 belirtiyor. T\u00fcrkiye, g\u00f6zalt\u0131na ald\u0131\u011f\u0131 alman vatanda\u015f\u0131 K\u00fcrt\u2019leri \u201cter\u00f6r \u00f6rg\u00fct\u00fc \u00fcyeli\u011fi ve [&hellip;]\" \/>\n<meta property=\"og:url\" content=\"https:\/\/darkamazi.site\/archives\/1007092\" \/>\n<meta property=\"og:site_name\" content=\"Darka Mazi\" \/>\n<meta property=\"article:publisher\" content=\"https:\/\/www.facebook.com\/DarkaMaziturkce\" \/>\n<meta property=\"article:published_time\" content=\"2019-11-02T19:08:11+00:00\" \/>\n<meta property=\"article:modified_time\" content=\"2026-03-31T13:45:39+00:00\" \/>\n<meta property=\"og:image\" content=\"https:\/\/darkamazi.site\/file\/2019\/11\/almanya-724x475.jpg\" \/>\n\t<meta property=\"og:image:width\" content=\"724\" \/>\n\t<meta property=\"og:image:height\" content=\"475\" \/>\n\t<meta property=\"og:image:type\" content=\"image\/jpeg\" \/>\n<meta name=\"author\" content=\"darka mazi\" \/>\n<meta name=\"twitter:card\" content=\"summary_large_image\" \/>\n<meta name=\"twitter:creator\" content=\"@DarkaMaziTurkce\" \/>\n<meta name=\"twitter:site\" content=\"@DarkaMaziTurkce\" \/>\n<meta name=\"twitter:label1\" content=\"Written by\" \/>\n\t<meta name=\"twitter:data1\" content=\"darka mazi\" \/>\n\t<meta name=\"twitter:label2\" content=\"Est. reading time\" \/>\n\t<meta name=\"twitter:data2\" content=\"1 minute\" \/>\n<script type=\"application\/ld+json\" class=\"seo-schema-graph\">{\"@context\":\"https:\\\/\\\/schema.org\",\"@graph\":[{\"@type\":\"NewsArticle\",\"@id\":\"https:\\\/\\\/darkamazi.site\\\/archives\\\/1007092#article\",\"isPartOf\":{\"@id\":\"https:\\\/\\\/darkamazi.site\\\/archives\\\/1007092\"},\"author\":{\"name\":\"darka mazi\",\"@id\":\"https:\\\/\\\/darkamazi.site\\\/#\\\/schema\\\/person\\\/67986a95ac546c16760365877ef4a9d3\"},\"headline\":\"ALMANYA\u2019DAN K\u00dcRT VATANDA\u015eLARINA T\u00dcRK\u0130YE\u2019 YE SEYAHAT UYARISI\",\"datePublished\":\"2019-11-02T19:08:11+00:00\",\"dateModified\":\"2026-03-31T13:45:39+00:00\",\"mainEntityOfPage\":{\"@id\":\"https:\\\/\\\/darkamazi.site\\\/archives\\\/1007092\"},\"wordCount\":170,\"publisher\":{\"@id\":\"https:\\\/\\\/darkamazi.site\\\/#organization\"},\"image\":{\"@id\":\"https:\\\/\\\/darkamazi.site\\\/archives\\\/1007092#primaryimage\"},\"thumbnailUrl\":\"https:\\\/\\\/darkamazi.site\\\/darka-content\\\/uploads\\\/2019\\\/11\\\/almanya-724x475.jpg\",\"articleSection\":[\"D\u00fcnya\"],\"inLanguage\":\"en-US\"},{\"@type\":\"WebPage\",\"@id\":\"https:\\\/\\\/darkamazi.site\\\/archives\\\/1007092\",\"url\":\"https:\\\/\\\/darkamazi.site\\\/archives\\\/1007092\",\"name\":\"ALMANYA\u2019DAN K\u00dcRT VATANDA\u015eLARINA T\u00dcRK\u0130YE\u2019 YE SEYAHAT UYARISI - Darka Mazi\",\"isPartOf\":{\"@id\":\"https:\\\/\\\/darkamazi.site\\\/#website\"},\"primaryImageOfPage\":{\"@id\":\"https:\\\/\\\/darkamazi.site\\\/archives\\\/1007092#primaryimage\"},\"image\":{\"@id\":\"https:\\\/\\\/darkamazi.site\\\/archives\\\/1007092#primaryimage\"},\"thumbnailUrl\":\"https:\\\/\\\/darkamazi.site\\\/darka-content\\\/uploads\\\/2019\\\/11\\\/almanya-724x475.jpg\",\"datePublished\":\"2019-11-02T19:08:11+00:00\",\"dateModified\":\"2026-03-31T13:45:39+00:00\",\"breadcrumb\":{\"@id\":\"https:\\\/\\\/darkamazi.site\\\/archives\\\/1007092#breadcrumb\"},\"inLanguage\":\"en-US\",\"potentialAction\":[{\"@type\":\"ReadAction\",\"target\":[\"https:\\\/\\\/darkamazi.site\\\/archives\\\/1007092\"]}]},{\"@type\":\"ImageObject\",\"inLanguage\":\"en-US\",\"@id\":\"https:\\\/\\\/darkamazi.site\\\/archives\\\/1007092#primaryimage\",\"url\":\"https:\\\/\\\/darkamazi.site\\\/darka-content\\\/uploads\\\/2019\\\/11\\\/almanya-724x475.jpg\",\"contentUrl\":\"https:\\\/\\\/darkamazi.site\\\/darka-content\\\/uploads\\\/2019\\\/11\\\/almanya-724x475.jpg\",\"width\":724,\"height\":475,\"caption\":\"ALMANYA\u2019DAN K\u00dcRT VATANDA\u015eLARINA T\u00dcRK\u0130YE\u2019 YE SEYAHAT UYARISI\"},{\"@type\":\"BreadcrumbList\",\"@id\":\"https:\\\/\\\/darkamazi.site\\\/archives\\\/1007092#breadcrumb\",\"itemListElement\":[{\"@type\":\"ListItem\",\"position\":1,\"name\":\"Home\",\"item\":\"https:\\\/\\\/darkamazi.site\\\/\"},{\"@type\":\"ListItem\",\"position\":2,\"name\":\"ALMANYA\u2019DAN K\u00dcRT VATANDA\u015eLARINA T\u00dcRK\u0130YE\u2019 YE SEYAHAT UYARISI\"}]},{\"@type\":\"WebSite\",\"@id\":\"https:\\\/\\\/darkamazi.site\\\/#website\",\"url\":\"https:\\\/\\\/darkamazi.site\\\/\",\"name\":\"Darka Mazi\",\"description\":\"Ana Sayfa\",\"publisher\":{\"@id\":\"https:\\\/\\\/darkamazi.site\\\/#organization\"},\"potentialAction\":[{\"@type\":\"SearchAction\",\"target\":{\"@type\":\"EntryPoint\",\"urlTemplate\":\"https:\\\/\\\/darkamazi.site\\\/?s={search_term_string}\"},\"query-input\":{\"@type\":\"PropertyValueSpecification\",\"valueRequired\":true,\"valueName\":\"search_term_string\"}}],\"inLanguage\":\"en-US\"},{\"@type\":\"Organization\",\"@id\":\"https:\\\/\\\/darkamazi.site\\\/#organization\",\"name\":\"Darka Mazi T\u00fcrk\u00e7e\",\"alternateName\":\"Darka Mazi\",\"url\":\"https:\\\/\\\/darkamazi.site\\\/\",\"logo\":{\"@type\":\"ImageObject\",\"inLanguage\":\"en-US\",\"@id\":\"https:\\\/\\\/darkamazi.site\\\/#\\\/schema\\\/logo\\\/image\\\/\",\"url\":\"https:\\\/\\\/darkamazi.site\\\/darka-content\\\/uploads\\\/2017\\\/12\\\/darka-mazi-logo.png\",\"contentUrl\":\"https:\\\/\\\/darkamazi.site\\\/darka-content\\\/uploads\\\/2017\\\/12\\\/darka-mazi-logo.png\",\"width\":151,\"height\":75,\"caption\":\"Darka Mazi T\u00fcrk\u00e7e\"},\"image\":{\"@id\":\"https:\\\/\\\/darkamazi.site\\\/#\\\/schema\\\/logo\\\/image\\\/\"},\"sameAs\":[\"https:\\\/\\\/www.facebook.com\\\/DarkaMaziturkce\",\"https:\\\/\\\/x.com\\\/DarkaMaziTurkce\"]},{\"@type\":\"Person\",\"@id\":\"https:\\\/\\\/darkamazi.site\\\/#\\\/schema\\\/person\\\/67986a95ac546c16760365877ef4a9d3\",\"name\":\"darka mazi\",\"sameAs\":[\"https:\\\/\\\/darkamazi.site\"],\"url\":\"https:\\\/\\\/darkamazi.site\\\/archives\\\/author\\\/turkish\"}]}<\/script>\n<!-- \/ Yoast SEO plugin. -->","seo_head_json":{"title":"ALMANYA\u2019DAN K\u00dcRT VATANDA\u015eLARINA T\u00dcRK\u0130YE\u2019 YE SEYAHAT UYARISI - Darka Mazi","robots":{"index":"index","follow":"follow","max-snippet":"max-snippet:-1","max-image-preview":"max-image-preview:large","max-video-preview":"max-video-preview:-1"},"canonical":"https:\/\/darkamazi.site\/archives\/1007092","og_locale":"en_US","og_type":"article","og_title":"ALMANYA\u2019DAN K\u00dcRT VATANDA\u015eLARINA T\u00dcRK\u0130YE\u2019 YE SEYAHAT UYARISI - Darka Mazi","og_description":"T\u00fcrkiye\u2019ye giden Alman vatanda\u015f\u0131 K\u00fcrtlerin tutuklanmas\u0131 D\u0131\u015fi\u015fleri bakanl\u0131\u011f\u0131n\u0131 harekete ge\u00e7irdi. Almanya h\u00fckmeti, t\u00fcrkiye\u2019ye seyahat edecek k\u00fcrt vatanda\u015flar\u0131n\u0131 uyard\u0131. Der Spiegel Dergisi\u2019nin internet sayfas\u0131nda yer alan haberde, Almanya d\u0131\u015fi\u015fleri bakanl\u0131\u011f\u0131 \u00e7evrelerinden al\u0131nan bilgiye g\u00f6re ekim ay\u0131ndan bu yana 14\u00a0 Alman vatanda\u015f\u0131 K\u00fcrd\u00fcn T\u00fcrkiye\u2019de g\u00f6zalt\u0131na al\u0131nd\u0131\u011f\u0131 belirtiyor. T\u00fcrkiye, g\u00f6zalt\u0131na ald\u0131\u011f\u0131 alman vatanda\u015f\u0131 K\u00fcrt\u2019leri \u201cter\u00f6r \u00f6rg\u00fct\u00fc \u00fcyeli\u011fi ve [&hellip;]","og_url":"https:\/\/darkamazi.site\/archives\/1007092","og_site_name":"Darka Mazi","article_publisher":"https:\/\/www.facebook.com\/DarkaMaziturkce","article_published_time":"2019-11-02T19:08:11+00:00","article_modified_time":"2026-03-31T13:45:39+00:00","og_image":[{"width":724,"height":475,"url":"https:\/\/darkamazi.site\/file\/2019\/11\/almanya-724x475.jpg","type":"image\/jpeg"}],"author":"darka mazi","twitter_card":"summary_large_image","twitter_creator":"@DarkaMaziTurkce","twitter_site":"@DarkaMaziTurkce","twitter_misc":{"Written by":"darka mazi","Est. reading time":"1 minute"},"schema":{"@context":"https:\/\/schema.org","@graph":[{"@type":"NewsArticle","@id":"https:\/\/darkamazi.site\/archives\/1007092#article","isPartOf":{"@id":"https:\/\/darkamazi.site\/archives\/1007092"},"author":{"name":"darka mazi","@id":"https:\/\/darkamazi.site\/#\/schema\/person\/67986a95ac546c16760365877ef4a9d3"},"headline":"ALMANYA\u2019DAN K\u00dcRT VATANDA\u015eLARINA T\u00dcRK\u0130YE\u2019 YE SEYAHAT UYARISI","datePublished":"2019-11-02T19:08:11+00:00","dateModified":"2026-03-31T13:45:39+00:00","mainEntityOfPage":{"@id":"https:\/\/darkamazi.site\/archives\/1007092"},"wordCount":170,"publisher":{"@id":"https:\/\/darkamazi.site\/#organization"},"image":{"@id":"https:\/\/darkamazi.site\/archives\/1007092#primaryimage"},"thumbnailUrl":"https:\/\/darkamazi.site\/file\/2019\/11\/almanya-724x475.jpg","articleSection":["D\u00fcnya"],"inLanguage":"en-US"},{"@type":"WebPage","@id":"https:\/\/darkamazi.site\/archives\/1007092","url":"https:\/\/darkamazi.site\/archives\/1007092","name":"ALMANYA\u2019DAN K\u00dcRT VATANDA\u015eLARINA T\u00dcRK\u0130YE\u2019 YE SEYAHAT UYARISI - Darka Mazi","isPartOf":{"@id":"https:\/\/darkamazi.site\/#website"},"primaryImageOfPage":{"@id":"https:\/\/darkamazi.site\/archives\/1007092#primaryimage"},"image":{"@id":"https:\/\/darkamazi.site\/archives\/1007092#primaryimage"},"thumbnailUrl":"https:\/\/darkamazi.site\/file\/2019\/11\/almanya-724x475.jpg","datePublished":"2019-11-02T19:08:11+00:00","dateModified":"2026-03-31T13:45:39+00:00","breadcrumb":{"@id":"https:\/\/darkamazi.site\/archives\/1007092#breadcrumb"},"inLanguage":"en-US","potentialAction":[{"@type":"ReadAction","target":["https:\/\/darkamazi.site\/archives\/1007092"]}]},{"@type":"ImageObject","inLanguage":"en-US","@id":"https:\/\/darkamazi.site\/archives\/1007092#primaryimage","url":"https:\/\/darkamazi.site\/file\/2019\/11\/almanya-724x475.jpg","contentUrl":"https:\/\/darkamazi.site\/file\/2019\/11\/almanya-724x475.jpg","width":724,"height":475,"caption":"ALMANYA\u2019DAN K\u00dcRT VATANDA\u015eLARINA T\u00dcRK\u0130YE\u2019 YE SEYAHAT UYARISI"},{"@type":"BreadcrumbList","@id":"https:\/\/darkamazi.site\/archives\/1007092#breadcrumb","itemListElement":[{"@type":"ListItem","position":1,"name":"Home","item":"https:\/\/darkamazi.site\/"},{"@type":"ListItem","position":2,"name":"ALMANYA\u2019DAN K\u00dcRT VATANDA\u015eLARINA T\u00dcRK\u0130YE\u2019 YE SEYAHAT UYARISI"}]},{"@type":"WebSite","@id":"https:\/\/darkamazi.site\/#website","url":"https:\/\/darkamazi.site\/","name":"Darka Mazi","description":"Ana Sayfa","publisher":{"@id":"https:\/\/darkamazi.site\/#organization"},"potentialAction":[{"@type":"SearchAction","target":{"@type":"EntryPoint","urlTemplate":"https:\/\/darkamazi.site\/?s={search_term_string}"},"query-input":{"@type":"PropertyValueSpecification","valueRequired":true,"valueName":"search_term_string"}}],"inLanguage":"en-US"},{"@type":"Organization","@id":"https:\/\/darkamazi.site\/#organization","name":"Darka Mazi T\u00fcrk\u00e7e","alternateName":"Darka Mazi","url":"https:\/\/darkamazi.site\/","logo":{"@type":"ImageObject","inLanguage":"en-US","@id":"https:\/\/darkamazi.site\/#\/schema\/logo\/image\/","url":"https:\/\/darkamazi.site\/file\/2017\/12\/darka-mazi-logo.png","contentUrl":"https:\/\/darkamazi.site\/file\/2017\/12\/darka-mazi-logo.png","width":151,"height":75,"caption":"Darka Mazi T\u00fcrk\u00e7e"},"image":{"@id":"https:\/\/darkamazi.site\/#\/schema\/logo\/image\/"},"sameAs":["https:\/\/www.facebook.com\/DarkaMaziturkce","https:\/\/x.com\/DarkaMaziTurkce"]},{"@type":"Person","@id":"https:\/\/darkamazi.site\/#\/schema\/person\/67986a95ac546c16760365877ef4a9d3","name":"darka mazi","sameAs":["https:\/\/darkamazi.site"],"url":"https:\/\/darkamazi.site\/archives\/author\/turkish"}]}},"_links":{"self":[{"href":"https:\/\/darkamazi.site\/funavuv\/wp\/v2\/posts\/1007092","targetHints":{"allow":["GET"]}}],"collection":[{"href":"https:\/\/darkamazi.site\/funavuv\/wp\/v2\/posts"}],"about":[{"href":"https:\/\/darkamazi.site\/funavuv\/wp\/v2\/types\/post"}],"author":[{"embeddable":true,"href":"https:\/\/darkamazi.site\/funavuv\/wp\/v2\/users\/2"}],"replies":[{"embeddable":true,"href":"https:\/\/darkamazi.site\/funavuv\/wp\/v2\/comments?post=1007092"}],"version-history":[{"count":0,"href":"https:\/\/darkamazi.site\/funavuv\/wp\/v2\/posts\/1007092\/revisions"}],"wp:featuredmedia":[{"embeddable":true,"href":"https:\/\/darkamazi.site\/funavuv\/wp\/v2\/media\/1007094"}],"wp:attachment":[{"href":"https:\/\/darkamazi.site\/funavuv\/wp\/v2\/media?parent=1007092"}],"wp:term":[{"taxonomy":"category","embeddable":true,"href":"https:\/\/darkamazi.site\/funavuv\/wp\/v2\/categories?post=1007092"},{"taxonomy":"post_tag","embeddable":true,"href":"https:\/\/darkamazi.site\/funavuv\/wp\/v2\/tags?post=1007092"}],"curies":[{"name":"wp","href":"https:\/\/api.w.org\/{rel}","templated":true}]}}