{"id":1007096,"date":"2019-11-03T13:25:11","date_gmt":"2019-11-03T10:25:11","guid":{"rendered":"https:\/\/darkamazi.site\/?p=1007096"},"modified":"2026-03-31T16:45:34","modified_gmt":"2026-03-31T13:45:34","slug":"kacakcilarin-insafina-terkedilmis-rojavalilar","status":"publish","type":"post","link":"https:\/\/darkamazi.site\/archives\/1007096","title":{"rendered":"KA\u00c7AK\u00c7ILARIN \u0130NSAFINA TERKED\u0130LM\u0130\u015e ROJAVA&#8217;LILAR"},"content":{"rendered":"<p style=\"text-align: justify\"><strong>Rojava\u2019 l\u0131 halk\u0131n zorlu\u00a0 \u00a0g\u00f6\u00e7\u00fc, kazan\u00e7 avc\u0131lar\u0131n\u0131n i\u015ftah\u0131n\u0131 kabartan bir ticari sekt\u00f6re d\u00f6n\u00fc\u015ft\u00fc.<\/strong><\/p>\n<p style=\"text-align: justify\">T\u00fcrkiye\u2019nin Rojava i\u015fgalinin ba\u015flamas\u0131yla, binlerce halk \u00a0g\u00f6\u00e7 yollar\u0131na d\u00fc\u015ft\u00fc. Bunlar\u0131n a\u011f\u0131rl\u0131kl\u0131 b\u00f6l\u00fcm\u00fc y\u00f6n\u00fcn\u00fc G\u00fcney K\u00fcrdistan\u2019a \u00e7evirdi. G\u00f6\u00e7menlerin yollarda ya\u015fad\u0131\u011f\u0131\u00a0 rezalet yetmiyormu\u015f \u00a0gibi bunu f\u0131rsata \u00e7eviren ve maalesef rojava y\u00f6netimine yak\u0131nl\u0131\u011f\u0131yla bilinen baz\u0131\u00a0 ka\u00e7ak\u00e7\u0131 \u015febekelerin \u00a0pervas\u0131z\u0131l\u0131\u011f\u0131 da \u00a0kurumsal bir hal almaya ba\u015flad\u0131.<\/p>\n<p style=\"text-align: justify\">Suriye rejimine kar\u015f\u0131 rojava halk\u0131n\u0131n 2011 deki ayaklanmas\u0131 ve akabinde geli\u015fen g\u00f6\u00e7,\u00a0 y\u00fczbinlerce insan\u0131n kendi evi olarak g\u00f6rd\u00fc\u011f\u00fc G\u00fcney K\u00fcrdistana\u00a0 yerle\u015fmesi ile sonu\u00e7land\u0131. K\u00fcrt halk\u0131n\u0131n b\u00fcy\u00fck evi olarak g\u00f6rd\u00fc\u011f\u00fc g\u00fcney K\u00fcrdistan\u2019da ticari ve sosyal hayat\u0131n\u0131 idame etmeye ba\u015flad\u0131lar.<\/p>\n<p style=\"text-align: justify\">Rojava\u2019daki g\u00f6\u00e7 dalgas\u0131n\u0131n \u00a0ba\u015flamas\u0131yla G\u00fcney K\u00fcrdistan Y\u00f6netimi ve g\u00fcney halk\u0131 b\u00fcy\u00fck bir karde\u015flik s\u0131nav\u0131n\u0131 ba\u015far\u0131 ile vererek onlar\u0131 ba\u011fr\u0131na bast\u0131. Ancak bu g\u00f6\u00e7 ayn\u0131 zamanda rojava y\u00f6netimine yak\u0131n baz\u0131 insan ka\u00e7ak\u00e7\u0131lar\u0131 i\u00e7inde karl\u0131 bir ticari sekt\u00f6re d\u00f6n\u00fc\u015ft\u00fc.<\/p>\n<p style=\"text-align: justify\">\u0130\u015fgalci T\u00fcrk devletinin son soyk\u0131r\u0131m harekat\u0131yla geli\u015fen g\u00f6\u00e7 dalgas\u0131, y\u00f6n\u00fcn\u00fc G\u00fcney K\u00fcrdistan\u2019a \u00e7evirdi\u011finde bu kes \u201cderye s\u00eamalka\u201d daki YPJ ve PYD asayi\u015f g\u00fc\u00e7leri ge\u00e7i\u015flerine izin vermeyip, halk zorunlu olarak y\u00f6n\u00fcn\u00fc paral\u0131 ka\u00e7ak\u00e7\u0131 simsarlar\u0131n \u00a0g\u00fczergah\u0131na \u00e7evirdi.<\/p>\n<p style=\"text-align: justify\">\u00c7ok ge\u00e7meden g\u00f6\u00e7menlerin G\u00fcneye paral\u0131 ge\u00e7i\u015fleri \u00e7ok ciddi gelir kayna\u011f\u0131 haline geldi. \u015eebekeler y\u00fckl\u00fc paralar kar\u015f\u0131l\u0131\u011f\u0131nda g\u00f6\u00e7menleri g\u00fcneye ge\u00e7irmeye ba\u015flad\u0131. Bu durum g\u00f6\u00e7 edenlerin ya\u015fad\u0131klar\u0131 maddi ve psikolojik sorunlar\u0131 iyice derinle\u015ftirdi.<\/p>\n<p style=\"text-align: justify\">Darka Mazi\u2019 nin, \u00a0resmi kaynaklardan edindi\u011fi bilgiye g\u00f6re,\u00a0 \u0130\u015fgalci t\u00fcrk devletinin soyk\u0131r\u0131m harekat\u0131n\u0131 ba\u015flatt\u0131\u011f\u0131 9 ekim\u2019 den bu g\u00fcne kadar 13.125 Rojava\u2019 l\u0131 G\u00fcney K\u00fcrdistan\u2019a g\u00f6\u00e7 etmi\u015ftir. G\u00f6\u00e7 eden her bir rojava\u2019 l\u0131, ka\u00e7ak\u00e7\u0131lara 300 ile 1000 dolar ars\u0131 para kapt\u0131rm\u0131\u015ft\u0131r. Bu ka\u00e7ak\u00e7\u0131lar\u0131 himaye edenler, PYD\u2019nin asayi\u015f g\u00fc\u00e7lerine ba\u011fl\u0131 birimlerdir. Bu paray\u0131 temin edemeyenler ise y\u00f6n\u00fcn\u00fc \u015eengal\u2019in tehlikeli yollar\u0131na veriyorlar. Bu zorlu yolda bir \u00e7o\u011fu G\u00fcneye ula\u015fam\u0131yor ,PKK\u2019nin zoru ile \u015eengal\u2019de b\u0131rak\u0131l\u0131yorlar. Baz\u0131lar\u0131n\u0131n ak\u0131beti de bilinmiyor.<\/p>\n<p style=\"text-align: justify\">Rojava Y\u00f6netiminin bu tutumuna kar\u015f\u0131\u00a0 K\u00fcrdistan H\u00fck\u00fcmeti i\u00e7i\u015fleri bakan\u0131\u00a0 R\u00eaber Ahmet: \u201cRojava\u00a0 taraf\u0131nda g\u00f6\u00e7menlere sorun \u00e7\u0131kart\u0131l\u0131yor, b\u0131rakm\u0131yorlar \u00a0G\u00fcneye \u00a0ge\u00e7sinler. Bundan dolay\u0131 da g\u00f6\u00e7 zedeler paral\u0131 ka\u00e7ak yollara ba\u015fvuruyorlar\u201d dedi.<\/p>\n","protected":false},"excerpt":{"rendered":"<p>Rojava\u2019 l\u0131 halk\u0131n zorlu\u00a0 \u00a0g\u00f6\u00e7\u00fc, kazan\u00e7 avc\u0131lar\u0131n\u0131n i\u015ftah\u0131n\u0131 kabartan bir ticari sekt\u00f6re d\u00f6n\u00fc\u015ft\u00fc. T\u00fcrkiye\u2019nin Rojava i\u015fgalinin ba\u015flamas\u0131yla, binlerce halk \u00a0g\u00f6\u00e7 yollar\u0131na d\u00fc\u015ft\u00fc. Bunlar\u0131n a\u011f\u0131rl\u0131kl\u0131 b\u00f6l\u00fcm\u00fc y\u00f6n\u00fcn\u00fc G\u00fcney K\u00fcrdistan\u2019a \u00e7evirdi. G\u00f6\u00e7menlerin yollarda ya\u015fad\u0131\u011f\u0131\u00a0 rezalet yetmiyormu\u015f \u00a0gibi bunu f\u0131rsata \u00e7eviren ve maalesef rojava y\u00f6netimine yak\u0131nl\u0131\u011f\u0131yla bilinen baz\u0131\u00a0 ka\u00e7ak\u00e7\u0131 \u015febekelerin \u00a0pervas\u0131z\u0131l\u0131\u011f\u0131 da \u00a0kurumsal bir hal almaya ba\u015flad\u0131. Suriye [&hellip;]<\/p>\n","protected":false},"author":2,"featured_media":1007097,"comment_status":"closed","ping_status":"closed","sticky":false,"template":"","format":"standard","meta":{"footnotes":""},"categories":[3],"tags":[],"class_list":["post-1007096","post","type-post","status-publish","format-standard","has-post-thumbnail","hentry","category-kurdistan"],"blocksy_meta":[],"seo_head":"<!-- This site is optimized with the Yoast SEO plugin v27.5 - https:\/\/yoast.com\/product\/yoast-seo-wordpress\/ -->\n<title>KA\u00c7AK\u00c7ILARIN \u0130NSAFINA TERKED\u0130LM\u0130\u015e ROJAVA&#039;LILAR - Darka Mazi<\/title>\n<meta name=\"robots\" content=\"index, follow, max-snippet:-1, max-image-preview:large, max-video-preview:-1\" \/>\n<link rel=\"canonical\" href=\"https:\/\/darkamazi.site\/archives\/1007096\" \/>\n<meta property=\"og:locale\" content=\"en_US\" \/>\n<meta property=\"og:type\" content=\"article\" \/>\n<meta property=\"og:title\" content=\"KA\u00c7AK\u00c7ILARIN \u0130NSAFINA TERKED\u0130LM\u0130\u015e ROJAVA&#039;LILAR - Darka Mazi\" \/>\n<meta property=\"og:description\" content=\"Rojava\u2019 l\u0131 halk\u0131n zorlu\u00a0 \u00a0g\u00f6\u00e7\u00fc, kazan\u00e7 avc\u0131lar\u0131n\u0131n i\u015ftah\u0131n\u0131 kabartan bir ticari sekt\u00f6re d\u00f6n\u00fc\u015ft\u00fc. T\u00fcrkiye\u2019nin Rojava i\u015fgalinin ba\u015flamas\u0131yla, binlerce halk \u00a0g\u00f6\u00e7 yollar\u0131na d\u00fc\u015ft\u00fc. Bunlar\u0131n a\u011f\u0131rl\u0131kl\u0131 b\u00f6l\u00fcm\u00fc y\u00f6n\u00fcn\u00fc G\u00fcney K\u00fcrdistan\u2019a \u00e7evirdi. G\u00f6\u00e7menlerin yollarda ya\u015fad\u0131\u011f\u0131\u00a0 rezalet yetmiyormu\u015f \u00a0gibi bunu f\u0131rsata \u00e7eviren ve maalesef rojava y\u00f6netimine yak\u0131nl\u0131\u011f\u0131yla bilinen baz\u0131\u00a0 ka\u00e7ak\u00e7\u0131 \u015febekelerin \u00a0pervas\u0131z\u0131l\u0131\u011f\u0131 da \u00a0kurumsal bir hal almaya ba\u015flad\u0131. Suriye [&hellip;]\" \/>\n<meta property=\"og:url\" content=\"https:\/\/darkamazi.site\/archives\/1007096\" \/>\n<meta property=\"og:site_name\" content=\"Darka Mazi\" \/>\n<meta property=\"article:publisher\" content=\"https:\/\/www.facebook.com\/DarkaMaziturkce\" \/>\n<meta property=\"article:published_time\" content=\"2019-11-03T10:25:11+00:00\" \/>\n<meta property=\"article:modified_time\" content=\"2026-03-31T13:45:34+00:00\" \/>\n<meta property=\"og:image\" content=\"https:\/\/darkamazi.site\/file\/2019\/11\/Aware-Rojava.jpg\" \/>\n\t<meta property=\"og:image:width\" content=\"1115\" \/>\n\t<meta property=\"og:image:height\" content=\"630\" \/>\n\t<meta property=\"og:image:type\" content=\"image\/jpeg\" \/>\n<meta name=\"author\" content=\"darka mazi\" \/>\n<meta name=\"twitter:card\" content=\"summary_large_image\" \/>\n<meta name=\"twitter:creator\" content=\"@DarkaMaziTurkce\" \/>\n<meta name=\"twitter:site\" content=\"@DarkaMaziTurkce\" \/>\n<meta name=\"twitter:label1\" content=\"Written by\" \/>\n\t<meta name=\"twitter:data1\" content=\"darka mazi\" \/>\n\t<meta name=\"twitter:label2\" content=\"Est. reading time\" \/>\n\t<meta name=\"twitter:data2\" content=\"2 minutes\" \/>\n<script type=\"application\/ld+json\" class=\"seo-schema-graph\">{\"@context\":\"https:\\\/\\\/schema.org\",\"@graph\":[{\"@type\":\"NewsArticle\",\"@id\":\"https:\\\/\\\/darkamazi.site\\\/archives\\\/1007096#article\",\"isPartOf\":{\"@id\":\"https:\\\/\\\/darkamazi.site\\\/archives\\\/1007096\"},\"author\":{\"name\":\"darka mazi\",\"@id\":\"https:\\\/\\\/darkamazi.site\\\/#\\\/schema\\\/person\\\/67986a95ac546c16760365877ef4a9d3\"},\"headline\":\"KA\u00c7AK\u00c7ILARIN \u0130NSAFINA TERKED\u0130LM\u0130\u015e ROJAVA&#8217;LILAR\",\"datePublished\":\"2019-11-03T10:25:11+00:00\",\"dateModified\":\"2026-03-31T13:45:34+00:00\",\"mainEntityOfPage\":{\"@id\":\"https:\\\/\\\/darkamazi.site\\\/archives\\\/1007096\"},\"wordCount\":478,\"publisher\":{\"@id\":\"https:\\\/\\\/darkamazi.site\\\/#organization\"},\"image\":{\"@id\":\"https:\\\/\\\/darkamazi.site\\\/archives\\\/1007096#primaryimage\"},\"thumbnailUrl\":\"https:\\\/\\\/darkamazi.site\\\/darka-content\\\/uploads\\\/2019\\\/11\\\/Aware-Rojava.jpg\",\"articleSection\":[\"Kurdistan\"],\"inLanguage\":\"en-US\"},{\"@type\":\"WebPage\",\"@id\":\"https:\\\/\\\/darkamazi.site\\\/archives\\\/1007096\",\"url\":\"https:\\\/\\\/darkamazi.site\\\/archives\\\/1007096\",\"name\":\"KA\u00c7AK\u00c7ILARIN \u0130NSAFINA TERKED\u0130LM\u0130\u015e ROJAVA'LILAR - Darka Mazi\",\"isPartOf\":{\"@id\":\"https:\\\/\\\/darkamazi.site\\\/#website\"},\"primaryImageOfPage\":{\"@id\":\"https:\\\/\\\/darkamazi.site\\\/archives\\\/1007096#primaryimage\"},\"image\":{\"@id\":\"https:\\\/\\\/darkamazi.site\\\/archives\\\/1007096#primaryimage\"},\"thumbnailUrl\":\"https:\\\/\\\/darkamazi.site\\\/darka-content\\\/uploads\\\/2019\\\/11\\\/Aware-Rojava.jpg\",\"datePublished\":\"2019-11-03T10:25:11+00:00\",\"dateModified\":\"2026-03-31T13:45:34+00:00\",\"breadcrumb\":{\"@id\":\"https:\\\/\\\/darkamazi.site\\\/archives\\\/1007096#breadcrumb\"},\"inLanguage\":\"en-US\",\"potentialAction\":[{\"@type\":\"ReadAction\",\"target\":[\"https:\\\/\\\/darkamazi.site\\\/archives\\\/1007096\"]}]},{\"@type\":\"ImageObject\",\"inLanguage\":\"en-US\",\"@id\":\"https:\\\/\\\/darkamazi.site\\\/archives\\\/1007096#primaryimage\",\"url\":\"https:\\\/\\\/darkamazi.site\\\/darka-content\\\/uploads\\\/2019\\\/11\\\/Aware-Rojava.jpg\",\"contentUrl\":\"https:\\\/\\\/darkamazi.site\\\/darka-content\\\/uploads\\\/2019\\\/11\\\/Aware-Rojava.jpg\",\"width\":1115,\"height\":630,\"caption\":\"KA\u00c7AK\u00c7ILARIN \u0130NSAFINA TERKED\u0130LM\u0130\u015e ROJAVA\u2019LILAR\"},{\"@type\":\"BreadcrumbList\",\"@id\":\"https:\\\/\\\/darkamazi.site\\\/archives\\\/1007096#breadcrumb\",\"itemListElement\":[{\"@type\":\"ListItem\",\"position\":1,\"name\":\"Home\",\"item\":\"https:\\\/\\\/darkamazi.site\\\/\"},{\"@type\":\"ListItem\",\"position\":2,\"name\":\"KA\u00c7AK\u00c7ILARIN \u0130NSAFINA TERKED\u0130LM\u0130\u015e ROJAVA&#8217;LILAR\"}]},{\"@type\":\"WebSite\",\"@id\":\"https:\\\/\\\/darkamazi.site\\\/#website\",\"url\":\"https:\\\/\\\/darkamazi.site\\\/\",\"name\":\"Darka Mazi\",\"description\":\"Ana Sayfa\",\"publisher\":{\"@id\":\"https:\\\/\\\/darkamazi.site\\\/#organization\"},\"potentialAction\":[{\"@type\":\"SearchAction\",\"target\":{\"@type\":\"EntryPoint\",\"urlTemplate\":\"https:\\\/\\\/darkamazi.site\\\/?s={search_term_string}\"},\"query-input\":{\"@type\":\"PropertyValueSpecification\",\"valueRequired\":true,\"valueName\":\"search_term_string\"}}],\"inLanguage\":\"en-US\"},{\"@type\":\"Organization\",\"@id\":\"https:\\\/\\\/darkamazi.site\\\/#organization\",\"name\":\"Darka Mazi T\u00fcrk\u00e7e\",\"alternateName\":\"Darka Mazi\",\"url\":\"https:\\\/\\\/darkamazi.site\\\/\",\"logo\":{\"@type\":\"ImageObject\",\"inLanguage\":\"en-US\",\"@id\":\"https:\\\/\\\/darkamazi.site\\\/#\\\/schema\\\/logo\\\/image\\\/\",\"url\":\"https:\\\/\\\/darkamazi.site\\\/darka-content\\\/uploads\\\/2017\\\/12\\\/darka-mazi-logo.png\",\"contentUrl\":\"https:\\\/\\\/darkamazi.site\\\/darka-content\\\/uploads\\\/2017\\\/12\\\/darka-mazi-logo.png\",\"width\":151,\"height\":75,\"caption\":\"Darka Mazi T\u00fcrk\u00e7e\"},\"image\":{\"@id\":\"https:\\\/\\\/darkamazi.site\\\/#\\\/schema\\\/logo\\\/image\\\/\"},\"sameAs\":[\"https:\\\/\\\/www.facebook.com\\\/DarkaMaziturkce\",\"https:\\\/\\\/x.com\\\/DarkaMaziTurkce\"]},{\"@type\":\"Person\",\"@id\":\"https:\\\/\\\/darkamazi.site\\\/#\\\/schema\\\/person\\\/67986a95ac546c16760365877ef4a9d3\",\"name\":\"darka mazi\",\"sameAs\":[\"https:\\\/\\\/darkamazi.site\"],\"url\":\"https:\\\/\\\/darkamazi.site\\\/archives\\\/author\\\/turkish\"}]}<\/script>\n<!-- \/ Yoast SEO plugin. -->","seo_head_json":{"title":"KA\u00c7AK\u00c7ILARIN \u0130NSAFINA TERKED\u0130LM\u0130\u015e ROJAVA'LILAR - Darka Mazi","robots":{"index":"index","follow":"follow","max-snippet":"max-snippet:-1","max-image-preview":"max-image-preview:large","max-video-preview":"max-video-preview:-1"},"canonical":"https:\/\/darkamazi.site\/archives\/1007096","og_locale":"en_US","og_type":"article","og_title":"KA\u00c7AK\u00c7ILARIN \u0130NSAFINA TERKED\u0130LM\u0130\u015e ROJAVA'LILAR - Darka Mazi","og_description":"Rojava\u2019 l\u0131 halk\u0131n zorlu\u00a0 \u00a0g\u00f6\u00e7\u00fc, kazan\u00e7 avc\u0131lar\u0131n\u0131n i\u015ftah\u0131n\u0131 kabartan bir ticari sekt\u00f6re d\u00f6n\u00fc\u015ft\u00fc. T\u00fcrkiye\u2019nin Rojava i\u015fgalinin ba\u015flamas\u0131yla, binlerce halk \u00a0g\u00f6\u00e7 yollar\u0131na d\u00fc\u015ft\u00fc. Bunlar\u0131n a\u011f\u0131rl\u0131kl\u0131 b\u00f6l\u00fcm\u00fc y\u00f6n\u00fcn\u00fc G\u00fcney K\u00fcrdistan\u2019a \u00e7evirdi. G\u00f6\u00e7menlerin yollarda ya\u015fad\u0131\u011f\u0131\u00a0 rezalet yetmiyormu\u015f \u00a0gibi bunu f\u0131rsata \u00e7eviren ve maalesef rojava y\u00f6netimine yak\u0131nl\u0131\u011f\u0131yla bilinen baz\u0131\u00a0 ka\u00e7ak\u00e7\u0131 \u015febekelerin \u00a0pervas\u0131z\u0131l\u0131\u011f\u0131 da \u00a0kurumsal bir hal almaya ba\u015flad\u0131. Suriye [&hellip;]","og_url":"https:\/\/darkamazi.site\/archives\/1007096","og_site_name":"Darka Mazi","article_publisher":"https:\/\/www.facebook.com\/DarkaMaziturkce","article_published_time":"2019-11-03T10:25:11+00:00","article_modified_time":"2026-03-31T13:45:34+00:00","og_image":[{"width":1115,"height":630,"url":"https:\/\/darkamazi.site\/file\/2019\/11\/Aware-Rojava.jpg","type":"image\/jpeg"}],"author":"darka mazi","twitter_card":"summary_large_image","twitter_creator":"@DarkaMaziTurkce","twitter_site":"@DarkaMaziTurkce","twitter_misc":{"Written by":"darka mazi","Est. reading time":"2 minutes"},"schema":{"@context":"https:\/\/schema.org","@graph":[{"@type":"NewsArticle","@id":"https:\/\/darkamazi.site\/archives\/1007096#article","isPartOf":{"@id":"https:\/\/darkamazi.site\/archives\/1007096"},"author":{"name":"darka mazi","@id":"https:\/\/darkamazi.site\/#\/schema\/person\/67986a95ac546c16760365877ef4a9d3"},"headline":"KA\u00c7AK\u00c7ILARIN \u0130NSAFINA TERKED\u0130LM\u0130\u015e ROJAVA&#8217;LILAR","datePublished":"2019-11-03T10:25:11+00:00","dateModified":"2026-03-31T13:45:34+00:00","mainEntityOfPage":{"@id":"https:\/\/darkamazi.site\/archives\/1007096"},"wordCount":478,"publisher":{"@id":"https:\/\/darkamazi.site\/#organization"},"image":{"@id":"https:\/\/darkamazi.site\/archives\/1007096#primaryimage"},"thumbnailUrl":"https:\/\/darkamazi.site\/file\/2019\/11\/Aware-Rojava.jpg","articleSection":["Kurdistan"],"inLanguage":"en-US"},{"@type":"WebPage","@id":"https:\/\/darkamazi.site\/archives\/1007096","url":"https:\/\/darkamazi.site\/archives\/1007096","name":"KA\u00c7AK\u00c7ILARIN \u0130NSAFINA TERKED\u0130LM\u0130\u015e ROJAVA'LILAR - Darka Mazi","isPartOf":{"@id":"https:\/\/darkamazi.site\/#website"},"primaryImageOfPage":{"@id":"https:\/\/darkamazi.site\/archives\/1007096#primaryimage"},"image":{"@id":"https:\/\/darkamazi.site\/archives\/1007096#primaryimage"},"thumbnailUrl":"https:\/\/darkamazi.site\/file\/2019\/11\/Aware-Rojava.jpg","datePublished":"2019-11-03T10:25:11+00:00","dateModified":"2026-03-31T13:45:34+00:00","breadcrumb":{"@id":"https:\/\/darkamazi.site\/archives\/1007096#breadcrumb"},"inLanguage":"en-US","potentialAction":[{"@type":"ReadAction","target":["https:\/\/darkamazi.site\/archives\/1007096"]}]},{"@type":"ImageObject","inLanguage":"en-US","@id":"https:\/\/darkamazi.site\/archives\/1007096#primaryimage","url":"https:\/\/darkamazi.site\/file\/2019\/11\/Aware-Rojava.jpg","contentUrl":"https:\/\/darkamazi.site\/file\/2019\/11\/Aware-Rojava.jpg","width":1115,"height":630,"caption":"KA\u00c7AK\u00c7ILARIN \u0130NSAFINA TERKED\u0130LM\u0130\u015e ROJAVA\u2019LILAR"},{"@type":"BreadcrumbList","@id":"https:\/\/darkamazi.site\/archives\/1007096#breadcrumb","itemListElement":[{"@type":"ListItem","position":1,"name":"Home","item":"https:\/\/darkamazi.site\/"},{"@type":"ListItem","position":2,"name":"KA\u00c7AK\u00c7ILARIN \u0130NSAFINA TERKED\u0130LM\u0130\u015e ROJAVA&#8217;LILAR"}]},{"@type":"WebSite","@id":"https:\/\/darkamazi.site\/#website","url":"https:\/\/darkamazi.site\/","name":"Darka Mazi","description":"Ana Sayfa","publisher":{"@id":"https:\/\/darkamazi.site\/#organization"},"potentialAction":[{"@type":"SearchAction","target":{"@type":"EntryPoint","urlTemplate":"https:\/\/darkamazi.site\/?s={search_term_string}"},"query-input":{"@type":"PropertyValueSpecification","valueRequired":true,"valueName":"search_term_string"}}],"inLanguage":"en-US"},{"@type":"Organization","@id":"https:\/\/darkamazi.site\/#organization","name":"Darka Mazi T\u00fcrk\u00e7e","alternateName":"Darka Mazi","url":"https:\/\/darkamazi.site\/","logo":{"@type":"ImageObject","inLanguage":"en-US","@id":"https:\/\/darkamazi.site\/#\/schema\/logo\/image\/","url":"https:\/\/darkamazi.site\/file\/2017\/12\/darka-mazi-logo.png","contentUrl":"https:\/\/darkamazi.site\/file\/2017\/12\/darka-mazi-logo.png","width":151,"height":75,"caption":"Darka Mazi T\u00fcrk\u00e7e"},"image":{"@id":"https:\/\/darkamazi.site\/#\/schema\/logo\/image\/"},"sameAs":["https:\/\/www.facebook.com\/DarkaMaziturkce","https:\/\/x.com\/DarkaMaziTurkce"]},{"@type":"Person","@id":"https:\/\/darkamazi.site\/#\/schema\/person\/67986a95ac546c16760365877ef4a9d3","name":"darka mazi","sameAs":["https:\/\/darkamazi.site"],"url":"https:\/\/darkamazi.site\/archives\/author\/turkish"}]}},"_links":{"self":[{"href":"https:\/\/darkamazi.site\/funavuv\/wp\/v2\/posts\/1007096","targetHints":{"allow":["GET"]}}],"collection":[{"href":"https:\/\/darkamazi.site\/funavuv\/wp\/v2\/posts"}],"about":[{"href":"https:\/\/darkamazi.site\/funavuv\/wp\/v2\/types\/post"}],"author":[{"embeddable":true,"href":"https:\/\/darkamazi.site\/funavuv\/wp\/v2\/users\/2"}],"replies":[{"embeddable":true,"href":"https:\/\/darkamazi.site\/funavuv\/wp\/v2\/comments?post=1007096"}],"version-history":[{"count":0,"href":"https:\/\/darkamazi.site\/funavuv\/wp\/v2\/posts\/1007096\/revisions"}],"wp:featuredmedia":[{"embeddable":true,"href":"https:\/\/darkamazi.site\/funavuv\/wp\/v2\/media\/1007097"}],"wp:attachment":[{"href":"https:\/\/darkamazi.site\/funavuv\/wp\/v2\/media?parent=1007096"}],"wp:term":[{"taxonomy":"category","embeddable":true,"href":"https:\/\/darkamazi.site\/funavuv\/wp\/v2\/categories?post=1007096"},{"taxonomy":"post_tag","embeddable":true,"href":"https:\/\/darkamazi.site\/funavuv\/wp\/v2\/tags?post=1007096"}],"curies":[{"name":"wp","href":"https:\/\/api.w.org\/{rel}","templated":true}]}}