{"id":1007099,"date":"2019-11-03T23:27:24","date_gmt":"2019-11-03T20:27:24","guid":{"rendered":"https:\/\/darkamazi.site\/?p=1007099"},"modified":"2019-11-03T23:27:24","modified_gmt":"2019-11-03T20:27:24","slug":"general-mazlum-kimdir-dusmanlari-kimdir","status":"publish","type":"post","link":"https:\/\/darkamazi.site\/archives\/1007099","title":{"rendered":"GENERAL MAZLUM K\u0130MD\u0130R? D\u00dc\u015eMANLARI K\u0130MD\u0130R?"},"content":{"rendered":"<h3 style=\"text-align: justify\"><span style=\"font-family: 'arial black', sans-serif;font-size: 12pt\">T\u00fcrk Devletinin Rojava\u2019y\u0131 i\u015fgal giri\u015fimi sosyal ve siyasal anlamda pek \u00e7ok sonu\u00e7 ortaya \u00e7\u0131kard\u0131 ve \u00e7\u0131karacak. Bunlardan biri de General Mazlum\u2019un K\u00fcrt siyasetinde yeni bir fig\u00fcr olarak belirmesidir.\u00a0 Daha iki ay \u00f6nce ismi sadece Rojava ile ilgili \u00e7evrelerce bilinen, \u00e7ok y\u00fcksek pop\u00fclaritesi olmayan \u015eahin Abdi bir ayl\u0131k bir zaman zarf\u0131nda General Mazlum olarak tan\u0131nd\u0131. Peki, ger\u00e7ekte Mazlum Abdi kimdir? General s\u0131fat\u0131n\u0131 hak etmi\u015f midir? Onun general olmas\u0131na kar\u015f\u0131 \u00e7\u0131kanlar kimlerdi?<\/span><\/h3>\n<p style=\"text-align: justify\">I\u015eID lideri Ebu Bekir Ba\u011fdadi\u2019nin \u00f6ld\u00fcr\u00fclmesinin ard\u0131ndan, Tayyip Erdo\u011fan a\u00e7\u0131klama yaparak \u201cbaz\u0131 \u00fclkeler milli g\u00fcvenliklerine tehdit olarak g\u00f6rd\u00fckleri ter\u00f6ristleri her nerde olursa olsun bulup ortadan kald\u0131r\u0131yorlar. \u00d6yleyse, T\u00fcrkiye\u2019nin de ayn\u0131 hakka sahip olu\u011funu kabul ediyorlar demektir \u201ddedi. Hemen ard\u0131ndan Erdo\u011fan\u2019a yak\u0131n bir gazeteci olan Abdulkadir Selvi de 30 Ekim tarihli makalesinde \u015f\u00f6yle yazd\u0131; \u201cBir bakm\u0131\u015fs\u0131n\u0131z ki Erdo\u011fan kameralar\u0131n kar\u015f\u0131s\u0131na ge\u00e7mi\u015f; Mazlum Kobani, Cemil Bay\u0131k ya da Murat Karay\u0131lan\u2019\u0131n etkisiz hale getirildi\u011finin haberini veriyor. Sinyal Erdo\u011fan\u2019dan geldi, ne yapay\u0131m\u2026\u201d<\/p>\n<p style=\"text-align: justify\">Erdo\u011fan ve Abdulkadir Selvi\u2019nin bu a\u00e7\u0131klamas\u0131 bo\u015f yap\u0131lm\u0131\u015f bir a\u00e7\u0131klama de\u011fildir. Abdulkadir Selvi Erdo\u011fan\u2019\u0131n kalem\u015f\u00f6r\u00fcd\u00fcr. Bu bir makale de\u011fildir a\u00e7\u0131k ve aleni bi\u00e7imde Mazlum Abdi\u2019nin tehdit edilmesidir.<\/p>\n<h3 style=\"text-align: justify\"><span style=\"font-family: 'arial black', sans-serif;font-size: 12pt\">Mazlum Abdi Kimdir?<\/span><\/h3>\n<p style=\"text-align: justify\">1967\u2019y\u0131l\u0131nda Kobani\u2019de d\u00fcnyaya gelen Mazlum Abdi, daha k\u00fc\u00e7\u00fck ya\u015flarda K\u00fcrt m\u00fccadelesi ile tan\u0131\u015f\u0131r. Dr. olan babas\u0131 t\u00fcm K\u00fcrt hareketlerine ilgi ile yakla\u015f\u0131r ve Abdullah \u00d6calan\u2019\u0131n Suriye\u2019de gidip kald\u0131\u011f\u0131 ilk ailelerden biri de General Mazlumun evidir. Daha sonra Halep \u00fcniversitesinde Mimarl\u0131k okur, zeki davran\u0131\u015flar\u0131 ile her zaman dikkat \u00e7eken biri olmu\u015ftur. \u00dcniversite y\u0131llar\u0131nda da PKK ad\u0131na \u00f6rg\u00fctlenme g\u00f6revleri yapar. \u0130lk olarak 1988-89 y\u0131llar\u0131nda Mahsum Korkmaz akademisinde askeri ve siyasi e\u011fitim alan Mazlum Abdi, 1992 y\u0131l\u0131nda ilk kez gerilla saflar\u0131na gelir ve G\u00fcney K\u00fcrdistan\u2019da ki PKK kamplar\u0131nda a\u011f\u0131rl\u0131kta e\u011fitim \u00e7al\u0131\u015fmalar\u0131nda yer al\u0131r. \u0130\u015fin ger\u00e7e\u011fi General Mazlum T\u00fcrk devletine kar\u015f\u0131 hi\u00e7bir mermi s\u0131kmam\u0131\u015ft\u0131r. 1995 y\u0131l\u0131nda a\u011f\u0131r yaralanan Mazlum \u00f6nce \u015eam\u2019a gider. Ard\u0131ndan da Avrupa\u2019ya. \u00d6calan tutuklanana kadar da Avrupa sorumlusudur.<\/p>\n<p>Parantez i\u00e7inde \u015funu da s\u00f6yleyelim; S\u00fcrekli olarak herkes taraf\u0131ndan \u00f6zellikle de T\u00fcrk medyas\u0131 taraf\u0131ndan payla\u015f\u0131lan \u00d6calan y\u00fczerken yan\u0131nda bir gen\u00e7le \u00e7ekilen bir resmin Mazlum Abdi oldu\u011fu iddias\u0131 var.\u00a0 Bu resme dayanarak \u015eAhin Mazlum Kobani \u00d6calan ili\u015fkisi \u00f6ne \u00e7\u0131kar\u0131l\u0131yor. Bir yandan devlet bak\u0131n APO&#8217;nun adam\u0131 bu da ter\u00f6rist diyor \u00f6te yandan PKK&#8217;de bak\u0131n Mazlum Kobani bizim eserimiz onu biz yaratt\u0131k diyor. Darka Mazi bunu ara\u015ft\u0131rd\u0131\u00a0 fakat resim Mazlum Kobani&#8217;ye ait\u00a0 de\u011fil. Resim \u00c7ekdar \u015eaxi adl\u0131 \u015fu an hayatta olmayan ba\u015fka bir gerillaya ait.<\/p>\n<p style=\"text-align: justify\"><img loading=\"lazy\" decoding=\"async\" width=\"680\" height=\"416\" class=\"aligncenter darka-image-1007101 size-full\" src=\"https:\/\/darkamazi.site\/file\/2019\/11\/195351-1383517166.jpg\" alt=\"\" srcset=\"https:\/\/darkamazi.site\/file\/2019\/11\/195351-1383517166.jpg 680w, https:\/\/darkamazi.site\/file\/2019\/11\/195351-1383517166-300x184.jpg 300w\" sizes=\"auto, (max-width: 680px) 100vw, 680px\" \/><\/p>\n<p style=\"text-align: justify\">\u00d6calan\u2019\u0131n tutuklanmas\u0131ndan sonra 2000 y\u0131l\u0131nda Avrupa\u2019dan tekrar K\u00fcrdistan\u2019a d\u00f6nen Mazlum i\u00e7in yeni bir d\u00f6nem ba\u015flar. \u00d6rg\u00fct i\u00e7indeki dengeleri \u00f6\u011frenir, Ba\u015fkanl\u0131k konseyi ad\u0131n\u0131 alan liderler gurubu i\u00e7inde kendine hem yer a\u00e7maya \u00e7al\u0131\u015f\u0131r hem de g\u00fc\u00e7 biriktirir. Rojaval\u0131 kadrolar\u0131 kay\u0131rd\u0131\u011f\u0131, kendine g\u00f6re oldu\u011fu vb konularda ki ele\u015ftirilere ra\u011fmen \u015eahin s\u00fcrekli olarak y\u00f6netimlerde yer al\u0131r. \u00d6rg\u00fct i\u00e7inde Murat Karay\u0131lana yak\u0131nl\u0131\u011f\u0131 ile bilinir. Zaten Urfa Kobani k\u00fclt\u00fcr\u00fcn\u00fcn yak\u0131n olmas\u0131 bu yak\u0131nl\u0131\u011f\u0131n temel nedenidir. Fakat as\u0131l mesele her ikisinin de Ankara gurubu ile k\u00fclt\u00fcrel farklar\u0131n\u0131n olu\u015fudur. \u015eahin ideolojik bir insan de\u011fildir, daha \u00e7ok K\u00fcrt kimli\u011finin \u00f6ne \u00e7\u0131kt\u0131\u011f\u0131 bir ki\u015filiktir. PKK\u2019de ki devlet istemiyoruz, T\u00fcrkiyelilik kimli\u011fi vb. kavramlara kar\u015f\u0131d\u0131r. Sadece \u015eahin de\u011fil Rojaval\u0131 k\u0131demli kadrolar\u0131n \u00e7o\u011funlu\u011funda e\u011fer \u201cK\u00fcrdistan\u0131 kurmayacaksak bizim burada i\u015fimiz ne, biz T\u00fcrkiye\u2019nin demokratikle\u015fmesi i\u00e7in niye \u00f6lelim\u201d gibi bir tart\u0131\u015fma ba\u015flar. Bu gerginlik Rojaval\u0131 kadrolarda ayr\u0131\u015fmaya yol a\u00e7ar ya\u015fan\u0131r. 2001 y\u0131l\u0131nda PKK\u2019de ki eski kadrolardan Faik Derik bu sorunlar nedeni ile tutuklan\u0131r ve intihar etti denilerek infaz edilir. Bu durum pek \u00e7ok Rojaval\u0131 kadronun tepkisine neden olur. \u015eahin\u2019de bunlardan biridir fakat tepkisini a\u00e7\u0131\u011fa vurmaz. Siyasi pek \u00e7ok g\u00f6rev alan\u0131nda yer al\u0131r. Sessiz ve sedas\u0131z bi\u00e7imde dikkat \u00e7ekmeden, tepki toplamadan g\u00fc\u00e7 biriktirir. \u00c7ok \u00f6nemli g\u00f6revlerde ve kritik noktalarda rol al\u0131r, fakat PKK\u2019nin en sevmedi\u011fi \u00f6zelli\u011fi olan \u2018kendine g\u00f6reli\u011fi\u2019 b\u0131rakmaz. \u00a02011\u2019de Suriye de olaylar\u0131n ba\u015flamas\u0131 ve Rojava\u2019da ba\u015flayan hareketlili\u011fe kadar. General Mazlum\u2019un K\u00fcrt askeri g\u00fc\u00e7lerinin olu\u015fmas\u0131nda ciddi bir pay\u0131 vard\u0131r. 2016 y\u0131l\u0131nda T\u00fcrkiye\u2019nin Rojava\u2019n\u0131n Kara\u00e7oh da\u011f\u0131na yapt\u0131\u011f\u0131 sald\u0131r\u0131dan sonra olay yeri incelemesi yapan Amerikal\u0131 generallerle resimlerinin yay\u0131nlanmas\u0131 ile art\u0131k \u015eahin Abdi\u2019nin General Abdi olarak tan\u0131nmas\u0131n\u0131n yolu a\u00e7\u0131lm\u0131\u015f olur.<\/p>\n<p style=\"text-align: justify\"><img loading=\"lazy\" decoding=\"async\" width=\"806\" height=\"378\" class=\"aligncenter darka-image-1007100 size-full\" src=\"https:\/\/darkamazi.site\/file\/2019\/11\/806x378-mazlum-kobani-kimdir-terorist-mazlum-kobani-gercek-adi-nedir-1571942666749.jpg\" alt=\"GENERAL MAZLUM K\u0130MD\u0130R? D\u00dc\u015eMANLARI K\u0130MD\u0130R?\" srcset=\"https:\/\/darkamazi.site\/file\/2019\/11\/806x378-mazlum-kobani-kimdir-terorist-mazlum-kobani-gercek-adi-nedir-1571942666749.jpg 806w, https:\/\/darkamazi.site\/file\/2019\/11\/806x378-mazlum-kobani-kimdir-terorist-mazlum-kobani-gercek-adi-nedir-1571942666749-300x141.jpg 300w, https:\/\/darkamazi.site\/file\/2019\/11\/806x378-mazlum-kobani-kimdir-terorist-mazlum-kobani-gercek-adi-nedir-1571942666749-768x360.jpg 768w\" sizes=\"auto, (max-width: 806px) 100vw, 806px\" \/><\/p>\n<h3 style=\"text-align: justify\"><span style=\"font-family: 'arial black', sans-serif;font-size: 12pt\">PKK i\u00e7indeki Dinazorlar General Mazlumdan rahats\u0131z m\u0131?<\/span><\/h3>\n<p style=\"text-align: justify\">\nK\u00fcrtler i\u00e7in gen\u00e7 y\u00fczlerin ortaya \u00e7\u0131kmas\u0131, farkl\u0131 d\u00fc\u015f\u00fcnceler dile getirmesi ve kat\u0131 liderlik k\u00fclt\u00fcn\u00fcn y\u0131k\u0131lmas\u0131 a\u00e7\u0131s\u0131ndan \u00e7ok \u00f6nemli. Fakat K\u00fcrtleri \u201ctek lider, tek parti, tek ideoloji\u201d ye mahk\u00fbm etmek isteyen PKK\u2019nin bu durumdan pek memnun olmad\u0131\u011f\u0131n\u0131 kestirmek zor de\u011fil. \u00c7\u00fcnk\u00fc PKK hi\u00e7bir zaman \u00d6calan ve \u00e7evresindeki Ankara gurubunun d\u0131\u015f\u0131nda hi\u00e7bir sahada hi\u00e7bir insan\u0131n tan\u0131nan bir y\u00fcz olmas\u0131n\u0131 kabul etmez. PKK i\u00e7inde b\u00f6yle bir dinozorla\u015fm\u0131\u015f gurup vard\u0131r. PKK tarihi \u00f6ne \u00e7\u0131kabilecek herkesin bir \u015fekilde tasfiye edildi\u011fi bir tarihtir. Semir, Mehmet \u015eener vb. bir\u00e7ok \u00f6rnek vard\u0131r. Hatta legal siyasette de kal\u0131c\u0131 politik \u015fahsiyetlere yer yoktur. PKK\u2019nin Selahattin Demirta\u015f anti-patisini bilmeyen yoktur.<\/p>\n<p style=\"text-align: justify\">General Mazlum\u2019un \u201c E\u011fer taviz ve soyk\u0131r\u0131m aras\u0131nda kal\u0131rsak tercihimiz halk\u0131m\u0131z olacak\u201d s\u00f6z\u00fcn\u00fc s\u00f6yledi\u011fi g\u00fcn\u00fcn ertesinde Cemil Bay\u0131k \u00e7\u0131karak \u201cne olursa olsun geri ad\u0131m at\u0131lmamal\u0131, direnerek kazan\u0131lmal\u0131\u201d diyerek bir anlamda yap\u0131lan anla\u015fmay\u0131 onaylam\u0131yoruz, sorumluluk bizde de\u011fil demi\u015f oldu. Zaten PKK i\u00e7inde bir d\u00f6nemdir \u201c\u015eahin ayr\u0131 bir beylik gibi hareket ediyor, bizi dinlemiyor, \u00f6rg\u00fct\u00fcn kararlar\u0131n\u0131 uygulam\u0131yor\u201d gibi tart\u0131\u015fman\u0131n oldu\u011funu, bunun da t\u00fcm PKK\u2019ye yak\u0131n \u00e7evrelere yans\u0131t\u0131ld\u0131\u011f\u0131 biliniyor.<\/p>\n<p style=\"text-align: justify\">\u00a0PKK K\u00fcrdistan par\u00e7alar\u0131ndaki \u00f6rg\u00fctlerin, kadrolar\u0131n sadece merkeze g\u00f6re hareket etmesi \u00fczerine kurulu, kat\u0131 merkeziyet\u00e7i bir harekettir. Yerel inisiyatiflere asla izin vermez, hatta bunu tehlike olarak g\u00f6r\u00fcr. General Mazlum\u2019dan da rahats\u0131z oldu\u011fu a\u00e7\u0131kt\u0131r.<\/p>\n<p style=\"text-align: justify\">\u00a0General Mazlum\u2019un ger\u00e7ek bir general olmas\u0131 i\u00e7in \u00f6ncelikle PKK\u2019nin bu otoriter ve tek\u00e7i yakla\u015f\u0131m\u0131n\u0131 a\u015f\u0131p ba\u011f\u0131ms\u0131z kararlar ala bilmesi gerekir. Ayr\u0131ca PKK\u2019nin di\u011fer K\u00fcrt partilerine kar\u015f\u0131 d\u00fc\u015fmanca tutumunu a\u015fabilmeli. K\u00fcrtler aras\u0131 bir diyalog i\u00e7in K\u00fcrtler aras\u0131nda ki ideolojik farkl\u0131l\u0131klar\u0131 \u00f6ne \u00e7\u0131karmadan K\u00fcrt kimli\u011fini esas almal\u0131. \u00a0Zaten 24 Ekim tarihinde t\u00fcm bas\u0131n mensuplar\u0131na yapt\u0131\u011f\u0131 a\u00e7\u0131klamada \u201c Ba\u015fkan Barzani\u2019ye te\u015fekk\u00fcr ediyorum\u201d diyerek Barzani\u2019yi ba\u015fkan s\u0131fat\u0131 ile anmas\u0131 bile General Mazlum\u2019un PKK\u2019nin K\u00fcrt liderlere de\u011fer vermeyen yakla\u015f\u0131mlar\u0131n\u0131 a\u015fmaya meyilli oldu\u011funu g\u00f6sterdi.<\/p>\n<p style=\"text-align: justify\">General Mazlum evet \u015fimdiye kadar General olmak i\u00e7in elinden gelen her \u00e7abay\u0131 g\u00f6sterdi. Fakat \u015fimdi bir yandan s\u00f6m\u00fcrgeci T\u00fcrk devletinin K\u00fcrtlere tahamm\u00fcls\u00fczl\u00fc\u011f\u00fc ile fiziksel imha tehdidi at\u0131nda bir yandan da PKK\u2019de ki Ankara gurubu olarak an\u0131lan dinozorlar\u0131n siyasal ku\u015fatmas\u0131 alt\u0131nda. Umar\u0131z General Mazlum bu her iki ku\u015fatmay\u0131 da a\u015far ve K\u00fcrt ulusla\u015fmas\u0131nda gereken rol\u00fc oynar.<\/p>\n<p style=\"text-align: justify\">\n","protected":false},"excerpt":{"rendered":"<p>T\u00fcrk Devletinin Rojava\u2019y\u0131 i\u015fgal giri\u015fimi sosyal ve siyasal anlamda pek \u00e7ok sonu\u00e7 ortaya \u00e7\u0131kard\u0131 ve \u00e7\u0131karacak. Bunlardan biri de General Mazlum\u2019un K\u00fcrt siyasetinde yeni bir fig\u00fcr olarak belirmesidir.\u00a0 Daha iki ay \u00f6nce ismi sadece Rojava ile ilgili \u00e7evrelerce bilinen, \u00e7ok y\u00fcksek pop\u00fclaritesi olmayan \u015eahin Abdi bir ayl\u0131k bir zaman zarf\u0131nda General Mazlum olarak tan\u0131nd\u0131. Peki, [&hellip;]<\/p>\n","protected":false},"author":2,"featured_media":1007103,"comment_status":"closed","ping_status":"closed","sticky":false,"template":"","format":"image","meta":{"footnotes":""},"categories":[3],"tags":[31],"class_list":["post-1007099","post","type-post","status-publish","format-image","has-post-thumbnail","hentry","category-kurdistan","tag-onemli","post_format-post-format-image"],"blocksy_meta":[],"seo_head":"<!-- This site is optimized with the Yoast SEO plugin v27.5 - https:\/\/yoast.com\/product\/yoast-seo-wordpress\/ -->\n<title>GENERAL MAZLUM K\u0130MD\u0130R? D\u00dc\u015eMANLARI K\u0130MD\u0130R? - Darka Mazi<\/title>\n<meta name=\"robots\" content=\"index, follow, max-snippet:-1, max-image-preview:large, max-video-preview:-1\" \/>\n<link rel=\"canonical\" href=\"https:\/\/darkamazi.site\/archives\/1007099\" \/>\n<meta property=\"og:locale\" content=\"en_US\" \/>\n<meta property=\"og:type\" content=\"article\" \/>\n<meta property=\"og:title\" content=\"GENERAL MAZLUM K\u0130MD\u0130R? D\u00dc\u015eMANLARI K\u0130MD\u0130R? - Darka Mazi\" \/>\n<meta property=\"og:description\" content=\"T\u00fcrk Devletinin Rojava\u2019y\u0131 i\u015fgal giri\u015fimi sosyal ve siyasal anlamda pek \u00e7ok sonu\u00e7 ortaya \u00e7\u0131kard\u0131 ve \u00e7\u0131karacak. Bunlardan biri de General Mazlum\u2019un K\u00fcrt siyasetinde yeni bir fig\u00fcr olarak belirmesidir.\u00a0 Daha iki ay \u00f6nce ismi sadece Rojava ile ilgili \u00e7evrelerce bilinen, \u00e7ok y\u00fcksek pop\u00fclaritesi olmayan \u015eahin Abdi bir ayl\u0131k bir zaman zarf\u0131nda General Mazlum olarak tan\u0131nd\u0131. Peki, [&hellip;]\" \/>\n<meta property=\"og:url\" content=\"https:\/\/darkamazi.site\/archives\/1007099\" \/>\n<meta property=\"og:site_name\" content=\"Darka Mazi\" \/>\n<meta property=\"article:publisher\" content=\"https:\/\/www.facebook.com\/DarkaMaziturkce\" \/>\n<meta property=\"article:published_time\" content=\"2019-11-03T20:27:24+00:00\" \/>\n<meta property=\"og:image\" content=\"https:\/\/darkamazi.site\/file\/2019\/11\/resized_9ffb6-1d564cb3mansetc.jpg\" \/>\n\t<meta property=\"og:image:width\" content=\"840\" \/>\n\t<meta property=\"og:image:height\" content=\"471\" \/>\n\t<meta property=\"og:image:type\" content=\"image\/jpeg\" \/>\n<meta name=\"author\" content=\"darka mazi\" \/>\n<meta name=\"twitter:card\" content=\"summary_large_image\" \/>\n<meta name=\"twitter:creator\" content=\"@DarkaMaziTurkce\" \/>\n<meta name=\"twitter:site\" content=\"@DarkaMaziTurkce\" \/>\n<meta name=\"twitter:label1\" content=\"Written by\" \/>\n\t<meta name=\"twitter:data1\" content=\"darka mazi\" \/>\n\t<meta name=\"twitter:label2\" content=\"Est. reading time\" \/>\n\t<meta name=\"twitter:data2\" content=\"7 minutes\" \/>\n<script type=\"application\/ld+json\" class=\"seo-schema-graph\">{\"@context\":\"https:\\\/\\\/schema.org\",\"@graph\":[{\"@type\":\"NewsArticle\",\"@id\":\"https:\\\/\\\/darkamazi.site\\\/archives\\\/1007099#article\",\"isPartOf\":{\"@id\":\"https:\\\/\\\/darkamazi.site\\\/archives\\\/1007099\"},\"author\":{\"name\":\"darka mazi\",\"@id\":\"https:\\\/\\\/darkamazi.site\\\/#\\\/schema\\\/person\\\/67986a95ac546c16760365877ef4a9d3\"},\"headline\":\"GENERAL MAZLUM K\u0130MD\u0130R? D\u00dc\u015eMANLARI K\u0130MD\u0130R?\",\"datePublished\":\"2019-11-03T20:27:24+00:00\",\"mainEntityOfPage\":{\"@id\":\"https:\\\/\\\/darkamazi.site\\\/archives\\\/1007099\"},\"wordCount\":1377,\"publisher\":{\"@id\":\"https:\\\/\\\/darkamazi.site\\\/#organization\"},\"image\":{\"@id\":\"https:\\\/\\\/darkamazi.site\\\/archives\\\/1007099#primaryimage\"},\"thumbnailUrl\":\"https:\\\/\\\/darkamazi.site\\\/darka-content\\\/uploads\\\/2019\\\/11\\\/resized_9ffb6-1d564cb3mansetc.jpg\",\"keywords\":[\"\u00f6nemli\"],\"articleSection\":[\"Kurdistan\"],\"inLanguage\":\"en-US\"},{\"@type\":\"WebPage\",\"@id\":\"https:\\\/\\\/darkamazi.site\\\/archives\\\/1007099\",\"url\":\"https:\\\/\\\/darkamazi.site\\\/archives\\\/1007099\",\"name\":\"GENERAL MAZLUM K\u0130MD\u0130R? D\u00dc\u015eMANLARI K\u0130MD\u0130R? - Darka Mazi\",\"isPartOf\":{\"@id\":\"https:\\\/\\\/darkamazi.site\\\/#website\"},\"primaryImageOfPage\":{\"@id\":\"https:\\\/\\\/darkamazi.site\\\/archives\\\/1007099#primaryimage\"},\"image\":{\"@id\":\"https:\\\/\\\/darkamazi.site\\\/archives\\\/1007099#primaryimage\"},\"thumbnailUrl\":\"https:\\\/\\\/darkamazi.site\\\/darka-content\\\/uploads\\\/2019\\\/11\\\/resized_9ffb6-1d564cb3mansetc.jpg\",\"datePublished\":\"2019-11-03T20:27:24+00:00\",\"breadcrumb\":{\"@id\":\"https:\\\/\\\/darkamazi.site\\\/archives\\\/1007099#breadcrumb\"},\"inLanguage\":\"en-US\",\"potentialAction\":[{\"@type\":\"ReadAction\",\"target\":[\"https:\\\/\\\/darkamazi.site\\\/archives\\\/1007099\"]}]},{\"@type\":\"ImageObject\",\"inLanguage\":\"en-US\",\"@id\":\"https:\\\/\\\/darkamazi.site\\\/archives\\\/1007099#primaryimage\",\"url\":\"https:\\\/\\\/darkamazi.site\\\/darka-content\\\/uploads\\\/2019\\\/11\\\/resized_9ffb6-1d564cb3mansetc.jpg\",\"contentUrl\":\"https:\\\/\\\/darkamazi.site\\\/darka-content\\\/uploads\\\/2019\\\/11\\\/resized_9ffb6-1d564cb3mansetc.jpg\",\"width\":840,\"height\":471,\"caption\":\"GENERAL MAZLUM K\u0130MD\u0130R? D\u00dc\u015eMANLARI K\u0130MD\u0130R?\"},{\"@type\":\"BreadcrumbList\",\"@id\":\"https:\\\/\\\/darkamazi.site\\\/archives\\\/1007099#breadcrumb\",\"itemListElement\":[{\"@type\":\"ListItem\",\"position\":1,\"name\":\"Home\",\"item\":\"https:\\\/\\\/darkamazi.site\\\/\"},{\"@type\":\"ListItem\",\"position\":2,\"name\":\"GENERAL MAZLUM K\u0130MD\u0130R? D\u00dc\u015eMANLARI K\u0130MD\u0130R?\"}]},{\"@type\":\"WebSite\",\"@id\":\"https:\\\/\\\/darkamazi.site\\\/#website\",\"url\":\"https:\\\/\\\/darkamazi.site\\\/\",\"name\":\"Darka Mazi\",\"description\":\"Ana Sayfa\",\"publisher\":{\"@id\":\"https:\\\/\\\/darkamazi.site\\\/#organization\"},\"potentialAction\":[{\"@type\":\"SearchAction\",\"target\":{\"@type\":\"EntryPoint\",\"urlTemplate\":\"https:\\\/\\\/darkamazi.site\\\/?s={search_term_string}\"},\"query-input\":{\"@type\":\"PropertyValueSpecification\",\"valueRequired\":true,\"valueName\":\"search_term_string\"}}],\"inLanguage\":\"en-US\"},{\"@type\":\"Organization\",\"@id\":\"https:\\\/\\\/darkamazi.site\\\/#organization\",\"name\":\"Darka Mazi T\u00fcrk\u00e7e\",\"alternateName\":\"Darka Mazi\",\"url\":\"https:\\\/\\\/darkamazi.site\\\/\",\"logo\":{\"@type\":\"ImageObject\",\"inLanguage\":\"en-US\",\"@id\":\"https:\\\/\\\/darkamazi.site\\\/#\\\/schema\\\/logo\\\/image\\\/\",\"url\":\"https:\\\/\\\/darkamazi.site\\\/darka-content\\\/uploads\\\/2017\\\/12\\\/darka-mazi-logo.png\",\"contentUrl\":\"https:\\\/\\\/darkamazi.site\\\/darka-content\\\/uploads\\\/2017\\\/12\\\/darka-mazi-logo.png\",\"width\":151,\"height\":75,\"caption\":\"Darka Mazi T\u00fcrk\u00e7e\"},\"image\":{\"@id\":\"https:\\\/\\\/darkamazi.site\\\/#\\\/schema\\\/logo\\\/image\\\/\"},\"sameAs\":[\"https:\\\/\\\/www.facebook.com\\\/DarkaMaziturkce\",\"https:\\\/\\\/x.com\\\/DarkaMaziTurkce\"]},{\"@type\":\"Person\",\"@id\":\"https:\\\/\\\/darkamazi.site\\\/#\\\/schema\\\/person\\\/67986a95ac546c16760365877ef4a9d3\",\"name\":\"darka mazi\",\"sameAs\":[\"https:\\\/\\\/darkamazi.site\"],\"url\":\"https:\\\/\\\/darkamazi.site\\\/archives\\\/author\\\/turkish\"}]}<\/script>\n<!-- \/ Yoast SEO plugin. -->","seo_head_json":{"title":"GENERAL MAZLUM K\u0130MD\u0130R? D\u00dc\u015eMANLARI K\u0130MD\u0130R? - Darka Mazi","robots":{"index":"index","follow":"follow","max-snippet":"max-snippet:-1","max-image-preview":"max-image-preview:large","max-video-preview":"max-video-preview:-1"},"canonical":"https:\/\/darkamazi.site\/archives\/1007099","og_locale":"en_US","og_type":"article","og_title":"GENERAL MAZLUM K\u0130MD\u0130R? D\u00dc\u015eMANLARI K\u0130MD\u0130R? - Darka Mazi","og_description":"T\u00fcrk Devletinin Rojava\u2019y\u0131 i\u015fgal giri\u015fimi sosyal ve siyasal anlamda pek \u00e7ok sonu\u00e7 ortaya \u00e7\u0131kard\u0131 ve \u00e7\u0131karacak. Bunlardan biri de General Mazlum\u2019un K\u00fcrt siyasetinde yeni bir fig\u00fcr olarak belirmesidir.\u00a0 Daha iki ay \u00f6nce ismi sadece Rojava ile ilgili \u00e7evrelerce bilinen, \u00e7ok y\u00fcksek pop\u00fclaritesi olmayan \u015eahin Abdi bir ayl\u0131k bir zaman zarf\u0131nda General Mazlum olarak tan\u0131nd\u0131. Peki, [&hellip;]","og_url":"https:\/\/darkamazi.site\/archives\/1007099","og_site_name":"Darka Mazi","article_publisher":"https:\/\/www.facebook.com\/DarkaMaziturkce","article_published_time":"2019-11-03T20:27:24+00:00","og_image":[{"width":840,"height":471,"url":"https:\/\/darkamazi.site\/file\/2019\/11\/resized_9ffb6-1d564cb3mansetc.jpg","type":"image\/jpeg"}],"author":"darka mazi","twitter_card":"summary_large_image","twitter_creator":"@DarkaMaziTurkce","twitter_site":"@DarkaMaziTurkce","twitter_misc":{"Written by":"darka mazi","Est. reading time":"7 minutes"},"schema":{"@context":"https:\/\/schema.org","@graph":[{"@type":"NewsArticle","@id":"https:\/\/darkamazi.site\/archives\/1007099#article","isPartOf":{"@id":"https:\/\/darkamazi.site\/archives\/1007099"},"author":{"name":"darka mazi","@id":"https:\/\/darkamazi.site\/#\/schema\/person\/67986a95ac546c16760365877ef4a9d3"},"headline":"GENERAL MAZLUM K\u0130MD\u0130R? D\u00dc\u015eMANLARI K\u0130MD\u0130R?","datePublished":"2019-11-03T20:27:24+00:00","mainEntityOfPage":{"@id":"https:\/\/darkamazi.site\/archives\/1007099"},"wordCount":1377,"publisher":{"@id":"https:\/\/darkamazi.site\/#organization"},"image":{"@id":"https:\/\/darkamazi.site\/archives\/1007099#primaryimage"},"thumbnailUrl":"https:\/\/darkamazi.site\/file\/2019\/11\/resized_9ffb6-1d564cb3mansetc.jpg","keywords":["\u00f6nemli"],"articleSection":["Kurdistan"],"inLanguage":"en-US"},{"@type":"WebPage","@id":"https:\/\/darkamazi.site\/archives\/1007099","url":"https:\/\/darkamazi.site\/archives\/1007099","name":"GENERAL MAZLUM K\u0130MD\u0130R? D\u00dc\u015eMANLARI K\u0130MD\u0130R? - Darka Mazi","isPartOf":{"@id":"https:\/\/darkamazi.site\/#website"},"primaryImageOfPage":{"@id":"https:\/\/darkamazi.site\/archives\/1007099#primaryimage"},"image":{"@id":"https:\/\/darkamazi.site\/archives\/1007099#primaryimage"},"thumbnailUrl":"https:\/\/darkamazi.site\/file\/2019\/11\/resized_9ffb6-1d564cb3mansetc.jpg","datePublished":"2019-11-03T20:27:24+00:00","breadcrumb":{"@id":"https:\/\/darkamazi.site\/archives\/1007099#breadcrumb"},"inLanguage":"en-US","potentialAction":[{"@type":"ReadAction","target":["https:\/\/darkamazi.site\/archives\/1007099"]}]},{"@type":"ImageObject","inLanguage":"en-US","@id":"https:\/\/darkamazi.site\/archives\/1007099#primaryimage","url":"https:\/\/darkamazi.site\/file\/2019\/11\/resized_9ffb6-1d564cb3mansetc.jpg","contentUrl":"https:\/\/darkamazi.site\/file\/2019\/11\/resized_9ffb6-1d564cb3mansetc.jpg","width":840,"height":471,"caption":"GENERAL MAZLUM K\u0130MD\u0130R? D\u00dc\u015eMANLARI K\u0130MD\u0130R?"},{"@type":"BreadcrumbList","@id":"https:\/\/darkamazi.site\/archives\/1007099#breadcrumb","itemListElement":[{"@type":"ListItem","position":1,"name":"Home","item":"https:\/\/darkamazi.site\/"},{"@type":"ListItem","position":2,"name":"GENERAL MAZLUM K\u0130MD\u0130R? D\u00dc\u015eMANLARI K\u0130MD\u0130R?"}]},{"@type":"WebSite","@id":"https:\/\/darkamazi.site\/#website","url":"https:\/\/darkamazi.site\/","name":"Darka Mazi","description":"Ana Sayfa","publisher":{"@id":"https:\/\/darkamazi.site\/#organization"},"potentialAction":[{"@type":"SearchAction","target":{"@type":"EntryPoint","urlTemplate":"https:\/\/darkamazi.site\/?s={search_term_string}"},"query-input":{"@type":"PropertyValueSpecification","valueRequired":true,"valueName":"search_term_string"}}],"inLanguage":"en-US"},{"@type":"Organization","@id":"https:\/\/darkamazi.site\/#organization","name":"Darka Mazi T\u00fcrk\u00e7e","alternateName":"Darka Mazi","url":"https:\/\/darkamazi.site\/","logo":{"@type":"ImageObject","inLanguage":"en-US","@id":"https:\/\/darkamazi.site\/#\/schema\/logo\/image\/","url":"https:\/\/darkamazi.site\/file\/2017\/12\/darka-mazi-logo.png","contentUrl":"https:\/\/darkamazi.site\/file\/2017\/12\/darka-mazi-logo.png","width":151,"height":75,"caption":"Darka Mazi T\u00fcrk\u00e7e"},"image":{"@id":"https:\/\/darkamazi.site\/#\/schema\/logo\/image\/"},"sameAs":["https:\/\/www.facebook.com\/DarkaMaziturkce","https:\/\/x.com\/DarkaMaziTurkce"]},{"@type":"Person","@id":"https:\/\/darkamazi.site\/#\/schema\/person\/67986a95ac546c16760365877ef4a9d3","name":"darka mazi","sameAs":["https:\/\/darkamazi.site"],"url":"https:\/\/darkamazi.site\/archives\/author\/turkish"}]}},"_links":{"self":[{"href":"https:\/\/darkamazi.site\/funavuv\/wp\/v2\/posts\/1007099","targetHints":{"allow":["GET"]}}],"collection":[{"href":"https:\/\/darkamazi.site\/funavuv\/wp\/v2\/posts"}],"about":[{"href":"https:\/\/darkamazi.site\/funavuv\/wp\/v2\/types\/post"}],"author":[{"embeddable":true,"href":"https:\/\/darkamazi.site\/funavuv\/wp\/v2\/users\/2"}],"replies":[{"embeddable":true,"href":"https:\/\/darkamazi.site\/funavuv\/wp\/v2\/comments?post=1007099"}],"version-history":[{"count":0,"href":"https:\/\/darkamazi.site\/funavuv\/wp\/v2\/posts\/1007099\/revisions"}],"wp:featuredmedia":[{"embeddable":true,"href":"https:\/\/darkamazi.site\/funavuv\/wp\/v2\/media\/1007103"}],"wp:attachment":[{"href":"https:\/\/darkamazi.site\/funavuv\/wp\/v2\/media?parent=1007099"}],"wp:term":[{"taxonomy":"category","embeddable":true,"href":"https:\/\/darkamazi.site\/funavuv\/wp\/v2\/categories?post=1007099"},{"taxonomy":"post_tag","embeddable":true,"href":"https:\/\/darkamazi.site\/funavuv\/wp\/v2\/tags?post=1007099"}],"curies":[{"name":"wp","href":"https:\/\/api.w.org\/{rel}","templated":true}]}}