{"id":1007124,"date":"2019-11-04T15:11:34","date_gmt":"2019-11-04T12:11:34","guid":{"rendered":"https:\/\/darkamazi.site\/?p=1007124"},"modified":"2019-11-04T15:11:34","modified_gmt":"2019-11-04T12:11:34","slug":"sengale-hava-saldirisi","status":"publish","type":"post","link":"https:\/\/darkamazi.site\/archives\/1007124","title":{"rendered":"\u015eengale hava sald\u0131r\u0131s\u0131"},"content":{"rendered":"<h3><span style=\"font-family: 'arial black', sans-serif\">\u015eengal&#8217;e ba\u011fl\u0131 Xanesore k\u00f6y\u00fc T\u00fcrk sava\u015f u\u00e7aklar\u0131nca vuruldu<\/span><\/h3>\n<p>B\u00f6lgeden bildiren kaynaklar\u0131m\u0131z bu g\u00fcn \u00f6\u011flen saat 13:30civar\u0131nda \u015eengale ba\u011fl\u0131 Xanesor k\u00f6y\u00fcn\u00fcn T\u00fcrk Ordusuna ait sava\u015f u\u00e7aklar\u0131nca bombaland\u0131\u011f\u0131n\u0131 bildirdi. \u00a0Bombalama sivillerin oldu\u011fu mahalledeki bir eve d\u00f6n\u00fck yap\u0131l\u0131yor. \u00a05000\u2019e yak\u0131n hanenin bulundu\u011fu Xanesor k\u00f6y\u00fcnde PKK kadrolar\u0131n\u0131n da bir\u00e7ok \u00e7al\u0131\u015fma b\u00fcrosu bulunuyor. Muhabirimiz\u00a0 evin Bedel \u015eemo Alo ad\u0131l bir sivile ait oldu\u011fu fakat\u00a0 PKK kadrolar\u0131 taraf\u0131ndan kullan\u0131ld\u0131\u011f\u0131n\u0131 bildirdi. Yaral\u0131lar\u0131n Sinune kasabas\u0131nda tedavi alt\u0131na al\u0131nd\u0131\u011f\u0131n\u0131 a\u00e7\u0131klad\u0131.<\/p>\n<p>\u0130ki g\u00fcn \u00f6nce \u015eengalde Rojava i\u015fgal sald\u0131r\u0131lar\u0131n\u0131 protesto ama\u00e7l\u0131 bir y\u00fcr\u00fcy\u00fc\u015f yap\u0131lm\u0131\u015ft\u0131. Y\u00fcr\u00fcy\u00fc\u015fte PKK lideri Abdullah \u00d6calan\u2019\u0131n resimleri a\u00e7\u0131lm\u0131\u015ft\u0131. Bir\u00e7ok \u00e7evre bu resimlerin \u015eengal\u2019i hedef yapaca\u011f\u0131 konusunda ele\u015ftiri ve uyar\u0131larda bulunmu\u015ftu.<\/p>\n<p>T\u00fcrk sava\u015f u\u00e7aklar\u0131 daha \u00f6ncede \u015eengal da\u011f\u0131na d\u00f6n\u00fck \u00fc\u00e7 hava sald\u0131r\u0131s\u0131 yapm\u0131\u015f ve bunlardan birinde KCK y\u00fcr\u00fctme konseyi \u00fcyesi olan Zeki \u015eengali hayat\u0131n\u0131 kaybetmi\u015fti<\/p>\n","protected":false},"excerpt":{"rendered":"<p>\u015eengal&#8217;e ba\u011fl\u0131 Xanesore k\u00f6y\u00fc T\u00fcrk sava\u015f u\u00e7aklar\u0131nca vuruldu B\u00f6lgeden bildiren kaynaklar\u0131m\u0131z bu g\u00fcn \u00f6\u011flen saat 13:30civar\u0131nda \u015eengale ba\u011fl\u0131 Xanesor k\u00f6y\u00fcn\u00fcn T\u00fcrk Ordusuna ait sava\u015f u\u00e7aklar\u0131nca bombaland\u0131\u011f\u0131n\u0131 bildirdi. \u00a0Bombalama sivillerin oldu\u011fu mahalledeki bir eve d\u00f6n\u00fck yap\u0131l\u0131yor. \u00a05000\u2019e yak\u0131n hanenin bulundu\u011fu Xanesor k\u00f6y\u00fcnde PKK kadrolar\u0131n\u0131n da bir\u00e7ok \u00e7al\u0131\u015fma b\u00fcrosu bulunuyor. Muhabirimiz\u00a0 evin Bedel \u015eemo Alo ad\u0131l bir [&hellip;]<\/p>\n","protected":false},"author":2,"featured_media":1007125,"comment_status":"closed","ping_status":"closed","sticky":false,"template":"","format":"standard","meta":{"footnotes":""},"categories":[3],"tags":[31],"class_list":["post-1007124","post","type-post","status-publish","format-standard","has-post-thumbnail","hentry","category-kurdistan","tag-onemli"],"blocksy_meta":[],"seo_head":"<!-- This site is optimized with the Yoast SEO plugin v27.5 - https:\/\/yoast.com\/product\/yoast-seo-wordpress\/ -->\n<title>\u015eengale hava sald\u0131r\u0131s\u0131 - Darka Mazi<\/title>\n<meta name=\"robots\" content=\"index, follow, max-snippet:-1, max-image-preview:large, max-video-preview:-1\" \/>\n<link rel=\"canonical\" href=\"https:\/\/darkamazi.site\/archives\/1007124\" \/>\n<meta property=\"og:locale\" content=\"en_US\" \/>\n<meta property=\"og:type\" content=\"article\" \/>\n<meta property=\"og:title\" content=\"\u015eengale hava sald\u0131r\u0131s\u0131 - Darka Mazi\" \/>\n<meta property=\"og:description\" content=\"\u015eengal&#8217;e ba\u011fl\u0131 Xanesore k\u00f6y\u00fc T\u00fcrk sava\u015f u\u00e7aklar\u0131nca vuruldu B\u00f6lgeden bildiren kaynaklar\u0131m\u0131z bu g\u00fcn \u00f6\u011flen saat 13:30civar\u0131nda \u015eengale ba\u011fl\u0131 Xanesor k\u00f6y\u00fcn\u00fcn T\u00fcrk Ordusuna ait sava\u015f u\u00e7aklar\u0131nca bombaland\u0131\u011f\u0131n\u0131 bildirdi. \u00a0Bombalama sivillerin oldu\u011fu mahalledeki bir eve d\u00f6n\u00fck yap\u0131l\u0131yor. \u00a05000\u2019e yak\u0131n hanenin bulundu\u011fu Xanesor k\u00f6y\u00fcnde PKK kadrolar\u0131n\u0131n da bir\u00e7ok \u00e7al\u0131\u015fma b\u00fcrosu bulunuyor. Muhabirimiz\u00a0 evin Bedel \u015eemo Alo ad\u0131l bir [&hellip;]\" \/>\n<meta property=\"og:url\" content=\"https:\/\/darkamazi.site\/archives\/1007124\" \/>\n<meta property=\"og:site_name\" content=\"Darka Mazi\" \/>\n<meta property=\"article:publisher\" content=\"https:\/\/www.facebook.com\/DarkaMaziturkce\" \/>\n<meta property=\"article:published_time\" content=\"2019-11-04T12:11:34+00:00\" \/>\n<meta property=\"og:image\" content=\"https:\/\/darkamazi.site\/file\/2019\/11\/\u015eENGAL_harita_510.jpg\" \/>\n\t<meta property=\"og:image:width\" content=\"510\" \/>\n\t<meta property=\"og:image:height\" content=\"330\" \/>\n\t<meta property=\"og:image:type\" content=\"image\/jpeg\" \/>\n<meta name=\"author\" content=\"darka mazi\" \/>\n<meta name=\"twitter:card\" content=\"summary_large_image\" \/>\n<meta name=\"twitter:creator\" content=\"@DarkaMaziTurkce\" \/>\n<meta name=\"twitter:site\" content=\"@DarkaMaziTurkce\" \/>\n<meta name=\"twitter:label1\" content=\"Written by\" \/>\n\t<meta name=\"twitter:data1\" content=\"darka mazi\" \/>\n\t<meta name=\"twitter:label2\" content=\"Est. reading time\" \/>\n\t<meta name=\"twitter:data2\" content=\"1 minute\" \/>\n<script type=\"application\/ld+json\" class=\"seo-schema-graph\">{\"@context\":\"https:\\\/\\\/schema.org\",\"@graph\":[{\"@type\":\"NewsArticle\",\"@id\":\"https:\\\/\\\/darkamazi.site\\\/archives\\\/1007124#article\",\"isPartOf\":{\"@id\":\"https:\\\/\\\/darkamazi.site\\\/archives\\\/1007124\"},\"author\":{\"name\":\"darka mazi\",\"@id\":\"https:\\\/\\\/darkamazi.site\\\/#\\\/schema\\\/person\\\/67986a95ac546c16760365877ef4a9d3\"},\"headline\":\"\u015eengale hava sald\u0131r\u0131s\u0131\",\"datePublished\":\"2019-11-04T12:11:34+00:00\",\"mainEntityOfPage\":{\"@id\":\"https:\\\/\\\/darkamazi.site\\\/archives\\\/1007124\"},\"wordCount\":207,\"publisher\":{\"@id\":\"https:\\\/\\\/darkamazi.site\\\/#organization\"},\"image\":{\"@id\":\"https:\\\/\\\/darkamazi.site\\\/archives\\\/1007124#primaryimage\"},\"thumbnailUrl\":\"https:\\\/\\\/darkamazi.site\\\/darka-content\\\/uploads\\\/2019\\\/11\\\/\u015eENGAL_harita_510.jpg\",\"keywords\":[\"\u00f6nemli\"],\"articleSection\":[\"Kurdistan\"],\"inLanguage\":\"en-US\"},{\"@type\":\"WebPage\",\"@id\":\"https:\\\/\\\/darkamazi.site\\\/archives\\\/1007124\",\"url\":\"https:\\\/\\\/darkamazi.site\\\/archives\\\/1007124\",\"name\":\"\u015eengale hava sald\u0131r\u0131s\u0131 - Darka Mazi\",\"isPartOf\":{\"@id\":\"https:\\\/\\\/darkamazi.site\\\/#website\"},\"primaryImageOfPage\":{\"@id\":\"https:\\\/\\\/darkamazi.site\\\/archives\\\/1007124#primaryimage\"},\"image\":{\"@id\":\"https:\\\/\\\/darkamazi.site\\\/archives\\\/1007124#primaryimage\"},\"thumbnailUrl\":\"https:\\\/\\\/darkamazi.site\\\/darka-content\\\/uploads\\\/2019\\\/11\\\/\u015eENGAL_harita_510.jpg\",\"datePublished\":\"2019-11-04T12:11:34+00:00\",\"breadcrumb\":{\"@id\":\"https:\\\/\\\/darkamazi.site\\\/archives\\\/1007124#breadcrumb\"},\"inLanguage\":\"en-US\",\"potentialAction\":[{\"@type\":\"ReadAction\",\"target\":[\"https:\\\/\\\/darkamazi.site\\\/archives\\\/1007124\"]}]},{\"@type\":\"ImageObject\",\"inLanguage\":\"en-US\",\"@id\":\"https:\\\/\\\/darkamazi.site\\\/archives\\\/1007124#primaryimage\",\"url\":\"https:\\\/\\\/darkamazi.site\\\/darka-content\\\/uploads\\\/2019\\\/11\\\/\u015eENGAL_harita_510.jpg\",\"contentUrl\":\"https:\\\/\\\/darkamazi.site\\\/darka-content\\\/uploads\\\/2019\\\/11\\\/\u015eENGAL_harita_510.jpg\",\"width\":510,\"height\":330,\"caption\":\"\u015eengale hava sald\u0131r\u0131s\u0131\"},{\"@type\":\"BreadcrumbList\",\"@id\":\"https:\\\/\\\/darkamazi.site\\\/archives\\\/1007124#breadcrumb\",\"itemListElement\":[{\"@type\":\"ListItem\",\"position\":1,\"name\":\"Home\",\"item\":\"https:\\\/\\\/darkamazi.site\\\/\"},{\"@type\":\"ListItem\",\"position\":2,\"name\":\"\u015eengale hava sald\u0131r\u0131s\u0131\"}]},{\"@type\":\"WebSite\",\"@id\":\"https:\\\/\\\/darkamazi.site\\\/#website\",\"url\":\"https:\\\/\\\/darkamazi.site\\\/\",\"name\":\"Darka Mazi\",\"description\":\"Ana Sayfa\",\"publisher\":{\"@id\":\"https:\\\/\\\/darkamazi.site\\\/#organization\"},\"potentialAction\":[{\"@type\":\"SearchAction\",\"target\":{\"@type\":\"EntryPoint\",\"urlTemplate\":\"https:\\\/\\\/darkamazi.site\\\/?s={search_term_string}\"},\"query-input\":{\"@type\":\"PropertyValueSpecification\",\"valueRequired\":true,\"valueName\":\"search_term_string\"}}],\"inLanguage\":\"en-US\"},{\"@type\":\"Organization\",\"@id\":\"https:\\\/\\\/darkamazi.site\\\/#organization\",\"name\":\"Darka Mazi T\u00fcrk\u00e7e\",\"alternateName\":\"Darka Mazi\",\"url\":\"https:\\\/\\\/darkamazi.site\\\/\",\"logo\":{\"@type\":\"ImageObject\",\"inLanguage\":\"en-US\",\"@id\":\"https:\\\/\\\/darkamazi.site\\\/#\\\/schema\\\/logo\\\/image\\\/\",\"url\":\"https:\\\/\\\/darkamazi.site\\\/darka-content\\\/uploads\\\/2017\\\/12\\\/darka-mazi-logo.png\",\"contentUrl\":\"https:\\\/\\\/darkamazi.site\\\/darka-content\\\/uploads\\\/2017\\\/12\\\/darka-mazi-logo.png\",\"width\":151,\"height\":75,\"caption\":\"Darka Mazi T\u00fcrk\u00e7e\"},\"image\":{\"@id\":\"https:\\\/\\\/darkamazi.site\\\/#\\\/schema\\\/logo\\\/image\\\/\"},\"sameAs\":[\"https:\\\/\\\/www.facebook.com\\\/DarkaMaziturkce\",\"https:\\\/\\\/x.com\\\/DarkaMaziTurkce\"]},{\"@type\":\"Person\",\"@id\":\"https:\\\/\\\/darkamazi.site\\\/#\\\/schema\\\/person\\\/67986a95ac546c16760365877ef4a9d3\",\"name\":\"darka mazi\",\"sameAs\":[\"https:\\\/\\\/darkamazi.site\"],\"url\":\"https:\\\/\\\/darkamazi.site\\\/archives\\\/author\\\/turkish\"}]}<\/script>\n<!-- \/ Yoast SEO plugin. -->","seo_head_json":{"title":"\u015eengale hava sald\u0131r\u0131s\u0131 - Darka Mazi","robots":{"index":"index","follow":"follow","max-snippet":"max-snippet:-1","max-image-preview":"max-image-preview:large","max-video-preview":"max-video-preview:-1"},"canonical":"https:\/\/darkamazi.site\/archives\/1007124","og_locale":"en_US","og_type":"article","og_title":"\u015eengale hava sald\u0131r\u0131s\u0131 - Darka Mazi","og_description":"\u015eengal&#8217;e ba\u011fl\u0131 Xanesore k\u00f6y\u00fc T\u00fcrk sava\u015f u\u00e7aklar\u0131nca vuruldu B\u00f6lgeden bildiren kaynaklar\u0131m\u0131z bu g\u00fcn \u00f6\u011flen saat 13:30civar\u0131nda \u015eengale ba\u011fl\u0131 Xanesor k\u00f6y\u00fcn\u00fcn T\u00fcrk Ordusuna ait sava\u015f u\u00e7aklar\u0131nca bombaland\u0131\u011f\u0131n\u0131 bildirdi. \u00a0Bombalama sivillerin oldu\u011fu mahalledeki bir eve d\u00f6n\u00fck yap\u0131l\u0131yor. \u00a05000\u2019e yak\u0131n hanenin bulundu\u011fu Xanesor k\u00f6y\u00fcnde PKK kadrolar\u0131n\u0131n da bir\u00e7ok \u00e7al\u0131\u015fma b\u00fcrosu bulunuyor. Muhabirimiz\u00a0 evin Bedel \u015eemo Alo ad\u0131l bir [&hellip;]","og_url":"https:\/\/darkamazi.site\/archives\/1007124","og_site_name":"Darka Mazi","article_publisher":"https:\/\/www.facebook.com\/DarkaMaziturkce","article_published_time":"2019-11-04T12:11:34+00:00","og_image":[{"width":510,"height":330,"url":"https:\/\/darkamazi.site\/file\/2019\/11\/\u015eENGAL_harita_510.jpg","type":"image\/jpeg"}],"author":"darka mazi","twitter_card":"summary_large_image","twitter_creator":"@DarkaMaziTurkce","twitter_site":"@DarkaMaziTurkce","twitter_misc":{"Written by":"darka mazi","Est. reading time":"1 minute"},"schema":{"@context":"https:\/\/schema.org","@graph":[{"@type":"NewsArticle","@id":"https:\/\/darkamazi.site\/archives\/1007124#article","isPartOf":{"@id":"https:\/\/darkamazi.site\/archives\/1007124"},"author":{"name":"darka mazi","@id":"https:\/\/darkamazi.site\/#\/schema\/person\/67986a95ac546c16760365877ef4a9d3"},"headline":"\u015eengale hava sald\u0131r\u0131s\u0131","datePublished":"2019-11-04T12:11:34+00:00","mainEntityOfPage":{"@id":"https:\/\/darkamazi.site\/archives\/1007124"},"wordCount":207,"publisher":{"@id":"https:\/\/darkamazi.site\/#organization"},"image":{"@id":"https:\/\/darkamazi.site\/archives\/1007124#primaryimage"},"thumbnailUrl":"https:\/\/darkamazi.site\/file\/2019\/11\/\u015eENGAL_harita_510.jpg","keywords":["\u00f6nemli"],"articleSection":["Kurdistan"],"inLanguage":"en-US"},{"@type":"WebPage","@id":"https:\/\/darkamazi.site\/archives\/1007124","url":"https:\/\/darkamazi.site\/archives\/1007124","name":"\u015eengale hava sald\u0131r\u0131s\u0131 - Darka Mazi","isPartOf":{"@id":"https:\/\/darkamazi.site\/#website"},"primaryImageOfPage":{"@id":"https:\/\/darkamazi.site\/archives\/1007124#primaryimage"},"image":{"@id":"https:\/\/darkamazi.site\/archives\/1007124#primaryimage"},"thumbnailUrl":"https:\/\/darkamazi.site\/file\/2019\/11\/\u015eENGAL_harita_510.jpg","datePublished":"2019-11-04T12:11:34+00:00","breadcrumb":{"@id":"https:\/\/darkamazi.site\/archives\/1007124#breadcrumb"},"inLanguage":"en-US","potentialAction":[{"@type":"ReadAction","target":["https:\/\/darkamazi.site\/archives\/1007124"]}]},{"@type":"ImageObject","inLanguage":"en-US","@id":"https:\/\/darkamazi.site\/archives\/1007124#primaryimage","url":"https:\/\/darkamazi.site\/file\/2019\/11\/\u015eENGAL_harita_510.jpg","contentUrl":"https:\/\/darkamazi.site\/file\/2019\/11\/\u015eENGAL_harita_510.jpg","width":510,"height":330,"caption":"\u015eengale hava sald\u0131r\u0131s\u0131"},{"@type":"BreadcrumbList","@id":"https:\/\/darkamazi.site\/archives\/1007124#breadcrumb","itemListElement":[{"@type":"ListItem","position":1,"name":"Home","item":"https:\/\/darkamazi.site\/"},{"@type":"ListItem","position":2,"name":"\u015eengale hava sald\u0131r\u0131s\u0131"}]},{"@type":"WebSite","@id":"https:\/\/darkamazi.site\/#website","url":"https:\/\/darkamazi.site\/","name":"Darka Mazi","description":"Ana Sayfa","publisher":{"@id":"https:\/\/darkamazi.site\/#organization"},"potentialAction":[{"@type":"SearchAction","target":{"@type":"EntryPoint","urlTemplate":"https:\/\/darkamazi.site\/?s={search_term_string}"},"query-input":{"@type":"PropertyValueSpecification","valueRequired":true,"valueName":"search_term_string"}}],"inLanguage":"en-US"},{"@type":"Organization","@id":"https:\/\/darkamazi.site\/#organization","name":"Darka Mazi T\u00fcrk\u00e7e","alternateName":"Darka Mazi","url":"https:\/\/darkamazi.site\/","logo":{"@type":"ImageObject","inLanguage":"en-US","@id":"https:\/\/darkamazi.site\/#\/schema\/logo\/image\/","url":"https:\/\/darkamazi.site\/file\/2017\/12\/darka-mazi-logo.png","contentUrl":"https:\/\/darkamazi.site\/file\/2017\/12\/darka-mazi-logo.png","width":151,"height":75,"caption":"Darka Mazi T\u00fcrk\u00e7e"},"image":{"@id":"https:\/\/darkamazi.site\/#\/schema\/logo\/image\/"},"sameAs":["https:\/\/www.facebook.com\/DarkaMaziturkce","https:\/\/x.com\/DarkaMaziTurkce"]},{"@type":"Person","@id":"https:\/\/darkamazi.site\/#\/schema\/person\/67986a95ac546c16760365877ef4a9d3","name":"darka mazi","sameAs":["https:\/\/darkamazi.site"],"url":"https:\/\/darkamazi.site\/archives\/author\/turkish"}]}},"_links":{"self":[{"href":"https:\/\/darkamazi.site\/funavuv\/wp\/v2\/posts\/1007124","targetHints":{"allow":["GET"]}}],"collection":[{"href":"https:\/\/darkamazi.site\/funavuv\/wp\/v2\/posts"}],"about":[{"href":"https:\/\/darkamazi.site\/funavuv\/wp\/v2\/types\/post"}],"author":[{"embeddable":true,"href":"https:\/\/darkamazi.site\/funavuv\/wp\/v2\/users\/2"}],"replies":[{"embeddable":true,"href":"https:\/\/darkamazi.site\/funavuv\/wp\/v2\/comments?post=1007124"}],"version-history":[{"count":0,"href":"https:\/\/darkamazi.site\/funavuv\/wp\/v2\/posts\/1007124\/revisions"}],"wp:featuredmedia":[{"embeddable":true,"href":"https:\/\/darkamazi.site\/funavuv\/wp\/v2\/media\/1007125"}],"wp:attachment":[{"href":"https:\/\/darkamazi.site\/funavuv\/wp\/v2\/media?parent=1007124"}],"wp:term":[{"taxonomy":"category","embeddable":true,"href":"https:\/\/darkamazi.site\/funavuv\/wp\/v2\/categories?post=1007124"},{"taxonomy":"post_tag","embeddable":true,"href":"https:\/\/darkamazi.site\/funavuv\/wp\/v2\/tags?post=1007124"}],"curies":[{"name":"wp","href":"https:\/\/api.w.org\/{rel}","templated":true}]}}