{"id":1007146,"date":"2019-11-06T00:14:10","date_gmt":"2019-11-05T21:14:10","guid":{"rendered":"https:\/\/darkamazi.site\/?p=1007146"},"modified":"2026-03-31T16:45:11","modified_gmt":"2026-03-31T13:45:11","slug":"kurt-liderler-kurdistan-bolgesinin-anayasal-statusu-korunmali-2","status":"publish","type":"post","link":"https:\/\/darkamazi.site\/archives\/1007146","title":{"rendered":"K\u00dcRT L\u0130DERLER: K\u00dcRD\u0130STAN B\u00d6LGES\u0130\u2019N\u0130N ANAYASAL STAT\u00dcS\u00dc KORUNMALI"},"content":{"rendered":"<p style=\"text-align: justify\">\n<p style=\"text-align: justify\"><span style=\"font-family: 'arial black', sans-serif\">K\u00fcrdistan\u00a0 b\u00f6lgesi y\u00f6netimi ile siyasi parti liderlerinin zirvesin de, olas\u0131 anayasa de\u011fi\u015fikli\u011finde federal sistemin yan\u0131 s\u0131ra K\u00fcrdistan b\u00f6lgesi\u2019 nin stat\u00fcs\u00fc ve \u0131rak\u2019taki t\u00fcm bile\u015fenlerin hak ve hukuklar\u0131n\u0131n koruma alt\u0131na al\u0131nmas\u0131 gereklili\u011fi vurguland\u0131.<\/span><\/p>\n<p style=\"text-align: justify\">Bu g\u00fcn 5\/11\/2019 da Irak Cumhurba\u015fkan\u0131 Berhem Salih, K\u00fcrdistan B\u00f6lgesi Ba\u015fkan\u0131 Ne\u00e7irvan Barzani, Ba\u015fbakan mesrur Barzani ve Parlemento Ba\u015fkan\u0131 Rewaz Fayeq kat\u0131l\u0131m\u0131yla bir zirve toplant\u0131s\u0131 yap\u0131ld\u0131. Toplant\u0131da, Irak\u2019taki siyasal \u00a0olaylar\u0131n ve K\u00fcrdistan\u00a0 B\u00f6lgesine olas\u0131 yans\u0131malar\u0131 ele al\u0131nd\u0131.\u00a0 D\u00f6rtl\u00fc zirvenin ard\u0131ndan t\u00fcm siyasi parti liderleri ve yetkililerinin kat\u0131l\u0131m\u0131yla Irak\u2019taki \u00a0son olaylar\u0131n seyri, K\u00fcrdistan B\u00f6lgesine yans\u0131malar\u0131, k\u0131sacas\u0131 \u00a0Irak\u2019\u0131n siyasi gelece\u011fine dair tart\u0131\u015fmalar yap\u0131ld\u0131.<\/p>\n<p style=\"text-align: justify\">Toplant\u0131ya kat\u0131lan t\u00fcm siyasi parti liderleri, \u201cIrak\u2019taki gidi\u015fat\u0131n\u00a0 \u00a0siyasi\u00a0 ve idari sonu\u00e7lar\u0131 \u00fczerinde hemfikir olduklar\u0131 belirtildi. Irak\u2019ta bu g\u00fcn\u00a0 ya\u015fanan olaylar\u0131n y\u0131llard\u0131r biriken y\u00f6netimsel sorunlar ve anayasan\u0131n uygulanmamas\u0131ndan kaynakland\u0131\u011f\u0131na dikkat \u00e7ekildi. Mevcut durumun endi\u015fe verici oldu\u011fu, halk\u0131n ifade \u00f6zg\u00fcrl\u00fc\u011f\u00fc ve taleplerinin savunuldu\u011fu\u201d ifade edildi.<\/p>\n<p style=\"text-align: justify\">Irak\u2019taki istikrar\u0131n, yasal ve resmi kurumlar\u0131n korunmas\u0131n\u0131n gerekti\u011fi, b\u00f6lgedeki durum g\u00f6z \u00f6n\u00fcnde bulundurularak, radikal ter\u00f6r gruplar\u0131n yeniden \u00f6rg\u00fctlenip ba\u015fkald\u0131rmas\u0131 tehdidi bulundu\u011funa dikkat \u00e7ekildi.<\/p>\n<p style=\"text-align: justify\">Yap\u0131lan ortak a\u00e7\u0131klamada, \u201cIrak halk\u0131n\u0131n me\u015fru taleplerini\u00a0 ve h\u00fck\u00fcmetin bu talepleri kar\u015f\u0131lamak i\u00e7in izleyece\u011fi reformlar\u0131\u00a0 destekleyeceklerini, ya\u015fan\u0131lan sorunlar\u0131n \u00e7\u00f6z\u00fcm\u00fcne aktif kat\u0131lma ve K\u00fcrdistan B\u00f6lgesi ile Irak\u2019taki t\u00fcm bile\u015fenlerin anayasal haklar\u0131n\u0131 koruma konusunda hemfikir oldu\u011fu belirtildi.\u201d<\/p>\n<p style=\"text-align: justify\">Irak Anayasas\u0131\u2019nda de\u011fi\u015fikli\u011fe gidilmesi hakk\u0131ndaki taleplere ili\u015fkin ise; olas\u0131 bir anayasa de\u011fi\u015fikli\u011finde, Federal sistemin yan\u0131 s\u0131ra K\u00fcrdistan B\u00f6lgesinin stat\u00fcs\u00fc ve Iraktaki t\u00fcm bile\u015fenlerin haklar\u0131n\u0131n korunmas\u0131 gerekti\u011fi vurguland\u0131.<\/p>\n<p style=\"text-align: justify\">\n","protected":false},"excerpt":{"rendered":"<p>K\u00fcrdistan\u00a0 b\u00f6lgesi y\u00f6netimi ile siyasi parti liderlerinin zirvesin de, olas\u0131 anayasa de\u011fi\u015fikli\u011finde federal sistemin yan\u0131 s\u0131ra K\u00fcrdistan b\u00f6lgesi\u2019 nin stat\u00fcs\u00fc ve \u0131rak\u2019taki t\u00fcm bile\u015fenlerin hak ve hukuklar\u0131n\u0131n koruma alt\u0131na al\u0131nmas\u0131 gereklili\u011fi vurguland\u0131. Bu g\u00fcn 5\/11\/2019 da Irak Cumhurba\u015fkan\u0131 Berhem Salih, K\u00fcrdistan B\u00f6lgesi Ba\u015fkan\u0131 Ne\u00e7irvan Barzani, Ba\u015fbakan mesrur Barzani ve Parlemento Ba\u015fkan\u0131 Rewaz Fayeq kat\u0131l\u0131m\u0131yla bir [&hellip;]<\/p>\n","protected":false},"author":2,"featured_media":1007142,"comment_status":"closed","ping_status":"closed","sticky":false,"template":"","format":"standard","meta":{"footnotes":""},"categories":[3],"tags":[],"class_list":["post-1007146","post","type-post","status-publish","format-standard","has-post-thumbnail","hentry","category-kurdistan"],"blocksy_meta":[],"seo_head":"<!-- This site is optimized with the Yoast SEO plugin v27.5 - https:\/\/yoast.com\/product\/yoast-seo-wordpress\/ -->\n<title>K\u00dcRT L\u0130DERLER: K\u00dcRD\u0130STAN B\u00d6LGES\u0130\u2019N\u0130N ANAYASAL STAT\u00dcS\u00dc KORUNMALI - Darka Mazi<\/title>\n<meta name=\"robots\" content=\"index, follow, max-snippet:-1, max-image-preview:large, max-video-preview:-1\" \/>\n<link rel=\"canonical\" href=\"https:\/\/darkamazi.site\/archives\/1007146\" \/>\n<meta property=\"og:locale\" content=\"en_US\" \/>\n<meta property=\"og:type\" content=\"article\" \/>\n<meta property=\"og:title\" content=\"K\u00dcRT L\u0130DERLER: K\u00dcRD\u0130STAN B\u00d6LGES\u0130\u2019N\u0130N ANAYASAL STAT\u00dcS\u00dc KORUNMALI - Darka Mazi\" \/>\n<meta property=\"og:description\" content=\"K\u00fcrdistan\u00a0 b\u00f6lgesi y\u00f6netimi ile siyasi parti liderlerinin zirvesin de, olas\u0131 anayasa de\u011fi\u015fikli\u011finde federal sistemin yan\u0131 s\u0131ra K\u00fcrdistan b\u00f6lgesi\u2019 nin stat\u00fcs\u00fc ve \u0131rak\u2019taki t\u00fcm bile\u015fenlerin hak ve hukuklar\u0131n\u0131n koruma alt\u0131na al\u0131nmas\u0131 gereklili\u011fi vurguland\u0131. Bu g\u00fcn 5\/11\/2019 da Irak Cumhurba\u015fkan\u0131 Berhem Salih, K\u00fcrdistan B\u00f6lgesi Ba\u015fkan\u0131 Ne\u00e7irvan Barzani, Ba\u015fbakan mesrur Barzani ve Parlemento Ba\u015fkan\u0131 Rewaz Fayeq kat\u0131l\u0131m\u0131yla bir [&hellip;]\" \/>\n<meta property=\"og:url\" content=\"https:\/\/darkamazi.site\/archives\/1007146\" \/>\n<meta property=\"og:site_name\" content=\"Darka Mazi\" \/>\n<meta property=\"article:publisher\" content=\"https:\/\/www.facebook.com\/DarkaMaziturkce\" \/>\n<meta property=\"article:published_time\" content=\"2019-11-05T21:14:10+00:00\" \/>\n<meta property=\"article:modified_time\" content=\"2026-03-31T13:45:11+00:00\" \/>\n<meta property=\"og:image\" content=\"https:\/\/darkamazi.site\/file\/2019\/11\/5-11-2019.jpg\" \/>\n\t<meta property=\"og:image:width\" content=\"1600\" \/>\n\t<meta property=\"og:image:height\" content=\"868\" \/>\n\t<meta property=\"og:image:type\" content=\"image\/jpeg\" \/>\n<meta name=\"author\" content=\"darka mazi\" \/>\n<meta name=\"twitter:card\" content=\"summary_large_image\" \/>\n<meta name=\"twitter:creator\" content=\"@DarkaMaziTurkce\" \/>\n<meta name=\"twitter:site\" content=\"@DarkaMaziTurkce\" \/>\n<meta name=\"twitter:label1\" content=\"Written by\" \/>\n\t<meta name=\"twitter:data1\" content=\"darka mazi\" \/>\n\t<meta name=\"twitter:label2\" content=\"Est. reading time\" \/>\n\t<meta name=\"twitter:data2\" content=\"2 minutes\" \/>\n<script type=\"application\/ld+json\" class=\"seo-schema-graph\">{\"@context\":\"https:\\\/\\\/schema.org\",\"@graph\":[{\"@type\":\"NewsArticle\",\"@id\":\"https:\\\/\\\/darkamazi.site\\\/archives\\\/1007146#article\",\"isPartOf\":{\"@id\":\"https:\\\/\\\/darkamazi.site\\\/archives\\\/1007146\"},\"author\":{\"name\":\"darka mazi\",\"@id\":\"https:\\\/\\\/darkamazi.site\\\/#\\\/schema\\\/person\\\/67986a95ac546c16760365877ef4a9d3\"},\"headline\":\"K\u00dcRT L\u0130DERLER: K\u00dcRD\u0130STAN B\u00d6LGES\u0130\u2019N\u0130N ANAYASAL STAT\u00dcS\u00dc KORUNMALI\",\"datePublished\":\"2019-11-05T21:14:10+00:00\",\"dateModified\":\"2026-03-31T13:45:11+00:00\",\"mainEntityOfPage\":{\"@id\":\"https:\\\/\\\/darkamazi.site\\\/archives\\\/1007146\"},\"wordCount\":368,\"publisher\":{\"@id\":\"https:\\\/\\\/darkamazi.site\\\/#organization\"},\"image\":{\"@id\":\"https:\\\/\\\/darkamazi.site\\\/archives\\\/1007146#primaryimage\"},\"thumbnailUrl\":\"https:\\\/\\\/darkamazi.site\\\/darka-content\\\/uploads\\\/2019\\\/11\\\/5-11-2019.jpg\",\"articleSection\":[\"Kurdistan\"],\"inLanguage\":\"en-US\"},{\"@type\":\"WebPage\",\"@id\":\"https:\\\/\\\/darkamazi.site\\\/archives\\\/1007146\",\"url\":\"https:\\\/\\\/darkamazi.site\\\/archives\\\/1007146\",\"name\":\"K\u00dcRT L\u0130DERLER: K\u00dcRD\u0130STAN B\u00d6LGES\u0130\u2019N\u0130N ANAYASAL STAT\u00dcS\u00dc KORUNMALI - Darka Mazi\",\"isPartOf\":{\"@id\":\"https:\\\/\\\/darkamazi.site\\\/#website\"},\"primaryImageOfPage\":{\"@id\":\"https:\\\/\\\/darkamazi.site\\\/archives\\\/1007146#primaryimage\"},\"image\":{\"@id\":\"https:\\\/\\\/darkamazi.site\\\/archives\\\/1007146#primaryimage\"},\"thumbnailUrl\":\"https:\\\/\\\/darkamazi.site\\\/darka-content\\\/uploads\\\/2019\\\/11\\\/5-11-2019.jpg\",\"datePublished\":\"2019-11-05T21:14:10+00:00\",\"dateModified\":\"2026-03-31T13:45:11+00:00\",\"breadcrumb\":{\"@id\":\"https:\\\/\\\/darkamazi.site\\\/archives\\\/1007146#breadcrumb\"},\"inLanguage\":\"en-US\",\"potentialAction\":[{\"@type\":\"ReadAction\",\"target\":[\"https:\\\/\\\/darkamazi.site\\\/archives\\\/1007146\"]}]},{\"@type\":\"ImageObject\",\"inLanguage\":\"en-US\",\"@id\":\"https:\\\/\\\/darkamazi.site\\\/archives\\\/1007146#primaryimage\",\"url\":\"https:\\\/\\\/darkamazi.site\\\/darka-content\\\/uploads\\\/2019\\\/11\\\/5-11-2019.jpg\",\"contentUrl\":\"https:\\\/\\\/darkamazi.site\\\/darka-content\\\/uploads\\\/2019\\\/11\\\/5-11-2019.jpg\",\"width\":1600,\"height\":868,\"caption\":\"K\u00dcRT L\u0130DERLER: K\u00dcRD\u0130STAN B\u00d6LGES\u0130\u2019N\u0130N ANAYASAL STAT\u00dcS\u00dc KORUNMALI\"},{\"@type\":\"BreadcrumbList\",\"@id\":\"https:\\\/\\\/darkamazi.site\\\/archives\\\/1007146#breadcrumb\",\"itemListElement\":[{\"@type\":\"ListItem\",\"position\":1,\"name\":\"Home\",\"item\":\"https:\\\/\\\/darkamazi.site\\\/\"},{\"@type\":\"ListItem\",\"position\":2,\"name\":\"K\u00dcRT L\u0130DERLER: K\u00dcRD\u0130STAN B\u00d6LGES\u0130\u2019N\u0130N ANAYASAL STAT\u00dcS\u00dc KORUNMALI\"}]},{\"@type\":\"WebSite\",\"@id\":\"https:\\\/\\\/darkamazi.site\\\/#website\",\"url\":\"https:\\\/\\\/darkamazi.site\\\/\",\"name\":\"Darka Mazi\",\"description\":\"Ana Sayfa\",\"publisher\":{\"@id\":\"https:\\\/\\\/darkamazi.site\\\/#organization\"},\"potentialAction\":[{\"@type\":\"SearchAction\",\"target\":{\"@type\":\"EntryPoint\",\"urlTemplate\":\"https:\\\/\\\/darkamazi.site\\\/?s={search_term_string}\"},\"query-input\":{\"@type\":\"PropertyValueSpecification\",\"valueRequired\":true,\"valueName\":\"search_term_string\"}}],\"inLanguage\":\"en-US\"},{\"@type\":\"Organization\",\"@id\":\"https:\\\/\\\/darkamazi.site\\\/#organization\",\"name\":\"Darka Mazi T\u00fcrk\u00e7e\",\"alternateName\":\"Darka Mazi\",\"url\":\"https:\\\/\\\/darkamazi.site\\\/\",\"logo\":{\"@type\":\"ImageObject\",\"inLanguage\":\"en-US\",\"@id\":\"https:\\\/\\\/darkamazi.site\\\/#\\\/schema\\\/logo\\\/image\\\/\",\"url\":\"https:\\\/\\\/darkamazi.site\\\/darka-content\\\/uploads\\\/2017\\\/12\\\/darka-mazi-logo.png\",\"contentUrl\":\"https:\\\/\\\/darkamazi.site\\\/darka-content\\\/uploads\\\/2017\\\/12\\\/darka-mazi-logo.png\",\"width\":151,\"height\":75,\"caption\":\"Darka Mazi T\u00fcrk\u00e7e\"},\"image\":{\"@id\":\"https:\\\/\\\/darkamazi.site\\\/#\\\/schema\\\/logo\\\/image\\\/\"},\"sameAs\":[\"https:\\\/\\\/www.facebook.com\\\/DarkaMaziturkce\",\"https:\\\/\\\/x.com\\\/DarkaMaziTurkce\"]},{\"@type\":\"Person\",\"@id\":\"https:\\\/\\\/darkamazi.site\\\/#\\\/schema\\\/person\\\/67986a95ac546c16760365877ef4a9d3\",\"name\":\"darka mazi\",\"sameAs\":[\"https:\\\/\\\/darkamazi.site\"],\"url\":\"https:\\\/\\\/darkamazi.site\\\/archives\\\/author\\\/turkish\"}]}<\/script>\n<!-- \/ Yoast SEO plugin. -->","seo_head_json":{"title":"K\u00dcRT L\u0130DERLER: K\u00dcRD\u0130STAN B\u00d6LGES\u0130\u2019N\u0130N ANAYASAL STAT\u00dcS\u00dc KORUNMALI - Darka Mazi","robots":{"index":"index","follow":"follow","max-snippet":"max-snippet:-1","max-image-preview":"max-image-preview:large","max-video-preview":"max-video-preview:-1"},"canonical":"https:\/\/darkamazi.site\/archives\/1007146","og_locale":"en_US","og_type":"article","og_title":"K\u00dcRT L\u0130DERLER: K\u00dcRD\u0130STAN B\u00d6LGES\u0130\u2019N\u0130N ANAYASAL STAT\u00dcS\u00dc KORUNMALI - Darka Mazi","og_description":"K\u00fcrdistan\u00a0 b\u00f6lgesi y\u00f6netimi ile siyasi parti liderlerinin zirvesin de, olas\u0131 anayasa de\u011fi\u015fikli\u011finde federal sistemin yan\u0131 s\u0131ra K\u00fcrdistan b\u00f6lgesi\u2019 nin stat\u00fcs\u00fc ve \u0131rak\u2019taki t\u00fcm bile\u015fenlerin hak ve hukuklar\u0131n\u0131n koruma alt\u0131na al\u0131nmas\u0131 gereklili\u011fi vurguland\u0131. Bu g\u00fcn 5\/11\/2019 da Irak Cumhurba\u015fkan\u0131 Berhem Salih, K\u00fcrdistan B\u00f6lgesi Ba\u015fkan\u0131 Ne\u00e7irvan Barzani, Ba\u015fbakan mesrur Barzani ve Parlemento Ba\u015fkan\u0131 Rewaz Fayeq kat\u0131l\u0131m\u0131yla bir [&hellip;]","og_url":"https:\/\/darkamazi.site\/archives\/1007146","og_site_name":"Darka Mazi","article_publisher":"https:\/\/www.facebook.com\/DarkaMaziturkce","article_published_time":"2019-11-05T21:14:10+00:00","article_modified_time":"2026-03-31T13:45:11+00:00","og_image":[{"width":1600,"height":868,"url":"https:\/\/darkamazi.site\/file\/2019\/11\/5-11-2019.jpg","type":"image\/jpeg"}],"author":"darka mazi","twitter_card":"summary_large_image","twitter_creator":"@DarkaMaziTurkce","twitter_site":"@DarkaMaziTurkce","twitter_misc":{"Written by":"darka mazi","Est. reading time":"2 minutes"},"schema":{"@context":"https:\/\/schema.org","@graph":[{"@type":"NewsArticle","@id":"https:\/\/darkamazi.site\/archives\/1007146#article","isPartOf":{"@id":"https:\/\/darkamazi.site\/archives\/1007146"},"author":{"name":"darka mazi","@id":"https:\/\/darkamazi.site\/#\/schema\/person\/67986a95ac546c16760365877ef4a9d3"},"headline":"K\u00dcRT L\u0130DERLER: K\u00dcRD\u0130STAN B\u00d6LGES\u0130\u2019N\u0130N ANAYASAL STAT\u00dcS\u00dc KORUNMALI","datePublished":"2019-11-05T21:14:10+00:00","dateModified":"2026-03-31T13:45:11+00:00","mainEntityOfPage":{"@id":"https:\/\/darkamazi.site\/archives\/1007146"},"wordCount":368,"publisher":{"@id":"https:\/\/darkamazi.site\/#organization"},"image":{"@id":"https:\/\/darkamazi.site\/archives\/1007146#primaryimage"},"thumbnailUrl":"https:\/\/darkamazi.site\/file\/2019\/11\/5-11-2019.jpg","articleSection":["Kurdistan"],"inLanguage":"en-US"},{"@type":"WebPage","@id":"https:\/\/darkamazi.site\/archives\/1007146","url":"https:\/\/darkamazi.site\/archives\/1007146","name":"K\u00dcRT L\u0130DERLER: K\u00dcRD\u0130STAN B\u00d6LGES\u0130\u2019N\u0130N ANAYASAL STAT\u00dcS\u00dc KORUNMALI - Darka Mazi","isPartOf":{"@id":"https:\/\/darkamazi.site\/#website"},"primaryImageOfPage":{"@id":"https:\/\/darkamazi.site\/archives\/1007146#primaryimage"},"image":{"@id":"https:\/\/darkamazi.site\/archives\/1007146#primaryimage"},"thumbnailUrl":"https:\/\/darkamazi.site\/file\/2019\/11\/5-11-2019.jpg","datePublished":"2019-11-05T21:14:10+00:00","dateModified":"2026-03-31T13:45:11+00:00","breadcrumb":{"@id":"https:\/\/darkamazi.site\/archives\/1007146#breadcrumb"},"inLanguage":"en-US","potentialAction":[{"@type":"ReadAction","target":["https:\/\/darkamazi.site\/archives\/1007146"]}]},{"@type":"ImageObject","inLanguage":"en-US","@id":"https:\/\/darkamazi.site\/archives\/1007146#primaryimage","url":"https:\/\/darkamazi.site\/file\/2019\/11\/5-11-2019.jpg","contentUrl":"https:\/\/darkamazi.site\/file\/2019\/11\/5-11-2019.jpg","width":1600,"height":868,"caption":"K\u00dcRT L\u0130DERLER: K\u00dcRD\u0130STAN B\u00d6LGES\u0130\u2019N\u0130N ANAYASAL STAT\u00dcS\u00dc KORUNMALI"},{"@type":"BreadcrumbList","@id":"https:\/\/darkamazi.site\/archives\/1007146#breadcrumb","itemListElement":[{"@type":"ListItem","position":1,"name":"Home","item":"https:\/\/darkamazi.site\/"},{"@type":"ListItem","position":2,"name":"K\u00dcRT L\u0130DERLER: K\u00dcRD\u0130STAN B\u00d6LGES\u0130\u2019N\u0130N ANAYASAL STAT\u00dcS\u00dc KORUNMALI"}]},{"@type":"WebSite","@id":"https:\/\/darkamazi.site\/#website","url":"https:\/\/darkamazi.site\/","name":"Darka Mazi","description":"Ana Sayfa","publisher":{"@id":"https:\/\/darkamazi.site\/#organization"},"potentialAction":[{"@type":"SearchAction","target":{"@type":"EntryPoint","urlTemplate":"https:\/\/darkamazi.site\/?s={search_term_string}"},"query-input":{"@type":"PropertyValueSpecification","valueRequired":true,"valueName":"search_term_string"}}],"inLanguage":"en-US"},{"@type":"Organization","@id":"https:\/\/darkamazi.site\/#organization","name":"Darka Mazi T\u00fcrk\u00e7e","alternateName":"Darka Mazi","url":"https:\/\/darkamazi.site\/","logo":{"@type":"ImageObject","inLanguage":"en-US","@id":"https:\/\/darkamazi.site\/#\/schema\/logo\/image\/","url":"https:\/\/darkamazi.site\/file\/2017\/12\/darka-mazi-logo.png","contentUrl":"https:\/\/darkamazi.site\/file\/2017\/12\/darka-mazi-logo.png","width":151,"height":75,"caption":"Darka Mazi T\u00fcrk\u00e7e"},"image":{"@id":"https:\/\/darkamazi.site\/#\/schema\/logo\/image\/"},"sameAs":["https:\/\/www.facebook.com\/DarkaMaziturkce","https:\/\/x.com\/DarkaMaziTurkce"]},{"@type":"Person","@id":"https:\/\/darkamazi.site\/#\/schema\/person\/67986a95ac546c16760365877ef4a9d3","name":"darka mazi","sameAs":["https:\/\/darkamazi.site"],"url":"https:\/\/darkamazi.site\/archives\/author\/turkish"}]}},"_links":{"self":[{"href":"https:\/\/darkamazi.site\/funavuv\/wp\/v2\/posts\/1007146","targetHints":{"allow":["GET"]}}],"collection":[{"href":"https:\/\/darkamazi.site\/funavuv\/wp\/v2\/posts"}],"about":[{"href":"https:\/\/darkamazi.site\/funavuv\/wp\/v2\/types\/post"}],"author":[{"embeddable":true,"href":"https:\/\/darkamazi.site\/funavuv\/wp\/v2\/users\/2"}],"replies":[{"embeddable":true,"href":"https:\/\/darkamazi.site\/funavuv\/wp\/v2\/comments?post=1007146"}],"version-history":[{"count":0,"href":"https:\/\/darkamazi.site\/funavuv\/wp\/v2\/posts\/1007146\/revisions"}],"wp:featuredmedia":[{"embeddable":true,"href":"https:\/\/darkamazi.site\/funavuv\/wp\/v2\/media\/1007142"}],"wp:attachment":[{"href":"https:\/\/darkamazi.site\/funavuv\/wp\/v2\/media?parent=1007146"}],"wp:term":[{"taxonomy":"category","embeddable":true,"href":"https:\/\/darkamazi.site\/funavuv\/wp\/v2\/categories?post=1007146"},{"taxonomy":"post_tag","embeddable":true,"href":"https:\/\/darkamazi.site\/funavuv\/wp\/v2\/tags?post=1007146"}],"curies":[{"name":"wp","href":"https:\/\/api.w.org\/{rel}","templated":true}]}}