{"id":1007148,"date":"2019-11-06T19:41:40","date_gmt":"2019-11-06T16:41:40","guid":{"rendered":"https:\/\/darkamazi.site\/?p=1007148"},"modified":"2019-11-06T19:42:36","modified_gmt":"2019-11-06T16:42:36","slug":"turk-savas-ucaklari-hantur-dagini-bombaladi","status":"publish","type":"post","link":"https:\/\/darkamazi.site\/archives\/1007148","title":{"rendered":"T\u00fcrk sava\u015f u\u00e7aklar\u0131 Hantur da\u011f\u0131n\u0131 bombalad\u0131"},"content":{"rendered":"<h3><span style=\"font-family: 'arial black', sans-serif;font-size: 12pt\">Zaxo&#8217;ya ba\u011fl\u0131 kasabalar son 4 ayd\u0131r u\u00e7aklar taraf\u0131ndan yo\u011fun\u00a0 bombalan\u0131yor<\/span><\/h3>\n<p>Bu g\u00fcn T\u00fcrk sava\u015f u\u00e7aklar\u0131 Zaxo\u2019ya ba\u011fl\u0131 Derkar kasab\u0131s\u0131n \u00e7evresindeki Xamtir da\u011f\u0131n\u0131 bombalad\u0131. B\u00f6lgeden ald\u0131\u011f\u0131m\u0131z bilgilere g\u00f6re bombalama esnas\u0131nda alanda bulunan HPG\u2019ye ba\u011fl\u0131 gerilla g\u00fc\u00e7leri kay\u0131p verdi. Fakat bu konuda her hangi bir detaya ula\u015f\u0131lmad\u0131.<\/p>\n<p>Sitemizin ula\u015ft\u0131\u011f\u0131 kaynaklar bombalaman\u0131n Derkar kasab\u0131nda hissedildi\u011fini ve halkta korku ve pani\u011fe yol a\u00e7t\u0131\u011f\u0131n\u0131 s\u00f6yledi. T\u00fcrk ordusunun s\u0131n\u0131r boyunca yapt\u0131\u011f\u0131 operasyonlar \u00f6zellikle son d\u00f6rt ayd\u0131r Zaxo k\u0131rsal\u0131ndaki Haftanin hat\u0131 boyuncu yo\u011funla\u015ft\u0131. \u00d6zellikle de alanda bulunan siviller bu durumdan b\u00fcy\u00fck zarar g\u00f6r\u00fcyor.<\/p>\n<p>Bu g\u00fcn ki bombalama ise halk taraf\u0131nda g\u00f6r\u00fcnt\u00fclendi.<\/p>\n<div style=\"width: 888px;\" class=\"darka-video\"><video class=\"darka-video-shortcode\" id=\"video-1007148-1\" width=\"888\" height=\"1920\" preload=\"metadata\" controls=\"controls\"><source type=\"video\/mp4\" src=\"https:\/\/darkamazi.site\/file\/2019\/11\/PKK-top-baran.mp4?_=1\" \/><a href=\"https:\/\/darkamazi.site\/file\/2019\/11\/PKK-top-baran.mp4\">https:\/\/darkamazi.site\/file\/2019\/11\/PKK-top-baran.mp4<\/a><\/video><\/div>\n","protected":false},"excerpt":{"rendered":"<p>Zaxo&#8217;ya ba\u011fl\u0131 kasabalar son 4 ayd\u0131r u\u00e7aklar taraf\u0131ndan yo\u011fun\u00a0 bombalan\u0131yor Bu g\u00fcn T\u00fcrk sava\u015f u\u00e7aklar\u0131 Zaxo\u2019ya ba\u011fl\u0131 Derkar kasab\u0131s\u0131n \u00e7evresindeki Xamtir da\u011f\u0131n\u0131 bombalad\u0131. B\u00f6lgeden ald\u0131\u011f\u0131m\u0131z bilgilere g\u00f6re bombalama esnas\u0131nda alanda bulunan HPG\u2019ye ba\u011fl\u0131 gerilla g\u00fc\u00e7leri kay\u0131p verdi. Fakat bu konuda her hangi bir detaya ula\u015f\u0131lmad\u0131. Sitemizin ula\u015ft\u0131\u011f\u0131 kaynaklar bombalaman\u0131n Derkar kasab\u0131nda hissedildi\u011fini ve halkta korku [&hellip;]<\/p>\n","protected":false},"author":2,"featured_media":1007150,"comment_status":"closed","ping_status":"closed","sticky":false,"template":"","format":"video","meta":{"footnotes":""},"categories":[3],"tags":[],"class_list":["post-1007148","post","type-post","status-publish","format-video","has-post-thumbnail","hentry","category-kurdistan","post_format-post-format-video"],"blocksy_meta":[],"seo_head":"<!-- This site is optimized with the Yoast SEO plugin v27.5 - https:\/\/yoast.com\/product\/yoast-seo-wordpress\/ -->\n<title>T\u00fcrk sava\u015f u\u00e7aklar\u0131 Hantur da\u011f\u0131n\u0131 bombalad\u0131 - Darka Mazi<\/title>\n<meta name=\"robots\" content=\"index, follow, max-snippet:-1, max-image-preview:large, max-video-preview:-1\" \/>\n<link rel=\"canonical\" href=\"https:\/\/darkamazi.site\/archives\/1007148\" \/>\n<meta property=\"og:locale\" content=\"en_US\" \/>\n<meta property=\"og:type\" content=\"article\" \/>\n<meta property=\"og:title\" content=\"T\u00fcrk sava\u015f u\u00e7aklar\u0131 Hantur da\u011f\u0131n\u0131 bombalad\u0131 - Darka Mazi\" \/>\n<meta property=\"og:description\" content=\"Zaxo&#8217;ya ba\u011fl\u0131 kasabalar son 4 ayd\u0131r u\u00e7aklar taraf\u0131ndan yo\u011fun\u00a0 bombalan\u0131yor Bu g\u00fcn T\u00fcrk sava\u015f u\u00e7aklar\u0131 Zaxo\u2019ya ba\u011fl\u0131 Derkar kasab\u0131s\u0131n \u00e7evresindeki Xamtir da\u011f\u0131n\u0131 bombalad\u0131. B\u00f6lgeden ald\u0131\u011f\u0131m\u0131z bilgilere g\u00f6re bombalama esnas\u0131nda alanda bulunan HPG\u2019ye ba\u011fl\u0131 gerilla g\u00fc\u00e7leri kay\u0131p verdi. Fakat bu konuda her hangi bir detaya ula\u015f\u0131lmad\u0131. Sitemizin ula\u015ft\u0131\u011f\u0131 kaynaklar bombalaman\u0131n Derkar kasab\u0131nda hissedildi\u011fini ve halkta korku [&hellip;]\" \/>\n<meta property=\"og:url\" content=\"https:\/\/darkamazi.site\/archives\/1007148\" \/>\n<meta property=\"og:site_name\" content=\"Darka Mazi\" \/>\n<meta property=\"article:publisher\" content=\"https:\/\/www.facebook.com\/DarkaMaziturkce\" \/>\n<meta property=\"article:published_time\" content=\"2019-11-06T16:41:40+00:00\" \/>\n<meta property=\"article:modified_time\" content=\"2019-11-06T16:42:36+00:00\" \/>\n<meta property=\"og:image\" content=\"https:\/\/darkamazi.site\/file\/2019\/11\/PKK-top-baran.jpg\" \/>\n\t<meta property=\"og:image:width\" content=\"600\" \/>\n\t<meta property=\"og:image:height\" content=\"800\" \/>\n\t<meta property=\"og:image:type\" content=\"image\/jpeg\" \/>\n<meta name=\"author\" content=\"darka mazi\" \/>\n<meta name=\"twitter:card\" content=\"summary_large_image\" \/>\n<meta name=\"twitter:creator\" content=\"@DarkaMaziTurkce\" \/>\n<meta name=\"twitter:site\" content=\"@DarkaMaziTurkce\" \/>\n<meta name=\"twitter:label1\" content=\"Written by\" \/>\n\t<meta name=\"twitter:data1\" content=\"darka mazi\" \/>\n\t<meta name=\"twitter:label2\" content=\"Est. reading time\" \/>\n\t<meta name=\"twitter:data2\" content=\"1 minute\" \/>\n<script type=\"application\/ld+json\" class=\"seo-schema-graph\">{\"@context\":\"https:\\\/\\\/schema.org\",\"@graph\":[{\"@type\":\"NewsArticle\",\"@id\":\"https:\\\/\\\/darkamazi.site\\\/archives\\\/1007148#article\",\"isPartOf\":{\"@id\":\"https:\\\/\\\/darkamazi.site\\\/archives\\\/1007148\"},\"author\":{\"name\":\"darka mazi\",\"@id\":\"https:\\\/\\\/darkamazi.site\\\/#\\\/schema\\\/person\\\/67986a95ac546c16760365877ef4a9d3\"},\"headline\":\"T\u00fcrk sava\u015f u\u00e7aklar\u0131 Hantur da\u011f\u0131n\u0131 bombalad\u0131\",\"datePublished\":\"2019-11-06T16:41:40+00:00\",\"dateModified\":\"2019-11-06T16:42:36+00:00\",\"mainEntityOfPage\":{\"@id\":\"https:\\\/\\\/darkamazi.site\\\/archives\\\/1007148\"},\"wordCount\":165,\"publisher\":{\"@id\":\"https:\\\/\\\/darkamazi.site\\\/#organization\"},\"image\":{\"@id\":\"https:\\\/\\\/darkamazi.site\\\/archives\\\/1007148#primaryimage\"},\"thumbnailUrl\":\"https:\\\/\\\/darkamazi.site\\\/darka-content\\\/uploads\\\/2019\\\/11\\\/PKK-top-baran.jpg\",\"articleSection\":[\"Kurdistan\"],\"inLanguage\":\"en-US\"},{\"@type\":\"WebPage\",\"@id\":\"https:\\\/\\\/darkamazi.site\\\/archives\\\/1007148\",\"url\":\"https:\\\/\\\/darkamazi.site\\\/archives\\\/1007148\",\"name\":\"T\u00fcrk sava\u015f u\u00e7aklar\u0131 Hantur da\u011f\u0131n\u0131 bombalad\u0131 - Darka Mazi\",\"isPartOf\":{\"@id\":\"https:\\\/\\\/darkamazi.site\\\/#website\"},\"primaryImageOfPage\":{\"@id\":\"https:\\\/\\\/darkamazi.site\\\/archives\\\/1007148#primaryimage\"},\"image\":{\"@id\":\"https:\\\/\\\/darkamazi.site\\\/archives\\\/1007148#primaryimage\"},\"thumbnailUrl\":\"https:\\\/\\\/darkamazi.site\\\/darka-content\\\/uploads\\\/2019\\\/11\\\/PKK-top-baran.jpg\",\"datePublished\":\"2019-11-06T16:41:40+00:00\",\"dateModified\":\"2019-11-06T16:42:36+00:00\",\"breadcrumb\":{\"@id\":\"https:\\\/\\\/darkamazi.site\\\/archives\\\/1007148#breadcrumb\"},\"inLanguage\":\"en-US\",\"potentialAction\":[{\"@type\":\"ReadAction\",\"target\":[\"https:\\\/\\\/darkamazi.site\\\/archives\\\/1007148\"]}]},{\"@type\":\"ImageObject\",\"inLanguage\":\"en-US\",\"@id\":\"https:\\\/\\\/darkamazi.site\\\/archives\\\/1007148#primaryimage\",\"url\":\"https:\\\/\\\/darkamazi.site\\\/darka-content\\\/uploads\\\/2019\\\/11\\\/PKK-top-baran.jpg\",\"contentUrl\":\"https:\\\/\\\/darkamazi.site\\\/darka-content\\\/uploads\\\/2019\\\/11\\\/PKK-top-baran.jpg\",\"width\":600,\"height\":800,\"caption\":\"T\u00fcrk sava\u015f u\u00e7aklar\u0131 Hantur da\u011f\u0131n\u0131 bombalad\u0131\"},{\"@type\":\"BreadcrumbList\",\"@id\":\"https:\\\/\\\/darkamazi.site\\\/archives\\\/1007148#breadcrumb\",\"itemListElement\":[{\"@type\":\"ListItem\",\"position\":1,\"name\":\"Home\",\"item\":\"https:\\\/\\\/darkamazi.site\\\/\"},{\"@type\":\"ListItem\",\"position\":2,\"name\":\"T\u00fcrk sava\u015f u\u00e7aklar\u0131 Hantur da\u011f\u0131n\u0131 bombalad\u0131\"}]},{\"@type\":\"WebSite\",\"@id\":\"https:\\\/\\\/darkamazi.site\\\/#website\",\"url\":\"https:\\\/\\\/darkamazi.site\\\/\",\"name\":\"Darka Mazi\",\"description\":\"Ana Sayfa\",\"publisher\":{\"@id\":\"https:\\\/\\\/darkamazi.site\\\/#organization\"},\"potentialAction\":[{\"@type\":\"SearchAction\",\"target\":{\"@type\":\"EntryPoint\",\"urlTemplate\":\"https:\\\/\\\/darkamazi.site\\\/?s={search_term_string}\"},\"query-input\":{\"@type\":\"PropertyValueSpecification\",\"valueRequired\":true,\"valueName\":\"search_term_string\"}}],\"inLanguage\":\"en-US\"},{\"@type\":\"Organization\",\"@id\":\"https:\\\/\\\/darkamazi.site\\\/#organization\",\"name\":\"Darka Mazi T\u00fcrk\u00e7e\",\"alternateName\":\"Darka Mazi\",\"url\":\"https:\\\/\\\/darkamazi.site\\\/\",\"logo\":{\"@type\":\"ImageObject\",\"inLanguage\":\"en-US\",\"@id\":\"https:\\\/\\\/darkamazi.site\\\/#\\\/schema\\\/logo\\\/image\\\/\",\"url\":\"https:\\\/\\\/darkamazi.site\\\/darka-content\\\/uploads\\\/2017\\\/12\\\/darka-mazi-logo.png\",\"contentUrl\":\"https:\\\/\\\/darkamazi.site\\\/darka-content\\\/uploads\\\/2017\\\/12\\\/darka-mazi-logo.png\",\"width\":151,\"height\":75,\"caption\":\"Darka Mazi T\u00fcrk\u00e7e\"},\"image\":{\"@id\":\"https:\\\/\\\/darkamazi.site\\\/#\\\/schema\\\/logo\\\/image\\\/\"},\"sameAs\":[\"https:\\\/\\\/www.facebook.com\\\/DarkaMaziturkce\",\"https:\\\/\\\/x.com\\\/DarkaMaziTurkce\"]},{\"@type\":\"Person\",\"@id\":\"https:\\\/\\\/darkamazi.site\\\/#\\\/schema\\\/person\\\/67986a95ac546c16760365877ef4a9d3\",\"name\":\"darka mazi\",\"sameAs\":[\"https:\\\/\\\/darkamazi.site\"],\"url\":\"https:\\\/\\\/darkamazi.site\\\/archives\\\/author\\\/turkish\"}]}<\/script>\n<!-- \/ Yoast SEO plugin. -->","seo_head_json":{"title":"T\u00fcrk sava\u015f u\u00e7aklar\u0131 Hantur da\u011f\u0131n\u0131 bombalad\u0131 - Darka Mazi","robots":{"index":"index","follow":"follow","max-snippet":"max-snippet:-1","max-image-preview":"max-image-preview:large","max-video-preview":"max-video-preview:-1"},"canonical":"https:\/\/darkamazi.site\/archives\/1007148","og_locale":"en_US","og_type":"article","og_title":"T\u00fcrk sava\u015f u\u00e7aklar\u0131 Hantur da\u011f\u0131n\u0131 bombalad\u0131 - Darka Mazi","og_description":"Zaxo&#8217;ya ba\u011fl\u0131 kasabalar son 4 ayd\u0131r u\u00e7aklar taraf\u0131ndan yo\u011fun\u00a0 bombalan\u0131yor Bu g\u00fcn T\u00fcrk sava\u015f u\u00e7aklar\u0131 Zaxo\u2019ya ba\u011fl\u0131 Derkar kasab\u0131s\u0131n \u00e7evresindeki Xamtir da\u011f\u0131n\u0131 bombalad\u0131. B\u00f6lgeden ald\u0131\u011f\u0131m\u0131z bilgilere g\u00f6re bombalama esnas\u0131nda alanda bulunan HPG\u2019ye ba\u011fl\u0131 gerilla g\u00fc\u00e7leri kay\u0131p verdi. Fakat bu konuda her hangi bir detaya ula\u015f\u0131lmad\u0131. Sitemizin ula\u015ft\u0131\u011f\u0131 kaynaklar bombalaman\u0131n Derkar kasab\u0131nda hissedildi\u011fini ve halkta korku [&hellip;]","og_url":"https:\/\/darkamazi.site\/archives\/1007148","og_site_name":"Darka Mazi","article_publisher":"https:\/\/www.facebook.com\/DarkaMaziturkce","article_published_time":"2019-11-06T16:41:40+00:00","article_modified_time":"2019-11-06T16:42:36+00:00","og_image":[{"width":600,"height":800,"url":"https:\/\/darkamazi.site\/file\/2019\/11\/PKK-top-baran.jpg","type":"image\/jpeg"}],"author":"darka mazi","twitter_card":"summary_large_image","twitter_creator":"@DarkaMaziTurkce","twitter_site":"@DarkaMaziTurkce","twitter_misc":{"Written by":"darka mazi","Est. reading time":"1 minute"},"schema":{"@context":"https:\/\/schema.org","@graph":[{"@type":"NewsArticle","@id":"https:\/\/darkamazi.site\/archives\/1007148#article","isPartOf":{"@id":"https:\/\/darkamazi.site\/archives\/1007148"},"author":{"name":"darka mazi","@id":"https:\/\/darkamazi.site\/#\/schema\/person\/67986a95ac546c16760365877ef4a9d3"},"headline":"T\u00fcrk sava\u015f u\u00e7aklar\u0131 Hantur da\u011f\u0131n\u0131 bombalad\u0131","datePublished":"2019-11-06T16:41:40+00:00","dateModified":"2019-11-06T16:42:36+00:00","mainEntityOfPage":{"@id":"https:\/\/darkamazi.site\/archives\/1007148"},"wordCount":165,"publisher":{"@id":"https:\/\/darkamazi.site\/#organization"},"image":{"@id":"https:\/\/darkamazi.site\/archives\/1007148#primaryimage"},"thumbnailUrl":"https:\/\/darkamazi.site\/file\/2019\/11\/PKK-top-baran.jpg","articleSection":["Kurdistan"],"inLanguage":"en-US"},{"@type":"WebPage","@id":"https:\/\/darkamazi.site\/archives\/1007148","url":"https:\/\/darkamazi.site\/archives\/1007148","name":"T\u00fcrk sava\u015f u\u00e7aklar\u0131 Hantur da\u011f\u0131n\u0131 bombalad\u0131 - Darka Mazi","isPartOf":{"@id":"https:\/\/darkamazi.site\/#website"},"primaryImageOfPage":{"@id":"https:\/\/darkamazi.site\/archives\/1007148#primaryimage"},"image":{"@id":"https:\/\/darkamazi.site\/archives\/1007148#primaryimage"},"thumbnailUrl":"https:\/\/darkamazi.site\/file\/2019\/11\/PKK-top-baran.jpg","datePublished":"2019-11-06T16:41:40+00:00","dateModified":"2019-11-06T16:42:36+00:00","breadcrumb":{"@id":"https:\/\/darkamazi.site\/archives\/1007148#breadcrumb"},"inLanguage":"en-US","potentialAction":[{"@type":"ReadAction","target":["https:\/\/darkamazi.site\/archives\/1007148"]}]},{"@type":"ImageObject","inLanguage":"en-US","@id":"https:\/\/darkamazi.site\/archives\/1007148#primaryimage","url":"https:\/\/darkamazi.site\/file\/2019\/11\/PKK-top-baran.jpg","contentUrl":"https:\/\/darkamazi.site\/file\/2019\/11\/PKK-top-baran.jpg","width":600,"height":800,"caption":"T\u00fcrk sava\u015f u\u00e7aklar\u0131 Hantur da\u011f\u0131n\u0131 bombalad\u0131"},{"@type":"BreadcrumbList","@id":"https:\/\/darkamazi.site\/archives\/1007148#breadcrumb","itemListElement":[{"@type":"ListItem","position":1,"name":"Home","item":"https:\/\/darkamazi.site\/"},{"@type":"ListItem","position":2,"name":"T\u00fcrk sava\u015f u\u00e7aklar\u0131 Hantur da\u011f\u0131n\u0131 bombalad\u0131"}]},{"@type":"WebSite","@id":"https:\/\/darkamazi.site\/#website","url":"https:\/\/darkamazi.site\/","name":"Darka Mazi","description":"Ana Sayfa","publisher":{"@id":"https:\/\/darkamazi.site\/#organization"},"potentialAction":[{"@type":"SearchAction","target":{"@type":"EntryPoint","urlTemplate":"https:\/\/darkamazi.site\/?s={search_term_string}"},"query-input":{"@type":"PropertyValueSpecification","valueRequired":true,"valueName":"search_term_string"}}],"inLanguage":"en-US"},{"@type":"Organization","@id":"https:\/\/darkamazi.site\/#organization","name":"Darka Mazi T\u00fcrk\u00e7e","alternateName":"Darka Mazi","url":"https:\/\/darkamazi.site\/","logo":{"@type":"ImageObject","inLanguage":"en-US","@id":"https:\/\/darkamazi.site\/#\/schema\/logo\/image\/","url":"https:\/\/darkamazi.site\/file\/2017\/12\/darka-mazi-logo.png","contentUrl":"https:\/\/darkamazi.site\/file\/2017\/12\/darka-mazi-logo.png","width":151,"height":75,"caption":"Darka Mazi T\u00fcrk\u00e7e"},"image":{"@id":"https:\/\/darkamazi.site\/#\/schema\/logo\/image\/"},"sameAs":["https:\/\/www.facebook.com\/DarkaMaziturkce","https:\/\/x.com\/DarkaMaziTurkce"]},{"@type":"Person","@id":"https:\/\/darkamazi.site\/#\/schema\/person\/67986a95ac546c16760365877ef4a9d3","name":"darka mazi","sameAs":["https:\/\/darkamazi.site"],"url":"https:\/\/darkamazi.site\/archives\/author\/turkish"}]}},"_links":{"self":[{"href":"https:\/\/darkamazi.site\/funavuv\/wp\/v2\/posts\/1007148","targetHints":{"allow":["GET"]}}],"collection":[{"href":"https:\/\/darkamazi.site\/funavuv\/wp\/v2\/posts"}],"about":[{"href":"https:\/\/darkamazi.site\/funavuv\/wp\/v2\/types\/post"}],"author":[{"embeddable":true,"href":"https:\/\/darkamazi.site\/funavuv\/wp\/v2\/users\/2"}],"replies":[{"embeddable":true,"href":"https:\/\/darkamazi.site\/funavuv\/wp\/v2\/comments?post=1007148"}],"version-history":[{"count":0,"href":"https:\/\/darkamazi.site\/funavuv\/wp\/v2\/posts\/1007148\/revisions"}],"wp:featuredmedia":[{"embeddable":true,"href":"https:\/\/darkamazi.site\/funavuv\/wp\/v2\/media\/1007150"}],"wp:attachment":[{"href":"https:\/\/darkamazi.site\/funavuv\/wp\/v2\/media?parent=1007148"}],"wp:term":[{"taxonomy":"category","embeddable":true,"href":"https:\/\/darkamazi.site\/funavuv\/wp\/v2\/categories?post=1007148"},{"taxonomy":"post_tag","embeddable":true,"href":"https:\/\/darkamazi.site\/funavuv\/wp\/v2\/tags?post=1007148"}],"curies":[{"name":"wp","href":"https:\/\/api.w.org\/{rel}","templated":true}]}}