{"id":1007157,"date":"2019-11-06T20:31:50","date_gmt":"2019-11-06T17:31:50","guid":{"rendered":"https:\/\/darkamazi.site\/?p=1007157"},"modified":"2019-11-06T20:31:50","modified_gmt":"2019-11-06T17:31:50","slug":"iran-ekim-ayi-boyunca-87-kurdu-tutukladi","status":"publish","type":"post","link":"https:\/\/darkamazi.site\/archives\/1007157","title":{"rendered":"\u0130ran Ekim ay\u0131 boyunca 87 K\u00fcrd\u00fc tutuklad\u0131"},"content":{"rendered":"<h3><span style=\"font-family: 'arial black', sans-serif\">iran ve Do\u011fu K\u00fcrdistan&#8217;a d\u00f6n\u00fck faaliyetler y\u00fcr\u00fcten Hengav insan haklar\u0131 \u00f6rg\u00fct\u00fc Ekim ay\u0131 boyunca Do\u011fu K\u00fcrdistan\u2019da 87 K\u00fcrd\u00fcn sivil ve siyasi eylemlerden dolay\u0131 tutukland\u0131\u011f\u0131n\u0131 a\u00e7\u0131klad\u0131.<\/span><\/h3>\n<p>Hengav insan haklar\u0131 \u00f6rg\u00fct\u00fcn\u00fcn a\u00e7\u0131klad\u0131\u011f\u0131 istatistiklere g\u00f6re \u0130ran rejiminin son y\u0131llarda sivil eylemlere d\u00f6n\u00fck yapt\u0131\u011f\u0131 tutuklamalar\u0131n oran\u0131 g\u00fcn ge\u00e7tik\u00e7e daha fazla art\u0131yor.<\/p>\n<p>A\u00e7\u0131klanan istatistiklere g\u00f6re tutuklular aras\u0131nda 3 kad\u0131n 4 \u00f6\u011frenci ve 2 avukatta bulunuyor.<\/p>\n<p>Yap\u0131lan a\u00e7\u0131klaman\u0131n ayr\u0131nt\u0131lar\u0131 \u015f\u00f6yle<\/p>\n<ul>\n<li>Tutuklananlar\u0131n %95,5\u2019i siyasi nedenlerle tutuklanm\u0131\u015f (83 ki\u015fi)<\/li>\n<li>Sivil eylemlerden dolay\u0131 tutuklananlar\u0131n say\u0131s\u0131 ise 3 ve tutuklananlar\u0131n %3,5\u2019ine tekab\u00fcl ediyor.<\/li>\n<li>Ekonomik su\u00e7lar nedeni ile tutuklanan ise 1 ki\u015fi<\/li>\n<\/ul>\n<h3><span style=\"font-family: 'arial black', sans-serif\">Eyaletelere g\u00f6re tutuklananlar\u0131n da\u011f\u0131l\u0131m\u0131 ise \u015f\u00f6yle;<\/span><\/h3>\n<p>Eyaleti Sine 25 ki\u015fi.<\/p>\n<p>Eyaleti Orm\u00eey\u00ea 30 ki\u015fi.<\/p>\n<p>Eyaleti Kirman\u015fan 21 ki\u015fi.<\/p>\n<p>Eyaleti Loristan 1 ki\u015fi.<\/p>\n<p>Eyaleti \u00celam 1 ki\u015fi.<\/p>\n<p>&nbsp;<\/p>\n","protected":false},"excerpt":{"rendered":"<p>iran ve Do\u011fu K\u00fcrdistan&#8217;a d\u00f6n\u00fck faaliyetler y\u00fcr\u00fcten Hengav insan haklar\u0131 \u00f6rg\u00fct\u00fc Ekim ay\u0131 boyunca Do\u011fu K\u00fcrdistan\u2019da 87 K\u00fcrd\u00fcn sivil ve siyasi eylemlerden dolay\u0131 tutukland\u0131\u011f\u0131n\u0131 a\u00e7\u0131klad\u0131. Hengav insan haklar\u0131 \u00f6rg\u00fct\u00fcn\u00fcn a\u00e7\u0131klad\u0131\u011f\u0131 istatistiklere g\u00f6re \u0130ran rejiminin son y\u0131llarda sivil eylemlere d\u00f6n\u00fck yapt\u0131\u011f\u0131 tutuklamalar\u0131n oran\u0131 g\u00fcn ge\u00e7tik\u00e7e daha fazla art\u0131yor. A\u00e7\u0131klanan istatistiklere g\u00f6re tutuklular aras\u0131nda 3 kad\u0131n 4 [&hellip;]<\/p>\n","protected":false},"author":2,"featured_media":1007158,"comment_status":"closed","ping_status":"closed","sticky":false,"template":"","format":"standard","meta":{"footnotes":""},"categories":[3],"tags":[31],"class_list":["post-1007157","post","type-post","status-publish","format-standard","has-post-thumbnail","hentry","category-kurdistan","tag-onemli"],"blocksy_meta":[],"seo_head":"<!-- This site is optimized with the Yoast SEO plugin v27.5 - https:\/\/yoast.com\/product\/yoast-seo-wordpress\/ -->\n<title>\u0130ran Ekim ay\u0131 boyunca 87 K\u00fcrd\u00fc tutuklad\u0131 - Darka Mazi<\/title>\n<meta name=\"robots\" content=\"index, follow, max-snippet:-1, max-image-preview:large, max-video-preview:-1\" \/>\n<link rel=\"canonical\" href=\"https:\/\/darkamazi.site\/archives\/1007157\" \/>\n<meta property=\"og:locale\" content=\"en_US\" \/>\n<meta property=\"og:type\" content=\"article\" \/>\n<meta property=\"og:title\" content=\"\u0130ran Ekim ay\u0131 boyunca 87 K\u00fcrd\u00fc tutuklad\u0131 - Darka Mazi\" \/>\n<meta property=\"og:description\" content=\"iran ve Do\u011fu K\u00fcrdistan&#8217;a d\u00f6n\u00fck faaliyetler y\u00fcr\u00fcten Hengav insan haklar\u0131 \u00f6rg\u00fct\u00fc Ekim ay\u0131 boyunca Do\u011fu K\u00fcrdistan\u2019da 87 K\u00fcrd\u00fcn sivil ve siyasi eylemlerden dolay\u0131 tutukland\u0131\u011f\u0131n\u0131 a\u00e7\u0131klad\u0131. Hengav insan haklar\u0131 \u00f6rg\u00fct\u00fcn\u00fcn a\u00e7\u0131klad\u0131\u011f\u0131 istatistiklere g\u00f6re \u0130ran rejiminin son y\u0131llarda sivil eylemlere d\u00f6n\u00fck yapt\u0131\u011f\u0131 tutuklamalar\u0131n oran\u0131 g\u00fcn ge\u00e7tik\u00e7e daha fazla art\u0131yor. A\u00e7\u0131klanan istatistiklere g\u00f6re tutuklular aras\u0131nda 3 kad\u0131n 4 [&hellip;]\" \/>\n<meta property=\"og:url\" content=\"https:\/\/darkamazi.site\/archives\/1007157\" \/>\n<meta property=\"og:site_name\" content=\"Darka Mazi\" \/>\n<meta property=\"article:publisher\" content=\"https:\/\/www.facebook.com\/DarkaMaziturkce\" \/>\n<meta property=\"article:published_time\" content=\"2019-11-06T17:31:50+00:00\" \/>\n<meta property=\"og:image\" content=\"https:\/\/darkamazi.site\/file\/2019\/11\/Rojhelat.jpg\" \/>\n\t<meta property=\"og:image:width\" content=\"770\" \/>\n\t<meta property=\"og:image:height\" content=\"435\" \/>\n\t<meta property=\"og:image:type\" content=\"image\/jpeg\" \/>\n<meta name=\"author\" content=\"darka mazi\" \/>\n<meta name=\"twitter:card\" content=\"summary_large_image\" \/>\n<meta name=\"twitter:creator\" content=\"@DarkaMaziTurkce\" \/>\n<meta name=\"twitter:site\" content=\"@DarkaMaziTurkce\" \/>\n<meta name=\"twitter:label1\" content=\"Written by\" \/>\n\t<meta name=\"twitter:data1\" content=\"darka mazi\" \/>\n\t<meta name=\"twitter:label2\" content=\"Est. reading time\" \/>\n\t<meta name=\"twitter:data2\" content=\"1 minute\" \/>\n<script type=\"application\/ld+json\" class=\"seo-schema-graph\">{\"@context\":\"https:\\\/\\\/schema.org\",\"@graph\":[{\"@type\":\"NewsArticle\",\"@id\":\"https:\\\/\\\/darkamazi.site\\\/archives\\\/1007157#article\",\"isPartOf\":{\"@id\":\"https:\\\/\\\/darkamazi.site\\\/archives\\\/1007157\"},\"author\":{\"name\":\"darka mazi\",\"@id\":\"https:\\\/\\\/darkamazi.site\\\/#\\\/schema\\\/person\\\/67986a95ac546c16760365877ef4a9d3\"},\"headline\":\"\u0130ran Ekim ay\u0131 boyunca 87 K\u00fcrd\u00fc tutuklad\u0131\",\"datePublished\":\"2019-11-06T17:31:50+00:00\",\"mainEntityOfPage\":{\"@id\":\"https:\\\/\\\/darkamazi.site\\\/archives\\\/1007157\"},\"wordCount\":169,\"publisher\":{\"@id\":\"https:\\\/\\\/darkamazi.site\\\/#organization\"},\"image\":{\"@id\":\"https:\\\/\\\/darkamazi.site\\\/archives\\\/1007157#primaryimage\"},\"thumbnailUrl\":\"https:\\\/\\\/darkamazi.site\\\/darka-content\\\/uploads\\\/2019\\\/11\\\/Rojhelat.jpg\",\"keywords\":[\"\u00f6nemli\"],\"articleSection\":[\"Kurdistan\"],\"inLanguage\":\"en-US\"},{\"@type\":\"WebPage\",\"@id\":\"https:\\\/\\\/darkamazi.site\\\/archives\\\/1007157\",\"url\":\"https:\\\/\\\/darkamazi.site\\\/archives\\\/1007157\",\"name\":\"\u0130ran Ekim ay\u0131 boyunca 87 K\u00fcrd\u00fc tutuklad\u0131 - Darka Mazi\",\"isPartOf\":{\"@id\":\"https:\\\/\\\/darkamazi.site\\\/#website\"},\"primaryImageOfPage\":{\"@id\":\"https:\\\/\\\/darkamazi.site\\\/archives\\\/1007157#primaryimage\"},\"image\":{\"@id\":\"https:\\\/\\\/darkamazi.site\\\/archives\\\/1007157#primaryimage\"},\"thumbnailUrl\":\"https:\\\/\\\/darkamazi.site\\\/darka-content\\\/uploads\\\/2019\\\/11\\\/Rojhelat.jpg\",\"datePublished\":\"2019-11-06T17:31:50+00:00\",\"breadcrumb\":{\"@id\":\"https:\\\/\\\/darkamazi.site\\\/archives\\\/1007157#breadcrumb\"},\"inLanguage\":\"en-US\",\"potentialAction\":[{\"@type\":\"ReadAction\",\"target\":[\"https:\\\/\\\/darkamazi.site\\\/archives\\\/1007157\"]}]},{\"@type\":\"ImageObject\",\"inLanguage\":\"en-US\",\"@id\":\"https:\\\/\\\/darkamazi.site\\\/archives\\\/1007157#primaryimage\",\"url\":\"https:\\\/\\\/darkamazi.site\\\/darka-content\\\/uploads\\\/2019\\\/11\\\/Rojhelat.jpg\",\"contentUrl\":\"https:\\\/\\\/darkamazi.site\\\/darka-content\\\/uploads\\\/2019\\\/11\\\/Rojhelat.jpg\",\"width\":770,\"height\":435,\"caption\":\"\u0130ran Ekim ay\u0131 boyunca 87 K\u00fcrd\u00fc tutuklad\u0131\"},{\"@type\":\"BreadcrumbList\",\"@id\":\"https:\\\/\\\/darkamazi.site\\\/archives\\\/1007157#breadcrumb\",\"itemListElement\":[{\"@type\":\"ListItem\",\"position\":1,\"name\":\"Home\",\"item\":\"https:\\\/\\\/darkamazi.site\\\/\"},{\"@type\":\"ListItem\",\"position\":2,\"name\":\"\u0130ran Ekim ay\u0131 boyunca 87 K\u00fcrd\u00fc tutuklad\u0131\"}]},{\"@type\":\"WebSite\",\"@id\":\"https:\\\/\\\/darkamazi.site\\\/#website\",\"url\":\"https:\\\/\\\/darkamazi.site\\\/\",\"name\":\"Darka Mazi\",\"description\":\"Ana Sayfa\",\"publisher\":{\"@id\":\"https:\\\/\\\/darkamazi.site\\\/#organization\"},\"potentialAction\":[{\"@type\":\"SearchAction\",\"target\":{\"@type\":\"EntryPoint\",\"urlTemplate\":\"https:\\\/\\\/darkamazi.site\\\/?s={search_term_string}\"},\"query-input\":{\"@type\":\"PropertyValueSpecification\",\"valueRequired\":true,\"valueName\":\"search_term_string\"}}],\"inLanguage\":\"en-US\"},{\"@type\":\"Organization\",\"@id\":\"https:\\\/\\\/darkamazi.site\\\/#organization\",\"name\":\"Darka Mazi T\u00fcrk\u00e7e\",\"alternateName\":\"Darka Mazi\",\"url\":\"https:\\\/\\\/darkamazi.site\\\/\",\"logo\":{\"@type\":\"ImageObject\",\"inLanguage\":\"en-US\",\"@id\":\"https:\\\/\\\/darkamazi.site\\\/#\\\/schema\\\/logo\\\/image\\\/\",\"url\":\"https:\\\/\\\/darkamazi.site\\\/darka-content\\\/uploads\\\/2017\\\/12\\\/darka-mazi-logo.png\",\"contentUrl\":\"https:\\\/\\\/darkamazi.site\\\/darka-content\\\/uploads\\\/2017\\\/12\\\/darka-mazi-logo.png\",\"width\":151,\"height\":75,\"caption\":\"Darka Mazi T\u00fcrk\u00e7e\"},\"image\":{\"@id\":\"https:\\\/\\\/darkamazi.site\\\/#\\\/schema\\\/logo\\\/image\\\/\"},\"sameAs\":[\"https:\\\/\\\/www.facebook.com\\\/DarkaMaziturkce\",\"https:\\\/\\\/x.com\\\/DarkaMaziTurkce\"]},{\"@type\":\"Person\",\"@id\":\"https:\\\/\\\/darkamazi.site\\\/#\\\/schema\\\/person\\\/67986a95ac546c16760365877ef4a9d3\",\"name\":\"darka mazi\",\"sameAs\":[\"https:\\\/\\\/darkamazi.site\"],\"url\":\"https:\\\/\\\/darkamazi.site\\\/archives\\\/author\\\/turkish\"}]}<\/script>\n<!-- \/ Yoast SEO plugin. -->","seo_head_json":{"title":"\u0130ran Ekim ay\u0131 boyunca 87 K\u00fcrd\u00fc tutuklad\u0131 - Darka Mazi","robots":{"index":"index","follow":"follow","max-snippet":"max-snippet:-1","max-image-preview":"max-image-preview:large","max-video-preview":"max-video-preview:-1"},"canonical":"https:\/\/darkamazi.site\/archives\/1007157","og_locale":"en_US","og_type":"article","og_title":"\u0130ran Ekim ay\u0131 boyunca 87 K\u00fcrd\u00fc tutuklad\u0131 - Darka Mazi","og_description":"iran ve Do\u011fu K\u00fcrdistan&#8217;a d\u00f6n\u00fck faaliyetler y\u00fcr\u00fcten Hengav insan haklar\u0131 \u00f6rg\u00fct\u00fc Ekim ay\u0131 boyunca Do\u011fu K\u00fcrdistan\u2019da 87 K\u00fcrd\u00fcn sivil ve siyasi eylemlerden dolay\u0131 tutukland\u0131\u011f\u0131n\u0131 a\u00e7\u0131klad\u0131. Hengav insan haklar\u0131 \u00f6rg\u00fct\u00fcn\u00fcn a\u00e7\u0131klad\u0131\u011f\u0131 istatistiklere g\u00f6re \u0130ran rejiminin son y\u0131llarda sivil eylemlere d\u00f6n\u00fck yapt\u0131\u011f\u0131 tutuklamalar\u0131n oran\u0131 g\u00fcn ge\u00e7tik\u00e7e daha fazla art\u0131yor. A\u00e7\u0131klanan istatistiklere g\u00f6re tutuklular aras\u0131nda 3 kad\u0131n 4 [&hellip;]","og_url":"https:\/\/darkamazi.site\/archives\/1007157","og_site_name":"Darka Mazi","article_publisher":"https:\/\/www.facebook.com\/DarkaMaziturkce","article_published_time":"2019-11-06T17:31:50+00:00","og_image":[{"width":770,"height":435,"url":"https:\/\/darkamazi.site\/file\/2019\/11\/Rojhelat.jpg","type":"image\/jpeg"}],"author":"darka mazi","twitter_card":"summary_large_image","twitter_creator":"@DarkaMaziTurkce","twitter_site":"@DarkaMaziTurkce","twitter_misc":{"Written by":"darka mazi","Est. reading time":"1 minute"},"schema":{"@context":"https:\/\/schema.org","@graph":[{"@type":"NewsArticle","@id":"https:\/\/darkamazi.site\/archives\/1007157#article","isPartOf":{"@id":"https:\/\/darkamazi.site\/archives\/1007157"},"author":{"name":"darka mazi","@id":"https:\/\/darkamazi.site\/#\/schema\/person\/67986a95ac546c16760365877ef4a9d3"},"headline":"\u0130ran Ekim ay\u0131 boyunca 87 K\u00fcrd\u00fc tutuklad\u0131","datePublished":"2019-11-06T17:31:50+00:00","mainEntityOfPage":{"@id":"https:\/\/darkamazi.site\/archives\/1007157"},"wordCount":169,"publisher":{"@id":"https:\/\/darkamazi.site\/#organization"},"image":{"@id":"https:\/\/darkamazi.site\/archives\/1007157#primaryimage"},"thumbnailUrl":"https:\/\/darkamazi.site\/file\/2019\/11\/Rojhelat.jpg","keywords":["\u00f6nemli"],"articleSection":["Kurdistan"],"inLanguage":"en-US"},{"@type":"WebPage","@id":"https:\/\/darkamazi.site\/archives\/1007157","url":"https:\/\/darkamazi.site\/archives\/1007157","name":"\u0130ran Ekim ay\u0131 boyunca 87 K\u00fcrd\u00fc tutuklad\u0131 - Darka Mazi","isPartOf":{"@id":"https:\/\/darkamazi.site\/#website"},"primaryImageOfPage":{"@id":"https:\/\/darkamazi.site\/archives\/1007157#primaryimage"},"image":{"@id":"https:\/\/darkamazi.site\/archives\/1007157#primaryimage"},"thumbnailUrl":"https:\/\/darkamazi.site\/file\/2019\/11\/Rojhelat.jpg","datePublished":"2019-11-06T17:31:50+00:00","breadcrumb":{"@id":"https:\/\/darkamazi.site\/archives\/1007157#breadcrumb"},"inLanguage":"en-US","potentialAction":[{"@type":"ReadAction","target":["https:\/\/darkamazi.site\/archives\/1007157"]}]},{"@type":"ImageObject","inLanguage":"en-US","@id":"https:\/\/darkamazi.site\/archives\/1007157#primaryimage","url":"https:\/\/darkamazi.site\/file\/2019\/11\/Rojhelat.jpg","contentUrl":"https:\/\/darkamazi.site\/file\/2019\/11\/Rojhelat.jpg","width":770,"height":435,"caption":"\u0130ran Ekim ay\u0131 boyunca 87 K\u00fcrd\u00fc tutuklad\u0131"},{"@type":"BreadcrumbList","@id":"https:\/\/darkamazi.site\/archives\/1007157#breadcrumb","itemListElement":[{"@type":"ListItem","position":1,"name":"Home","item":"https:\/\/darkamazi.site\/"},{"@type":"ListItem","position":2,"name":"\u0130ran Ekim ay\u0131 boyunca 87 K\u00fcrd\u00fc tutuklad\u0131"}]},{"@type":"WebSite","@id":"https:\/\/darkamazi.site\/#website","url":"https:\/\/darkamazi.site\/","name":"Darka Mazi","description":"Ana Sayfa","publisher":{"@id":"https:\/\/darkamazi.site\/#organization"},"potentialAction":[{"@type":"SearchAction","target":{"@type":"EntryPoint","urlTemplate":"https:\/\/darkamazi.site\/?s={search_term_string}"},"query-input":{"@type":"PropertyValueSpecification","valueRequired":true,"valueName":"search_term_string"}}],"inLanguage":"en-US"},{"@type":"Organization","@id":"https:\/\/darkamazi.site\/#organization","name":"Darka Mazi T\u00fcrk\u00e7e","alternateName":"Darka Mazi","url":"https:\/\/darkamazi.site\/","logo":{"@type":"ImageObject","inLanguage":"en-US","@id":"https:\/\/darkamazi.site\/#\/schema\/logo\/image\/","url":"https:\/\/darkamazi.site\/file\/2017\/12\/darka-mazi-logo.png","contentUrl":"https:\/\/darkamazi.site\/file\/2017\/12\/darka-mazi-logo.png","width":151,"height":75,"caption":"Darka Mazi T\u00fcrk\u00e7e"},"image":{"@id":"https:\/\/darkamazi.site\/#\/schema\/logo\/image\/"},"sameAs":["https:\/\/www.facebook.com\/DarkaMaziturkce","https:\/\/x.com\/DarkaMaziTurkce"]},{"@type":"Person","@id":"https:\/\/darkamazi.site\/#\/schema\/person\/67986a95ac546c16760365877ef4a9d3","name":"darka mazi","sameAs":["https:\/\/darkamazi.site"],"url":"https:\/\/darkamazi.site\/archives\/author\/turkish"}]}},"_links":{"self":[{"href":"https:\/\/darkamazi.site\/funavuv\/wp\/v2\/posts\/1007157","targetHints":{"allow":["GET"]}}],"collection":[{"href":"https:\/\/darkamazi.site\/funavuv\/wp\/v2\/posts"}],"about":[{"href":"https:\/\/darkamazi.site\/funavuv\/wp\/v2\/types\/post"}],"author":[{"embeddable":true,"href":"https:\/\/darkamazi.site\/funavuv\/wp\/v2\/users\/2"}],"replies":[{"embeddable":true,"href":"https:\/\/darkamazi.site\/funavuv\/wp\/v2\/comments?post=1007157"}],"version-history":[{"count":0,"href":"https:\/\/darkamazi.site\/funavuv\/wp\/v2\/posts\/1007157\/revisions"}],"wp:featuredmedia":[{"embeddable":true,"href":"https:\/\/darkamazi.site\/funavuv\/wp\/v2\/media\/1007158"}],"wp:attachment":[{"href":"https:\/\/darkamazi.site\/funavuv\/wp\/v2\/media?parent=1007157"}],"wp:term":[{"taxonomy":"category","embeddable":true,"href":"https:\/\/darkamazi.site\/funavuv\/wp\/v2\/categories?post=1007157"},{"taxonomy":"post_tag","embeddable":true,"href":"https:\/\/darkamazi.site\/funavuv\/wp\/v2\/tags?post=1007157"}],"curies":[{"name":"wp","href":"https:\/\/api.w.org\/{rel}","templated":true}]}}