{"id":1007162,"date":"2019-11-06T21:57:40","date_gmt":"2019-11-06T18:57:40","guid":{"rendered":"https:\/\/darkamazi.site\/?p=1007162"},"modified":"2019-11-06T21:57:40","modified_gmt":"2019-11-06T18:57:40","slug":"hsd-yola-kaolisyonla-devam-edecek","status":"publish","type":"post","link":"https:\/\/darkamazi.site\/archives\/1007162","title":{"rendered":"HSD yola kaolisyonla devam edecek"},"content":{"rendered":"<h3><span style=\"font-family: 'arial black', sans-serif;font-size: 12pt\">HSD ( Suriye Demokratik G\u00fc\u00e7leri) Genel Komutan\u0131 Mazlum Abdi\u00a0 resmi Twitter hesab\u0131 \u00fczerinden a\u00e7\u0131klama yapt\u0131<\/span><\/h3>\n<p><span style=\"font-size: 12pt\">HSD genel komutan\u0131 Mazlum Abdi yapt\u0131\u011f\u0131 a\u00e7\u0131klamada, \u015f\u00f6yle dedi;<\/span><\/p>\n<p><span style=\"font-size: 12pt\">Koalisyon temsilcileri ile yapt\u0131\u011f\u0131m\u0131z bir dizi g\u00f6r\u00fc\u015fme sonucunda (alanda ya\u015fanan geli\u015fmelere ba\u011fl\u0131 olarak); I\u015e\u0130D\u2019e kar\u015f\u0131 ve Kuzey Suriye\u2019de altyap\u0131n\u0131n korunmas\u0131 amac\u0131 ile Koalisyon g\u00fc\u00e7leri ile ortak \u00e7al\u0131\u015fmaya devam edecektir.<\/span><\/p>\n<p><span style=\"font-size: 12pt\">Bu a\u00e7\u0131klaman\u0131n yeni bir tart\u0131\u015fmaya yol a\u00e7mas\u0131 bekleniyor.\u00a0 \u00d6zellikle ABD g\u00fc\u00e7lerinin Rojava\u2019dan \u00e7ekilmesi ve sonras\u0131nda T\u00fcrkiye\u2019nin sald\u0131r\u0131lar\u0131 sonras\u0131 HSD rejim ile bir anla\u015fma yapm\u0131\u015ft\u0131.<\/span><\/p>\n<p><span style=\"font-size: 12pt\">\u00a0Ge\u00e7ti\u011fimiz g\u00fcnlerde Suriye rejiminden de bir a\u00e7\u0131klama yap\u0131lm\u0131\u015f ve \u2018 herkes ordumuza kat\u0131lmal\u0131\u2019 \u00e7a\u011fr\u0131s\u0131 yap\u0131lm\u0131\u015ft\u0131. A\u00e7\u0131klaman\u0131n HSD kimli\u011fini g\u00f6rmezden geldi\u011fi y\u00f6n\u00fcnde Kuzey Suriye-Rojava y\u00f6netiminden de bu \u00e7a\u011fr\u0131ya olumsuz cevap verilmi\u015fti. <\/span><br \/>\n<span style=\"font-size: 12pt\">\u015eimdi Rus, Rejim ve Koalisyon g\u00fc\u00e7lerinin alanda konumlanmas\u0131 ve HSD ile ili\u015fkilerin nas\u0131l devam ettirilece\u011fi y\u00f6n\u00fcnde soru i\u015faretleri var.<\/span><\/p>\n","protected":false},"excerpt":{"rendered":"<p>HSD ( Suriye Demokratik G\u00fc\u00e7leri) Genel Komutan\u0131 Mazlum Abdi\u00a0 resmi Twitter hesab\u0131 \u00fczerinden a\u00e7\u0131klama yapt\u0131 HSD genel komutan\u0131 Mazlum Abdi yapt\u0131\u011f\u0131 a\u00e7\u0131klamada, \u015f\u00f6yle dedi; Koalisyon temsilcileri ile yapt\u0131\u011f\u0131m\u0131z bir dizi g\u00f6r\u00fc\u015fme sonucunda (alanda ya\u015fanan geli\u015fmelere ba\u011fl\u0131 olarak); I\u015e\u0130D\u2019e kar\u015f\u0131 ve Kuzey Suriye\u2019de altyap\u0131n\u0131n korunmas\u0131 amac\u0131 ile Koalisyon g\u00fc\u00e7leri ile ortak \u00e7al\u0131\u015fmaya devam edecektir. Bu a\u00e7\u0131klaman\u0131n [&hellip;]<\/p>\n","protected":false},"author":2,"featured_media":1006907,"comment_status":"closed","ping_status":"closed","sticky":false,"template":"","format":"standard","meta":{"footnotes":""},"categories":[3],"tags":[31],"class_list":["post-1007162","post","type-post","status-publish","format-standard","has-post-thumbnail","hentry","category-kurdistan","tag-onemli"],"blocksy_meta":[],"seo_head":"<!-- This site is optimized with the Yoast SEO plugin v27.5 - https:\/\/yoast.com\/product\/yoast-seo-wordpress\/ -->\n<title>HSD yola kaolisyonla devam edecek - Darka Mazi<\/title>\n<meta name=\"robots\" content=\"index, follow, max-snippet:-1, max-image-preview:large, max-video-preview:-1\" \/>\n<link rel=\"canonical\" href=\"https:\/\/darkamazi.site\/archives\/1007162\" \/>\n<meta property=\"og:locale\" content=\"en_US\" \/>\n<meta property=\"og:type\" content=\"article\" \/>\n<meta property=\"og:title\" content=\"HSD yola kaolisyonla devam edecek - Darka Mazi\" \/>\n<meta property=\"og:description\" content=\"HSD ( Suriye Demokratik G\u00fc\u00e7leri) Genel Komutan\u0131 Mazlum Abdi\u00a0 resmi Twitter hesab\u0131 \u00fczerinden a\u00e7\u0131klama yapt\u0131 HSD genel komutan\u0131 Mazlum Abdi yapt\u0131\u011f\u0131 a\u00e7\u0131klamada, \u015f\u00f6yle dedi; Koalisyon temsilcileri ile yapt\u0131\u011f\u0131m\u0131z bir dizi g\u00f6r\u00fc\u015fme sonucunda (alanda ya\u015fanan geli\u015fmelere ba\u011fl\u0131 olarak); I\u015e\u0130D\u2019e kar\u015f\u0131 ve Kuzey Suriye\u2019de altyap\u0131n\u0131n korunmas\u0131 amac\u0131 ile Koalisyon g\u00fc\u00e7leri ile ortak \u00e7al\u0131\u015fmaya devam edecektir. Bu a\u00e7\u0131klaman\u0131n [&hellip;]\" \/>\n<meta property=\"og:url\" content=\"https:\/\/darkamazi.site\/archives\/1007162\" \/>\n<meta property=\"og:site_name\" content=\"Darka Mazi\" \/>\n<meta property=\"article:publisher\" content=\"https:\/\/www.facebook.com\/DarkaMaziturkce\" \/>\n<meta property=\"article:published_time\" content=\"2019-11-06T18:57:40+00:00\" \/>\n<meta property=\"og:image\" content=\"https:\/\/darkamazi.site\/file\/2019\/10\/ABD\u2019DEN-MAZLUM-KOBAN\u0130YE-DAVET\u0130YE-TALEB\u0130.jpg\" \/>\n\t<meta property=\"og:image:width\" content=\"880\" \/>\n\t<meta property=\"og:image:height\" content=\"500\" \/>\n\t<meta property=\"og:image:type\" content=\"image\/jpeg\" \/>\n<meta name=\"author\" content=\"darka mazi\" \/>\n<meta name=\"twitter:card\" content=\"summary_large_image\" \/>\n<meta name=\"twitter:creator\" content=\"@DarkaMaziTurkce\" \/>\n<meta name=\"twitter:site\" content=\"@DarkaMaziTurkce\" \/>\n<meta name=\"twitter:label1\" content=\"Written by\" \/>\n\t<meta name=\"twitter:data1\" content=\"darka mazi\" \/>\n\t<meta name=\"twitter:label2\" content=\"Est. reading time\" \/>\n\t<meta name=\"twitter:data2\" content=\"1 minute\" \/>\n<script type=\"application\/ld+json\" class=\"seo-schema-graph\">{\"@context\":\"https:\\\/\\\/schema.org\",\"@graph\":[{\"@type\":\"NewsArticle\",\"@id\":\"https:\\\/\\\/darkamazi.site\\\/archives\\\/1007162#article\",\"isPartOf\":{\"@id\":\"https:\\\/\\\/darkamazi.site\\\/archives\\\/1007162\"},\"author\":{\"name\":\"darka mazi\",\"@id\":\"https:\\\/\\\/darkamazi.site\\\/#\\\/schema\\\/person\\\/67986a95ac546c16760365877ef4a9d3\"},\"headline\":\"HSD yola kaolisyonla devam edecek\",\"datePublished\":\"2019-11-06T18:57:40+00:00\",\"mainEntityOfPage\":{\"@id\":\"https:\\\/\\\/darkamazi.site\\\/archives\\\/1007162\"},\"wordCount\":187,\"publisher\":{\"@id\":\"https:\\\/\\\/darkamazi.site\\\/#organization\"},\"image\":{\"@id\":\"https:\\\/\\\/darkamazi.site\\\/archives\\\/1007162#primaryimage\"},\"thumbnailUrl\":\"https:\\\/\\\/darkamazi.site\\\/darka-content\\\/uploads\\\/2019\\\/10\\\/ABD\u2019DEN-MAZLUM-KOBAN\u0130YE-DAVET\u0130YE-TALEB\u0130.jpg\",\"keywords\":[\"\u00f6nemli\"],\"articleSection\":[\"Kurdistan\"],\"inLanguage\":\"en-US\"},{\"@type\":\"WebPage\",\"@id\":\"https:\\\/\\\/darkamazi.site\\\/archives\\\/1007162\",\"url\":\"https:\\\/\\\/darkamazi.site\\\/archives\\\/1007162\",\"name\":\"HSD yola kaolisyonla devam edecek - Darka Mazi\",\"isPartOf\":{\"@id\":\"https:\\\/\\\/darkamazi.site\\\/#website\"},\"primaryImageOfPage\":{\"@id\":\"https:\\\/\\\/darkamazi.site\\\/archives\\\/1007162#primaryimage\"},\"image\":{\"@id\":\"https:\\\/\\\/darkamazi.site\\\/archives\\\/1007162#primaryimage\"},\"thumbnailUrl\":\"https:\\\/\\\/darkamazi.site\\\/darka-content\\\/uploads\\\/2019\\\/10\\\/ABD\u2019DEN-MAZLUM-KOBAN\u0130YE-DAVET\u0130YE-TALEB\u0130.jpg\",\"datePublished\":\"2019-11-06T18:57:40+00:00\",\"breadcrumb\":{\"@id\":\"https:\\\/\\\/darkamazi.site\\\/archives\\\/1007162#breadcrumb\"},\"inLanguage\":\"en-US\",\"potentialAction\":[{\"@type\":\"ReadAction\",\"target\":[\"https:\\\/\\\/darkamazi.site\\\/archives\\\/1007162\"]}]},{\"@type\":\"ImageObject\",\"inLanguage\":\"en-US\",\"@id\":\"https:\\\/\\\/darkamazi.site\\\/archives\\\/1007162#primaryimage\",\"url\":\"https:\\\/\\\/darkamazi.site\\\/darka-content\\\/uploads\\\/2019\\\/10\\\/ABD\u2019DEN-MAZLUM-KOBAN\u0130YE-DAVET\u0130YE-TALEB\u0130.jpg\",\"contentUrl\":\"https:\\\/\\\/darkamazi.site\\\/darka-content\\\/uploads\\\/2019\\\/10\\\/ABD\u2019DEN-MAZLUM-KOBAN\u0130YE-DAVET\u0130YE-TALEB\u0130.jpg\",\"width\":880,\"height\":500,\"caption\":\"ABD\u2019DEN MAZLUM KOBAN\u0130YE DAVET\u0130YE TALEB\u0130\"},{\"@type\":\"BreadcrumbList\",\"@id\":\"https:\\\/\\\/darkamazi.site\\\/archives\\\/1007162#breadcrumb\",\"itemListElement\":[{\"@type\":\"ListItem\",\"position\":1,\"name\":\"Home\",\"item\":\"https:\\\/\\\/darkamazi.site\\\/\"},{\"@type\":\"ListItem\",\"position\":2,\"name\":\"HSD yola kaolisyonla devam edecek\"}]},{\"@type\":\"WebSite\",\"@id\":\"https:\\\/\\\/darkamazi.site\\\/#website\",\"url\":\"https:\\\/\\\/darkamazi.site\\\/\",\"name\":\"Darka Mazi\",\"description\":\"Ana Sayfa\",\"publisher\":{\"@id\":\"https:\\\/\\\/darkamazi.site\\\/#organization\"},\"potentialAction\":[{\"@type\":\"SearchAction\",\"target\":{\"@type\":\"EntryPoint\",\"urlTemplate\":\"https:\\\/\\\/darkamazi.site\\\/?s={search_term_string}\"},\"query-input\":{\"@type\":\"PropertyValueSpecification\",\"valueRequired\":true,\"valueName\":\"search_term_string\"}}],\"inLanguage\":\"en-US\"},{\"@type\":\"Organization\",\"@id\":\"https:\\\/\\\/darkamazi.site\\\/#organization\",\"name\":\"Darka Mazi T\u00fcrk\u00e7e\",\"alternateName\":\"Darka Mazi\",\"url\":\"https:\\\/\\\/darkamazi.site\\\/\",\"logo\":{\"@type\":\"ImageObject\",\"inLanguage\":\"en-US\",\"@id\":\"https:\\\/\\\/darkamazi.site\\\/#\\\/schema\\\/logo\\\/image\\\/\",\"url\":\"https:\\\/\\\/darkamazi.site\\\/darka-content\\\/uploads\\\/2017\\\/12\\\/darka-mazi-logo.png\",\"contentUrl\":\"https:\\\/\\\/darkamazi.site\\\/darka-content\\\/uploads\\\/2017\\\/12\\\/darka-mazi-logo.png\",\"width\":151,\"height\":75,\"caption\":\"Darka Mazi T\u00fcrk\u00e7e\"},\"image\":{\"@id\":\"https:\\\/\\\/darkamazi.site\\\/#\\\/schema\\\/logo\\\/image\\\/\"},\"sameAs\":[\"https:\\\/\\\/www.facebook.com\\\/DarkaMaziturkce\",\"https:\\\/\\\/x.com\\\/DarkaMaziTurkce\"]},{\"@type\":\"Person\",\"@id\":\"https:\\\/\\\/darkamazi.site\\\/#\\\/schema\\\/person\\\/67986a95ac546c16760365877ef4a9d3\",\"name\":\"darka mazi\",\"sameAs\":[\"https:\\\/\\\/darkamazi.site\"],\"url\":\"https:\\\/\\\/darkamazi.site\\\/archives\\\/author\\\/turkish\"}]}<\/script>\n<!-- \/ Yoast SEO plugin. -->","seo_head_json":{"title":"HSD yola kaolisyonla devam edecek - Darka Mazi","robots":{"index":"index","follow":"follow","max-snippet":"max-snippet:-1","max-image-preview":"max-image-preview:large","max-video-preview":"max-video-preview:-1"},"canonical":"https:\/\/darkamazi.site\/archives\/1007162","og_locale":"en_US","og_type":"article","og_title":"HSD yola kaolisyonla devam edecek - Darka Mazi","og_description":"HSD ( Suriye Demokratik G\u00fc\u00e7leri) Genel Komutan\u0131 Mazlum Abdi\u00a0 resmi Twitter hesab\u0131 \u00fczerinden a\u00e7\u0131klama yapt\u0131 HSD genel komutan\u0131 Mazlum Abdi yapt\u0131\u011f\u0131 a\u00e7\u0131klamada, \u015f\u00f6yle dedi; Koalisyon temsilcileri ile yapt\u0131\u011f\u0131m\u0131z bir dizi g\u00f6r\u00fc\u015fme sonucunda (alanda ya\u015fanan geli\u015fmelere ba\u011fl\u0131 olarak); I\u015e\u0130D\u2019e kar\u015f\u0131 ve Kuzey Suriye\u2019de altyap\u0131n\u0131n korunmas\u0131 amac\u0131 ile Koalisyon g\u00fc\u00e7leri ile ortak \u00e7al\u0131\u015fmaya devam edecektir. Bu a\u00e7\u0131klaman\u0131n [&hellip;]","og_url":"https:\/\/darkamazi.site\/archives\/1007162","og_site_name":"Darka Mazi","article_publisher":"https:\/\/www.facebook.com\/DarkaMaziturkce","article_published_time":"2019-11-06T18:57:40+00:00","og_image":[{"width":880,"height":500,"url":"https:\/\/darkamazi.site\/file\/2019\/10\/ABD\u2019DEN-MAZLUM-KOBAN\u0130YE-DAVET\u0130YE-TALEB\u0130.jpg","type":"image\/jpeg"}],"author":"darka mazi","twitter_card":"summary_large_image","twitter_creator":"@DarkaMaziTurkce","twitter_site":"@DarkaMaziTurkce","twitter_misc":{"Written by":"darka mazi","Est. reading time":"1 minute"},"schema":{"@context":"https:\/\/schema.org","@graph":[{"@type":"NewsArticle","@id":"https:\/\/darkamazi.site\/archives\/1007162#article","isPartOf":{"@id":"https:\/\/darkamazi.site\/archives\/1007162"},"author":{"name":"darka mazi","@id":"https:\/\/darkamazi.site\/#\/schema\/person\/67986a95ac546c16760365877ef4a9d3"},"headline":"HSD yola kaolisyonla devam edecek","datePublished":"2019-11-06T18:57:40+00:00","mainEntityOfPage":{"@id":"https:\/\/darkamazi.site\/archives\/1007162"},"wordCount":187,"publisher":{"@id":"https:\/\/darkamazi.site\/#organization"},"image":{"@id":"https:\/\/darkamazi.site\/archives\/1007162#primaryimage"},"thumbnailUrl":"https:\/\/darkamazi.site\/file\/2019\/10\/ABD\u2019DEN-MAZLUM-KOBAN\u0130YE-DAVET\u0130YE-TALEB\u0130.jpg","keywords":["\u00f6nemli"],"articleSection":["Kurdistan"],"inLanguage":"en-US"},{"@type":"WebPage","@id":"https:\/\/darkamazi.site\/archives\/1007162","url":"https:\/\/darkamazi.site\/archives\/1007162","name":"HSD yola kaolisyonla devam edecek - Darka Mazi","isPartOf":{"@id":"https:\/\/darkamazi.site\/#website"},"primaryImageOfPage":{"@id":"https:\/\/darkamazi.site\/archives\/1007162#primaryimage"},"image":{"@id":"https:\/\/darkamazi.site\/archives\/1007162#primaryimage"},"thumbnailUrl":"https:\/\/darkamazi.site\/file\/2019\/10\/ABD\u2019DEN-MAZLUM-KOBAN\u0130YE-DAVET\u0130YE-TALEB\u0130.jpg","datePublished":"2019-11-06T18:57:40+00:00","breadcrumb":{"@id":"https:\/\/darkamazi.site\/archives\/1007162#breadcrumb"},"inLanguage":"en-US","potentialAction":[{"@type":"ReadAction","target":["https:\/\/darkamazi.site\/archives\/1007162"]}]},{"@type":"ImageObject","inLanguage":"en-US","@id":"https:\/\/darkamazi.site\/archives\/1007162#primaryimage","url":"https:\/\/darkamazi.site\/file\/2019\/10\/ABD\u2019DEN-MAZLUM-KOBAN\u0130YE-DAVET\u0130YE-TALEB\u0130.jpg","contentUrl":"https:\/\/darkamazi.site\/file\/2019\/10\/ABD\u2019DEN-MAZLUM-KOBAN\u0130YE-DAVET\u0130YE-TALEB\u0130.jpg","width":880,"height":500,"caption":"ABD\u2019DEN MAZLUM KOBAN\u0130YE DAVET\u0130YE TALEB\u0130"},{"@type":"BreadcrumbList","@id":"https:\/\/darkamazi.site\/archives\/1007162#breadcrumb","itemListElement":[{"@type":"ListItem","position":1,"name":"Home","item":"https:\/\/darkamazi.site\/"},{"@type":"ListItem","position":2,"name":"HSD yola kaolisyonla devam edecek"}]},{"@type":"WebSite","@id":"https:\/\/darkamazi.site\/#website","url":"https:\/\/darkamazi.site\/","name":"Darka Mazi","description":"Ana Sayfa","publisher":{"@id":"https:\/\/darkamazi.site\/#organization"},"potentialAction":[{"@type":"SearchAction","target":{"@type":"EntryPoint","urlTemplate":"https:\/\/darkamazi.site\/?s={search_term_string}"},"query-input":{"@type":"PropertyValueSpecification","valueRequired":true,"valueName":"search_term_string"}}],"inLanguage":"en-US"},{"@type":"Organization","@id":"https:\/\/darkamazi.site\/#organization","name":"Darka Mazi T\u00fcrk\u00e7e","alternateName":"Darka Mazi","url":"https:\/\/darkamazi.site\/","logo":{"@type":"ImageObject","inLanguage":"en-US","@id":"https:\/\/darkamazi.site\/#\/schema\/logo\/image\/","url":"https:\/\/darkamazi.site\/file\/2017\/12\/darka-mazi-logo.png","contentUrl":"https:\/\/darkamazi.site\/file\/2017\/12\/darka-mazi-logo.png","width":151,"height":75,"caption":"Darka Mazi T\u00fcrk\u00e7e"},"image":{"@id":"https:\/\/darkamazi.site\/#\/schema\/logo\/image\/"},"sameAs":["https:\/\/www.facebook.com\/DarkaMaziturkce","https:\/\/x.com\/DarkaMaziTurkce"]},{"@type":"Person","@id":"https:\/\/darkamazi.site\/#\/schema\/person\/67986a95ac546c16760365877ef4a9d3","name":"darka mazi","sameAs":["https:\/\/darkamazi.site"],"url":"https:\/\/darkamazi.site\/archives\/author\/turkish"}]}},"_links":{"self":[{"href":"https:\/\/darkamazi.site\/funavuv\/wp\/v2\/posts\/1007162","targetHints":{"allow":["GET"]}}],"collection":[{"href":"https:\/\/darkamazi.site\/funavuv\/wp\/v2\/posts"}],"about":[{"href":"https:\/\/darkamazi.site\/funavuv\/wp\/v2\/types\/post"}],"author":[{"embeddable":true,"href":"https:\/\/darkamazi.site\/funavuv\/wp\/v2\/users\/2"}],"replies":[{"embeddable":true,"href":"https:\/\/darkamazi.site\/funavuv\/wp\/v2\/comments?post=1007162"}],"version-history":[{"count":0,"href":"https:\/\/darkamazi.site\/funavuv\/wp\/v2\/posts\/1007162\/revisions"}],"wp:featuredmedia":[{"embeddable":true,"href":"https:\/\/darkamazi.site\/funavuv\/wp\/v2\/media\/1006907"}],"wp:attachment":[{"href":"https:\/\/darkamazi.site\/funavuv\/wp\/v2\/media?parent=1007162"}],"wp:term":[{"taxonomy":"category","embeddable":true,"href":"https:\/\/darkamazi.site\/funavuv\/wp\/v2\/categories?post=1007162"},{"taxonomy":"post_tag","embeddable":true,"href":"https:\/\/darkamazi.site\/funavuv\/wp\/v2\/tags?post=1007162"}],"curies":[{"name":"wp","href":"https:\/\/api.w.org\/{rel}","templated":true}]}}