{"id":1007167,"date":"2019-11-07T15:42:59","date_gmt":"2019-11-07T12:42:59","guid":{"rendered":"https:\/\/darkamazi.site\/?p=1007167"},"modified":"2019-11-07T15:42:59","modified_gmt":"2019-11-07T12:42:59","slug":"rojava-ve-guney-kurdistan-sinirinda-abd-devriyesi","status":"publish","type":"post","link":"https:\/\/darkamazi.site\/archives\/1007167","title":{"rendered":"Rojava ve G\u00fcney K\u00fcrdistan s\u0131n\u0131r\u0131nda ABD devriyesi"},"content":{"rendered":"<h3 style=\"text-align: justify\"><span style=\"font-family: 'arial black', sans-serif;font-size: 12pt\">Amerikan ordusu Rojava ve G\u00fcney K\u00fcrdistan aras\u0131ndaki s\u0131n\u0131r b\u00f6lgelerinde devriye att\u0131. Bu b\u00f6lgede ABD\u2019nin ilk devriyesi oldu.<\/span><\/h3>\n<p style=\"text-align: justify\">\u00a0Amerikan ordusuna ba\u011fl\u0131 g\u00fc\u00e7ler Rojava ve g\u00fcney K\u00fcrdistan aras\u0131ndaki b\u00f6lgede devriye gezisi ba\u015flatt\u0131. Kalabal\u0131k bir askeri ara\u00e7 ile yap\u0131lan devriye ilk olmas\u0131 ve petrol b\u00f6lgelerini kapsamas\u0131 nedeni ile \u00f6nemli.\u00a0 Ara\u00e7lar Til Ko\u00e7er s\u0131n\u0131r kap\u0131s\u0131na kadar devam etti.<\/p>\n<p style=\"text-align: justify\">Til Ko\u00e7er s\u0131n\u0131r kap\u0131s\u0131 Rabia s\u0131n\u0131r kap\u0131s\u0131 olarak da biliniyor. Kap\u0131 uluslararas\u0131 s\u0131n\u0131r kap\u0131s\u0131 de\u011fil, fakat sava\u015f d\u00f6nemimde aktifle\u015fti ve \u0131rak ile Suriye aras\u0131ndaki ba\u011flant\u0131y\u0131 sa\u011flayan \u00f6nemli bir nokta haline geldi. Til Ko\u00e7er kap\u0131s\u0131 Qam\u0131\u015flo\u2019nun 90 Km g\u00fcneydo\u011fusunda ve Derik il\u00e7esinin ise 60 km g\u00fcneyinde yer al\u0131yor.\u00a0 B\u00f6lgede petrol yataklar\u0131 bulunmakta.<\/p>\n<p style=\"text-align: justify\">Amerikan ordusunun Til Ko\u00e7er\u2019deki petrol tesislerinden sonra Petrol ve gaz yataklar\u0131 olan Siweyda\u2019ya ge\u00e7ti. Daha sonra ise Derik\u2019e do\u011fru gidecekleri bildirildi.<\/p>\n<p style=\"text-align: justify\">9 Ekim\u2019de T\u00fcrk devletinin Rojavay\u0131 i\u015fgal giri\u015fimi ard\u0131ndan ABD g\u00fc\u00e7leri \u00e7ekilmi\u015f ve daha sonra ABD ba\u015fkan\u0131 \u00a0Donald Trump bir gurup g\u00fc\u00e7lerinin b\u00f6lgede kal\u0131p petrol\u00fc koruyaca\u011f\u0131n\u0131 a\u00e7\u0131klam\u0131\u015ft\u0131.<\/p>\n<p style=\"text-align: justify\">Bu g\u00fcnde ABD D\u0131\u015fi\u015fleri Bakanl\u0131\u011f\u0131ndan bir yetkili a\u00e7\u0131klama yaparak Rojava\u2019daki petrol\u00fcn \u2018yerel g\u00fc\u00e7ler taraf\u0131ndan yerel topluluklar\u0131n yarar\u0131na kullan\u0131yor\u2019 dedi.<\/p>\n","protected":false},"excerpt":{"rendered":"<p>Amerikan ordusu Rojava ve G\u00fcney K\u00fcrdistan aras\u0131ndaki s\u0131n\u0131r b\u00f6lgelerinde devriye att\u0131. Bu b\u00f6lgede ABD\u2019nin ilk devriyesi oldu. \u00a0Amerikan ordusuna ba\u011fl\u0131 g\u00fc\u00e7ler Rojava ve g\u00fcney K\u00fcrdistan aras\u0131ndaki b\u00f6lgede devriye gezisi ba\u015flatt\u0131. Kalabal\u0131k bir askeri ara\u00e7 ile yap\u0131lan devriye ilk olmas\u0131 ve petrol b\u00f6lgelerini kapsamas\u0131 nedeni ile \u00f6nemli.\u00a0 Ara\u00e7lar Til Ko\u00e7er s\u0131n\u0131r kap\u0131s\u0131na kadar devam etti. Til [&hellip;]<\/p>\n","protected":false},"author":2,"featured_media":1007165,"comment_status":"closed","ping_status":"closed","sticky":false,"template":"","format":"standard","meta":{"footnotes":""},"categories":[3],"tags":[],"class_list":["post-1007167","post","type-post","status-publish","format-standard","has-post-thumbnail","hentry","category-kurdistan"],"blocksy_meta":[],"seo_head":"<!-- This site is optimized with the Yoast SEO plugin v27.5 - https:\/\/yoast.com\/product\/yoast-seo-wordpress\/ -->\n<title>Rojava ve G\u00fcney K\u00fcrdistan s\u0131n\u0131r\u0131nda ABD devriyesi - Darka Mazi<\/title>\n<meta name=\"robots\" content=\"index, follow, max-snippet:-1, max-image-preview:large, max-video-preview:-1\" \/>\n<link rel=\"canonical\" href=\"https:\/\/darkamazi.site\/archives\/1007167\" \/>\n<meta property=\"og:locale\" content=\"en_US\" \/>\n<meta property=\"og:type\" content=\"article\" \/>\n<meta property=\"og:title\" content=\"Rojava ve G\u00fcney K\u00fcrdistan s\u0131n\u0131r\u0131nda ABD devriyesi - Darka Mazi\" \/>\n<meta property=\"og:description\" content=\"Amerikan ordusu Rojava ve G\u00fcney K\u00fcrdistan aras\u0131ndaki s\u0131n\u0131r b\u00f6lgelerinde devriye att\u0131. Bu b\u00f6lgede ABD\u2019nin ilk devriyesi oldu. \u00a0Amerikan ordusuna ba\u011fl\u0131 g\u00fc\u00e7ler Rojava ve g\u00fcney K\u00fcrdistan aras\u0131ndaki b\u00f6lgede devriye gezisi ba\u015flatt\u0131. Kalabal\u0131k bir askeri ara\u00e7 ile yap\u0131lan devriye ilk olmas\u0131 ve petrol b\u00f6lgelerini kapsamas\u0131 nedeni ile \u00f6nemli.\u00a0 Ara\u00e7lar Til Ko\u00e7er s\u0131n\u0131r kap\u0131s\u0131na kadar devam etti. Til [&hellip;]\" \/>\n<meta property=\"og:url\" content=\"https:\/\/darkamazi.site\/archives\/1007167\" \/>\n<meta property=\"og:site_name\" content=\"Darka Mazi\" \/>\n<meta property=\"article:publisher\" content=\"https:\/\/www.facebook.com\/DarkaMaziturkce\" \/>\n<meta property=\"article:published_time\" content=\"2019-11-07T12:42:59+00:00\" \/>\n<meta property=\"og:image\" content=\"https:\/\/darkamazi.site\/file\/2019\/11\/amrica.jpg\" \/>\n\t<meta property=\"og:image:width\" content=\"1200\" \/>\n\t<meta property=\"og:image:height\" content=\"649\" \/>\n\t<meta property=\"og:image:type\" content=\"image\/jpeg\" \/>\n<meta name=\"author\" content=\"darka mazi\" \/>\n<meta name=\"twitter:card\" content=\"summary_large_image\" \/>\n<meta name=\"twitter:creator\" content=\"@DarkaMaziTurkce\" \/>\n<meta name=\"twitter:site\" content=\"@DarkaMaziTurkce\" \/>\n<meta name=\"twitter:label1\" content=\"Written by\" \/>\n\t<meta name=\"twitter:data1\" content=\"darka mazi\" \/>\n\t<meta name=\"twitter:label2\" content=\"Est. reading time\" \/>\n\t<meta name=\"twitter:data2\" content=\"1 minute\" \/>\n<script type=\"application\/ld+json\" class=\"seo-schema-graph\">{\"@context\":\"https:\\\/\\\/schema.org\",\"@graph\":[{\"@type\":\"NewsArticle\",\"@id\":\"https:\\\/\\\/darkamazi.site\\\/archives\\\/1007167#article\",\"isPartOf\":{\"@id\":\"https:\\\/\\\/darkamazi.site\\\/archives\\\/1007167\"},\"author\":{\"name\":\"darka mazi\",\"@id\":\"https:\\\/\\\/darkamazi.site\\\/#\\\/schema\\\/person\\\/67986a95ac546c16760365877ef4a9d3\"},\"headline\":\"Rojava ve G\u00fcney K\u00fcrdistan s\u0131n\u0131r\u0131nda ABD devriyesi\",\"datePublished\":\"2019-11-07T12:42:59+00:00\",\"mainEntityOfPage\":{\"@id\":\"https:\\\/\\\/darkamazi.site\\\/archives\\\/1007167\"},\"wordCount\":262,\"publisher\":{\"@id\":\"https:\\\/\\\/darkamazi.site\\\/#organization\"},\"image\":{\"@id\":\"https:\\\/\\\/darkamazi.site\\\/archives\\\/1007167#primaryimage\"},\"thumbnailUrl\":\"https:\\\/\\\/darkamazi.site\\\/darka-content\\\/uploads\\\/2019\\\/11\\\/amrica.jpg\",\"articleSection\":[\"Kurdistan\"],\"inLanguage\":\"en-US\"},{\"@type\":\"WebPage\",\"@id\":\"https:\\\/\\\/darkamazi.site\\\/archives\\\/1007167\",\"url\":\"https:\\\/\\\/darkamazi.site\\\/archives\\\/1007167\",\"name\":\"Rojava ve G\u00fcney K\u00fcrdistan s\u0131n\u0131r\u0131nda ABD devriyesi - Darka Mazi\",\"isPartOf\":{\"@id\":\"https:\\\/\\\/darkamazi.site\\\/#website\"},\"primaryImageOfPage\":{\"@id\":\"https:\\\/\\\/darkamazi.site\\\/archives\\\/1007167#primaryimage\"},\"image\":{\"@id\":\"https:\\\/\\\/darkamazi.site\\\/archives\\\/1007167#primaryimage\"},\"thumbnailUrl\":\"https:\\\/\\\/darkamazi.site\\\/darka-content\\\/uploads\\\/2019\\\/11\\\/amrica.jpg\",\"datePublished\":\"2019-11-07T12:42:59+00:00\",\"breadcrumb\":{\"@id\":\"https:\\\/\\\/darkamazi.site\\\/archives\\\/1007167#breadcrumb\"},\"inLanguage\":\"en-US\",\"potentialAction\":[{\"@type\":\"ReadAction\",\"target\":[\"https:\\\/\\\/darkamazi.site\\\/archives\\\/1007167\"]}]},{\"@type\":\"ImageObject\",\"inLanguage\":\"en-US\",\"@id\":\"https:\\\/\\\/darkamazi.site\\\/archives\\\/1007167#primaryimage\",\"url\":\"https:\\\/\\\/darkamazi.site\\\/darka-content\\\/uploads\\\/2019\\\/11\\\/amrica.jpg\",\"contentUrl\":\"https:\\\/\\\/darkamazi.site\\\/darka-content\\\/uploads\\\/2019\\\/11\\\/amrica.jpg\",\"width\":1200,\"height\":649,\"caption\":\"Rojava ve G\u00fcney K\u00fcrdistan s\u0131n\u0131r\u0131nda ABD devriyesi\"},{\"@type\":\"BreadcrumbList\",\"@id\":\"https:\\\/\\\/darkamazi.site\\\/archives\\\/1007167#breadcrumb\",\"itemListElement\":[{\"@type\":\"ListItem\",\"position\":1,\"name\":\"Home\",\"item\":\"https:\\\/\\\/darkamazi.site\\\/\"},{\"@type\":\"ListItem\",\"position\":2,\"name\":\"Rojava ve G\u00fcney K\u00fcrdistan s\u0131n\u0131r\u0131nda ABD devriyesi\"}]},{\"@type\":\"WebSite\",\"@id\":\"https:\\\/\\\/darkamazi.site\\\/#website\",\"url\":\"https:\\\/\\\/darkamazi.site\\\/\",\"name\":\"Darka Mazi\",\"description\":\"Ana Sayfa\",\"publisher\":{\"@id\":\"https:\\\/\\\/darkamazi.site\\\/#organization\"},\"potentialAction\":[{\"@type\":\"SearchAction\",\"target\":{\"@type\":\"EntryPoint\",\"urlTemplate\":\"https:\\\/\\\/darkamazi.site\\\/?s={search_term_string}\"},\"query-input\":{\"@type\":\"PropertyValueSpecification\",\"valueRequired\":true,\"valueName\":\"search_term_string\"}}],\"inLanguage\":\"en-US\"},{\"@type\":\"Organization\",\"@id\":\"https:\\\/\\\/darkamazi.site\\\/#organization\",\"name\":\"Darka Mazi T\u00fcrk\u00e7e\",\"alternateName\":\"Darka Mazi\",\"url\":\"https:\\\/\\\/darkamazi.site\\\/\",\"logo\":{\"@type\":\"ImageObject\",\"inLanguage\":\"en-US\",\"@id\":\"https:\\\/\\\/darkamazi.site\\\/#\\\/schema\\\/logo\\\/image\\\/\",\"url\":\"https:\\\/\\\/darkamazi.site\\\/darka-content\\\/uploads\\\/2017\\\/12\\\/darka-mazi-logo.png\",\"contentUrl\":\"https:\\\/\\\/darkamazi.site\\\/darka-content\\\/uploads\\\/2017\\\/12\\\/darka-mazi-logo.png\",\"width\":151,\"height\":75,\"caption\":\"Darka Mazi T\u00fcrk\u00e7e\"},\"image\":{\"@id\":\"https:\\\/\\\/darkamazi.site\\\/#\\\/schema\\\/logo\\\/image\\\/\"},\"sameAs\":[\"https:\\\/\\\/www.facebook.com\\\/DarkaMaziturkce\",\"https:\\\/\\\/x.com\\\/DarkaMaziTurkce\"]},{\"@type\":\"Person\",\"@id\":\"https:\\\/\\\/darkamazi.site\\\/#\\\/schema\\\/person\\\/67986a95ac546c16760365877ef4a9d3\",\"name\":\"darka mazi\",\"sameAs\":[\"https:\\\/\\\/darkamazi.site\"],\"url\":\"https:\\\/\\\/darkamazi.site\\\/archives\\\/author\\\/turkish\"}]}<\/script>\n<!-- \/ Yoast SEO plugin. -->","seo_head_json":{"title":"Rojava ve G\u00fcney K\u00fcrdistan s\u0131n\u0131r\u0131nda ABD devriyesi - Darka Mazi","robots":{"index":"index","follow":"follow","max-snippet":"max-snippet:-1","max-image-preview":"max-image-preview:large","max-video-preview":"max-video-preview:-1"},"canonical":"https:\/\/darkamazi.site\/archives\/1007167","og_locale":"en_US","og_type":"article","og_title":"Rojava ve G\u00fcney K\u00fcrdistan s\u0131n\u0131r\u0131nda ABD devriyesi - Darka Mazi","og_description":"Amerikan ordusu Rojava ve G\u00fcney K\u00fcrdistan aras\u0131ndaki s\u0131n\u0131r b\u00f6lgelerinde devriye att\u0131. Bu b\u00f6lgede ABD\u2019nin ilk devriyesi oldu. \u00a0Amerikan ordusuna ba\u011fl\u0131 g\u00fc\u00e7ler Rojava ve g\u00fcney K\u00fcrdistan aras\u0131ndaki b\u00f6lgede devriye gezisi ba\u015flatt\u0131. Kalabal\u0131k bir askeri ara\u00e7 ile yap\u0131lan devriye ilk olmas\u0131 ve petrol b\u00f6lgelerini kapsamas\u0131 nedeni ile \u00f6nemli.\u00a0 Ara\u00e7lar Til Ko\u00e7er s\u0131n\u0131r kap\u0131s\u0131na kadar devam etti. Til [&hellip;]","og_url":"https:\/\/darkamazi.site\/archives\/1007167","og_site_name":"Darka Mazi","article_publisher":"https:\/\/www.facebook.com\/DarkaMaziturkce","article_published_time":"2019-11-07T12:42:59+00:00","og_image":[{"width":1200,"height":649,"url":"https:\/\/darkamazi.site\/file\/2019\/11\/amrica.jpg","type":"image\/jpeg"}],"author":"darka mazi","twitter_card":"summary_large_image","twitter_creator":"@DarkaMaziTurkce","twitter_site":"@DarkaMaziTurkce","twitter_misc":{"Written by":"darka mazi","Est. reading time":"1 minute"},"schema":{"@context":"https:\/\/schema.org","@graph":[{"@type":"NewsArticle","@id":"https:\/\/darkamazi.site\/archives\/1007167#article","isPartOf":{"@id":"https:\/\/darkamazi.site\/archives\/1007167"},"author":{"name":"darka mazi","@id":"https:\/\/darkamazi.site\/#\/schema\/person\/67986a95ac546c16760365877ef4a9d3"},"headline":"Rojava ve G\u00fcney K\u00fcrdistan s\u0131n\u0131r\u0131nda ABD devriyesi","datePublished":"2019-11-07T12:42:59+00:00","mainEntityOfPage":{"@id":"https:\/\/darkamazi.site\/archives\/1007167"},"wordCount":262,"publisher":{"@id":"https:\/\/darkamazi.site\/#organization"},"image":{"@id":"https:\/\/darkamazi.site\/archives\/1007167#primaryimage"},"thumbnailUrl":"https:\/\/darkamazi.site\/file\/2019\/11\/amrica.jpg","articleSection":["Kurdistan"],"inLanguage":"en-US"},{"@type":"WebPage","@id":"https:\/\/darkamazi.site\/archives\/1007167","url":"https:\/\/darkamazi.site\/archives\/1007167","name":"Rojava ve G\u00fcney K\u00fcrdistan s\u0131n\u0131r\u0131nda ABD devriyesi - Darka Mazi","isPartOf":{"@id":"https:\/\/darkamazi.site\/#website"},"primaryImageOfPage":{"@id":"https:\/\/darkamazi.site\/archives\/1007167#primaryimage"},"image":{"@id":"https:\/\/darkamazi.site\/archives\/1007167#primaryimage"},"thumbnailUrl":"https:\/\/darkamazi.site\/file\/2019\/11\/amrica.jpg","datePublished":"2019-11-07T12:42:59+00:00","breadcrumb":{"@id":"https:\/\/darkamazi.site\/archives\/1007167#breadcrumb"},"inLanguage":"en-US","potentialAction":[{"@type":"ReadAction","target":["https:\/\/darkamazi.site\/archives\/1007167"]}]},{"@type":"ImageObject","inLanguage":"en-US","@id":"https:\/\/darkamazi.site\/archives\/1007167#primaryimage","url":"https:\/\/darkamazi.site\/file\/2019\/11\/amrica.jpg","contentUrl":"https:\/\/darkamazi.site\/file\/2019\/11\/amrica.jpg","width":1200,"height":649,"caption":"Rojava ve G\u00fcney K\u00fcrdistan s\u0131n\u0131r\u0131nda ABD devriyesi"},{"@type":"BreadcrumbList","@id":"https:\/\/darkamazi.site\/archives\/1007167#breadcrumb","itemListElement":[{"@type":"ListItem","position":1,"name":"Home","item":"https:\/\/darkamazi.site\/"},{"@type":"ListItem","position":2,"name":"Rojava ve G\u00fcney K\u00fcrdistan s\u0131n\u0131r\u0131nda ABD devriyesi"}]},{"@type":"WebSite","@id":"https:\/\/darkamazi.site\/#website","url":"https:\/\/darkamazi.site\/","name":"Darka Mazi","description":"Ana Sayfa","publisher":{"@id":"https:\/\/darkamazi.site\/#organization"},"potentialAction":[{"@type":"SearchAction","target":{"@type":"EntryPoint","urlTemplate":"https:\/\/darkamazi.site\/?s={search_term_string}"},"query-input":{"@type":"PropertyValueSpecification","valueRequired":true,"valueName":"search_term_string"}}],"inLanguage":"en-US"},{"@type":"Organization","@id":"https:\/\/darkamazi.site\/#organization","name":"Darka Mazi T\u00fcrk\u00e7e","alternateName":"Darka Mazi","url":"https:\/\/darkamazi.site\/","logo":{"@type":"ImageObject","inLanguage":"en-US","@id":"https:\/\/darkamazi.site\/#\/schema\/logo\/image\/","url":"https:\/\/darkamazi.site\/file\/2017\/12\/darka-mazi-logo.png","contentUrl":"https:\/\/darkamazi.site\/file\/2017\/12\/darka-mazi-logo.png","width":151,"height":75,"caption":"Darka Mazi T\u00fcrk\u00e7e"},"image":{"@id":"https:\/\/darkamazi.site\/#\/schema\/logo\/image\/"},"sameAs":["https:\/\/www.facebook.com\/DarkaMaziturkce","https:\/\/x.com\/DarkaMaziTurkce"]},{"@type":"Person","@id":"https:\/\/darkamazi.site\/#\/schema\/person\/67986a95ac546c16760365877ef4a9d3","name":"darka mazi","sameAs":["https:\/\/darkamazi.site"],"url":"https:\/\/darkamazi.site\/archives\/author\/turkish"}]}},"_links":{"self":[{"href":"https:\/\/darkamazi.site\/funavuv\/wp\/v2\/posts\/1007167","targetHints":{"allow":["GET"]}}],"collection":[{"href":"https:\/\/darkamazi.site\/funavuv\/wp\/v2\/posts"}],"about":[{"href":"https:\/\/darkamazi.site\/funavuv\/wp\/v2\/types\/post"}],"author":[{"embeddable":true,"href":"https:\/\/darkamazi.site\/funavuv\/wp\/v2\/users\/2"}],"replies":[{"embeddable":true,"href":"https:\/\/darkamazi.site\/funavuv\/wp\/v2\/comments?post=1007167"}],"version-history":[{"count":0,"href":"https:\/\/darkamazi.site\/funavuv\/wp\/v2\/posts\/1007167\/revisions"}],"wp:featuredmedia":[{"embeddable":true,"href":"https:\/\/darkamazi.site\/funavuv\/wp\/v2\/media\/1007165"}],"wp:attachment":[{"href":"https:\/\/darkamazi.site\/funavuv\/wp\/v2\/media?parent=1007167"}],"wp:term":[{"taxonomy":"category","embeddable":true,"href":"https:\/\/darkamazi.site\/funavuv\/wp\/v2\/categories?post=1007167"},{"taxonomy":"post_tag","embeddable":true,"href":"https:\/\/darkamazi.site\/funavuv\/wp\/v2\/tags?post=1007167"}],"curies":[{"name":"wp","href":"https:\/\/api.w.org\/{rel}","templated":true}]}}