{"id":1007174,"date":"2019-11-08T23:27:17","date_gmt":"2019-11-08T20:27:17","guid":{"rendered":"https:\/\/darkamazi.site\/?p=1007174"},"modified":"2026-03-31T16:45:11","modified_gmt":"2026-03-31T13:45:11","slug":"rojavadaki-ortak-devriye-bir-kurt-gencini-sehit-etti","status":"publish","type":"post","link":"https:\/\/darkamazi.site\/archives\/1007174","title":{"rendered":"ROJAVA\u2019DAK\u0130 ORTAK DEVR\u0130YE B\u0130R K\u00dcRT GENC\u0130N\u0130 \u015eEH\u0130T ETT\u0130"},"content":{"rendered":"<p style=\"text-align: justify\"><strong>T\u00fcrkiye ve Rusya\u2019n\u0131n ortak devriye att\u0131\u011f\u0131 G\u0131rg\u00ea Leg\u00ea de \u00a0halk, protesto g\u00f6sterisinde\u00a0 bulundu.<\/strong><\/p>\n<p style=\"text-align: justify\">\u00a0\u0130\u015fgalci T\u00fcrk ordusu ile Rusya\u2019n\u0131n ortak devriyesi s\u0131ras\u0131nda b\u00f6lgedeki halk\u00a0 z\u0131rhl\u0131 ara\u00e7lara ta\u015fl\u0131-sopal\u0131\u00a0 tepki g\u00f6sterdi. Bu esnada i\u015fgalci T\u00fcrk ordusuna ait z\u0131rhl\u0131 ara\u00e7 bir sivili \u015fehit etti. Olay yerinde hayat\u0131n\u0131 kaybeden gencin Girg\u00ea Leg\u00ea ye ba\u011fl\u0131 Til Cemal k\u00f6y\u00fc n\u00fcfusuna kay\u0131tl\u0131 Serxwebun Ali oldu\u011fu a\u00e7\u0131kland\u0131.<\/p>\n<p style=\"text-align: justify\">T\u00fcrk Devleti\u2019nin i\u015fgali ile ba\u015flayan K\u00fcrt soyk\u0131r\u0131m harek\u00e2t\u0131, ate\u015fkese ra\u011fmen her f\u0131rsatta sivil K\u00fcrt halk\u0131na kar\u015f\u0131 sald\u0131r\u0131lar\u0131n\u0131 s\u00fcrd\u00fcrmektedir.\u00a0 \u00a0Bu son olayla birlikte Ortak devriyelerin de operasyonal bir g\u00fc\u00e7 gibi hareket etti\u011fi g\u00f6zlemlenmektedir.<\/p>\n","protected":false},"excerpt":{"rendered":"<p>T\u00fcrkiye ve Rusya\u2019n\u0131n ortak devriye att\u0131\u011f\u0131 G\u0131rg\u00ea Leg\u00ea de \u00a0halk, protesto g\u00f6sterisinde\u00a0 bulundu. \u00a0\u0130\u015fgalci T\u00fcrk ordusu ile Rusya\u2019n\u0131n ortak devriyesi s\u0131ras\u0131nda b\u00f6lgedeki halk\u00a0 z\u0131rhl\u0131 ara\u00e7lara ta\u015fl\u0131-sopal\u0131\u00a0 tepki g\u00f6sterdi. Bu esnada i\u015fgalci T\u00fcrk ordusuna ait z\u0131rhl\u0131 ara\u00e7 bir sivili \u015fehit etti. Olay yerinde hayat\u0131n\u0131 kaybeden gencin Girg\u00ea Leg\u00ea ye ba\u011fl\u0131 Til Cemal k\u00f6y\u00fc n\u00fcfusuna kay\u0131tl\u0131 Serxwebun [&hellip;]<\/p>\n","protected":false},"author":2,"featured_media":1007175,"comment_status":"closed","ping_status":"closed","sticky":false,"template":"","format":"standard","meta":{"footnotes":""},"categories":[3],"tags":[],"class_list":["post-1007174","post","type-post","status-publish","format-standard","has-post-thumbnail","hentry","category-kurdistan"],"blocksy_meta":[],"seo_head":"<!-- This site is optimized with the Yoast SEO plugin v27.5 - https:\/\/yoast.com\/product\/yoast-seo-wordpress\/ -->\n<title>ROJAVA\u2019DAK\u0130 ORTAK DEVR\u0130YE B\u0130R K\u00dcRT GENC\u0130N\u0130 \u015eEH\u0130T ETT\u0130 - Darka Mazi<\/title>\n<meta name=\"robots\" content=\"index, follow, max-snippet:-1, max-image-preview:large, max-video-preview:-1\" \/>\n<link rel=\"canonical\" href=\"https:\/\/darkamazi.site\/archives\/1007174\" \/>\n<meta property=\"og:locale\" content=\"en_US\" \/>\n<meta property=\"og:type\" content=\"article\" \/>\n<meta property=\"og:title\" content=\"ROJAVA\u2019DAK\u0130 ORTAK DEVR\u0130YE B\u0130R K\u00dcRT GENC\u0130N\u0130 \u015eEH\u0130T ETT\u0130 - Darka Mazi\" \/>\n<meta property=\"og:description\" content=\"T\u00fcrkiye ve Rusya\u2019n\u0131n ortak devriye att\u0131\u011f\u0131 G\u0131rg\u00ea Leg\u00ea de \u00a0halk, protesto g\u00f6sterisinde\u00a0 bulundu. \u00a0\u0130\u015fgalci T\u00fcrk ordusu ile Rusya\u2019n\u0131n ortak devriyesi s\u0131ras\u0131nda b\u00f6lgedeki halk\u00a0 z\u0131rhl\u0131 ara\u00e7lara ta\u015fl\u0131-sopal\u0131\u00a0 tepki g\u00f6sterdi. Bu esnada i\u015fgalci T\u00fcrk ordusuna ait z\u0131rhl\u0131 ara\u00e7 bir sivili \u015fehit etti. Olay yerinde hayat\u0131n\u0131 kaybeden gencin Girg\u00ea Leg\u00ea ye ba\u011fl\u0131 Til Cemal k\u00f6y\u00fc n\u00fcfusuna kay\u0131tl\u0131 Serxwebun [&hellip;]\" \/>\n<meta property=\"og:url\" content=\"https:\/\/darkamazi.site\/archives\/1007174\" \/>\n<meta property=\"og:site_name\" content=\"Darka Mazi\" \/>\n<meta property=\"article:publisher\" content=\"https:\/\/www.facebook.com\/DarkaMaziturkce\" \/>\n<meta property=\"article:published_time\" content=\"2019-11-08T20:27:17+00:00\" \/>\n<meta property=\"article:modified_time\" content=\"2026-03-31T13:45:11+00:00\" \/>\n<meta property=\"og:image\" content=\"https:\/\/darkamazi.site\/file\/2019\/11\/20191108-115359-whatsapp-image-2019-11-08-at-1-53-04-pm-jpg053a8f-image.jpg\" \/>\n\t<meta property=\"og:image:width\" content=\"990\" \/>\n\t<meta property=\"og:image:height\" content=\"556\" \/>\n\t<meta property=\"og:image:type\" content=\"image\/jpeg\" \/>\n<meta name=\"author\" content=\"darka mazi\" \/>\n<meta name=\"twitter:card\" content=\"summary_large_image\" \/>\n<meta name=\"twitter:creator\" content=\"@DarkaMaziTurkce\" \/>\n<meta name=\"twitter:site\" content=\"@DarkaMaziTurkce\" \/>\n<meta name=\"twitter:label1\" content=\"Written by\" \/>\n\t<meta name=\"twitter:data1\" content=\"darka mazi\" \/>\n\t<meta name=\"twitter:label2\" content=\"Est. reading time\" \/>\n\t<meta name=\"twitter:data2\" content=\"1 minute\" \/>\n<script type=\"application\/ld+json\" class=\"seo-schema-graph\">{\"@context\":\"https:\\\/\\\/schema.org\",\"@graph\":[{\"@type\":\"NewsArticle\",\"@id\":\"https:\\\/\\\/darkamazi.site\\\/archives\\\/1007174#article\",\"isPartOf\":{\"@id\":\"https:\\\/\\\/darkamazi.site\\\/archives\\\/1007174\"},\"author\":{\"name\":\"darka mazi\",\"@id\":\"https:\\\/\\\/darkamazi.site\\\/#\\\/schema\\\/person\\\/67986a95ac546c16760365877ef4a9d3\"},\"headline\":\"ROJAVA\u2019DAK\u0130 ORTAK DEVR\u0130YE B\u0130R K\u00dcRT GENC\u0130N\u0130 \u015eEH\u0130T ETT\u0130\",\"datePublished\":\"2019-11-08T20:27:17+00:00\",\"dateModified\":\"2026-03-31T13:45:11+00:00\",\"mainEntityOfPage\":{\"@id\":\"https:\\\/\\\/darkamazi.site\\\/archives\\\/1007174\"},\"wordCount\":150,\"publisher\":{\"@id\":\"https:\\\/\\\/darkamazi.site\\\/#organization\"},\"image\":{\"@id\":\"https:\\\/\\\/darkamazi.site\\\/archives\\\/1007174#primaryimage\"},\"thumbnailUrl\":\"https:\\\/\\\/darkamazi.site\\\/darka-content\\\/uploads\\\/2019\\\/11\\\/20191108-115359-whatsapp-image-2019-11-08-at-1-53-04-pm-jpg053a8f-image.jpg\",\"articleSection\":[\"Kurdistan\"],\"inLanguage\":\"en-US\"},{\"@type\":\"WebPage\",\"@id\":\"https:\\\/\\\/darkamazi.site\\\/archives\\\/1007174\",\"url\":\"https:\\\/\\\/darkamazi.site\\\/archives\\\/1007174\",\"name\":\"ROJAVA\u2019DAK\u0130 ORTAK DEVR\u0130YE B\u0130R K\u00dcRT GENC\u0130N\u0130 \u015eEH\u0130T ETT\u0130 - Darka Mazi\",\"isPartOf\":{\"@id\":\"https:\\\/\\\/darkamazi.site\\\/#website\"},\"primaryImageOfPage\":{\"@id\":\"https:\\\/\\\/darkamazi.site\\\/archives\\\/1007174#primaryimage\"},\"image\":{\"@id\":\"https:\\\/\\\/darkamazi.site\\\/archives\\\/1007174#primaryimage\"},\"thumbnailUrl\":\"https:\\\/\\\/darkamazi.site\\\/darka-content\\\/uploads\\\/2019\\\/11\\\/20191108-115359-whatsapp-image-2019-11-08-at-1-53-04-pm-jpg053a8f-image.jpg\",\"datePublished\":\"2019-11-08T20:27:17+00:00\",\"dateModified\":\"2026-03-31T13:45:11+00:00\",\"breadcrumb\":{\"@id\":\"https:\\\/\\\/darkamazi.site\\\/archives\\\/1007174#breadcrumb\"},\"inLanguage\":\"en-US\",\"potentialAction\":[{\"@type\":\"ReadAction\",\"target\":[\"https:\\\/\\\/darkamazi.site\\\/archives\\\/1007174\"]}]},{\"@type\":\"ImageObject\",\"inLanguage\":\"en-US\",\"@id\":\"https:\\\/\\\/darkamazi.site\\\/archives\\\/1007174#primaryimage\",\"url\":\"https:\\\/\\\/darkamazi.site\\\/darka-content\\\/uploads\\\/2019\\\/11\\\/20191108-115359-whatsapp-image-2019-11-08-at-1-53-04-pm-jpg053a8f-image.jpg\",\"contentUrl\":\"https:\\\/\\\/darkamazi.site\\\/darka-content\\\/uploads\\\/2019\\\/11\\\/20191108-115359-whatsapp-image-2019-11-08-at-1-53-04-pm-jpg053a8f-image.jpg\",\"width\":990,\"height\":556,\"caption\":\"ROJAVA\u2019DAK\u0130 ORTAK DEVR\u0130YE B\u0130R K\u00dcRT GENC\u0130N\u0130 \u015eEH\u0130T ETT\u0130\"},{\"@type\":\"BreadcrumbList\",\"@id\":\"https:\\\/\\\/darkamazi.site\\\/archives\\\/1007174#breadcrumb\",\"itemListElement\":[{\"@type\":\"ListItem\",\"position\":1,\"name\":\"Home\",\"item\":\"https:\\\/\\\/darkamazi.site\\\/\"},{\"@type\":\"ListItem\",\"position\":2,\"name\":\"ROJAVA\u2019DAK\u0130 ORTAK DEVR\u0130YE B\u0130R K\u00dcRT GENC\u0130N\u0130 \u015eEH\u0130T ETT\u0130\"}]},{\"@type\":\"WebSite\",\"@id\":\"https:\\\/\\\/darkamazi.site\\\/#website\",\"url\":\"https:\\\/\\\/darkamazi.site\\\/\",\"name\":\"Darka Mazi\",\"description\":\"Ana Sayfa\",\"publisher\":{\"@id\":\"https:\\\/\\\/darkamazi.site\\\/#organization\"},\"potentialAction\":[{\"@type\":\"SearchAction\",\"target\":{\"@type\":\"EntryPoint\",\"urlTemplate\":\"https:\\\/\\\/darkamazi.site\\\/?s={search_term_string}\"},\"query-input\":{\"@type\":\"PropertyValueSpecification\",\"valueRequired\":true,\"valueName\":\"search_term_string\"}}],\"inLanguage\":\"en-US\"},{\"@type\":\"Organization\",\"@id\":\"https:\\\/\\\/darkamazi.site\\\/#organization\",\"name\":\"Darka Mazi T\u00fcrk\u00e7e\",\"alternateName\":\"Darka Mazi\",\"url\":\"https:\\\/\\\/darkamazi.site\\\/\",\"logo\":{\"@type\":\"ImageObject\",\"inLanguage\":\"en-US\",\"@id\":\"https:\\\/\\\/darkamazi.site\\\/#\\\/schema\\\/logo\\\/image\\\/\",\"url\":\"https:\\\/\\\/darkamazi.site\\\/darka-content\\\/uploads\\\/2017\\\/12\\\/darka-mazi-logo.png\",\"contentUrl\":\"https:\\\/\\\/darkamazi.site\\\/darka-content\\\/uploads\\\/2017\\\/12\\\/darka-mazi-logo.png\",\"width\":151,\"height\":75,\"caption\":\"Darka Mazi T\u00fcrk\u00e7e\"},\"image\":{\"@id\":\"https:\\\/\\\/darkamazi.site\\\/#\\\/schema\\\/logo\\\/image\\\/\"},\"sameAs\":[\"https:\\\/\\\/www.facebook.com\\\/DarkaMaziturkce\",\"https:\\\/\\\/x.com\\\/DarkaMaziTurkce\"]},{\"@type\":\"Person\",\"@id\":\"https:\\\/\\\/darkamazi.site\\\/#\\\/schema\\\/person\\\/67986a95ac546c16760365877ef4a9d3\",\"name\":\"darka mazi\",\"sameAs\":[\"https:\\\/\\\/darkamazi.site\"],\"url\":\"https:\\\/\\\/darkamazi.site\\\/archives\\\/author\\\/turkish\"}]}<\/script>\n<!-- \/ Yoast SEO plugin. -->","seo_head_json":{"title":"ROJAVA\u2019DAK\u0130 ORTAK DEVR\u0130YE B\u0130R K\u00dcRT GENC\u0130N\u0130 \u015eEH\u0130T ETT\u0130 - Darka Mazi","robots":{"index":"index","follow":"follow","max-snippet":"max-snippet:-1","max-image-preview":"max-image-preview:large","max-video-preview":"max-video-preview:-1"},"canonical":"https:\/\/darkamazi.site\/archives\/1007174","og_locale":"en_US","og_type":"article","og_title":"ROJAVA\u2019DAK\u0130 ORTAK DEVR\u0130YE B\u0130R K\u00dcRT GENC\u0130N\u0130 \u015eEH\u0130T ETT\u0130 - Darka Mazi","og_description":"T\u00fcrkiye ve Rusya\u2019n\u0131n ortak devriye att\u0131\u011f\u0131 G\u0131rg\u00ea Leg\u00ea de \u00a0halk, protesto g\u00f6sterisinde\u00a0 bulundu. \u00a0\u0130\u015fgalci T\u00fcrk ordusu ile Rusya\u2019n\u0131n ortak devriyesi s\u0131ras\u0131nda b\u00f6lgedeki halk\u00a0 z\u0131rhl\u0131 ara\u00e7lara ta\u015fl\u0131-sopal\u0131\u00a0 tepki g\u00f6sterdi. Bu esnada i\u015fgalci T\u00fcrk ordusuna ait z\u0131rhl\u0131 ara\u00e7 bir sivili \u015fehit etti. Olay yerinde hayat\u0131n\u0131 kaybeden gencin Girg\u00ea Leg\u00ea ye ba\u011fl\u0131 Til Cemal k\u00f6y\u00fc n\u00fcfusuna kay\u0131tl\u0131 Serxwebun [&hellip;]","og_url":"https:\/\/darkamazi.site\/archives\/1007174","og_site_name":"Darka Mazi","article_publisher":"https:\/\/www.facebook.com\/DarkaMaziturkce","article_published_time":"2019-11-08T20:27:17+00:00","article_modified_time":"2026-03-31T13:45:11+00:00","og_image":[{"width":990,"height":556,"url":"https:\/\/darkamazi.site\/file\/2019\/11\/20191108-115359-whatsapp-image-2019-11-08-at-1-53-04-pm-jpg053a8f-image.jpg","type":"image\/jpeg"}],"author":"darka mazi","twitter_card":"summary_large_image","twitter_creator":"@DarkaMaziTurkce","twitter_site":"@DarkaMaziTurkce","twitter_misc":{"Written by":"darka mazi","Est. reading time":"1 minute"},"schema":{"@context":"https:\/\/schema.org","@graph":[{"@type":"NewsArticle","@id":"https:\/\/darkamazi.site\/archives\/1007174#article","isPartOf":{"@id":"https:\/\/darkamazi.site\/archives\/1007174"},"author":{"name":"darka mazi","@id":"https:\/\/darkamazi.site\/#\/schema\/person\/67986a95ac546c16760365877ef4a9d3"},"headline":"ROJAVA\u2019DAK\u0130 ORTAK DEVR\u0130YE B\u0130R K\u00dcRT GENC\u0130N\u0130 \u015eEH\u0130T ETT\u0130","datePublished":"2019-11-08T20:27:17+00:00","dateModified":"2026-03-31T13:45:11+00:00","mainEntityOfPage":{"@id":"https:\/\/darkamazi.site\/archives\/1007174"},"wordCount":150,"publisher":{"@id":"https:\/\/darkamazi.site\/#organization"},"image":{"@id":"https:\/\/darkamazi.site\/archives\/1007174#primaryimage"},"thumbnailUrl":"https:\/\/darkamazi.site\/file\/2019\/11\/20191108-115359-whatsapp-image-2019-11-08-at-1-53-04-pm-jpg053a8f-image.jpg","articleSection":["Kurdistan"],"inLanguage":"en-US"},{"@type":"WebPage","@id":"https:\/\/darkamazi.site\/archives\/1007174","url":"https:\/\/darkamazi.site\/archives\/1007174","name":"ROJAVA\u2019DAK\u0130 ORTAK DEVR\u0130YE B\u0130R K\u00dcRT GENC\u0130N\u0130 \u015eEH\u0130T ETT\u0130 - Darka Mazi","isPartOf":{"@id":"https:\/\/darkamazi.site\/#website"},"primaryImageOfPage":{"@id":"https:\/\/darkamazi.site\/archives\/1007174#primaryimage"},"image":{"@id":"https:\/\/darkamazi.site\/archives\/1007174#primaryimage"},"thumbnailUrl":"https:\/\/darkamazi.site\/file\/2019\/11\/20191108-115359-whatsapp-image-2019-11-08-at-1-53-04-pm-jpg053a8f-image.jpg","datePublished":"2019-11-08T20:27:17+00:00","dateModified":"2026-03-31T13:45:11+00:00","breadcrumb":{"@id":"https:\/\/darkamazi.site\/archives\/1007174#breadcrumb"},"inLanguage":"en-US","potentialAction":[{"@type":"ReadAction","target":["https:\/\/darkamazi.site\/archives\/1007174"]}]},{"@type":"ImageObject","inLanguage":"en-US","@id":"https:\/\/darkamazi.site\/archives\/1007174#primaryimage","url":"https:\/\/darkamazi.site\/file\/2019\/11\/20191108-115359-whatsapp-image-2019-11-08-at-1-53-04-pm-jpg053a8f-image.jpg","contentUrl":"https:\/\/darkamazi.site\/file\/2019\/11\/20191108-115359-whatsapp-image-2019-11-08-at-1-53-04-pm-jpg053a8f-image.jpg","width":990,"height":556,"caption":"ROJAVA\u2019DAK\u0130 ORTAK DEVR\u0130YE B\u0130R K\u00dcRT GENC\u0130N\u0130 \u015eEH\u0130T ETT\u0130"},{"@type":"BreadcrumbList","@id":"https:\/\/darkamazi.site\/archives\/1007174#breadcrumb","itemListElement":[{"@type":"ListItem","position":1,"name":"Home","item":"https:\/\/darkamazi.site\/"},{"@type":"ListItem","position":2,"name":"ROJAVA\u2019DAK\u0130 ORTAK DEVR\u0130YE B\u0130R K\u00dcRT GENC\u0130N\u0130 \u015eEH\u0130T ETT\u0130"}]},{"@type":"WebSite","@id":"https:\/\/darkamazi.site\/#website","url":"https:\/\/darkamazi.site\/","name":"Darka Mazi","description":"Ana Sayfa","publisher":{"@id":"https:\/\/darkamazi.site\/#organization"},"potentialAction":[{"@type":"SearchAction","target":{"@type":"EntryPoint","urlTemplate":"https:\/\/darkamazi.site\/?s={search_term_string}"},"query-input":{"@type":"PropertyValueSpecification","valueRequired":true,"valueName":"search_term_string"}}],"inLanguage":"en-US"},{"@type":"Organization","@id":"https:\/\/darkamazi.site\/#organization","name":"Darka Mazi T\u00fcrk\u00e7e","alternateName":"Darka Mazi","url":"https:\/\/darkamazi.site\/","logo":{"@type":"ImageObject","inLanguage":"en-US","@id":"https:\/\/darkamazi.site\/#\/schema\/logo\/image\/","url":"https:\/\/darkamazi.site\/file\/2017\/12\/darka-mazi-logo.png","contentUrl":"https:\/\/darkamazi.site\/file\/2017\/12\/darka-mazi-logo.png","width":151,"height":75,"caption":"Darka Mazi T\u00fcrk\u00e7e"},"image":{"@id":"https:\/\/darkamazi.site\/#\/schema\/logo\/image\/"},"sameAs":["https:\/\/www.facebook.com\/DarkaMaziturkce","https:\/\/x.com\/DarkaMaziTurkce"]},{"@type":"Person","@id":"https:\/\/darkamazi.site\/#\/schema\/person\/67986a95ac546c16760365877ef4a9d3","name":"darka mazi","sameAs":["https:\/\/darkamazi.site"],"url":"https:\/\/darkamazi.site\/archives\/author\/turkish"}]}},"_links":{"self":[{"href":"https:\/\/darkamazi.site\/funavuv\/wp\/v2\/posts\/1007174","targetHints":{"allow":["GET"]}}],"collection":[{"href":"https:\/\/darkamazi.site\/funavuv\/wp\/v2\/posts"}],"about":[{"href":"https:\/\/darkamazi.site\/funavuv\/wp\/v2\/types\/post"}],"author":[{"embeddable":true,"href":"https:\/\/darkamazi.site\/funavuv\/wp\/v2\/users\/2"}],"replies":[{"embeddable":true,"href":"https:\/\/darkamazi.site\/funavuv\/wp\/v2\/comments?post=1007174"}],"version-history":[{"count":0,"href":"https:\/\/darkamazi.site\/funavuv\/wp\/v2\/posts\/1007174\/revisions"}],"wp:featuredmedia":[{"embeddable":true,"href":"https:\/\/darkamazi.site\/funavuv\/wp\/v2\/media\/1007175"}],"wp:attachment":[{"href":"https:\/\/darkamazi.site\/funavuv\/wp\/v2\/media?parent=1007174"}],"wp:term":[{"taxonomy":"category","embeddable":true,"href":"https:\/\/darkamazi.site\/funavuv\/wp\/v2\/categories?post=1007174"},{"taxonomy":"post_tag","embeddable":true,"href":"https:\/\/darkamazi.site\/funavuv\/wp\/v2\/tags?post=1007174"}],"curies":[{"name":"wp","href":"https:\/\/api.w.org\/{rel}","templated":true}]}}