{"id":1007188,"date":"2019-11-09T13:49:39","date_gmt":"2019-11-09T10:49:39","guid":{"rendered":"https:\/\/darkamazi.site\/?p=1007188"},"modified":"2019-11-09T13:49:39","modified_gmt":"2019-11-09T10:49:39","slug":"irakta-simdiye-kadar-280-gosterici-olduruldu","status":"publish","type":"post","link":"https:\/\/darkamazi.site\/archives\/1007188","title":{"rendered":"Irak&#8217;ta \u015fimdiye kadar  280 g\u00f6sterici \u00f6ld\u00fcr\u00fcld\u00fc"},"content":{"rendered":"<p style=\"text-align: justify\">\n<p style=\"text-align: justify\">\n<h3 style=\"text-align: justify\"><span style=\"font-family: 'arial black', sans-serif\">D\u00fcn gece Ba\u011fdat ve Basra ba\u015fta olmak \u00fczere \u00fclkenin g\u00fcneyinde ki kentlerde eylemler devam etti.<\/span><\/h3>\n<p style=\"text-align: justify\">D\u00fcn geceden beri devam eden ve bu sabah ta devam eden g\u00f6sterilerde Basra\u2019da iki g\u00f6sterci daha ger\u00e7ek mermi ile hayat\u0131n\u0131 kaybetti.\u00a0 Y\u00fczlerce yaral\u0131 var. Yaral\u0131lar\u0131n ger\u00e7ek mermi ve g\u00f6z ya\u015fart\u0131c\u0131 gazdan dolay\u0131 oldu\u011fu belirtiliyor.\u00a0 Irak Ba\u011f\u0131ms\u0131z insan Haklar\u0131 Y\u00fcksek Komserli\u011fi ge\u00e7ti\u011fimiz 3-7 Kas\u0131m tarihleri aras\u0131nda Ba\u011fdat ve G\u00fcney \u015fehirlerinde 23 ki\u015finin \u00f6ld\u00fc\u011f\u00fc ve 1077 ki\u015finin de yaraland\u0131\u011f\u0131n\u0131 a\u00e7\u0131klam\u0131\u015ft\u0131. Ula\u015ft\u0131\u011f\u0131m\u0131z kaynaklar Cuma g\u00fcn\u00fcnden bu yana ise 12 ki\u015finin \u00f6ld\u00fc\u011f\u00fcn\u00fc belirtiyor.<\/p>\n<p style=\"text-align: justify\">\u015eu ana kadar g\u00f6stericilerle H\u00fck\u00fcmet aras\u0131nda herhangi bir uzla\u015fma sa\u011flanm\u0131\u015f de\u011fil. Olaylar\u0131n ba\u015flad\u0131\u011f\u0131 1 Ekim\u2019den \u015fimdiye kadar 280 ki\u015fi hayat\u0131n\u0131 kaybetti.<\/p>\n","protected":false},"excerpt":{"rendered":"<p>D\u00fcn gece Ba\u011fdat ve Basra ba\u015fta olmak \u00fczere \u00fclkenin g\u00fcneyinde ki kentlerde eylemler devam etti. D\u00fcn geceden beri devam eden ve bu sabah ta devam eden g\u00f6sterilerde Basra\u2019da iki g\u00f6sterci daha ger\u00e7ek mermi ile hayat\u0131n\u0131 kaybetti.\u00a0 Y\u00fczlerce yaral\u0131 var. Yaral\u0131lar\u0131n ger\u00e7ek mermi ve g\u00f6z ya\u015fart\u0131c\u0131 gazdan dolay\u0131 oldu\u011fu belirtiliyor.\u00a0 Irak Ba\u011f\u0131ms\u0131z insan Haklar\u0131 Y\u00fcksek Komserli\u011fi [&hellip;]<\/p>\n","protected":false},"author":2,"featured_media":1007189,"comment_status":"closed","ping_status":"closed","sticky":false,"template":"","format":"standard","meta":{"footnotes":""},"categories":[29],"tags":[],"class_list":["post-1007188","post","type-post","status-publish","format-standard","has-post-thumbnail","hentry","category-ortadogu"],"blocksy_meta":[],"seo_head":"<!-- This site is optimized with the Yoast SEO plugin v27.5 - https:\/\/yoast.com\/product\/yoast-seo-wordpress\/ -->\n<title>Irak&#039;ta \u015fimdiye kadar 280 g\u00f6sterici \u00f6ld\u00fcr\u00fcld\u00fc - Darka Mazi<\/title>\n<meta name=\"robots\" content=\"index, follow, max-snippet:-1, max-image-preview:large, max-video-preview:-1\" \/>\n<link rel=\"canonical\" href=\"https:\/\/darkamazi.site\/archives\/1007188\" \/>\n<meta property=\"og:locale\" content=\"en_US\" \/>\n<meta property=\"og:type\" content=\"article\" \/>\n<meta property=\"og:title\" content=\"Irak&#039;ta \u015fimdiye kadar 280 g\u00f6sterici \u00f6ld\u00fcr\u00fcld\u00fc - Darka Mazi\" \/>\n<meta property=\"og:description\" content=\"D\u00fcn gece Ba\u011fdat ve Basra ba\u015fta olmak \u00fczere \u00fclkenin g\u00fcneyinde ki kentlerde eylemler devam etti. D\u00fcn geceden beri devam eden ve bu sabah ta devam eden g\u00f6sterilerde Basra\u2019da iki g\u00f6sterci daha ger\u00e7ek mermi ile hayat\u0131n\u0131 kaybetti.\u00a0 Y\u00fczlerce yaral\u0131 var. Yaral\u0131lar\u0131n ger\u00e7ek mermi ve g\u00f6z ya\u015fart\u0131c\u0131 gazdan dolay\u0131 oldu\u011fu belirtiliyor.\u00a0 Irak Ba\u011f\u0131ms\u0131z insan Haklar\u0131 Y\u00fcksek Komserli\u011fi [&hellip;]\" \/>\n<meta property=\"og:url\" content=\"https:\/\/darkamazi.site\/archives\/1007188\" \/>\n<meta property=\"og:site_name\" content=\"Darka Mazi\" \/>\n<meta property=\"article:publisher\" content=\"https:\/\/www.facebook.com\/DarkaMaziturkce\" \/>\n<meta property=\"article:published_time\" content=\"2019-11-09T10:49:39+00:00\" \/>\n<meta property=\"og:image\" content=\"https:\/\/darkamazi.site\/file\/2019\/11\/iraq-1.jpg\" \/>\n\t<meta property=\"og:image:width\" content=\"625\" \/>\n\t<meta property=\"og:image:height\" content=\"365\" \/>\n\t<meta property=\"og:image:type\" content=\"image\/jpeg\" \/>\n<meta name=\"author\" content=\"darka mazi\" \/>\n<meta name=\"twitter:card\" content=\"summary_large_image\" \/>\n<meta name=\"twitter:creator\" content=\"@DarkaMaziTurkce\" \/>\n<meta name=\"twitter:site\" content=\"@DarkaMaziTurkce\" \/>\n<meta name=\"twitter:label1\" content=\"Written by\" \/>\n\t<meta name=\"twitter:data1\" content=\"darka mazi\" \/>\n\t<meta name=\"twitter:label2\" content=\"Est. reading time\" \/>\n\t<meta name=\"twitter:data2\" content=\"1 minute\" \/>\n<script type=\"application\/ld+json\" class=\"seo-schema-graph\">{\"@context\":\"https:\\\/\\\/schema.org\",\"@graph\":[{\"@type\":\"NewsArticle\",\"@id\":\"https:\\\/\\\/darkamazi.site\\\/archives\\\/1007188#article\",\"isPartOf\":{\"@id\":\"https:\\\/\\\/darkamazi.site\\\/archives\\\/1007188\"},\"author\":{\"name\":\"darka mazi\",\"@id\":\"https:\\\/\\\/darkamazi.site\\\/#\\\/schema\\\/person\\\/67986a95ac546c16760365877ef4a9d3\"},\"headline\":\"Irak&#8217;ta \u015fimdiye kadar 280 g\u00f6sterici \u00f6ld\u00fcr\u00fcld\u00fc\",\"datePublished\":\"2019-11-09T10:49:39+00:00\",\"mainEntityOfPage\":{\"@id\":\"https:\\\/\\\/darkamazi.site\\\/archives\\\/1007188\"},\"wordCount\":161,\"publisher\":{\"@id\":\"https:\\\/\\\/darkamazi.site\\\/#organization\"},\"image\":{\"@id\":\"https:\\\/\\\/darkamazi.site\\\/archives\\\/1007188#primaryimage\"},\"thumbnailUrl\":\"https:\\\/\\\/darkamazi.site\\\/darka-content\\\/uploads\\\/2019\\\/11\\\/iraq-1.jpg\",\"articleSection\":[\"Ortado\u011fu\"],\"inLanguage\":\"en-US\"},{\"@type\":\"WebPage\",\"@id\":\"https:\\\/\\\/darkamazi.site\\\/archives\\\/1007188\",\"url\":\"https:\\\/\\\/darkamazi.site\\\/archives\\\/1007188\",\"name\":\"Irak'ta \u015fimdiye kadar 280 g\u00f6sterici \u00f6ld\u00fcr\u00fcld\u00fc - Darka Mazi\",\"isPartOf\":{\"@id\":\"https:\\\/\\\/darkamazi.site\\\/#website\"},\"primaryImageOfPage\":{\"@id\":\"https:\\\/\\\/darkamazi.site\\\/archives\\\/1007188#primaryimage\"},\"image\":{\"@id\":\"https:\\\/\\\/darkamazi.site\\\/archives\\\/1007188#primaryimage\"},\"thumbnailUrl\":\"https:\\\/\\\/darkamazi.site\\\/darka-content\\\/uploads\\\/2019\\\/11\\\/iraq-1.jpg\",\"datePublished\":\"2019-11-09T10:49:39+00:00\",\"breadcrumb\":{\"@id\":\"https:\\\/\\\/darkamazi.site\\\/archives\\\/1007188#breadcrumb\"},\"inLanguage\":\"en-US\",\"potentialAction\":[{\"@type\":\"ReadAction\",\"target\":[\"https:\\\/\\\/darkamazi.site\\\/archives\\\/1007188\"]}]},{\"@type\":\"ImageObject\",\"inLanguage\":\"en-US\",\"@id\":\"https:\\\/\\\/darkamazi.site\\\/archives\\\/1007188#primaryimage\",\"url\":\"https:\\\/\\\/darkamazi.site\\\/darka-content\\\/uploads\\\/2019\\\/11\\\/iraq-1.jpg\",\"contentUrl\":\"https:\\\/\\\/darkamazi.site\\\/darka-content\\\/uploads\\\/2019\\\/11\\\/iraq-1.jpg\",\"width\":625,\"height\":365,\"caption\":\"Irak'ta \u015fimdiye kadar 280 g\u00f6sterici \u00f6ld\u00fcr\u00fcld\u00fc\"},{\"@type\":\"BreadcrumbList\",\"@id\":\"https:\\\/\\\/darkamazi.site\\\/archives\\\/1007188#breadcrumb\",\"itemListElement\":[{\"@type\":\"ListItem\",\"position\":1,\"name\":\"Home\",\"item\":\"https:\\\/\\\/darkamazi.site\\\/\"},{\"@type\":\"ListItem\",\"position\":2,\"name\":\"Irak&#8217;ta \u015fimdiye kadar 280 g\u00f6sterici \u00f6ld\u00fcr\u00fcld\u00fc\"}]},{\"@type\":\"WebSite\",\"@id\":\"https:\\\/\\\/darkamazi.site\\\/#website\",\"url\":\"https:\\\/\\\/darkamazi.site\\\/\",\"name\":\"Darka Mazi\",\"description\":\"Ana Sayfa\",\"publisher\":{\"@id\":\"https:\\\/\\\/darkamazi.site\\\/#organization\"},\"potentialAction\":[{\"@type\":\"SearchAction\",\"target\":{\"@type\":\"EntryPoint\",\"urlTemplate\":\"https:\\\/\\\/darkamazi.site\\\/?s={search_term_string}\"},\"query-input\":{\"@type\":\"PropertyValueSpecification\",\"valueRequired\":true,\"valueName\":\"search_term_string\"}}],\"inLanguage\":\"en-US\"},{\"@type\":\"Organization\",\"@id\":\"https:\\\/\\\/darkamazi.site\\\/#organization\",\"name\":\"Darka Mazi T\u00fcrk\u00e7e\",\"alternateName\":\"Darka Mazi\",\"url\":\"https:\\\/\\\/darkamazi.site\\\/\",\"logo\":{\"@type\":\"ImageObject\",\"inLanguage\":\"en-US\",\"@id\":\"https:\\\/\\\/darkamazi.site\\\/#\\\/schema\\\/logo\\\/image\\\/\",\"url\":\"https:\\\/\\\/darkamazi.site\\\/darka-content\\\/uploads\\\/2017\\\/12\\\/darka-mazi-logo.png\",\"contentUrl\":\"https:\\\/\\\/darkamazi.site\\\/darka-content\\\/uploads\\\/2017\\\/12\\\/darka-mazi-logo.png\",\"width\":151,\"height\":75,\"caption\":\"Darka Mazi T\u00fcrk\u00e7e\"},\"image\":{\"@id\":\"https:\\\/\\\/darkamazi.site\\\/#\\\/schema\\\/logo\\\/image\\\/\"},\"sameAs\":[\"https:\\\/\\\/www.facebook.com\\\/DarkaMaziturkce\",\"https:\\\/\\\/x.com\\\/DarkaMaziTurkce\"]},{\"@type\":\"Person\",\"@id\":\"https:\\\/\\\/darkamazi.site\\\/#\\\/schema\\\/person\\\/67986a95ac546c16760365877ef4a9d3\",\"name\":\"darka mazi\",\"sameAs\":[\"https:\\\/\\\/darkamazi.site\"],\"url\":\"https:\\\/\\\/darkamazi.site\\\/archives\\\/author\\\/turkish\"}]}<\/script>\n<!-- \/ Yoast SEO plugin. -->","seo_head_json":{"title":"Irak'ta \u015fimdiye kadar 280 g\u00f6sterici \u00f6ld\u00fcr\u00fcld\u00fc - Darka Mazi","robots":{"index":"index","follow":"follow","max-snippet":"max-snippet:-1","max-image-preview":"max-image-preview:large","max-video-preview":"max-video-preview:-1"},"canonical":"https:\/\/darkamazi.site\/archives\/1007188","og_locale":"en_US","og_type":"article","og_title":"Irak'ta \u015fimdiye kadar 280 g\u00f6sterici \u00f6ld\u00fcr\u00fcld\u00fc - Darka Mazi","og_description":"D\u00fcn gece Ba\u011fdat ve Basra ba\u015fta olmak \u00fczere \u00fclkenin g\u00fcneyinde ki kentlerde eylemler devam etti. D\u00fcn geceden beri devam eden ve bu sabah ta devam eden g\u00f6sterilerde Basra\u2019da iki g\u00f6sterci daha ger\u00e7ek mermi ile hayat\u0131n\u0131 kaybetti.\u00a0 Y\u00fczlerce yaral\u0131 var. Yaral\u0131lar\u0131n ger\u00e7ek mermi ve g\u00f6z ya\u015fart\u0131c\u0131 gazdan dolay\u0131 oldu\u011fu belirtiliyor.\u00a0 Irak Ba\u011f\u0131ms\u0131z insan Haklar\u0131 Y\u00fcksek Komserli\u011fi [&hellip;]","og_url":"https:\/\/darkamazi.site\/archives\/1007188","og_site_name":"Darka Mazi","article_publisher":"https:\/\/www.facebook.com\/DarkaMaziturkce","article_published_time":"2019-11-09T10:49:39+00:00","og_image":[{"width":625,"height":365,"url":"https:\/\/darkamazi.site\/file\/2019\/11\/iraq-1.jpg","type":"image\/jpeg"}],"author":"darka mazi","twitter_card":"summary_large_image","twitter_creator":"@DarkaMaziTurkce","twitter_site":"@DarkaMaziTurkce","twitter_misc":{"Written by":"darka mazi","Est. reading time":"1 minute"},"schema":{"@context":"https:\/\/schema.org","@graph":[{"@type":"NewsArticle","@id":"https:\/\/darkamazi.site\/archives\/1007188#article","isPartOf":{"@id":"https:\/\/darkamazi.site\/archives\/1007188"},"author":{"name":"darka mazi","@id":"https:\/\/darkamazi.site\/#\/schema\/person\/67986a95ac546c16760365877ef4a9d3"},"headline":"Irak&#8217;ta \u015fimdiye kadar 280 g\u00f6sterici \u00f6ld\u00fcr\u00fcld\u00fc","datePublished":"2019-11-09T10:49:39+00:00","mainEntityOfPage":{"@id":"https:\/\/darkamazi.site\/archives\/1007188"},"wordCount":161,"publisher":{"@id":"https:\/\/darkamazi.site\/#organization"},"image":{"@id":"https:\/\/darkamazi.site\/archives\/1007188#primaryimage"},"thumbnailUrl":"https:\/\/darkamazi.site\/file\/2019\/11\/iraq-1.jpg","articleSection":["Ortado\u011fu"],"inLanguage":"en-US"},{"@type":"WebPage","@id":"https:\/\/darkamazi.site\/archives\/1007188","url":"https:\/\/darkamazi.site\/archives\/1007188","name":"Irak'ta \u015fimdiye kadar 280 g\u00f6sterici \u00f6ld\u00fcr\u00fcld\u00fc - Darka Mazi","isPartOf":{"@id":"https:\/\/darkamazi.site\/#website"},"primaryImageOfPage":{"@id":"https:\/\/darkamazi.site\/archives\/1007188#primaryimage"},"image":{"@id":"https:\/\/darkamazi.site\/archives\/1007188#primaryimage"},"thumbnailUrl":"https:\/\/darkamazi.site\/file\/2019\/11\/iraq-1.jpg","datePublished":"2019-11-09T10:49:39+00:00","breadcrumb":{"@id":"https:\/\/darkamazi.site\/archives\/1007188#breadcrumb"},"inLanguage":"en-US","potentialAction":[{"@type":"ReadAction","target":["https:\/\/darkamazi.site\/archives\/1007188"]}]},{"@type":"ImageObject","inLanguage":"en-US","@id":"https:\/\/darkamazi.site\/archives\/1007188#primaryimage","url":"https:\/\/darkamazi.site\/file\/2019\/11\/iraq-1.jpg","contentUrl":"https:\/\/darkamazi.site\/file\/2019\/11\/iraq-1.jpg","width":625,"height":365,"caption":"Irak'ta \u015fimdiye kadar 280 g\u00f6sterici \u00f6ld\u00fcr\u00fcld\u00fc"},{"@type":"BreadcrumbList","@id":"https:\/\/darkamazi.site\/archives\/1007188#breadcrumb","itemListElement":[{"@type":"ListItem","position":1,"name":"Home","item":"https:\/\/darkamazi.site\/"},{"@type":"ListItem","position":2,"name":"Irak&#8217;ta \u015fimdiye kadar 280 g\u00f6sterici \u00f6ld\u00fcr\u00fcld\u00fc"}]},{"@type":"WebSite","@id":"https:\/\/darkamazi.site\/#website","url":"https:\/\/darkamazi.site\/","name":"Darka Mazi","description":"Ana Sayfa","publisher":{"@id":"https:\/\/darkamazi.site\/#organization"},"potentialAction":[{"@type":"SearchAction","target":{"@type":"EntryPoint","urlTemplate":"https:\/\/darkamazi.site\/?s={search_term_string}"},"query-input":{"@type":"PropertyValueSpecification","valueRequired":true,"valueName":"search_term_string"}}],"inLanguage":"en-US"},{"@type":"Organization","@id":"https:\/\/darkamazi.site\/#organization","name":"Darka Mazi T\u00fcrk\u00e7e","alternateName":"Darka Mazi","url":"https:\/\/darkamazi.site\/","logo":{"@type":"ImageObject","inLanguage":"en-US","@id":"https:\/\/darkamazi.site\/#\/schema\/logo\/image\/","url":"https:\/\/darkamazi.site\/file\/2017\/12\/darka-mazi-logo.png","contentUrl":"https:\/\/darkamazi.site\/file\/2017\/12\/darka-mazi-logo.png","width":151,"height":75,"caption":"Darka Mazi T\u00fcrk\u00e7e"},"image":{"@id":"https:\/\/darkamazi.site\/#\/schema\/logo\/image\/"},"sameAs":["https:\/\/www.facebook.com\/DarkaMaziturkce","https:\/\/x.com\/DarkaMaziTurkce"]},{"@type":"Person","@id":"https:\/\/darkamazi.site\/#\/schema\/person\/67986a95ac546c16760365877ef4a9d3","name":"darka mazi","sameAs":["https:\/\/darkamazi.site"],"url":"https:\/\/darkamazi.site\/archives\/author\/turkish"}]}},"_links":{"self":[{"href":"https:\/\/darkamazi.site\/funavuv\/wp\/v2\/posts\/1007188","targetHints":{"allow":["GET"]}}],"collection":[{"href":"https:\/\/darkamazi.site\/funavuv\/wp\/v2\/posts"}],"about":[{"href":"https:\/\/darkamazi.site\/funavuv\/wp\/v2\/types\/post"}],"author":[{"embeddable":true,"href":"https:\/\/darkamazi.site\/funavuv\/wp\/v2\/users\/2"}],"replies":[{"embeddable":true,"href":"https:\/\/darkamazi.site\/funavuv\/wp\/v2\/comments?post=1007188"}],"version-history":[{"count":0,"href":"https:\/\/darkamazi.site\/funavuv\/wp\/v2\/posts\/1007188\/revisions"}],"wp:featuredmedia":[{"embeddable":true,"href":"https:\/\/darkamazi.site\/funavuv\/wp\/v2\/media\/1007189"}],"wp:attachment":[{"href":"https:\/\/darkamazi.site\/funavuv\/wp\/v2\/media?parent=1007188"}],"wp:term":[{"taxonomy":"category","embeddable":true,"href":"https:\/\/darkamazi.site\/funavuv\/wp\/v2\/categories?post=1007188"},{"taxonomy":"post_tag","embeddable":true,"href":"https:\/\/darkamazi.site\/funavuv\/wp\/v2\/tags?post=1007188"}],"curies":[{"name":"wp","href":"https:\/\/api.w.org\/{rel}","templated":true}]}}