{"id":1007350,"date":"2019-11-16T16:25:13","date_gmt":"2019-11-16T13:25:13","guid":{"rendered":"https:\/\/darkamazi.site\/?p=1007350"},"modified":"2019-11-16T16:32:48","modified_gmt":"2019-11-16T13:32:48","slug":"bu-dunyadan-bir-ahmet-kaya-gecti","status":"publish","type":"post","link":"https:\/\/darkamazi.site\/archives\/1007350","title":{"rendered":"Bu d\u00fcnyadan bir Ahmet Kaya ge\u00e7ti\u2026"},"content":{"rendered":"<h3 style=\"text-align: justify\"><span style=\"font-family: 'arial black', sans-serif;font-size: 12pt\">Ahmet Kaya&#8217;y\u0131 kaybedeli 19 y\u0131l oldu. Hala \u015fark\u0131lar\u0131 ile dile getirdi\u011fi ac\u0131lar ve umutlar\u00a0 ya\u015fan\u0131yor bunun i\u00e7in olsa gerek \u015fark\u0131lar\u0131 hala sevgi ile dinleniliyor.<\/span><\/h3>\n<h3 style=\"text-align: justify\">Ahmet Kaya\u2019y\u0131 kaybedeli 19 y\u0131l oldu. 16 Kas\u0131m 2000 y\u0131l\u0131nda Paris\u2019te kalp krizi sonucu hayat\u0131n\u0131 kaybeden Ahmet Kaya Paris\u2019in Per\u00e9 Lachaise mezarl\u0131\u011f\u0131na defnedildi. Cenaze t\u00f6renine 35 000\u2019e yak\u0131n insan kat\u0131ld\u0131. \u015eark\u0131lar\u0131 hala haf\u0131zalarda canl\u0131 olan Ahmet Kaya hayat\u0131 ve \u015fark\u0131lar\u0131 ile ezilmi\u015fli\u011fe kar\u015f\u0131 bir isyan\u0131 anlat\u0131yordu. Ad\u0131yaman\u2019dan Paris\u2019e kadar ge\u00e7en 43 y\u0131ll\u0131k ya\u015fam\u0131nda halk\u0131n ac\u0131lar\u0131n\u0131n hepsini ya\u015fad\u0131. K\u00fcrtl\u00fc\u011f\u00fc nedeni ile hor g\u00f6r\u00fclme, yoksulluk, ezilmi\u015flik ve s\u00fcrg\u00fcn; bu y\u00fczden halk onda kendini g\u00f6rd\u00fc.<\/h3>\n<div style=\"width: 480px;\" class=\"darka-video\"><video class=\"darka-video-shortcode\" id=\"video-1007350-1\" width=\"480\" height=\"368\" preload=\"metadata\" controls=\"controls\"><source type=\"video\/mp4\" src=\"https:\/\/darkamazi.site\/file\/2019\/11\/WhatsApp-Video-2019-11-16-at-15.03.33-2.mp4?_=1\" \/><a href=\"https:\/\/darkamazi.site\/file\/2019\/11\/WhatsApp-Video-2019-11-16-at-15.03.33-2.mp4\">https:\/\/darkamazi.site\/file\/2019\/11\/WhatsApp-Video-2019-11-16-at-15.03.33-2.mp4<\/a><\/video><\/div>\n<h3 style=\"text-align: justify\">1957 y\u0131l\u0131nda Malatya&#8217;ya g\u00f6\u00e7 etmi\u015f olan bir ailenin be\u015finci \u00e7ocu\u011fu olarak do\u011fdu. Babas\u0131 S\u00fcmerbank mensucat fabrikas\u0131nda \u00e7al\u0131\u015fan bir i\u015f\u00e7iydi. \u0130lkokulu Malatya&#8217;da okudu. M\u00fczikle alt\u0131 ya\u015f\u0131nda babas\u0131n\u0131n hediye etti\u011fi ba\u011flama ile tan\u0131\u015ft\u0131. \u00a0Okuldan geri kalan zamanlar\u0131nda plak ve kaset satan bir d\u00fckk\u00e2nda \u00e7al\u0131\u015fmaya ba\u015flad\u0131. Ailesinin ge\u00e7im s\u0131k\u0131nt\u0131s\u0131 \u00e7ekmesi nedeniyle 1972&#8217;de \u0130stanbul\u2019a g\u00f6\u00e7 ettiler ve okulu b\u0131rakmak zorunda kald\u0131. \u0130\u015fportac\u0131l\u0131k ve \u00e7e\u015fitli i\u015fyerlerinde \u00e7\u0131rakl\u0131k yapt\u0131. Bu d\u00f6nemde k\u00fc\u00e7\u00fck bir yerle\u015fim yerinden b\u00fcy\u00fck bir \u015fehre ta\u015f\u0131nman\u0131n ve al\u0131\u015fman\u0131n s\u0131k\u0131nt\u0131lar\u0131n\u0131 ya\u015fad\u0131.<\/h3>\n<h3 style=\"text-align: justify\">Ahmet Kaya K\u00fcrt olman\u0131n verdi\u011fi d\u0131\u015flanmay\u0131 \u00e7ocuklu\u011fundan son ana kadar ya\u015fad\u0131. K\u00fc\u00e7\u00fckken \u00e7ok az T\u00fcrk\u00e7e biliyor bir an\u0131s\u0131nda \u015f\u00f6yle anlat\u0131r Ahmet Kaya:<\/h3>\n<h3 style=\"text-align: justify\">\u00a0Bir k\u0131z vard\u0131 bizim okulda; herkesin bir a\u015fk\u0131 vard\u0131r, \u00e7ocukluk a\u015fk\u0131. Bir g\u00fcn gittim dedim ki: &#8216;Biraz seninle konu\u015fsak, \u00a0be\u015f dakika, ka\u00e7\u0131yorsun hep&#8230;&#8217; Bana dedi ki: &#8216;Rica ederim.&#8217; \u00d6yle bir a\u011fr\u0131ma gitti ki: &#8216;Ben de sana rica ederim,&#8217; dedim. Ben o zaman anlam\u0131n\u0131 bilmiyordum, yani onu bir k\u00fcf\u00fcr zannettim.\u201d<\/h3>\n<h3 style=\"text-align: justify\">\u00c7ocuklu\u011funda K\u00fcrt\u00e7e bilmeyen Ahmet Kaya daha sonra da K\u00fcrt\u00e7e alb\u00fcm yapaca\u011f\u0131m K\u00fcrt\u00e7e \u015fark\u0131 s\u00f6yleyece\u011fim diye yuhaland\u0131.<\/h3>\n<h3 style=\"text-align: justify\">\u0130lk alb\u00fcm\u00fc \u00a0\u2018A\u011flama Bebe\u011fim\u2019 1985 y\u0131l\u0131nda piyasa \u00e7\u0131kar. Bir y\u0131l sonra ise 1986 y\u0131l\u0131nda \u2018\u015eafak T\u00fcrk\u00fcs\u00fc\u2019 \u00a0ile art\u0131k tan\u0131nm\u0131\u015f bir m\u00fczisyen olarak yola devam eder. 1999 y\u0131l\u0131na kadar da s\u00fcrekli y\u00fckselen bir \u00e7izgide 10 alb\u00fcm yapar Ahmet Kaya. Baz\u0131 kaseti toplat\u0131l\u0131r ve zaman zaman konserleri yasaklan\u0131r. TV program\u0131 yapmaya ba\u015flar ama programda k\u0131sa s\u00fcrede durdurulur. Ahmet Kaya gittik\u00e7e y\u00fcz\u00fcn\u00fc K\u00fcrdistan\u2019a \u00e7evirmeye ba\u015flam\u0131\u015ft\u0131r.<\/h3>\n<h3 style=\"text-align: justify\">10 \u015eubat 1999&#8217;da Magazin Gazetecileri Derne\u011fi&#8217;nin Princess Otel kongre salonunda d\u00fczenlenen \u00f6d\u00fcl t\u00f6reninde y\u0131l\u0131n en iyi sanat\u00e7\u0131s\u0131 \u00f6d\u00fcl\u00fcn\u00fc ald\u0131 ve \u00f6d\u00fcl konu\u015fmas\u0131nda: &#8220;Ben bu \u00f6d\u00fcl i\u00e7in \u0130nsan Haklar\u0131 Derne\u011fi\u2019ne, Cumartesi Anneleri \u2019ne, t\u00fcm bas\u0131n emek\u00e7ileri ve t\u00fcm T\u00fcrkiye halk\u0131na te\u015fekk\u00fcr ediyorum. Bir de bir a\u00e7\u0131klamam var: \u015eu anda haz\u0131rlad\u0131\u011f\u0131m ve \u00f6n\u00fcm\u00fczdeki g\u00fcnlerde yay\u0131mlayaca\u011f\u0131m alb\u00fcmde bir K\u00fcrt\u00e7e \u015fark\u0131 s\u00f6yleyece\u011fim ve bu \u015fark\u0131ya bir klip \u00e7ekece\u011fim. Aram\u0131zda bu klipi yay\u0131nlayacak y\u00fcrekli televizyoncular oldu\u011funu biliyorum, yay\u0131nlamazlarsa T\u00fcrkiye halk\u0131yla nas\u0131l hesapla\u015facaklar\u0131n\u0131 bilmiyorum.&#8221; dedi.<\/h3>\n<h3 style=\"text-align: justify\">Bunun s\u00f6zleri \u00fczerine davetlilerin bir k\u0131sm\u0131 tepki g\u00f6sterip, k\u00fcf\u00fcr etmeye ve kendisine \u00e7e\u015fitli e\u015fyalar f\u0131rlatmaya ba\u015flad\u0131lar. Kaya, MGD g\u00f6revlileri taraf\u0131ndan kongre salonundan ya\u015fanan arbede s\u0131ras\u0131nda d\u0131\u015far\u0131ya \u00e7\u0131kart\u0131ld\u0131.\u00a0 Serdar Orta\u00e7, Reha Muhtar ve Ebru G\u00fcnde\u015f gibi sanat\u00e7\u0131lar bu sald\u0131r\u0131lar\u0131n ba\u015f\u0131n\u0131 \u00e7ekti.<\/h3>\n<h3 style=\"text-align: justify\">Ahmet Kaya bu olaydan sonra T\u00fcrkiye\u2019de rahat b\u0131rak\u0131lmad\u0131. \u00d6zellikle H\u00fcrriyet Gazetesi hakk\u0131nda dava a\u00e7\u0131lmas\u0131n\u0131 sa\u011flayan haberler yapt\u0131. Ahmet Kaya 3 y\u0131l 9 ayl\u0131k bir hapis cezas\u0131 ald\u0131. 16 Haziranda T\u00fcrkiye\u2019yi terk etti.\u00a0 K\u0131sa bir s\u00fcre sonra Paris\u2019te ki evinde kalp krizi sonucu hayat\u0131n\u0131 kaybetti.<\/h3>\n<h3 style=\"text-align: justify\">Ahmet Kaya Avrupa\u2019dayken yapt\u0131\u011f\u0131 bir a\u00e7\u0131klamada \u015funlar\u0131 s\u00f6yledi; Bir g\u00fcn birileri nas\u0131lsa K\u00fcrt as\u0131ll\u0131 oldu\u011fu i\u00e7in K\u00fcrt\u00e7e bir tek \u015fark\u0131 s\u00f6ylemek isteyen bir adam\u0131n hi\u00e7 bir \u00fclkeyi b\u00f6lmedi\u011finin \u00f6yk\u00fcs\u00fcn\u00fc yazacak ve bu \u00f6yk\u00fcy\u00fc okuyanlar \u015fark\u0131 s\u00f6yleyen insanlardan ve \u015fark\u0131lardan korkulmamas\u0131 gerekti\u011fini anlayacaklard\u0131r.<\/h3>\n","protected":false},"excerpt":{"rendered":"<p>Ahmet Kaya&#8217;y\u0131 kaybedeli 19 y\u0131l oldu. Hala \u015fark\u0131lar\u0131 ile dile getirdi\u011fi ac\u0131lar ve umutlar\u00a0 ya\u015fan\u0131yor bunun i\u00e7in olsa gerek \u015fark\u0131lar\u0131 hala sevgi ile dinleniliyor. Ahmet Kaya\u2019y\u0131 kaybedeli 19 y\u0131l oldu. 16 Kas\u0131m 2000 y\u0131l\u0131nda Paris\u2019te kalp krizi sonucu hayat\u0131n\u0131 kaybeden Ahmet Kaya Paris\u2019in Per\u00e9 Lachaise mezarl\u0131\u011f\u0131na defnedildi. Cenaze t\u00f6renine 35 000\u2019e yak\u0131n insan kat\u0131ld\u0131. \u015eark\u0131lar\u0131 [&hellip;]<\/p>\n","protected":false},"author":2,"featured_media":1007355,"comment_status":"closed","ping_status":"closed","sticky":false,"template":"","format":"video","meta":{"footnotes":""},"categories":[33],"tags":[31],"class_list":["post-1007350","post","type-post","status-publish","format-video","has-post-thumbnail","hentry","category-sanat","tag-onemli","post_format-post-format-video"],"blocksy_meta":[],"seo_head":"<!-- This site is optimized with the Yoast SEO plugin v27.5 - https:\/\/yoast.com\/product\/yoast-seo-wordpress\/ -->\n<title>Bu d\u00fcnyadan bir Ahmet Kaya ge\u00e7ti\u2026 - Darka Mazi<\/title>\n<meta name=\"robots\" content=\"index, follow, max-snippet:-1, max-image-preview:large, max-video-preview:-1\" \/>\n<link rel=\"canonical\" href=\"https:\/\/darkamazi.site\/archives\/1007350\" \/>\n<meta property=\"og:locale\" content=\"en_US\" \/>\n<meta property=\"og:type\" content=\"article\" \/>\n<meta property=\"og:title\" content=\"Bu d\u00fcnyadan bir Ahmet Kaya ge\u00e7ti\u2026 - Darka Mazi\" \/>\n<meta property=\"og:description\" content=\"Ahmet Kaya&#8217;y\u0131 kaybedeli 19 y\u0131l oldu. Hala \u015fark\u0131lar\u0131 ile dile getirdi\u011fi ac\u0131lar ve umutlar\u00a0 ya\u015fan\u0131yor bunun i\u00e7in olsa gerek \u015fark\u0131lar\u0131 hala sevgi ile dinleniliyor. Ahmet Kaya\u2019y\u0131 kaybedeli 19 y\u0131l oldu. 16 Kas\u0131m 2000 y\u0131l\u0131nda Paris\u2019te kalp krizi sonucu hayat\u0131n\u0131 kaybeden Ahmet Kaya Paris\u2019in Per\u00e9 Lachaise mezarl\u0131\u011f\u0131na defnedildi. Cenaze t\u00f6renine 35 000\u2019e yak\u0131n insan kat\u0131ld\u0131. \u015eark\u0131lar\u0131 [&hellip;]\" \/>\n<meta property=\"og:url\" content=\"https:\/\/darkamazi.site\/archives\/1007350\" \/>\n<meta property=\"og:site_name\" content=\"Darka Mazi\" \/>\n<meta property=\"article:publisher\" content=\"https:\/\/www.facebook.com\/DarkaMaziturkce\" \/>\n<meta property=\"article:published_time\" content=\"2019-11-16T13:25:13+00:00\" \/>\n<meta property=\"article:modified_time\" content=\"2019-11-16T13:32:48+00:00\" \/>\n<meta property=\"og:image\" content=\"https:\/\/darkamazi.site\/file\/2019\/11\/ahmed-kaya.jpg\" \/>\n\t<meta property=\"og:image:width\" content=\"875\" \/>\n\t<meta property=\"og:image:height\" content=\"506\" \/>\n\t<meta property=\"og:image:type\" content=\"image\/jpeg\" \/>\n<meta name=\"author\" content=\"darka mazi\" \/>\n<meta name=\"twitter:card\" content=\"summary_large_image\" \/>\n<meta name=\"twitter:creator\" content=\"@DarkaMaziTurkce\" \/>\n<meta name=\"twitter:site\" content=\"@DarkaMaziTurkce\" \/>\n<meta name=\"twitter:label1\" content=\"Written by\" \/>\n\t<meta name=\"twitter:data1\" content=\"darka mazi\" \/>\n\t<meta name=\"twitter:label2\" content=\"Est. reading time\" \/>\n\t<meta name=\"twitter:data2\" content=\"4 minutes\" \/>\n<script type=\"application\/ld+json\" class=\"seo-schema-graph\">{\"@context\":\"https:\\\/\\\/schema.org\",\"@graph\":[{\"@type\":\"NewsArticle\",\"@id\":\"https:\\\/\\\/darkamazi.site\\\/archives\\\/1007350#article\",\"isPartOf\":{\"@id\":\"https:\\\/\\\/darkamazi.site\\\/archives\\\/1007350\"},\"author\":{\"name\":\"darka mazi\",\"@id\":\"https:\\\/\\\/darkamazi.site\\\/#\\\/schema\\\/person\\\/67986a95ac546c16760365877ef4a9d3\"},\"headline\":\"Bu d\u00fcnyadan bir Ahmet Kaya ge\u00e7ti\u2026\",\"datePublished\":\"2019-11-16T13:25:13+00:00\",\"dateModified\":\"2019-11-16T13:32:48+00:00\",\"mainEntityOfPage\":{\"@id\":\"https:\\\/\\\/darkamazi.site\\\/archives\\\/1007350\"},\"wordCount\":812,\"publisher\":{\"@id\":\"https:\\\/\\\/darkamazi.site\\\/#organization\"},\"image\":{\"@id\":\"https:\\\/\\\/darkamazi.site\\\/archives\\\/1007350#primaryimage\"},\"thumbnailUrl\":\"https:\\\/\\\/darkamazi.site\\\/darka-content\\\/uploads\\\/2019\\\/11\\\/ahmed-kaya.jpg\",\"keywords\":[\"\u00f6nemli\"],\"articleSection\":[\"Sanat\"],\"inLanguage\":\"en-US\"},{\"@type\":\"WebPage\",\"@id\":\"https:\\\/\\\/darkamazi.site\\\/archives\\\/1007350\",\"url\":\"https:\\\/\\\/darkamazi.site\\\/archives\\\/1007350\",\"name\":\"Bu d\u00fcnyadan bir Ahmet Kaya ge\u00e7ti\u2026 - Darka Mazi\",\"isPartOf\":{\"@id\":\"https:\\\/\\\/darkamazi.site\\\/#website\"},\"primaryImageOfPage\":{\"@id\":\"https:\\\/\\\/darkamazi.site\\\/archives\\\/1007350#primaryimage\"},\"image\":{\"@id\":\"https:\\\/\\\/darkamazi.site\\\/archives\\\/1007350#primaryimage\"},\"thumbnailUrl\":\"https:\\\/\\\/darkamazi.site\\\/darka-content\\\/uploads\\\/2019\\\/11\\\/ahmed-kaya.jpg\",\"datePublished\":\"2019-11-16T13:25:13+00:00\",\"dateModified\":\"2019-11-16T13:32:48+00:00\",\"breadcrumb\":{\"@id\":\"https:\\\/\\\/darkamazi.site\\\/archives\\\/1007350#breadcrumb\"},\"inLanguage\":\"en-US\",\"potentialAction\":[{\"@type\":\"ReadAction\",\"target\":[\"https:\\\/\\\/darkamazi.site\\\/archives\\\/1007350\"]}]},{\"@type\":\"ImageObject\",\"inLanguage\":\"en-US\",\"@id\":\"https:\\\/\\\/darkamazi.site\\\/archives\\\/1007350#primaryimage\",\"url\":\"https:\\\/\\\/darkamazi.site\\\/darka-content\\\/uploads\\\/2019\\\/11\\\/ahmed-kaya.jpg\",\"contentUrl\":\"https:\\\/\\\/darkamazi.site\\\/darka-content\\\/uploads\\\/2019\\\/11\\\/ahmed-kaya.jpg\",\"width\":875,\"height\":506,\"caption\":\"Bu d\u00fcnyadan bir Ahmet Kaya ge\u00e7ti\u2026\"},{\"@type\":\"BreadcrumbList\",\"@id\":\"https:\\\/\\\/darkamazi.site\\\/archives\\\/1007350#breadcrumb\",\"itemListElement\":[{\"@type\":\"ListItem\",\"position\":1,\"name\":\"Home\",\"item\":\"https:\\\/\\\/darkamazi.site\\\/\"},{\"@type\":\"ListItem\",\"position\":2,\"name\":\"Bu d\u00fcnyadan bir Ahmet Kaya ge\u00e7ti\u2026\"}]},{\"@type\":\"WebSite\",\"@id\":\"https:\\\/\\\/darkamazi.site\\\/#website\",\"url\":\"https:\\\/\\\/darkamazi.site\\\/\",\"name\":\"Darka Mazi\",\"description\":\"Ana Sayfa\",\"publisher\":{\"@id\":\"https:\\\/\\\/darkamazi.site\\\/#organization\"},\"potentialAction\":[{\"@type\":\"SearchAction\",\"target\":{\"@type\":\"EntryPoint\",\"urlTemplate\":\"https:\\\/\\\/darkamazi.site\\\/?s={search_term_string}\"},\"query-input\":{\"@type\":\"PropertyValueSpecification\",\"valueRequired\":true,\"valueName\":\"search_term_string\"}}],\"inLanguage\":\"en-US\"},{\"@type\":\"Organization\",\"@id\":\"https:\\\/\\\/darkamazi.site\\\/#organization\",\"name\":\"Darka Mazi T\u00fcrk\u00e7e\",\"alternateName\":\"Darka Mazi\",\"url\":\"https:\\\/\\\/darkamazi.site\\\/\",\"logo\":{\"@type\":\"ImageObject\",\"inLanguage\":\"en-US\",\"@id\":\"https:\\\/\\\/darkamazi.site\\\/#\\\/schema\\\/logo\\\/image\\\/\",\"url\":\"https:\\\/\\\/darkamazi.site\\\/darka-content\\\/uploads\\\/2017\\\/12\\\/darka-mazi-logo.png\",\"contentUrl\":\"https:\\\/\\\/darkamazi.site\\\/darka-content\\\/uploads\\\/2017\\\/12\\\/darka-mazi-logo.png\",\"width\":151,\"height\":75,\"caption\":\"Darka Mazi T\u00fcrk\u00e7e\"},\"image\":{\"@id\":\"https:\\\/\\\/darkamazi.site\\\/#\\\/schema\\\/logo\\\/image\\\/\"},\"sameAs\":[\"https:\\\/\\\/www.facebook.com\\\/DarkaMaziturkce\",\"https:\\\/\\\/x.com\\\/DarkaMaziTurkce\"]},{\"@type\":\"Person\",\"@id\":\"https:\\\/\\\/darkamazi.site\\\/#\\\/schema\\\/person\\\/67986a95ac546c16760365877ef4a9d3\",\"name\":\"darka mazi\",\"sameAs\":[\"https:\\\/\\\/darkamazi.site\"],\"url\":\"https:\\\/\\\/darkamazi.site\\\/archives\\\/author\\\/turkish\"}]}<\/script>\n<!-- \/ Yoast SEO plugin. -->","seo_head_json":{"title":"Bu d\u00fcnyadan bir Ahmet Kaya ge\u00e7ti\u2026 - Darka Mazi","robots":{"index":"index","follow":"follow","max-snippet":"max-snippet:-1","max-image-preview":"max-image-preview:large","max-video-preview":"max-video-preview:-1"},"canonical":"https:\/\/darkamazi.site\/archives\/1007350","og_locale":"en_US","og_type":"article","og_title":"Bu d\u00fcnyadan bir Ahmet Kaya ge\u00e7ti\u2026 - Darka Mazi","og_description":"Ahmet Kaya&#8217;y\u0131 kaybedeli 19 y\u0131l oldu. Hala \u015fark\u0131lar\u0131 ile dile getirdi\u011fi ac\u0131lar ve umutlar\u00a0 ya\u015fan\u0131yor bunun i\u00e7in olsa gerek \u015fark\u0131lar\u0131 hala sevgi ile dinleniliyor. Ahmet Kaya\u2019y\u0131 kaybedeli 19 y\u0131l oldu. 16 Kas\u0131m 2000 y\u0131l\u0131nda Paris\u2019te kalp krizi sonucu hayat\u0131n\u0131 kaybeden Ahmet Kaya Paris\u2019in Per\u00e9 Lachaise mezarl\u0131\u011f\u0131na defnedildi. Cenaze t\u00f6renine 35 000\u2019e yak\u0131n insan kat\u0131ld\u0131. \u015eark\u0131lar\u0131 [&hellip;]","og_url":"https:\/\/darkamazi.site\/archives\/1007350","og_site_name":"Darka Mazi","article_publisher":"https:\/\/www.facebook.com\/DarkaMaziturkce","article_published_time":"2019-11-16T13:25:13+00:00","article_modified_time":"2019-11-16T13:32:48+00:00","og_image":[{"width":875,"height":506,"url":"https:\/\/darkamazi.site\/file\/2019\/11\/ahmed-kaya.jpg","type":"image\/jpeg"}],"author":"darka mazi","twitter_card":"summary_large_image","twitter_creator":"@DarkaMaziTurkce","twitter_site":"@DarkaMaziTurkce","twitter_misc":{"Written by":"darka mazi","Est. reading time":"4 minutes"},"schema":{"@context":"https:\/\/schema.org","@graph":[{"@type":"NewsArticle","@id":"https:\/\/darkamazi.site\/archives\/1007350#article","isPartOf":{"@id":"https:\/\/darkamazi.site\/archives\/1007350"},"author":{"name":"darka mazi","@id":"https:\/\/darkamazi.site\/#\/schema\/person\/67986a95ac546c16760365877ef4a9d3"},"headline":"Bu d\u00fcnyadan bir Ahmet Kaya ge\u00e7ti\u2026","datePublished":"2019-11-16T13:25:13+00:00","dateModified":"2019-11-16T13:32:48+00:00","mainEntityOfPage":{"@id":"https:\/\/darkamazi.site\/archives\/1007350"},"wordCount":812,"publisher":{"@id":"https:\/\/darkamazi.site\/#organization"},"image":{"@id":"https:\/\/darkamazi.site\/archives\/1007350#primaryimage"},"thumbnailUrl":"https:\/\/darkamazi.site\/file\/2019\/11\/ahmed-kaya.jpg","keywords":["\u00f6nemli"],"articleSection":["Sanat"],"inLanguage":"en-US"},{"@type":"WebPage","@id":"https:\/\/darkamazi.site\/archives\/1007350","url":"https:\/\/darkamazi.site\/archives\/1007350","name":"Bu d\u00fcnyadan bir Ahmet Kaya ge\u00e7ti\u2026 - Darka Mazi","isPartOf":{"@id":"https:\/\/darkamazi.site\/#website"},"primaryImageOfPage":{"@id":"https:\/\/darkamazi.site\/archives\/1007350#primaryimage"},"image":{"@id":"https:\/\/darkamazi.site\/archives\/1007350#primaryimage"},"thumbnailUrl":"https:\/\/darkamazi.site\/file\/2019\/11\/ahmed-kaya.jpg","datePublished":"2019-11-16T13:25:13+00:00","dateModified":"2019-11-16T13:32:48+00:00","breadcrumb":{"@id":"https:\/\/darkamazi.site\/archives\/1007350#breadcrumb"},"inLanguage":"en-US","potentialAction":[{"@type":"ReadAction","target":["https:\/\/darkamazi.site\/archives\/1007350"]}]},{"@type":"ImageObject","inLanguage":"en-US","@id":"https:\/\/darkamazi.site\/archives\/1007350#primaryimage","url":"https:\/\/darkamazi.site\/file\/2019\/11\/ahmed-kaya.jpg","contentUrl":"https:\/\/darkamazi.site\/file\/2019\/11\/ahmed-kaya.jpg","width":875,"height":506,"caption":"Bu d\u00fcnyadan bir Ahmet Kaya ge\u00e7ti\u2026"},{"@type":"BreadcrumbList","@id":"https:\/\/darkamazi.site\/archives\/1007350#breadcrumb","itemListElement":[{"@type":"ListItem","position":1,"name":"Home","item":"https:\/\/darkamazi.site\/"},{"@type":"ListItem","position":2,"name":"Bu d\u00fcnyadan bir Ahmet Kaya ge\u00e7ti\u2026"}]},{"@type":"WebSite","@id":"https:\/\/darkamazi.site\/#website","url":"https:\/\/darkamazi.site\/","name":"Darka Mazi","description":"Ana Sayfa","publisher":{"@id":"https:\/\/darkamazi.site\/#organization"},"potentialAction":[{"@type":"SearchAction","target":{"@type":"EntryPoint","urlTemplate":"https:\/\/darkamazi.site\/?s={search_term_string}"},"query-input":{"@type":"PropertyValueSpecification","valueRequired":true,"valueName":"search_term_string"}}],"inLanguage":"en-US"},{"@type":"Organization","@id":"https:\/\/darkamazi.site\/#organization","name":"Darka Mazi T\u00fcrk\u00e7e","alternateName":"Darka Mazi","url":"https:\/\/darkamazi.site\/","logo":{"@type":"ImageObject","inLanguage":"en-US","@id":"https:\/\/darkamazi.site\/#\/schema\/logo\/image\/","url":"https:\/\/darkamazi.site\/file\/2017\/12\/darka-mazi-logo.png","contentUrl":"https:\/\/darkamazi.site\/file\/2017\/12\/darka-mazi-logo.png","width":151,"height":75,"caption":"Darka Mazi T\u00fcrk\u00e7e"},"image":{"@id":"https:\/\/darkamazi.site\/#\/schema\/logo\/image\/"},"sameAs":["https:\/\/www.facebook.com\/DarkaMaziturkce","https:\/\/x.com\/DarkaMaziTurkce"]},{"@type":"Person","@id":"https:\/\/darkamazi.site\/#\/schema\/person\/67986a95ac546c16760365877ef4a9d3","name":"darka mazi","sameAs":["https:\/\/darkamazi.site"],"url":"https:\/\/darkamazi.site\/archives\/author\/turkish"}]}},"_links":{"self":[{"href":"https:\/\/darkamazi.site\/funavuv\/wp\/v2\/posts\/1007350","targetHints":{"allow":["GET"]}}],"collection":[{"href":"https:\/\/darkamazi.site\/funavuv\/wp\/v2\/posts"}],"about":[{"href":"https:\/\/darkamazi.site\/funavuv\/wp\/v2\/types\/post"}],"author":[{"embeddable":true,"href":"https:\/\/darkamazi.site\/funavuv\/wp\/v2\/users\/2"}],"replies":[{"embeddable":true,"href":"https:\/\/darkamazi.site\/funavuv\/wp\/v2\/comments?post=1007350"}],"version-history":[{"count":0,"href":"https:\/\/darkamazi.site\/funavuv\/wp\/v2\/posts\/1007350\/revisions"}],"wp:featuredmedia":[{"embeddable":true,"href":"https:\/\/darkamazi.site\/funavuv\/wp\/v2\/media\/1007355"}],"wp:attachment":[{"href":"https:\/\/darkamazi.site\/funavuv\/wp\/v2\/media?parent=1007350"}],"wp:term":[{"taxonomy":"category","embeddable":true,"href":"https:\/\/darkamazi.site\/funavuv\/wp\/v2\/categories?post=1007350"},{"taxonomy":"post_tag","embeddable":true,"href":"https:\/\/darkamazi.site\/funavuv\/wp\/v2\/tags?post=1007350"}],"curies":[{"name":"wp","href":"https:\/\/api.w.org\/{rel}","templated":true}]}}