{"id":1007524,"date":"2019-11-25T10:25:22","date_gmt":"2019-11-25T07:25:22","guid":{"rendered":"https:\/\/darkamazi.site\/?p=1007524"},"modified":"2019-11-25T10:25:22","modified_gmt":"2019-11-25T07:25:22","slug":"25-kasim-kadina-karsi-siddetle-mucadele-gunu-dominikte-mirabel-kardesler-kurdistanda-leyla-qasim-ve-hewrin-xalef","status":"publish","type":"post","link":"https:\/\/darkamazi.site\/archives\/1007524","title":{"rendered":"25 Kas\u0131m Kad\u0131na Kar\u015f\u0131 \u015eiddetle M\u00fccadele G\u00fcn\u00fc; Dominik\u2019te Mirabel Karde\u015fler, K\u00fcrdistan\u2019da Leyla Qas\u0131m ve Hewrin Xalef"},"content":{"rendered":"<p style=\"text-align: justify\"><span style=\"font-family: 'arial black', sans-serif;font-size: 12pt\">Bu g\u00fcn 25 Kas\u0131m Kad\u0131na Kar\u015f\u0131 \u015eiddet G\u00fcn\u00fc. Kad\u0131nlar d\u00fcnyan\u0131n her yerinde u\u011frad\u0131klar\u0131 \u015fiddeti tart\u0131\u015f\u0131yorlar. Buna K\u00fcrt kad\u0131nlar\u0131 da dahil. K\u00fcrdistan gibi s\u00f6m\u00fcrge toplumlarda kad\u0131na kar\u015f\u0131 \u015fiddet kat be kat daha fazlad\u0131r. \u00c7\u00fcnk\u00fc K\u00fcrt kad\u0131nlar\u0131 toplumdaki \u015fiddet kadar hatta daha fazla s\u00f6m\u00fcrgeci toplumlar\u0131n \u015fiddetine maruz kal\u0131yorlar. S\u00f6zl\u00fc, psikolojik ve fiziksel \u015fiddet s\u00f6m\u00fcrge toplumlar\u0131n bir yaras\u0131d\u0131r. Kad\u0131nlar\u0131n toplumun ana kayna\u011f\u0131 olmas\u0131 yan\u0131 s\u0131ra K\u00fcrt kad\u0131nlar\u0131n\u0131n da her zaman K\u00fcrdistan m\u00fccadelesine \u00f6nc\u00fcl\u00fck yapm\u0131\u015f olmas\u0131 K\u00fcrt kad\u0131n\u0131n\u0131 daha fazla hedef yap\u0131yor.<\/span><\/p>\n<p style=\"text-align: justify\">\u00a0 K\u00fcrdistan\u2019da kad\u0131na kar\u015f\u0131 \u015fiddet i\u015fgalci politikas\u0131 ile yak\u0131ndan ba\u011flant\u0131l\u0131d\u0131r. K\u00fcrdistan tarihinde kad\u0131nlar\u0131 s\u00f6m\u00fcrgecilerden g\u00f6rd\u00fc\u011f\u00fc bask\u0131 sistemi ba\u015fl\u0131 ba\u015f\u0131na bir ara\u015ft\u0131rma konusudur. 12 May\u0131s 1974\u2019te idam edilen Leyla Kas\u0131m belki de bilinen ilk ismidir. Leyla Kas\u0131m b\u00fcy\u00fck i\u015fkencelere ra\u011fmen geri ad\u0131m atmaz ve daha 22 ya\u015f\u0131nda \u00f6ld\u00fcr\u00fcl\u00fcr. T\u00fcrkiye\u2019nin Suriye i\u015fgalinin 4. G\u00fcn\u00fcnde yani 12 Eyl\u00fcl g\u00fcn\u00fc ise Suriyenin Gelece\u011fi Partisi e\u015f ba\u015fkan\u0131 Hewrin Xalef, T\u00fcrkiye\u2019ye ba\u011fl\u0131 Ahrar \u015eam g\u00fc\u00e7leri taraf\u0131ndan i\u015fkence edilerek \u00f6ld\u00fcr\u00fcld\u00fc.<\/p>\n<p style=\"text-align: justify\">\u0130ran\u2019da da ayn\u0131 \u015fey ge\u00e7erlidir. 2107 y\u0131l\u0131nda Mehdis Mir Qewami\u00a0adl\u0131 kad\u0131n aktivist, g\u00f6zalt\u0131nda u\u011frad\u0131\u011f\u0131 a\u011f\u0131r i\u015fkence ve tecav\u00fczler sonucu serbest b\u0131rak\u0131ld\u0131ktan k\u0131sa bir s\u00fcre sonra intihar etti. Belki \u0130ran devletinin kad\u0131na kar\u015f\u0131 uygulad\u0131\u011f\u0131 politik \u015fiddetin sadece bilinen bir tanesidir. Bunun gibi bilinmeyen onlarca olay ya\u015fanmaktad\u0131r.<\/p>\n<p style=\"text-align: justify\">25 Kas\u0131m\u2019\u0131n bir m\u00fccadele g\u00fcn\u00fc olmas\u0131 da daha \u00e7ok politik bir \u015fiddetin sonucu olmu\u015ftur. Asl\u0131nda Leyla Qas\u0131m\u0131n da Hewrin Xalefin \u00f6ld\u00fcr\u00fclmesi de t\u0131pk\u0131 Mirabel Karde\u015flerin \u00f6ld\u00fcr\u00fclmesine benzer.<\/p>\n<h3 style=\"text-align: justify\"><span style=\"font-family: 'arial black', sans-serif;font-size: 12pt\">Mirabel Karde\u015fler ve m\u00fccadeleleri<\/span><\/h3>\n<p style=\"text-align: justify\">1930 y\u0131l\u0131nda Dominik Cumhuriyeti\u2019nde askeri darbe yapan Rafael Trujillo, \u00fclkeyi tam 31 y\u0131l boyunca diktat\u00f6rl\u00fckle y\u00f6netti<\/p>\n<p style=\"text-align: justify\">Bu s\u00fcre boyunca ona kar\u015f\u0131 gelenler aras\u0131nda m\u00fccadeleleriyle haf\u0131zalara kaz\u0131nan 3 isim vard\u0131; Patria, Minerva ve Maria Mi Bu s\u00fcre boyunca ona kar\u015f\u0131 gelenler aras\u0131nda m\u00fccadeleleriyle haf\u0131zalara kaz\u0131nan 3 isim vard\u0131; Patria, Minerva ve Maria Mirabel<\/p>\n<p style=\"text-align: justify\">3 cesur k\u0131z karde\u015f \u00fclkedeki haks\u0131zl\u0131klara ve bask\u0131ya kar\u015f\u0131 1960 y\u0131l\u0131n\u0131n Haziran ay\u0131nda Clandestina Hareketi\u2019ni ba\u015flatt\u0131lar ve isyana \u00f6nc\u00fcl\u00fck ettiler<\/p>\n<p style=\"text-align: justify\">Bu ba\u015fkald\u0131r\u0131 hareketi t\u00fcm \u00fclkeye yay\u0131ld\u0131 ve h\u00fck\u00fcmet i\u00e7in tehdit olu\u015fturmaya ba\u015flad\u0131<\/p>\n<p style=\"text-align: justify\">Diktat\u00f6r Rafeal Trujillo ve yanda\u015flar\u0131 ise bu olaya kay\u0131ts\u0131z kalmad\u0131 ve 3 k\u0131z karde\u015f bir\u00e7ok kez \u015fiddete ve bask\u0131ya maruz kald\u0131E\u015flerinin de destek oldu\u011fu karde\u015fler bask\u0131lara hi\u00e7bir zaman boyun e\u011fmediler ancak Trujillo y\u00f6netimi taraf\u0131ndan bir\u00e7ok kez hapse at\u0131ld\u0131lar, ayr\u0131ca t\u00fcm m\u00fclklerine el konuldu<\/p>\n<p style=\"text-align: justify\">Diktat\u00f6r Rafael, yapt\u0131\u011f\u0131 bir halk konu\u015fmas\u0131nda \u201c\u00dclkenin en b\u00fcy\u00fck iki sorunu kilise ve Mirabel karde\u015flerdir.\u201d diyerek Mirabel karde\u015fleri hedef g\u00f6sterdi ve halk\u0131 galeyana getirdi.Vatan haini ilan edilen karde\u015fler a\u00e7\u0131k bir hedef haline getirilmi\u015fti ve g\u00fcn ge\u00e7tik\u00e7e bask\u0131lar art\u0131yordu<\/p>\n<p style=\"text-align: justify\">fael\u2019in konu\u015fmas\u0131ndan sadece 23 g\u00fcn sonra 25 Kas\u0131m 1960\u2019da 3 k\u0131z karde\u015f, kocalar\u0131n\u0131 hapishanede ziyaret ettikten sonra d\u00f6n\u00fc\u015f yolunda sald\u0131r\u0131ya u\u011frad\u0131lar<\/p>\n<p style=\"text-align: justify\">Rafeal\u2019in yanda\u015flar\u0131 taraf\u0131ndan arabadan indirilen k\u0131z karde\u015flere \u00f6nce tecav\u00fcz ettiler daha sonra da sopalarla d\u00f6verek \u00f6ld\u00fcrd\u00fcler.\u00a0 Bu olay halk\u0131n daha fazla ayaklanmas\u0131na vesile oldu ve Diktat\u00f6r Rafael 6 ay sonra \u00f6ld\u00fcr\u00fcld\u00fc, dikta rejimi sona erdi.<\/p>\n<p style=\"text-align: justify\">Mirabel Karde\u015flerin m\u00fccadelesi unutulmad\u0131. Birle\u015fmi\u015f Milletler 1999 y\u0131l\u0131nda Mirabel Karde\u015flerin \u00f6ld\u00fcr\u00fcld\u00fc\u011f\u00fc 25 Kas\u0131m\u2019\u0131 Kad\u0131na Kar\u015f\u0131 \u015eiddetle M\u00fccadele G\u00fcn\u00fc olarak kabul etti.<\/p>\n","protected":false},"excerpt":{"rendered":"<p>Bu g\u00fcn 25 Kas\u0131m Kad\u0131na Kar\u015f\u0131 \u015eiddet G\u00fcn\u00fc. Kad\u0131nlar d\u00fcnyan\u0131n her yerinde u\u011frad\u0131klar\u0131 \u015fiddeti tart\u0131\u015f\u0131yorlar. Buna K\u00fcrt kad\u0131nlar\u0131 da dahil. K\u00fcrdistan gibi s\u00f6m\u00fcrge toplumlarda kad\u0131na kar\u015f\u0131 \u015fiddet kat be kat daha fazlad\u0131r. \u00c7\u00fcnk\u00fc K\u00fcrt kad\u0131nlar\u0131 toplumdaki \u015fiddet kadar hatta daha fazla s\u00f6m\u00fcrgeci toplumlar\u0131n \u015fiddetine maruz kal\u0131yorlar. S\u00f6zl\u00fc, psikolojik ve fiziksel \u015fiddet s\u00f6m\u00fcrge toplumlar\u0131n bir yaras\u0131d\u0131r. [&hellip;]<\/p>\n","protected":false},"author":2,"featured_media":1007527,"comment_status":"closed","ping_status":"closed","sticky":false,"template":"","format":"standard","meta":{"footnotes":""},"categories":[3],"tags":[31],"class_list":["post-1007524","post","type-post","status-publish","format-standard","has-post-thumbnail","hentry","category-kurdistan","tag-onemli"],"blocksy_meta":[],"seo_head":"<!-- This site is optimized with the Yoast SEO plugin v27.5 - https:\/\/yoast.com\/product\/yoast-seo-wordpress\/ -->\n<title>25 Kas\u0131m Kad\u0131na Kar\u015f\u0131 \u015eiddetle M\u00fccadele G\u00fcn\u00fc; Dominik\u2019te Mirabel Karde\u015fler, K\u00fcrdistan\u2019da Leyla Qas\u0131m ve Hewrin Xalef - Darka Mazi<\/title>\n<meta name=\"robots\" content=\"index, follow, max-snippet:-1, max-image-preview:large, max-video-preview:-1\" \/>\n<link rel=\"canonical\" href=\"https:\/\/darkamazi.site\/archives\/1007524\" \/>\n<meta property=\"og:locale\" content=\"en_US\" \/>\n<meta property=\"og:type\" content=\"article\" \/>\n<meta property=\"og:title\" content=\"25 Kas\u0131m Kad\u0131na Kar\u015f\u0131 \u015eiddetle M\u00fccadele G\u00fcn\u00fc; Dominik\u2019te Mirabel Karde\u015fler, K\u00fcrdistan\u2019da Leyla Qas\u0131m ve Hewrin Xalef - Darka Mazi\" \/>\n<meta property=\"og:description\" content=\"Bu g\u00fcn 25 Kas\u0131m Kad\u0131na Kar\u015f\u0131 \u015eiddet G\u00fcn\u00fc. Kad\u0131nlar d\u00fcnyan\u0131n her yerinde u\u011frad\u0131klar\u0131 \u015fiddeti tart\u0131\u015f\u0131yorlar. Buna K\u00fcrt kad\u0131nlar\u0131 da dahil. K\u00fcrdistan gibi s\u00f6m\u00fcrge toplumlarda kad\u0131na kar\u015f\u0131 \u015fiddet kat be kat daha fazlad\u0131r. \u00c7\u00fcnk\u00fc K\u00fcrt kad\u0131nlar\u0131 toplumdaki \u015fiddet kadar hatta daha fazla s\u00f6m\u00fcrgeci toplumlar\u0131n \u015fiddetine maruz kal\u0131yorlar. S\u00f6zl\u00fc, psikolojik ve fiziksel \u015fiddet s\u00f6m\u00fcrge toplumlar\u0131n bir yaras\u0131d\u0131r. [&hellip;]\" \/>\n<meta property=\"og:url\" content=\"https:\/\/darkamazi.site\/archives\/1007524\" \/>\n<meta property=\"og:site_name\" content=\"Darka Mazi\" \/>\n<meta property=\"article:publisher\" content=\"https:\/\/www.facebook.com\/DarkaMaziturkce\" \/>\n<meta property=\"article:published_time\" content=\"2019-11-25T07:25:22+00:00\" \/>\n<meta property=\"og:image\" content=\"https:\/\/darkamazi.site\/file\/2019\/11\/sorelle-mirabal-1068x508.jpg\" \/>\n\t<meta property=\"og:image:width\" content=\"1068\" \/>\n\t<meta property=\"og:image:height\" content=\"508\" \/>\n\t<meta property=\"og:image:type\" content=\"image\/jpeg\" \/>\n<meta name=\"author\" content=\"darka mazi\" \/>\n<meta name=\"twitter:card\" content=\"summary_large_image\" \/>\n<meta name=\"twitter:creator\" content=\"@DarkaMaziTurkce\" \/>\n<meta name=\"twitter:site\" content=\"@DarkaMaziTurkce\" \/>\n<meta name=\"twitter:label1\" content=\"Written by\" \/>\n\t<meta name=\"twitter:data1\" content=\"darka mazi\" \/>\n\t<meta name=\"twitter:label2\" content=\"Est. reading time\" \/>\n\t<meta name=\"twitter:data2\" content=\"3 minutes\" \/>\n<script type=\"application\/ld+json\" class=\"seo-schema-graph\">{\"@context\":\"https:\\\/\\\/schema.org\",\"@graph\":[{\"@type\":\"NewsArticle\",\"@id\":\"https:\\\/\\\/darkamazi.site\\\/archives\\\/1007524#article\",\"isPartOf\":{\"@id\":\"https:\\\/\\\/darkamazi.site\\\/archives\\\/1007524\"},\"author\":{\"name\":\"darka mazi\",\"@id\":\"https:\\\/\\\/darkamazi.site\\\/#\\\/schema\\\/person\\\/67986a95ac546c16760365877ef4a9d3\"},\"headline\":\"25 Kas\u0131m Kad\u0131na Kar\u015f\u0131 \u015eiddetle M\u00fccadele G\u00fcn\u00fc; Dominik\u2019te Mirabel Karde\u015fler, K\u00fcrdistan\u2019da Leyla Qas\u0131m ve Hewrin Xalef\",\"datePublished\":\"2019-11-25T07:25:22+00:00\",\"mainEntityOfPage\":{\"@id\":\"https:\\\/\\\/darkamazi.site\\\/archives\\\/1007524\"},\"wordCount\":715,\"publisher\":{\"@id\":\"https:\\\/\\\/darkamazi.site\\\/#organization\"},\"image\":{\"@id\":\"https:\\\/\\\/darkamazi.site\\\/archives\\\/1007524#primaryimage\"},\"thumbnailUrl\":\"https:\\\/\\\/darkamazi.site\\\/darka-content\\\/uploads\\\/2019\\\/11\\\/sorelle-mirabal-1068x508.jpg\",\"keywords\":[\"\u00f6nemli\"],\"articleSection\":[\"Kurdistan\"],\"inLanguage\":\"en-US\"},{\"@type\":\"WebPage\",\"@id\":\"https:\\\/\\\/darkamazi.site\\\/archives\\\/1007524\",\"url\":\"https:\\\/\\\/darkamazi.site\\\/archives\\\/1007524\",\"name\":\"25 Kas\u0131m Kad\u0131na Kar\u015f\u0131 \u015eiddetle M\u00fccadele G\u00fcn\u00fc; Dominik\u2019te Mirabel Karde\u015fler, K\u00fcrdistan\u2019da Leyla Qas\u0131m ve Hewrin Xalef - Darka Mazi\",\"isPartOf\":{\"@id\":\"https:\\\/\\\/darkamazi.site\\\/#website\"},\"primaryImageOfPage\":{\"@id\":\"https:\\\/\\\/darkamazi.site\\\/archives\\\/1007524#primaryimage\"},\"image\":{\"@id\":\"https:\\\/\\\/darkamazi.site\\\/archives\\\/1007524#primaryimage\"},\"thumbnailUrl\":\"https:\\\/\\\/darkamazi.site\\\/darka-content\\\/uploads\\\/2019\\\/11\\\/sorelle-mirabal-1068x508.jpg\",\"datePublished\":\"2019-11-25T07:25:22+00:00\",\"breadcrumb\":{\"@id\":\"https:\\\/\\\/darkamazi.site\\\/archives\\\/1007524#breadcrumb\"},\"inLanguage\":\"en-US\",\"potentialAction\":[{\"@type\":\"ReadAction\",\"target\":[\"https:\\\/\\\/darkamazi.site\\\/archives\\\/1007524\"]}]},{\"@type\":\"ImageObject\",\"inLanguage\":\"en-US\",\"@id\":\"https:\\\/\\\/darkamazi.site\\\/archives\\\/1007524#primaryimage\",\"url\":\"https:\\\/\\\/darkamazi.site\\\/darka-content\\\/uploads\\\/2019\\\/11\\\/sorelle-mirabal-1068x508.jpg\",\"contentUrl\":\"https:\\\/\\\/darkamazi.site\\\/darka-content\\\/uploads\\\/2019\\\/11\\\/sorelle-mirabal-1068x508.jpg\",\"width\":1068,\"height\":508,\"caption\":\"25 Kas\u0131m Kad\u0131na Kar\u015f\u0131 \u015eiddetle M\u00fccadele G\u00fcn\u00fc; Dominik\u2019te Mirabel Karde\u015fler, K\u00fcrdistan\u2019da Leyla Qas\u0131m ve Hewrin Xalefe\"},{\"@type\":\"BreadcrumbList\",\"@id\":\"https:\\\/\\\/darkamazi.site\\\/archives\\\/1007524#breadcrumb\",\"itemListElement\":[{\"@type\":\"ListItem\",\"position\":1,\"name\":\"Home\",\"item\":\"https:\\\/\\\/darkamazi.site\\\/\"},{\"@type\":\"ListItem\",\"position\":2,\"name\":\"25 Kas\u0131m Kad\u0131na Kar\u015f\u0131 \u015eiddetle M\u00fccadele G\u00fcn\u00fc; Dominik\u2019te Mirabel Karde\u015fler, K\u00fcrdistan\u2019da Leyla Qas\u0131m ve Hewrin Xalef\"}]},{\"@type\":\"WebSite\",\"@id\":\"https:\\\/\\\/darkamazi.site\\\/#website\",\"url\":\"https:\\\/\\\/darkamazi.site\\\/\",\"name\":\"Darka Mazi\",\"description\":\"Ana Sayfa\",\"publisher\":{\"@id\":\"https:\\\/\\\/darkamazi.site\\\/#organization\"},\"potentialAction\":[{\"@type\":\"SearchAction\",\"target\":{\"@type\":\"EntryPoint\",\"urlTemplate\":\"https:\\\/\\\/darkamazi.site\\\/?s={search_term_string}\"},\"query-input\":{\"@type\":\"PropertyValueSpecification\",\"valueRequired\":true,\"valueName\":\"search_term_string\"}}],\"inLanguage\":\"en-US\"},{\"@type\":\"Organization\",\"@id\":\"https:\\\/\\\/darkamazi.site\\\/#organization\",\"name\":\"Darka Mazi T\u00fcrk\u00e7e\",\"alternateName\":\"Darka Mazi\",\"url\":\"https:\\\/\\\/darkamazi.site\\\/\",\"logo\":{\"@type\":\"ImageObject\",\"inLanguage\":\"en-US\",\"@id\":\"https:\\\/\\\/darkamazi.site\\\/#\\\/schema\\\/logo\\\/image\\\/\",\"url\":\"https:\\\/\\\/darkamazi.site\\\/darka-content\\\/uploads\\\/2017\\\/12\\\/darka-mazi-logo.png\",\"contentUrl\":\"https:\\\/\\\/darkamazi.site\\\/darka-content\\\/uploads\\\/2017\\\/12\\\/darka-mazi-logo.png\",\"width\":151,\"height\":75,\"caption\":\"Darka Mazi T\u00fcrk\u00e7e\"},\"image\":{\"@id\":\"https:\\\/\\\/darkamazi.site\\\/#\\\/schema\\\/logo\\\/image\\\/\"},\"sameAs\":[\"https:\\\/\\\/www.facebook.com\\\/DarkaMaziturkce\",\"https:\\\/\\\/x.com\\\/DarkaMaziTurkce\"]},{\"@type\":\"Person\",\"@id\":\"https:\\\/\\\/darkamazi.site\\\/#\\\/schema\\\/person\\\/67986a95ac546c16760365877ef4a9d3\",\"name\":\"darka mazi\",\"sameAs\":[\"https:\\\/\\\/darkamazi.site\"],\"url\":\"https:\\\/\\\/darkamazi.site\\\/archives\\\/author\\\/turkish\"}]}<\/script>\n<!-- \/ Yoast SEO plugin. -->","seo_head_json":{"title":"25 Kas\u0131m Kad\u0131na Kar\u015f\u0131 \u015eiddetle M\u00fccadele G\u00fcn\u00fc; Dominik\u2019te Mirabel Karde\u015fler, K\u00fcrdistan\u2019da Leyla Qas\u0131m ve Hewrin Xalef - Darka Mazi","robots":{"index":"index","follow":"follow","max-snippet":"max-snippet:-1","max-image-preview":"max-image-preview:large","max-video-preview":"max-video-preview:-1"},"canonical":"https:\/\/darkamazi.site\/archives\/1007524","og_locale":"en_US","og_type":"article","og_title":"25 Kas\u0131m Kad\u0131na Kar\u015f\u0131 \u015eiddetle M\u00fccadele G\u00fcn\u00fc; Dominik\u2019te Mirabel Karde\u015fler, K\u00fcrdistan\u2019da Leyla Qas\u0131m ve Hewrin Xalef - Darka Mazi","og_description":"Bu g\u00fcn 25 Kas\u0131m Kad\u0131na Kar\u015f\u0131 \u015eiddet G\u00fcn\u00fc. Kad\u0131nlar d\u00fcnyan\u0131n her yerinde u\u011frad\u0131klar\u0131 \u015fiddeti tart\u0131\u015f\u0131yorlar. Buna K\u00fcrt kad\u0131nlar\u0131 da dahil. K\u00fcrdistan gibi s\u00f6m\u00fcrge toplumlarda kad\u0131na kar\u015f\u0131 \u015fiddet kat be kat daha fazlad\u0131r. \u00c7\u00fcnk\u00fc K\u00fcrt kad\u0131nlar\u0131 toplumdaki \u015fiddet kadar hatta daha fazla s\u00f6m\u00fcrgeci toplumlar\u0131n \u015fiddetine maruz kal\u0131yorlar. S\u00f6zl\u00fc, psikolojik ve fiziksel \u015fiddet s\u00f6m\u00fcrge toplumlar\u0131n bir yaras\u0131d\u0131r. [&hellip;]","og_url":"https:\/\/darkamazi.site\/archives\/1007524","og_site_name":"Darka Mazi","article_publisher":"https:\/\/www.facebook.com\/DarkaMaziturkce","article_published_time":"2019-11-25T07:25:22+00:00","og_image":[{"width":1068,"height":508,"url":"https:\/\/darkamazi.site\/file\/2019\/11\/sorelle-mirabal-1068x508.jpg","type":"image\/jpeg"}],"author":"darka mazi","twitter_card":"summary_large_image","twitter_creator":"@DarkaMaziTurkce","twitter_site":"@DarkaMaziTurkce","twitter_misc":{"Written by":"darka mazi","Est. reading time":"3 minutes"},"schema":{"@context":"https:\/\/schema.org","@graph":[{"@type":"NewsArticle","@id":"https:\/\/darkamazi.site\/archives\/1007524#article","isPartOf":{"@id":"https:\/\/darkamazi.site\/archives\/1007524"},"author":{"name":"darka mazi","@id":"https:\/\/darkamazi.site\/#\/schema\/person\/67986a95ac546c16760365877ef4a9d3"},"headline":"25 Kas\u0131m Kad\u0131na Kar\u015f\u0131 \u015eiddetle M\u00fccadele G\u00fcn\u00fc; Dominik\u2019te Mirabel Karde\u015fler, K\u00fcrdistan\u2019da Leyla Qas\u0131m ve Hewrin Xalef","datePublished":"2019-11-25T07:25:22+00:00","mainEntityOfPage":{"@id":"https:\/\/darkamazi.site\/archives\/1007524"},"wordCount":715,"publisher":{"@id":"https:\/\/darkamazi.site\/#organization"},"image":{"@id":"https:\/\/darkamazi.site\/archives\/1007524#primaryimage"},"thumbnailUrl":"https:\/\/darkamazi.site\/file\/2019\/11\/sorelle-mirabal-1068x508.jpg","keywords":["\u00f6nemli"],"articleSection":["Kurdistan"],"inLanguage":"en-US"},{"@type":"WebPage","@id":"https:\/\/darkamazi.site\/archives\/1007524","url":"https:\/\/darkamazi.site\/archives\/1007524","name":"25 Kas\u0131m Kad\u0131na Kar\u015f\u0131 \u015eiddetle M\u00fccadele G\u00fcn\u00fc; Dominik\u2019te Mirabel Karde\u015fler, K\u00fcrdistan\u2019da Leyla Qas\u0131m ve Hewrin Xalef - Darka Mazi","isPartOf":{"@id":"https:\/\/darkamazi.site\/#website"},"primaryImageOfPage":{"@id":"https:\/\/darkamazi.site\/archives\/1007524#primaryimage"},"image":{"@id":"https:\/\/darkamazi.site\/archives\/1007524#primaryimage"},"thumbnailUrl":"https:\/\/darkamazi.site\/file\/2019\/11\/sorelle-mirabal-1068x508.jpg","datePublished":"2019-11-25T07:25:22+00:00","breadcrumb":{"@id":"https:\/\/darkamazi.site\/archives\/1007524#breadcrumb"},"inLanguage":"en-US","potentialAction":[{"@type":"ReadAction","target":["https:\/\/darkamazi.site\/archives\/1007524"]}]},{"@type":"ImageObject","inLanguage":"en-US","@id":"https:\/\/darkamazi.site\/archives\/1007524#primaryimage","url":"https:\/\/darkamazi.site\/file\/2019\/11\/sorelle-mirabal-1068x508.jpg","contentUrl":"https:\/\/darkamazi.site\/file\/2019\/11\/sorelle-mirabal-1068x508.jpg","width":1068,"height":508,"caption":"25 Kas\u0131m Kad\u0131na Kar\u015f\u0131 \u015eiddetle M\u00fccadele G\u00fcn\u00fc; Dominik\u2019te Mirabel Karde\u015fler, K\u00fcrdistan\u2019da Leyla Qas\u0131m ve Hewrin Xalefe"},{"@type":"BreadcrumbList","@id":"https:\/\/darkamazi.site\/archives\/1007524#breadcrumb","itemListElement":[{"@type":"ListItem","position":1,"name":"Home","item":"https:\/\/darkamazi.site\/"},{"@type":"ListItem","position":2,"name":"25 Kas\u0131m Kad\u0131na Kar\u015f\u0131 \u015eiddetle M\u00fccadele G\u00fcn\u00fc; Dominik\u2019te Mirabel Karde\u015fler, K\u00fcrdistan\u2019da Leyla Qas\u0131m ve Hewrin Xalef"}]},{"@type":"WebSite","@id":"https:\/\/darkamazi.site\/#website","url":"https:\/\/darkamazi.site\/","name":"Darka Mazi","description":"Ana Sayfa","publisher":{"@id":"https:\/\/darkamazi.site\/#organization"},"potentialAction":[{"@type":"SearchAction","target":{"@type":"EntryPoint","urlTemplate":"https:\/\/darkamazi.site\/?s={search_term_string}"},"query-input":{"@type":"PropertyValueSpecification","valueRequired":true,"valueName":"search_term_string"}}],"inLanguage":"en-US"},{"@type":"Organization","@id":"https:\/\/darkamazi.site\/#organization","name":"Darka Mazi T\u00fcrk\u00e7e","alternateName":"Darka Mazi","url":"https:\/\/darkamazi.site\/","logo":{"@type":"ImageObject","inLanguage":"en-US","@id":"https:\/\/darkamazi.site\/#\/schema\/logo\/image\/","url":"https:\/\/darkamazi.site\/file\/2017\/12\/darka-mazi-logo.png","contentUrl":"https:\/\/darkamazi.site\/file\/2017\/12\/darka-mazi-logo.png","width":151,"height":75,"caption":"Darka Mazi T\u00fcrk\u00e7e"},"image":{"@id":"https:\/\/darkamazi.site\/#\/schema\/logo\/image\/"},"sameAs":["https:\/\/www.facebook.com\/DarkaMaziturkce","https:\/\/x.com\/DarkaMaziTurkce"]},{"@type":"Person","@id":"https:\/\/darkamazi.site\/#\/schema\/person\/67986a95ac546c16760365877ef4a9d3","name":"darka mazi","sameAs":["https:\/\/darkamazi.site"],"url":"https:\/\/darkamazi.site\/archives\/author\/turkish"}]}},"_links":{"self":[{"href":"https:\/\/darkamazi.site\/funavuv\/wp\/v2\/posts\/1007524","targetHints":{"allow":["GET"]}}],"collection":[{"href":"https:\/\/darkamazi.site\/funavuv\/wp\/v2\/posts"}],"about":[{"href":"https:\/\/darkamazi.site\/funavuv\/wp\/v2\/types\/post"}],"author":[{"embeddable":true,"href":"https:\/\/darkamazi.site\/funavuv\/wp\/v2\/users\/2"}],"replies":[{"embeddable":true,"href":"https:\/\/darkamazi.site\/funavuv\/wp\/v2\/comments?post=1007524"}],"version-history":[{"count":0,"href":"https:\/\/darkamazi.site\/funavuv\/wp\/v2\/posts\/1007524\/revisions"}],"wp:featuredmedia":[{"embeddable":true,"href":"https:\/\/darkamazi.site\/funavuv\/wp\/v2\/media\/1007527"}],"wp:attachment":[{"href":"https:\/\/darkamazi.site\/funavuv\/wp\/v2\/media?parent=1007524"}],"wp:term":[{"taxonomy":"category","embeddable":true,"href":"https:\/\/darkamazi.site\/funavuv\/wp\/v2\/categories?post=1007524"},{"taxonomy":"post_tag","embeddable":true,"href":"https:\/\/darkamazi.site\/funavuv\/wp\/v2\/tags?post=1007524"}],"curies":[{"name":"wp","href":"https:\/\/api.w.org\/{rel}","templated":true}]}}