{"id":1007932,"date":"2019-12-30T10:38:31","date_gmt":"2019-12-30T07:38:31","guid":{"rendered":"https:\/\/darkamazi.site\/?p=1007932"},"modified":"2019-12-30T13:36:32","modified_gmt":"2019-12-30T10:36:32","slug":"hsd-genel-komutani-mazlum-kobaniden-onemli-aciklamalar","status":"publish","type":"post","link":"https:\/\/darkamazi.site\/archives\/1007932","title":{"rendered":"HSD Genel Komutan\u0131 Mazlum Kobani\u2019den \u00f6nemli a\u00e7\u0131klamalar"},"content":{"rendered":"<h3 style=\"text-align: justify\"><span style=\"font-family: 'arial black', sans-serif;font-size: 12pt\">HSD (Suriye Demokratik G\u00fc\u00e7leri) Genel Komutan\u0131 Mazlum Kobane Kuveyt merkezli Al-Yaum Televizyon kanal\u0131na verdi\u011fi \u00f6zel m\u00fclakatta \u00f6nemli a\u00e7\u0131klamalarda bulundu.<\/span><\/h3>\n<p style=\"text-align: justify\">&nbsp; Mazlum Kobane, &#8220;T\u00fcrk istilas\u0131n\u0131n amac\u0131 sekiz sene i\u00e7erisinde elde edilen ba\u015far\u0131lar\u0131 ortadan kald\u0131rmak ve \u00d6zerk Y\u00f6netimi yok etmekti&#8221; dedi. Kobane \u201cKuzey ve Do\u011fu Suriye b\u00f6lgesindeki t\u00fcm bile\u015fenler ger\u00e7ek d\u00fc\u015fman\u0131n kim oldu\u011fu konusunda hemfikirdi ve sald\u0131r\u0131lar kar\u015f\u0131s\u0131nda da birle\u015fti. Dolay\u0131s\u0131yla T\u00fcrkiye\u2019nin sald\u0131r\u0131lar\u0131n\u0131n sonu\u00e7lar\u0131ndan birisi de, Kuzey ve Do\u011fu Suriye b\u00f6lgesinin t\u00fcm bile\u015fenleri aras\u0131ndaki birli\u011fin daha da g\u00fc\u00e7lenmesi oldu. SDG, b\u00fcy\u00fck bir s\u0131navdan ge\u00e7ti ve farkl\u0131 kimlikler ve halklardan olu\u015fan b\u00fct\u00fcn sava\u015f\u00e7\u0131lar\u0131 aras\u0131ndaki birli\u011fi koruyabildi\u201d diye konu\u015ftu.<\/p>\n<p style=\"text-align: justify\"><span style=\"font-family: 'arial black', sans-serif;font-size: 12pt\">\u201cArap Birli\u011fi&#8217;nin tutumu onurluydu\u201d<\/span><\/p>\n<p style=\"text-align: justify\">T\u00fcrkiye\u2019nin askeri harek\u00e2t\u0131n\u0131n sadece K\u00fcrtleri de\u011fil ayn\u0131 zamanda Araplar\u0131 da hedef alarak onlar\u0131 ihanetle su\u00e7lad\u0131\u011f\u0131na dikkat \u00e7eken Kobane, \u201cBaz\u0131 \u00fclkeleri d\u0131\u015f\u0131nda genel olarak Arap \u00fclkelerinin sald\u0131r\u0131lar kar\u015f\u0131s\u0131ndaki tavr\u0131 olumluydu, Arap Birli\u011fi&#8217;nin tutumu onurluydu. M\u0131s\u0131r, Suriye\u2019nin toprak b\u00fct\u00fcnl\u00fc\u011f\u00fc, istikrar\u0131 ve Suriye krizine \u00e7\u00f6z\u00fcm bulma konusunda \u00e7aba harcad\u0131&#8221; dedi. Baz\u0131 Arap \u00fclkeleriyle s\u00fcrekli olarak ileti\u015fim halinde olduklar\u0131n\u0131 ifade eden Kobane, \u00e7o\u011fuyla dostane ili\u015fkilere sahip olduklar\u0131n\u0131, kimi Arap \u00fclkelerin Suriye rejimi ile ili\u015fkilerde arabuluculuk rol\u00fcn\u00fc oynamaya haz\u0131r olduklar\u0131na da dikkat \u00e7ekti.<\/p>\n<p style=\"text-align: justify\"><span style=\"font-family: 'arial black', sans-serif;font-size: 12pt\">\u201cYeni realiteye h\u0131zla uyum sa\u011flad\u0131k\u201d<\/span><\/p>\n<p style=\"text-align: justify\">ABD\u2019nin operasyon \u00f6ncesinde b\u00f6lgeden \u00e7ekilmesine ili\u015fkin de &#8220;Amerikan liderli\u011findeki uluslararas\u0131 koalisyonun Suriye&#8217;nin kuzey b\u00f6lgelerinden \u00e7ekilmesinin olumsuz sonu\u00e7lar\u0131 oldu\u201d diyen Kobane, \u201cAncak yeni realiteye h\u0131zla uyum sa\u011flad\u0131k\u201d diye konu\u015ftu.<\/p>\n<p style=\"text-align: justify\"><span style=\"font-family: 'arial black', sans-serif;font-size: 12pt\">\u201c\u015eam y\u00f6netimi ile kapsaml\u0131 bir askeri anla\u015fmam\u0131z yok\u201d<\/span><\/p>\n<p style=\"text-align: justify\">T\u00fcrkiye\u2019nin harek\u00e2t\u0131na kar\u015f\u0131 \u015eam y\u00f6netimi ile koordinasyon i\u00e7inde hareket ederek askeri g\u00fc\u00e7leri birle\u015ftirmeyi ve i\u015fgale kar\u015f\u0131 Suriye ordusunun s\u0131n\u0131r hatlar\u0131nda varl\u0131\u011f\u0131n\u0131 talep ettiklerini kaydeden Kobane, \u201c\u015eam y\u00f6netimi ile kapsaml\u0131 bir askeri anla\u015fmam\u0131z yok, biz sadece T\u00fcrkiye\u2019nin istilas\u0131na kar\u015f\u0131 ortak m\u00fccadele etmeyi kabul ettik. Kuzey Suriye\u2019deki Askeri Konseyler kendi topraklar\u0131n\u0131 korumak i\u00e7in b\u00f6lgedeki K\u00fcrt, Arap, S\u00fcryani, Ermeni halklar\u0131n\u0131n kendi evlatlar\u0131ndan olu\u015fuyor\u201d ifadelerini kulland\u0131.<\/p>\n<p style=\"text-align: justify\">Rojava meselesinin sadece K\u00fcrt meselesi olmad\u0131\u011f\u0131na da i\u015faret eden Kobane \u015f\u00f6yle konu\u015ftu: &nbsp;&#8220;Bu sorun t\u00fcm b\u00f6lge halklar\u0131n\u0131 kapsayan bir meseledir. Baz\u0131 insanlar bizden K\u00fcrt meselesine odaklanmam\u0131z\u0131 istiyor, ancak biz bu t\u00fcrden bir yakla\u015f\u0131m\u0131 reddederek \u00e7\u00f6z\u00fcm\u00fcn t\u00fcm bile\u015fenleri-b\u00f6lge halklar\u0131n\u0131 kapsamas\u0131 gerekti\u011fini ifade ettik&#8221; dedi.<\/p>\n<p style=\"text-align: justify\"><span style=\"font-family: 'arial black', sans-serif;font-size: 12pt\">G\u00fczel Geli\u015fmeler olacak<\/span><\/p>\n<p style=\"text-align: justify\">HSD komutan\u0131 Mazlum Kobani konu\u015fmas\u0131nda &nbsp;\u015eam y\u00f6netimi ile g\u00f6r\u00fc\u015fmelere ili\u015fkin Rusya\u2019n\u0131n, \u015eam y\u00f6netimi ile \u00d6zerk Y\u00f6netim aras\u0131nda arabuluculuk rol\u00fcn\u00fc oynamaya haz\u0131r oldu\u011funa belirterek &#8220;\u00d6n\u00fcm\u00fczdeki g\u00fcnlerde bu konuda olumlu bir geli\u015fmeye \u015fahit olacaks\u0131n\u0131z&#8221; dedi.<\/p>\n","protected":false},"excerpt":{"rendered":"<p>HSD (Suriye Demokratik G\u00fc\u00e7leri) Genel Komutan\u0131 Mazlum Kobane Kuveyt merkezli Al-Yaum Televizyon kanal\u0131na verdi\u011fi \u00f6zel m\u00fclakatta \u00f6nemli a\u00e7\u0131klamalarda bulundu. &nbsp; Mazlum Kobane, &#8220;T\u00fcrk istilas\u0131n\u0131n amac\u0131 sekiz sene i\u00e7erisinde elde edilen ba\u015far\u0131lar\u0131 ortadan kald\u0131rmak ve \u00d6zerk Y\u00f6netimi yok etmekti&#8221; dedi. Kobane \u201cKuzey ve Do\u011fu Suriye b\u00f6lgesindeki t\u00fcm bile\u015fenler ger\u00e7ek d\u00fc\u015fman\u0131n kim oldu\u011fu konusunda hemfikirdi ve sald\u0131r\u0131lar [&hellip;]<\/p>\n","protected":false},"author":2,"featured_media":1007942,"comment_status":"closed","ping_status":"closed","sticky":false,"template":"","format":"standard","meta":{"footnotes":""},"categories":[3],"tags":[31],"class_list":["post-1007932","post","type-post","status-publish","format-standard","has-post-thumbnail","hentry","category-kurdistan","tag-onemli"],"blocksy_meta":[],"seo_head":"<!-- This site is optimized with the Yoast SEO plugin v27.5 - https:\/\/yoast.com\/product\/yoast-seo-wordpress\/ -->\n<title>HSD Genel Komutan\u0131 Mazlum Kobani\u2019den \u00f6nemli a\u00e7\u0131klamalar - Darka Mazi<\/title>\n<meta name=\"robots\" content=\"index, follow, max-snippet:-1, max-image-preview:large, max-video-preview:-1\" \/>\n<link rel=\"canonical\" href=\"https:\/\/darkamazi.site\/archives\/1007932\" \/>\n<meta property=\"og:locale\" content=\"en_US\" \/>\n<meta property=\"og:type\" content=\"article\" \/>\n<meta property=\"og:title\" content=\"HSD Genel Komutan\u0131 Mazlum Kobani\u2019den \u00f6nemli a\u00e7\u0131klamalar - Darka Mazi\" \/>\n<meta property=\"og:description\" content=\"HSD (Suriye Demokratik G\u00fc\u00e7leri) Genel Komutan\u0131 Mazlum Kobane Kuveyt merkezli Al-Yaum Televizyon kanal\u0131na verdi\u011fi \u00f6zel m\u00fclakatta \u00f6nemli a\u00e7\u0131klamalarda bulundu. &nbsp; Mazlum Kobane, &#8220;T\u00fcrk istilas\u0131n\u0131n amac\u0131 sekiz sene i\u00e7erisinde elde edilen ba\u015far\u0131lar\u0131 ortadan kald\u0131rmak ve \u00d6zerk Y\u00f6netimi yok etmekti&#8221; dedi. Kobane \u201cKuzey ve Do\u011fu Suriye b\u00f6lgesindeki t\u00fcm bile\u015fenler ger\u00e7ek d\u00fc\u015fman\u0131n kim oldu\u011fu konusunda hemfikirdi ve sald\u0131r\u0131lar [&hellip;]\" \/>\n<meta property=\"og:url\" content=\"https:\/\/darkamazi.site\/archives\/1007932\" \/>\n<meta property=\"og:site_name\" content=\"Darka Mazi\" \/>\n<meta property=\"article:publisher\" content=\"https:\/\/www.facebook.com\/DarkaMaziturkce\" \/>\n<meta property=\"article:published_time\" content=\"2019-12-30T07:38:31+00:00\" \/>\n<meta property=\"article:modified_time\" content=\"2019-12-30T10:36:32+00:00\" \/>\n<meta property=\"og:image\" content=\"https:\/\/darkamazi.site\/file\/2019\/12\/mazlom-1-1-1.jpg\" \/>\n\t<meta property=\"og:image:width\" content=\"900\" \/>\n\t<meta property=\"og:image:height\" content=\"508\" \/>\n\t<meta property=\"og:image:type\" content=\"image\/jpeg\" \/>\n<meta name=\"author\" content=\"darka mazi\" \/>\n<meta name=\"twitter:card\" content=\"summary_large_image\" \/>\n<meta name=\"twitter:creator\" content=\"@DarkaMaziTurkce\" \/>\n<meta name=\"twitter:site\" content=\"@DarkaMaziTurkce\" \/>\n<meta name=\"twitter:label1\" content=\"Written by\" \/>\n\t<meta name=\"twitter:data1\" content=\"darka mazi\" \/>\n\t<meta name=\"twitter:label2\" content=\"Est. reading time\" \/>\n\t<meta name=\"twitter:data2\" content=\"3 minutes\" \/>\n<script type=\"application\/ld+json\" class=\"seo-schema-graph\">{\"@context\":\"https:\\\/\\\/schema.org\",\"@graph\":[{\"@type\":\"NewsArticle\",\"@id\":\"https:\\\/\\\/darkamazi.site\\\/archives\\\/1007932#article\",\"isPartOf\":{\"@id\":\"https:\\\/\\\/darkamazi.site\\\/archives\\\/1007932\"},\"author\":{\"name\":\"darka mazi\",\"@id\":\"https:\\\/\\\/darkamazi.site\\\/#\\\/schema\\\/person\\\/67986a95ac546c16760365877ef4a9d3\"},\"headline\":\"HSD Genel Komutan\u0131 Mazlum Kobani\u2019den \u00f6nemli a\u00e7\u0131klamalar\",\"datePublished\":\"2019-12-30T07:38:31+00:00\",\"dateModified\":\"2019-12-30T10:36:32+00:00\",\"mainEntityOfPage\":{\"@id\":\"https:\\\/\\\/darkamazi.site\\\/archives\\\/1007932\"},\"wordCount\":545,\"publisher\":{\"@id\":\"https:\\\/\\\/darkamazi.site\\\/#organization\"},\"image\":{\"@id\":\"https:\\\/\\\/darkamazi.site\\\/archives\\\/1007932#primaryimage\"},\"thumbnailUrl\":\"https:\\\/\\\/darkamazi.site\\\/darka-content\\\/uploads\\\/2019\\\/12\\\/mazlom-1-1-1.jpg\",\"keywords\":[\"\u00f6nemli\"],\"articleSection\":[\"Kurdistan\"],\"inLanguage\":\"en-US\"},{\"@type\":\"WebPage\",\"@id\":\"https:\\\/\\\/darkamazi.site\\\/archives\\\/1007932\",\"url\":\"https:\\\/\\\/darkamazi.site\\\/archives\\\/1007932\",\"name\":\"HSD Genel Komutan\u0131 Mazlum Kobani\u2019den \u00f6nemli a\u00e7\u0131klamalar - Darka Mazi\",\"isPartOf\":{\"@id\":\"https:\\\/\\\/darkamazi.site\\\/#website\"},\"primaryImageOfPage\":{\"@id\":\"https:\\\/\\\/darkamazi.site\\\/archives\\\/1007932#primaryimage\"},\"image\":{\"@id\":\"https:\\\/\\\/darkamazi.site\\\/archives\\\/1007932#primaryimage\"},\"thumbnailUrl\":\"https:\\\/\\\/darkamazi.site\\\/darka-content\\\/uploads\\\/2019\\\/12\\\/mazlom-1-1-1.jpg\",\"datePublished\":\"2019-12-30T07:38:31+00:00\",\"dateModified\":\"2019-12-30T10:36:32+00:00\",\"breadcrumb\":{\"@id\":\"https:\\\/\\\/darkamazi.site\\\/archives\\\/1007932#breadcrumb\"},\"inLanguage\":\"en-US\",\"potentialAction\":[{\"@type\":\"ReadAction\",\"target\":[\"https:\\\/\\\/darkamazi.site\\\/archives\\\/1007932\"]}]},{\"@type\":\"ImageObject\",\"inLanguage\":\"en-US\",\"@id\":\"https:\\\/\\\/darkamazi.site\\\/archives\\\/1007932#primaryimage\",\"url\":\"https:\\\/\\\/darkamazi.site\\\/darka-content\\\/uploads\\\/2019\\\/12\\\/mazlom-1-1-1.jpg\",\"contentUrl\":\"https:\\\/\\\/darkamazi.site\\\/darka-content\\\/uploads\\\/2019\\\/12\\\/mazlom-1-1-1.jpg\",\"width\":900,\"height\":508,\"caption\":\"HSD Genel Komutan\u0131 Mazlum Kobani\u2019den \u00f6nemli a\u00e7\u0131klamalar\"},{\"@type\":\"BreadcrumbList\",\"@id\":\"https:\\\/\\\/darkamazi.site\\\/archives\\\/1007932#breadcrumb\",\"itemListElement\":[{\"@type\":\"ListItem\",\"position\":1,\"name\":\"Home\",\"item\":\"https:\\\/\\\/darkamazi.site\\\/\"},{\"@type\":\"ListItem\",\"position\":2,\"name\":\"HSD Genel Komutan\u0131 Mazlum Kobani\u2019den \u00f6nemli a\u00e7\u0131klamalar\"}]},{\"@type\":\"WebSite\",\"@id\":\"https:\\\/\\\/darkamazi.site\\\/#website\",\"url\":\"https:\\\/\\\/darkamazi.site\\\/\",\"name\":\"Darka Mazi\",\"description\":\"Ana Sayfa\",\"publisher\":{\"@id\":\"https:\\\/\\\/darkamazi.site\\\/#organization\"},\"potentialAction\":[{\"@type\":\"SearchAction\",\"target\":{\"@type\":\"EntryPoint\",\"urlTemplate\":\"https:\\\/\\\/darkamazi.site\\\/?s={search_term_string}\"},\"query-input\":{\"@type\":\"PropertyValueSpecification\",\"valueRequired\":true,\"valueName\":\"search_term_string\"}}],\"inLanguage\":\"en-US\"},{\"@type\":\"Organization\",\"@id\":\"https:\\\/\\\/darkamazi.site\\\/#organization\",\"name\":\"Darka Mazi T\u00fcrk\u00e7e\",\"alternateName\":\"Darka Mazi\",\"url\":\"https:\\\/\\\/darkamazi.site\\\/\",\"logo\":{\"@type\":\"ImageObject\",\"inLanguage\":\"en-US\",\"@id\":\"https:\\\/\\\/darkamazi.site\\\/#\\\/schema\\\/logo\\\/image\\\/\",\"url\":\"https:\\\/\\\/darkamazi.site\\\/darka-content\\\/uploads\\\/2017\\\/12\\\/darka-mazi-logo.png\",\"contentUrl\":\"https:\\\/\\\/darkamazi.site\\\/darka-content\\\/uploads\\\/2017\\\/12\\\/darka-mazi-logo.png\",\"width\":151,\"height\":75,\"caption\":\"Darka Mazi T\u00fcrk\u00e7e\"},\"image\":{\"@id\":\"https:\\\/\\\/darkamazi.site\\\/#\\\/schema\\\/logo\\\/image\\\/\"},\"sameAs\":[\"https:\\\/\\\/www.facebook.com\\\/DarkaMaziturkce\",\"https:\\\/\\\/x.com\\\/DarkaMaziTurkce\"]},{\"@type\":\"Person\",\"@id\":\"https:\\\/\\\/darkamazi.site\\\/#\\\/schema\\\/person\\\/67986a95ac546c16760365877ef4a9d3\",\"name\":\"darka mazi\",\"sameAs\":[\"https:\\\/\\\/darkamazi.site\"],\"url\":\"https:\\\/\\\/darkamazi.site\\\/archives\\\/author\\\/turkish\"}]}<\/script>\n<!-- \/ Yoast SEO plugin. -->","seo_head_json":{"title":"HSD Genel Komutan\u0131 Mazlum Kobani\u2019den \u00f6nemli a\u00e7\u0131klamalar - Darka Mazi","robots":{"index":"index","follow":"follow","max-snippet":"max-snippet:-1","max-image-preview":"max-image-preview:large","max-video-preview":"max-video-preview:-1"},"canonical":"https:\/\/darkamazi.site\/archives\/1007932","og_locale":"en_US","og_type":"article","og_title":"HSD Genel Komutan\u0131 Mazlum Kobani\u2019den \u00f6nemli a\u00e7\u0131klamalar - Darka Mazi","og_description":"HSD (Suriye Demokratik G\u00fc\u00e7leri) Genel Komutan\u0131 Mazlum Kobane Kuveyt merkezli Al-Yaum Televizyon kanal\u0131na verdi\u011fi \u00f6zel m\u00fclakatta \u00f6nemli a\u00e7\u0131klamalarda bulundu. &nbsp; Mazlum Kobane, &#8220;T\u00fcrk istilas\u0131n\u0131n amac\u0131 sekiz sene i\u00e7erisinde elde edilen ba\u015far\u0131lar\u0131 ortadan kald\u0131rmak ve \u00d6zerk Y\u00f6netimi yok etmekti&#8221; dedi. Kobane \u201cKuzey ve Do\u011fu Suriye b\u00f6lgesindeki t\u00fcm bile\u015fenler ger\u00e7ek d\u00fc\u015fman\u0131n kim oldu\u011fu konusunda hemfikirdi ve sald\u0131r\u0131lar [&hellip;]","og_url":"https:\/\/darkamazi.site\/archives\/1007932","og_site_name":"Darka Mazi","article_publisher":"https:\/\/www.facebook.com\/DarkaMaziturkce","article_published_time":"2019-12-30T07:38:31+00:00","article_modified_time":"2019-12-30T10:36:32+00:00","og_image":[{"width":900,"height":508,"url":"https:\/\/darkamazi.site\/file\/2019\/12\/mazlom-1-1-1.jpg","type":"image\/jpeg"}],"author":"darka mazi","twitter_card":"summary_large_image","twitter_creator":"@DarkaMaziTurkce","twitter_site":"@DarkaMaziTurkce","twitter_misc":{"Written by":"darka mazi","Est. reading time":"3 minutes"},"schema":{"@context":"https:\/\/schema.org","@graph":[{"@type":"NewsArticle","@id":"https:\/\/darkamazi.site\/archives\/1007932#article","isPartOf":{"@id":"https:\/\/darkamazi.site\/archives\/1007932"},"author":{"name":"darka mazi","@id":"https:\/\/darkamazi.site\/#\/schema\/person\/67986a95ac546c16760365877ef4a9d3"},"headline":"HSD Genel Komutan\u0131 Mazlum Kobani\u2019den \u00f6nemli a\u00e7\u0131klamalar","datePublished":"2019-12-30T07:38:31+00:00","dateModified":"2019-12-30T10:36:32+00:00","mainEntityOfPage":{"@id":"https:\/\/darkamazi.site\/archives\/1007932"},"wordCount":545,"publisher":{"@id":"https:\/\/darkamazi.site\/#organization"},"image":{"@id":"https:\/\/darkamazi.site\/archives\/1007932#primaryimage"},"thumbnailUrl":"https:\/\/darkamazi.site\/file\/2019\/12\/mazlom-1-1-1.jpg","keywords":["\u00f6nemli"],"articleSection":["Kurdistan"],"inLanguage":"en-US"},{"@type":"WebPage","@id":"https:\/\/darkamazi.site\/archives\/1007932","url":"https:\/\/darkamazi.site\/archives\/1007932","name":"HSD Genel Komutan\u0131 Mazlum Kobani\u2019den \u00f6nemli a\u00e7\u0131klamalar - Darka Mazi","isPartOf":{"@id":"https:\/\/darkamazi.site\/#website"},"primaryImageOfPage":{"@id":"https:\/\/darkamazi.site\/archives\/1007932#primaryimage"},"image":{"@id":"https:\/\/darkamazi.site\/archives\/1007932#primaryimage"},"thumbnailUrl":"https:\/\/darkamazi.site\/file\/2019\/12\/mazlom-1-1-1.jpg","datePublished":"2019-12-30T07:38:31+00:00","dateModified":"2019-12-30T10:36:32+00:00","breadcrumb":{"@id":"https:\/\/darkamazi.site\/archives\/1007932#breadcrumb"},"inLanguage":"en-US","potentialAction":[{"@type":"ReadAction","target":["https:\/\/darkamazi.site\/archives\/1007932"]}]},{"@type":"ImageObject","inLanguage":"en-US","@id":"https:\/\/darkamazi.site\/archives\/1007932#primaryimage","url":"https:\/\/darkamazi.site\/file\/2019\/12\/mazlom-1-1-1.jpg","contentUrl":"https:\/\/darkamazi.site\/file\/2019\/12\/mazlom-1-1-1.jpg","width":900,"height":508,"caption":"HSD Genel Komutan\u0131 Mazlum Kobani\u2019den \u00f6nemli a\u00e7\u0131klamalar"},{"@type":"BreadcrumbList","@id":"https:\/\/darkamazi.site\/archives\/1007932#breadcrumb","itemListElement":[{"@type":"ListItem","position":1,"name":"Home","item":"https:\/\/darkamazi.site\/"},{"@type":"ListItem","position":2,"name":"HSD Genel Komutan\u0131 Mazlum Kobani\u2019den \u00f6nemli a\u00e7\u0131klamalar"}]},{"@type":"WebSite","@id":"https:\/\/darkamazi.site\/#website","url":"https:\/\/darkamazi.site\/","name":"Darka Mazi","description":"Ana Sayfa","publisher":{"@id":"https:\/\/darkamazi.site\/#organization"},"potentialAction":[{"@type":"SearchAction","target":{"@type":"EntryPoint","urlTemplate":"https:\/\/darkamazi.site\/?s={search_term_string}"},"query-input":{"@type":"PropertyValueSpecification","valueRequired":true,"valueName":"search_term_string"}}],"inLanguage":"en-US"},{"@type":"Organization","@id":"https:\/\/darkamazi.site\/#organization","name":"Darka Mazi T\u00fcrk\u00e7e","alternateName":"Darka Mazi","url":"https:\/\/darkamazi.site\/","logo":{"@type":"ImageObject","inLanguage":"en-US","@id":"https:\/\/darkamazi.site\/#\/schema\/logo\/image\/","url":"https:\/\/darkamazi.site\/file\/2017\/12\/darka-mazi-logo.png","contentUrl":"https:\/\/darkamazi.site\/file\/2017\/12\/darka-mazi-logo.png","width":151,"height":75,"caption":"Darka Mazi T\u00fcrk\u00e7e"},"image":{"@id":"https:\/\/darkamazi.site\/#\/schema\/logo\/image\/"},"sameAs":["https:\/\/www.facebook.com\/DarkaMaziturkce","https:\/\/x.com\/DarkaMaziTurkce"]},{"@type":"Person","@id":"https:\/\/darkamazi.site\/#\/schema\/person\/67986a95ac546c16760365877ef4a9d3","name":"darka mazi","sameAs":["https:\/\/darkamazi.site"],"url":"https:\/\/darkamazi.site\/archives\/author\/turkish"}]}},"_links":{"self":[{"href":"https:\/\/darkamazi.site\/funavuv\/wp\/v2\/posts\/1007932","targetHints":{"allow":["GET"]}}],"collection":[{"href":"https:\/\/darkamazi.site\/funavuv\/wp\/v2\/posts"}],"about":[{"href":"https:\/\/darkamazi.site\/funavuv\/wp\/v2\/types\/post"}],"author":[{"embeddable":true,"href":"https:\/\/darkamazi.site\/funavuv\/wp\/v2\/users\/2"}],"replies":[{"embeddable":true,"href":"https:\/\/darkamazi.site\/funavuv\/wp\/v2\/comments?post=1007932"}],"version-history":[{"count":0,"href":"https:\/\/darkamazi.site\/funavuv\/wp\/v2\/posts\/1007932\/revisions"}],"wp:featuredmedia":[{"embeddable":true,"href":"https:\/\/darkamazi.site\/funavuv\/wp\/v2\/media\/1007942"}],"wp:attachment":[{"href":"https:\/\/darkamazi.site\/funavuv\/wp\/v2\/media?parent=1007932"}],"wp:term":[{"taxonomy":"category","embeddable":true,"href":"https:\/\/darkamazi.site\/funavuv\/wp\/v2\/categories?post=1007932"},{"taxonomy":"post_tag","embeddable":true,"href":"https:\/\/darkamazi.site\/funavuv\/wp\/v2\/tags?post=1007932"}],"curies":[{"name":"wp","href":"https:\/\/api.w.org\/{rel}","templated":true}]}}