{"id":1008115,"date":"2020-01-15T11:24:16","date_gmt":"2020-01-15T08:24:16","guid":{"rendered":"https:\/\/darkamazi.site\/?p=1008115"},"modified":"2026-03-31T16:45:10","modified_gmt":"2026-03-31T13:45:10","slug":"libyada-hafter-yanlilari-ateskesi-bitirdik-turkiyenin-mudahalesi-basarimizi-geciktirdi","status":"publish","type":"post","link":"https:\/\/darkamazi.site\/archives\/1008115","title":{"rendered":"Libya\u2019da Hafter yanl\u0131lar\u0131: Ate\u015fkesi bitirdik, T\u00fcrkiye\u2019nin m\u00fcdahalesi ba\u015far\u0131m\u0131z\u0131 geciktirdi"},"content":{"rendered":"<p style=\"text-align: justify\">\nLibya\u2019da Halife Hafter yanl\u0131s\u0131 Tobruk merkezli Temsilciler Meclisi Ba\u015fkan\u0131 Akile Salih, &#8220;ate\u015fkesin sona erdi\u011fini, sava\u015f\u0131n devam edece\u011fini&#8221; duyurdu.<br \/>\nLibya\u2019n\u0131n bir k\u0131sm\u0131n\u0131 elinde bulunduran silahl\u0131 g\u00fc\u00e7lerin lideri General Halife Hafter yanl\u0131s\u0131 Tobruk merkezli Temsilciler Meclisi Ba\u015fkan\u0131 Akile Salih, &#8220;ate\u015fkesin sona erdi\u011fini ve sava\u015f\u0131n devam edece\u011fini&#8221; duyurdu.<\/p>\n<p style=\"text-align: justify\">Libya merkezli yerel bir televizyona konu\u015fan Salih, T\u00fcrkiye ve Rusya\u2019n\u0131n 12 Ocak&#8217;ta yerel saatle 00.00\u2019da hayata ge\u00e7mek \u00fczere yapt\u0131\u011f\u0131 ate\u015fkes \u00e7a\u011fr\u0131s\u0131na &#8220;Rusya Devlet Ba\u015fkas\u0131 Vladimir Putin\u2019e sayg\u0131lar\u0131ndan&#8221; dolay\u0131 olumlu yan\u0131t verdiklerini s\u00f6yledi.<\/p>\n<p style=\"text-align: justify\">Salih, a\u00e7\u0131klamas\u0131nda &#8220;ate\u015fkesin kendileri i\u00e7in sona erdi\u011fini sava\u015f\u0131n devam edece\u011fini&#8221; kaydetti.<\/p>\n<p style=\"text-align: justify\">Trablus&#8217;taki \u00e7at\u0131\u015fmalarda ba\u015far\u0131 elde edememelerine dair ise Salih, &#8220;T\u00fcrkiye&#8217;nin m\u00fcdahalesi Trablus&#8217;un geri al\u0131nmas\u0131 sava\u015f\u0131nda sonu\u00e7 elde etmemizi geciktirdi&#8221; ifadelerini kulland\u0131.<\/p>\n<p style=\"text-align: justify\">Moskova\u2019daki g\u00f6r\u00fc\u015fmelerin ard\u0131ndan bir ate\u015fkes taslak metni haz\u0131rlanm\u0131\u015f ancak Hafter anla\u015fmaya imza atmadan Rusya\u2019dan ayr\u0131lm\u0131\u015ft\u0131.<\/p>\n","protected":false},"excerpt":{"rendered":"<p>Libya\u2019da Halife Hafter yanl\u0131s\u0131 Tobruk merkezli Temsilciler Meclisi Ba\u015fkan\u0131 Akile Salih, &#8220;ate\u015fkesin sona erdi\u011fini, sava\u015f\u0131n devam edece\u011fini&#8221; duyurdu. Libya\u2019n\u0131n bir k\u0131sm\u0131n\u0131 elinde bulunduran silahl\u0131 g\u00fc\u00e7lerin lideri General Halife Hafter yanl\u0131s\u0131 Tobruk merkezli Temsilciler Meclisi Ba\u015fkan\u0131 Akile Salih, &#8220;ate\u015fkesin sona erdi\u011fini ve sava\u015f\u0131n devam edece\u011fini&#8221; duyurdu. Libya merkezli yerel bir televizyona konu\u015fan Salih, T\u00fcrkiye ve Rusya\u2019n\u0131n [&hellip;]<\/p>\n","protected":false},"author":2,"featured_media":1008116,"comment_status":"closed","ping_status":"closed","sticky":false,"template":"","format":"standard","meta":{"footnotes":""},"categories":[29],"tags":[31],"class_list":["post-1008115","post","type-post","status-publish","format-standard","has-post-thumbnail","hentry","category-ortadogu","tag-onemli"],"blocksy_meta":[],"seo_head":"<!-- This site is optimized with the Yoast SEO plugin v27.5 - https:\/\/yoast.com\/product\/yoast-seo-wordpress\/ -->\n<title>Libya\u2019da Hafter yanl\u0131lar\u0131: Ate\u015fkesi bitirdik, T\u00fcrkiye\u2019nin m\u00fcdahalesi ba\u015far\u0131m\u0131z\u0131 geciktirdi - Darka Mazi<\/title>\n<meta name=\"robots\" content=\"index, follow, max-snippet:-1, max-image-preview:large, max-video-preview:-1\" \/>\n<link rel=\"canonical\" href=\"https:\/\/darkamazi.site\/archives\/1008115\" \/>\n<meta property=\"og:locale\" content=\"en_US\" \/>\n<meta property=\"og:type\" content=\"article\" \/>\n<meta property=\"og:title\" content=\"Libya\u2019da Hafter yanl\u0131lar\u0131: Ate\u015fkesi bitirdik, T\u00fcrkiye\u2019nin m\u00fcdahalesi ba\u015far\u0131m\u0131z\u0131 geciktirdi - Darka Mazi\" \/>\n<meta property=\"og:description\" content=\"Libya\u2019da Halife Hafter yanl\u0131s\u0131 Tobruk merkezli Temsilciler Meclisi Ba\u015fkan\u0131 Akile Salih, &#8220;ate\u015fkesin sona erdi\u011fini, sava\u015f\u0131n devam edece\u011fini&#8221; duyurdu. Libya\u2019n\u0131n bir k\u0131sm\u0131n\u0131 elinde bulunduran silahl\u0131 g\u00fc\u00e7lerin lideri General Halife Hafter yanl\u0131s\u0131 Tobruk merkezli Temsilciler Meclisi Ba\u015fkan\u0131 Akile Salih, &#8220;ate\u015fkesin sona erdi\u011fini ve sava\u015f\u0131n devam edece\u011fini&#8221; duyurdu. Libya merkezli yerel bir televizyona konu\u015fan Salih, T\u00fcrkiye ve Rusya\u2019n\u0131n [&hellip;]\" \/>\n<meta property=\"og:url\" content=\"https:\/\/darkamazi.site\/archives\/1008115\" \/>\n<meta property=\"og:site_name\" content=\"Darka Mazi\" \/>\n<meta property=\"article:publisher\" content=\"https:\/\/www.facebook.com\/DarkaMaziturkce\" \/>\n<meta property=\"article:published_time\" content=\"2020-01-15T08:24:16+00:00\" \/>\n<meta property=\"article:modified_time\" content=\"2026-03-31T13:45:10+00:00\" \/>\n<meta property=\"og:image\" content=\"https:\/\/darkamazi.site\/file\/2020\/01\/Erdogan-Haftar.jpg\" \/>\n\t<meta property=\"og:image:width\" content=\"640\" \/>\n\t<meta property=\"og:image:height\" content=\"402\" \/>\n\t<meta property=\"og:image:type\" content=\"image\/jpeg\" \/>\n<meta name=\"author\" content=\"darka mazi\" \/>\n<meta name=\"twitter:card\" content=\"summary_large_image\" \/>\n<meta name=\"twitter:creator\" content=\"@DarkaMaziTurkce\" \/>\n<meta name=\"twitter:site\" content=\"@DarkaMaziTurkce\" \/>\n<meta name=\"twitter:label1\" content=\"Written by\" \/>\n\t<meta name=\"twitter:data1\" content=\"darka mazi\" \/>\n\t<meta name=\"twitter:label2\" content=\"Est. reading time\" \/>\n\t<meta name=\"twitter:data2\" content=\"1 minute\" \/>\n<script type=\"application\/ld+json\" class=\"seo-schema-graph\">{\"@context\":\"https:\\\/\\\/schema.org\",\"@graph\":[{\"@type\":\"NewsArticle\",\"@id\":\"https:\\\/\\\/darkamazi.site\\\/archives\\\/1008115#article\",\"isPartOf\":{\"@id\":\"https:\\\/\\\/darkamazi.site\\\/archives\\\/1008115\"},\"author\":{\"name\":\"darka mazi\",\"@id\":\"https:\\\/\\\/darkamazi.site\\\/#\\\/schema\\\/person\\\/67986a95ac546c16760365877ef4a9d3\"},\"headline\":\"Libya\u2019da Hafter yanl\u0131lar\u0131: Ate\u015fkesi bitirdik, T\u00fcrkiye\u2019nin m\u00fcdahalesi ba\u015far\u0131m\u0131z\u0131 geciktirdi\",\"datePublished\":\"2020-01-15T08:24:16+00:00\",\"dateModified\":\"2026-03-31T13:45:10+00:00\",\"mainEntityOfPage\":{\"@id\":\"https:\\\/\\\/darkamazi.site\\\/archives\\\/1008115\"},\"wordCount\":200,\"publisher\":{\"@id\":\"https:\\\/\\\/darkamazi.site\\\/#organization\"},\"image\":{\"@id\":\"https:\\\/\\\/darkamazi.site\\\/archives\\\/1008115#primaryimage\"},\"thumbnailUrl\":\"https:\\\/\\\/darkamazi.site\\\/darka-content\\\/uploads\\\/2020\\\/01\\\/Erdogan-Haftar.jpg\",\"keywords\":[\"\u00f6nemli\"],\"articleSection\":[\"Ortado\u011fu\"],\"inLanguage\":\"en-US\"},{\"@type\":\"WebPage\",\"@id\":\"https:\\\/\\\/darkamazi.site\\\/archives\\\/1008115\",\"url\":\"https:\\\/\\\/darkamazi.site\\\/archives\\\/1008115\",\"name\":\"Libya\u2019da Hafter yanl\u0131lar\u0131: Ate\u015fkesi bitirdik, T\u00fcrkiye\u2019nin m\u00fcdahalesi ba\u015far\u0131m\u0131z\u0131 geciktirdi - Darka Mazi\",\"isPartOf\":{\"@id\":\"https:\\\/\\\/darkamazi.site\\\/#website\"},\"primaryImageOfPage\":{\"@id\":\"https:\\\/\\\/darkamazi.site\\\/archives\\\/1008115#primaryimage\"},\"image\":{\"@id\":\"https:\\\/\\\/darkamazi.site\\\/archives\\\/1008115#primaryimage\"},\"thumbnailUrl\":\"https:\\\/\\\/darkamazi.site\\\/darka-content\\\/uploads\\\/2020\\\/01\\\/Erdogan-Haftar.jpg\",\"datePublished\":\"2020-01-15T08:24:16+00:00\",\"dateModified\":\"2026-03-31T13:45:10+00:00\",\"breadcrumb\":{\"@id\":\"https:\\\/\\\/darkamazi.site\\\/archives\\\/1008115#breadcrumb\"},\"inLanguage\":\"en-US\",\"potentialAction\":[{\"@type\":\"ReadAction\",\"target\":[\"https:\\\/\\\/darkamazi.site\\\/archives\\\/1008115\"]}]},{\"@type\":\"ImageObject\",\"inLanguage\":\"en-US\",\"@id\":\"https:\\\/\\\/darkamazi.site\\\/archives\\\/1008115#primaryimage\",\"url\":\"https:\\\/\\\/darkamazi.site\\\/darka-content\\\/uploads\\\/2020\\\/01\\\/Erdogan-Haftar.jpg\",\"contentUrl\":\"https:\\\/\\\/darkamazi.site\\\/darka-content\\\/uploads\\\/2020\\\/01\\\/Erdogan-Haftar.jpg\",\"width\":640,\"height\":402,\"caption\":\"Libya\u2019da Hafter yanl\u0131lar\u0131: Ate\u015fkesi bitirdik, T\u00fcrkiye\u2019nin m\u00fcdahalesi ba\u015far\u0131m\u0131z\u0131 geciktirdi erdo\u011fan, libya\"},{\"@type\":\"BreadcrumbList\",\"@id\":\"https:\\\/\\\/darkamazi.site\\\/archives\\\/1008115#breadcrumb\",\"itemListElement\":[{\"@type\":\"ListItem\",\"position\":1,\"name\":\"Home\",\"item\":\"https:\\\/\\\/darkamazi.site\\\/\"},{\"@type\":\"ListItem\",\"position\":2,\"name\":\"Libya\u2019da Hafter yanl\u0131lar\u0131: Ate\u015fkesi bitirdik, T\u00fcrkiye\u2019nin m\u00fcdahalesi ba\u015far\u0131m\u0131z\u0131 geciktirdi\"}]},{\"@type\":\"WebSite\",\"@id\":\"https:\\\/\\\/darkamazi.site\\\/#website\",\"url\":\"https:\\\/\\\/darkamazi.site\\\/\",\"name\":\"Darka Mazi\",\"description\":\"Ana Sayfa\",\"publisher\":{\"@id\":\"https:\\\/\\\/darkamazi.site\\\/#organization\"},\"potentialAction\":[{\"@type\":\"SearchAction\",\"target\":{\"@type\":\"EntryPoint\",\"urlTemplate\":\"https:\\\/\\\/darkamazi.site\\\/?s={search_term_string}\"},\"query-input\":{\"@type\":\"PropertyValueSpecification\",\"valueRequired\":true,\"valueName\":\"search_term_string\"}}],\"inLanguage\":\"en-US\"},{\"@type\":\"Organization\",\"@id\":\"https:\\\/\\\/darkamazi.site\\\/#organization\",\"name\":\"Darka Mazi T\u00fcrk\u00e7e\",\"alternateName\":\"Darka Mazi\",\"url\":\"https:\\\/\\\/darkamazi.site\\\/\",\"logo\":{\"@type\":\"ImageObject\",\"inLanguage\":\"en-US\",\"@id\":\"https:\\\/\\\/darkamazi.site\\\/#\\\/schema\\\/logo\\\/image\\\/\",\"url\":\"https:\\\/\\\/darkamazi.site\\\/darka-content\\\/uploads\\\/2017\\\/12\\\/darka-mazi-logo.png\",\"contentUrl\":\"https:\\\/\\\/darkamazi.site\\\/darka-content\\\/uploads\\\/2017\\\/12\\\/darka-mazi-logo.png\",\"width\":151,\"height\":75,\"caption\":\"Darka Mazi T\u00fcrk\u00e7e\"},\"image\":{\"@id\":\"https:\\\/\\\/darkamazi.site\\\/#\\\/schema\\\/logo\\\/image\\\/\"},\"sameAs\":[\"https:\\\/\\\/www.facebook.com\\\/DarkaMaziturkce\",\"https:\\\/\\\/x.com\\\/DarkaMaziTurkce\"]},{\"@type\":\"Person\",\"@id\":\"https:\\\/\\\/darkamazi.site\\\/#\\\/schema\\\/person\\\/67986a95ac546c16760365877ef4a9d3\",\"name\":\"darka mazi\",\"sameAs\":[\"https:\\\/\\\/darkamazi.site\"],\"url\":\"https:\\\/\\\/darkamazi.site\\\/archives\\\/author\\\/turkish\"}]}<\/script>\n<!-- \/ Yoast SEO plugin. -->","seo_head_json":{"title":"Libya\u2019da Hafter yanl\u0131lar\u0131: Ate\u015fkesi bitirdik, T\u00fcrkiye\u2019nin m\u00fcdahalesi ba\u015far\u0131m\u0131z\u0131 geciktirdi - Darka Mazi","robots":{"index":"index","follow":"follow","max-snippet":"max-snippet:-1","max-image-preview":"max-image-preview:large","max-video-preview":"max-video-preview:-1"},"canonical":"https:\/\/darkamazi.site\/archives\/1008115","og_locale":"en_US","og_type":"article","og_title":"Libya\u2019da Hafter yanl\u0131lar\u0131: Ate\u015fkesi bitirdik, T\u00fcrkiye\u2019nin m\u00fcdahalesi ba\u015far\u0131m\u0131z\u0131 geciktirdi - Darka Mazi","og_description":"Libya\u2019da Halife Hafter yanl\u0131s\u0131 Tobruk merkezli Temsilciler Meclisi Ba\u015fkan\u0131 Akile Salih, &#8220;ate\u015fkesin sona erdi\u011fini, sava\u015f\u0131n devam edece\u011fini&#8221; duyurdu. Libya\u2019n\u0131n bir k\u0131sm\u0131n\u0131 elinde bulunduran silahl\u0131 g\u00fc\u00e7lerin lideri General Halife Hafter yanl\u0131s\u0131 Tobruk merkezli Temsilciler Meclisi Ba\u015fkan\u0131 Akile Salih, &#8220;ate\u015fkesin sona erdi\u011fini ve sava\u015f\u0131n devam edece\u011fini&#8221; duyurdu. Libya merkezli yerel bir televizyona konu\u015fan Salih, T\u00fcrkiye ve Rusya\u2019n\u0131n [&hellip;]","og_url":"https:\/\/darkamazi.site\/archives\/1008115","og_site_name":"Darka Mazi","article_publisher":"https:\/\/www.facebook.com\/DarkaMaziturkce","article_published_time":"2020-01-15T08:24:16+00:00","article_modified_time":"2026-03-31T13:45:10+00:00","og_image":[{"width":640,"height":402,"url":"https:\/\/darkamazi.site\/file\/2020\/01\/Erdogan-Haftar.jpg","type":"image\/jpeg"}],"author":"darka mazi","twitter_card":"summary_large_image","twitter_creator":"@DarkaMaziTurkce","twitter_site":"@DarkaMaziTurkce","twitter_misc":{"Written by":"darka mazi","Est. reading time":"1 minute"},"schema":{"@context":"https:\/\/schema.org","@graph":[{"@type":"NewsArticle","@id":"https:\/\/darkamazi.site\/archives\/1008115#article","isPartOf":{"@id":"https:\/\/darkamazi.site\/archives\/1008115"},"author":{"name":"darka mazi","@id":"https:\/\/darkamazi.site\/#\/schema\/person\/67986a95ac546c16760365877ef4a9d3"},"headline":"Libya\u2019da Hafter yanl\u0131lar\u0131: Ate\u015fkesi bitirdik, T\u00fcrkiye\u2019nin m\u00fcdahalesi ba\u015far\u0131m\u0131z\u0131 geciktirdi","datePublished":"2020-01-15T08:24:16+00:00","dateModified":"2026-03-31T13:45:10+00:00","mainEntityOfPage":{"@id":"https:\/\/darkamazi.site\/archives\/1008115"},"wordCount":200,"publisher":{"@id":"https:\/\/darkamazi.site\/#organization"},"image":{"@id":"https:\/\/darkamazi.site\/archives\/1008115#primaryimage"},"thumbnailUrl":"https:\/\/darkamazi.site\/file\/2020\/01\/Erdogan-Haftar.jpg","keywords":["\u00f6nemli"],"articleSection":["Ortado\u011fu"],"inLanguage":"en-US"},{"@type":"WebPage","@id":"https:\/\/darkamazi.site\/archives\/1008115","url":"https:\/\/darkamazi.site\/archives\/1008115","name":"Libya\u2019da Hafter yanl\u0131lar\u0131: Ate\u015fkesi bitirdik, T\u00fcrkiye\u2019nin m\u00fcdahalesi ba\u015far\u0131m\u0131z\u0131 geciktirdi - Darka Mazi","isPartOf":{"@id":"https:\/\/darkamazi.site\/#website"},"primaryImageOfPage":{"@id":"https:\/\/darkamazi.site\/archives\/1008115#primaryimage"},"image":{"@id":"https:\/\/darkamazi.site\/archives\/1008115#primaryimage"},"thumbnailUrl":"https:\/\/darkamazi.site\/file\/2020\/01\/Erdogan-Haftar.jpg","datePublished":"2020-01-15T08:24:16+00:00","dateModified":"2026-03-31T13:45:10+00:00","breadcrumb":{"@id":"https:\/\/darkamazi.site\/archives\/1008115#breadcrumb"},"inLanguage":"en-US","potentialAction":[{"@type":"ReadAction","target":["https:\/\/darkamazi.site\/archives\/1008115"]}]},{"@type":"ImageObject","inLanguage":"en-US","@id":"https:\/\/darkamazi.site\/archives\/1008115#primaryimage","url":"https:\/\/darkamazi.site\/file\/2020\/01\/Erdogan-Haftar.jpg","contentUrl":"https:\/\/darkamazi.site\/file\/2020\/01\/Erdogan-Haftar.jpg","width":640,"height":402,"caption":"Libya\u2019da Hafter yanl\u0131lar\u0131: Ate\u015fkesi bitirdik, T\u00fcrkiye\u2019nin m\u00fcdahalesi ba\u015far\u0131m\u0131z\u0131 geciktirdi erdo\u011fan, libya"},{"@type":"BreadcrumbList","@id":"https:\/\/darkamazi.site\/archives\/1008115#breadcrumb","itemListElement":[{"@type":"ListItem","position":1,"name":"Home","item":"https:\/\/darkamazi.site\/"},{"@type":"ListItem","position":2,"name":"Libya\u2019da Hafter yanl\u0131lar\u0131: Ate\u015fkesi bitirdik, T\u00fcrkiye\u2019nin m\u00fcdahalesi ba\u015far\u0131m\u0131z\u0131 geciktirdi"}]},{"@type":"WebSite","@id":"https:\/\/darkamazi.site\/#website","url":"https:\/\/darkamazi.site\/","name":"Darka Mazi","description":"Ana Sayfa","publisher":{"@id":"https:\/\/darkamazi.site\/#organization"},"potentialAction":[{"@type":"SearchAction","target":{"@type":"EntryPoint","urlTemplate":"https:\/\/darkamazi.site\/?s={search_term_string}"},"query-input":{"@type":"PropertyValueSpecification","valueRequired":true,"valueName":"search_term_string"}}],"inLanguage":"en-US"},{"@type":"Organization","@id":"https:\/\/darkamazi.site\/#organization","name":"Darka Mazi T\u00fcrk\u00e7e","alternateName":"Darka Mazi","url":"https:\/\/darkamazi.site\/","logo":{"@type":"ImageObject","inLanguage":"en-US","@id":"https:\/\/darkamazi.site\/#\/schema\/logo\/image\/","url":"https:\/\/darkamazi.site\/file\/2017\/12\/darka-mazi-logo.png","contentUrl":"https:\/\/darkamazi.site\/file\/2017\/12\/darka-mazi-logo.png","width":151,"height":75,"caption":"Darka Mazi T\u00fcrk\u00e7e"},"image":{"@id":"https:\/\/darkamazi.site\/#\/schema\/logo\/image\/"},"sameAs":["https:\/\/www.facebook.com\/DarkaMaziturkce","https:\/\/x.com\/DarkaMaziTurkce"]},{"@type":"Person","@id":"https:\/\/darkamazi.site\/#\/schema\/person\/67986a95ac546c16760365877ef4a9d3","name":"darka mazi","sameAs":["https:\/\/darkamazi.site"],"url":"https:\/\/darkamazi.site\/archives\/author\/turkish"}]}},"_links":{"self":[{"href":"https:\/\/darkamazi.site\/funavuv\/wp\/v2\/posts\/1008115","targetHints":{"allow":["GET"]}}],"collection":[{"href":"https:\/\/darkamazi.site\/funavuv\/wp\/v2\/posts"}],"about":[{"href":"https:\/\/darkamazi.site\/funavuv\/wp\/v2\/types\/post"}],"author":[{"embeddable":true,"href":"https:\/\/darkamazi.site\/funavuv\/wp\/v2\/users\/2"}],"replies":[{"embeddable":true,"href":"https:\/\/darkamazi.site\/funavuv\/wp\/v2\/comments?post=1008115"}],"version-history":[{"count":0,"href":"https:\/\/darkamazi.site\/funavuv\/wp\/v2\/posts\/1008115\/revisions"}],"wp:featuredmedia":[{"embeddable":true,"href":"https:\/\/darkamazi.site\/funavuv\/wp\/v2\/media\/1008116"}],"wp:attachment":[{"href":"https:\/\/darkamazi.site\/funavuv\/wp\/v2\/media?parent=1008115"}],"wp:term":[{"taxonomy":"category","embeddable":true,"href":"https:\/\/darkamazi.site\/funavuv\/wp\/v2\/categories?post=1008115"},{"taxonomy":"post_tag","embeddable":true,"href":"https:\/\/darkamazi.site\/funavuv\/wp\/v2\/tags?post=1008115"}],"curies":[{"name":"wp","href":"https:\/\/api.w.org\/{rel}","templated":true}]}}