{"id":1008122,"date":"2020-01-15T11:51:02","date_gmt":"2020-01-15T08:51:02","guid":{"rendered":"https:\/\/darkamazi.site\/?p=1008122"},"modified":"2026-03-31T16:45:10","modified_gmt":"2026-03-31T13:45:10","slug":"iran-rejimi-2019-yili-boyunca-52-kisiyi-idam-etti","status":"publish","type":"post","link":"https:\/\/darkamazi.site\/archives\/1008122","title":{"rendered":"\u0130ran rejimi 2019 y\u0131l\u0131 boyunca 52 ki\u015fiyi idam etti"},"content":{"rendered":"<h3 style=\"text-align: justify\"><span style=\"font-family: 'arial black', sans-serif;font-size: 12pt\">Do\u011fu K\u00fcrdistan \u0130nsan Haklar\u0131 \u00d6rg\u00fct\u00fc Hengaw y\u0131ll\u0131k raporunda ge\u00e7en y\u0131l i\u00e7erisinden 52 K\u00fcrt gencinin \u0130ran rejimi taraf\u0131ndan as\u0131ld\u0131\u011f\u0131n\u0131 duyurdu.<\/span><\/h3>\n<p style=\"text-align: justify\">Hengaw \u00f6rg\u00fct\u00fc \u0130lam, Loristan, Kirman\u015fah, Sine, Ormiye ve Xorosan eyaletlerinde 52 ki\u015finin idam edildi\u011fini bunlardan 46 tanesinin bilgisinin ellerinde oldu\u011funu fakat geri kalan 6 ki\u015fi hakk\u0131nda bilgi sahibi olmad\u0131klar\u0131n\u0131 duyurdu.<\/p>\n<p style=\"text-align: justify\">2018 y\u0131l\u0131 boyunca da Do\u011fu K\u00fcrdistan\u2019da 70 tutuklu idam edilmi\u015ftir.<\/p>\n<p style=\"text-align: justify\">18 ya\u015f\u0131ndan k\u00fc\u00e7\u00fckler ve 4 kad\u0131n da idam edildi.<\/p>\n<p style=\"text-align: justify\">Ge\u00e7ti\u011fimiz 2019 y\u0131l\u0131 i\u00e7erisinde 18 ya\u015f\u0131ndan k\u00fc\u00e7\u00fck 4 \u00e7ocuk da idam edildi. Bu idamlar ise Kirman\u015fan ve \u0130lam kentlerinde ger\u00e7ekle\u015fti. Yine 4 kad\u0131n da idam edilenler aras\u0131nda. Bu kad\u0131nlar ise Sine, Urmiye ve Mahabat \u015fehirlerinde ger\u00e7ekle\u015fti.<\/p>\n<p style=\"text-align: justify\">Ayr\u0131ca cezaevlerinde 200 yak\u0131n tutuklunun idam cezas\u0131 ald\u0131\u011f\u0131 fakat hala uygulama tarihlerinin belli olmad\u0131\u011f\u0131 zannediliyor.<\/p>\n","protected":false},"excerpt":{"rendered":"<p>Do\u011fu K\u00fcrdistan \u0130nsan Haklar\u0131 \u00d6rg\u00fct\u00fc Hengaw y\u0131ll\u0131k raporunda ge\u00e7en y\u0131l i\u00e7erisinden 52 K\u00fcrt gencinin \u0130ran rejimi taraf\u0131ndan as\u0131ld\u0131\u011f\u0131n\u0131 duyurdu. Hengaw \u00f6rg\u00fct\u00fc \u0130lam, Loristan, Kirman\u015fah, Sine, Ormiye ve Xorosan eyaletlerinde 52 ki\u015finin idam edildi\u011fini bunlardan 46 tanesinin bilgisinin ellerinde oldu\u011funu fakat geri kalan 6 ki\u015fi hakk\u0131nda bilgi sahibi olmad\u0131klar\u0131n\u0131 duyurdu. 2018 y\u0131l\u0131 boyunca da Do\u011fu K\u00fcrdistan\u2019da [&hellip;]<\/p>\n","protected":false},"author":2,"featured_media":1008123,"comment_status":"closed","ping_status":"closed","sticky":false,"template":"","format":"standard","meta":{"footnotes":""},"categories":[3],"tags":[],"class_list":["post-1008122","post","type-post","status-publish","format-standard","has-post-thumbnail","hentry","category-kurdistan"],"blocksy_meta":[],"seo_head":"<!-- This site is optimized with the Yoast SEO plugin v27.5 - https:\/\/yoast.com\/product\/yoast-seo-wordpress\/ -->\n<title>\u0130ran rejimi 2019 y\u0131l\u0131 boyunca 52 ki\u015fiyi idam etti - Darka Mazi<\/title>\n<meta name=\"robots\" content=\"index, follow, max-snippet:-1, max-image-preview:large, max-video-preview:-1\" \/>\n<link rel=\"canonical\" href=\"https:\/\/darkamazi.site\/archives\/1008122\" \/>\n<meta property=\"og:locale\" content=\"en_US\" \/>\n<meta property=\"og:type\" content=\"article\" \/>\n<meta property=\"og:title\" content=\"\u0130ran rejimi 2019 y\u0131l\u0131 boyunca 52 ki\u015fiyi idam etti - Darka Mazi\" \/>\n<meta property=\"og:description\" content=\"Do\u011fu K\u00fcrdistan \u0130nsan Haklar\u0131 \u00d6rg\u00fct\u00fc Hengaw y\u0131ll\u0131k raporunda ge\u00e7en y\u0131l i\u00e7erisinden 52 K\u00fcrt gencinin \u0130ran rejimi taraf\u0131ndan as\u0131ld\u0131\u011f\u0131n\u0131 duyurdu. Hengaw \u00f6rg\u00fct\u00fc \u0130lam, Loristan, Kirman\u015fah, Sine, Ormiye ve Xorosan eyaletlerinde 52 ki\u015finin idam edildi\u011fini bunlardan 46 tanesinin bilgisinin ellerinde oldu\u011funu fakat geri kalan 6 ki\u015fi hakk\u0131nda bilgi sahibi olmad\u0131klar\u0131n\u0131 duyurdu. 2018 y\u0131l\u0131 boyunca da Do\u011fu K\u00fcrdistan\u2019da [&hellip;]\" \/>\n<meta property=\"og:url\" content=\"https:\/\/darkamazi.site\/archives\/1008122\" \/>\n<meta property=\"og:site_name\" content=\"Darka Mazi\" \/>\n<meta property=\"article:publisher\" content=\"https:\/\/www.facebook.com\/DarkaMaziturkce\" \/>\n<meta property=\"article:published_time\" content=\"2020-01-15T08:51:02+00:00\" \/>\n<meta property=\"article:modified_time\" content=\"2026-03-31T13:45:10+00:00\" \/>\n<meta property=\"og:image\" content=\"https:\/\/darkamazi.site\/file\/2020\/01\/thumbs_b_c_cdd7a57df22143640e5467ace5257953.jpg\" \/>\n\t<meta property=\"og:image:width\" content=\"864\" \/>\n\t<meta property=\"og:image:height\" content=\"486\" \/>\n\t<meta property=\"og:image:type\" content=\"image\/jpeg\" \/>\n<meta name=\"author\" content=\"darka mazi\" \/>\n<meta name=\"twitter:card\" content=\"summary_large_image\" \/>\n<meta name=\"twitter:creator\" content=\"@DarkaMaziTurkce\" \/>\n<meta name=\"twitter:site\" content=\"@DarkaMaziTurkce\" \/>\n<meta name=\"twitter:label1\" content=\"Written by\" \/>\n\t<meta name=\"twitter:data1\" content=\"darka mazi\" \/>\n\t<meta name=\"twitter:label2\" content=\"Est. reading time\" \/>\n\t<meta name=\"twitter:data2\" content=\"1 minute\" \/>\n<script type=\"application\/ld+json\" class=\"seo-schema-graph\">{\"@context\":\"https:\\\/\\\/schema.org\",\"@graph\":[{\"@type\":\"NewsArticle\",\"@id\":\"https:\\\/\\\/darkamazi.site\\\/archives\\\/1008122#article\",\"isPartOf\":{\"@id\":\"https:\\\/\\\/darkamazi.site\\\/archives\\\/1008122\"},\"author\":{\"name\":\"darka mazi\",\"@id\":\"https:\\\/\\\/darkamazi.site\\\/#\\\/schema\\\/person\\\/67986a95ac546c16760365877ef4a9d3\"},\"headline\":\"\u0130ran rejimi 2019 y\u0131l\u0131 boyunca 52 ki\u015fiyi idam etti\",\"datePublished\":\"2020-01-15T08:51:02+00:00\",\"dateModified\":\"2026-03-31T13:45:10+00:00\",\"mainEntityOfPage\":{\"@id\":\"https:\\\/\\\/darkamazi.site\\\/archives\\\/1008122\"},\"wordCount\":160,\"publisher\":{\"@id\":\"https:\\\/\\\/darkamazi.site\\\/#organization\"},\"image\":{\"@id\":\"https:\\\/\\\/darkamazi.site\\\/archives\\\/1008122#primaryimage\"},\"thumbnailUrl\":\"https:\\\/\\\/darkamazi.site\\\/darka-content\\\/uploads\\\/2020\\\/01\\\/thumbs_b_c_cdd7a57df22143640e5467ace5257953.jpg\",\"articleSection\":[\"Kurdistan\"],\"inLanguage\":\"en-US\"},{\"@type\":\"WebPage\",\"@id\":\"https:\\\/\\\/darkamazi.site\\\/archives\\\/1008122\",\"url\":\"https:\\\/\\\/darkamazi.site\\\/archives\\\/1008122\",\"name\":\"\u0130ran rejimi 2019 y\u0131l\u0131 boyunca 52 ki\u015fiyi idam etti - Darka Mazi\",\"isPartOf\":{\"@id\":\"https:\\\/\\\/darkamazi.site\\\/#website\"},\"primaryImageOfPage\":{\"@id\":\"https:\\\/\\\/darkamazi.site\\\/archives\\\/1008122#primaryimage\"},\"image\":{\"@id\":\"https:\\\/\\\/darkamazi.site\\\/archives\\\/1008122#primaryimage\"},\"thumbnailUrl\":\"https:\\\/\\\/darkamazi.site\\\/darka-content\\\/uploads\\\/2020\\\/01\\\/thumbs_b_c_cdd7a57df22143640e5467ace5257953.jpg\",\"datePublished\":\"2020-01-15T08:51:02+00:00\",\"dateModified\":\"2026-03-31T13:45:10+00:00\",\"breadcrumb\":{\"@id\":\"https:\\\/\\\/darkamazi.site\\\/archives\\\/1008122#breadcrumb\"},\"inLanguage\":\"en-US\",\"potentialAction\":[{\"@type\":\"ReadAction\",\"target\":[\"https:\\\/\\\/darkamazi.site\\\/archives\\\/1008122\"]}]},{\"@type\":\"ImageObject\",\"inLanguage\":\"en-US\",\"@id\":\"https:\\\/\\\/darkamazi.site\\\/archives\\\/1008122#primaryimage\",\"url\":\"https:\\\/\\\/darkamazi.site\\\/darka-content\\\/uploads\\\/2020\\\/01\\\/thumbs_b_c_cdd7a57df22143640e5467ace5257953.jpg\",\"contentUrl\":\"https:\\\/\\\/darkamazi.site\\\/darka-content\\\/uploads\\\/2020\\\/01\\\/thumbs_b_c_cdd7a57df22143640e5467ace5257953.jpg\",\"width\":864,\"height\":486,\"caption\":\"\u0130ran rejimi 2019 y\u0131l\u0131 boyunca 52 ki\u015fiyi idam etti\"},{\"@type\":\"BreadcrumbList\",\"@id\":\"https:\\\/\\\/darkamazi.site\\\/archives\\\/1008122#breadcrumb\",\"itemListElement\":[{\"@type\":\"ListItem\",\"position\":1,\"name\":\"Home\",\"item\":\"https:\\\/\\\/darkamazi.site\\\/\"},{\"@type\":\"ListItem\",\"position\":2,\"name\":\"\u0130ran rejimi 2019 y\u0131l\u0131 boyunca 52 ki\u015fiyi idam etti\"}]},{\"@type\":\"WebSite\",\"@id\":\"https:\\\/\\\/darkamazi.site\\\/#website\",\"url\":\"https:\\\/\\\/darkamazi.site\\\/\",\"name\":\"Darka Mazi\",\"description\":\"Ana Sayfa\",\"publisher\":{\"@id\":\"https:\\\/\\\/darkamazi.site\\\/#organization\"},\"potentialAction\":[{\"@type\":\"SearchAction\",\"target\":{\"@type\":\"EntryPoint\",\"urlTemplate\":\"https:\\\/\\\/darkamazi.site\\\/?s={search_term_string}\"},\"query-input\":{\"@type\":\"PropertyValueSpecification\",\"valueRequired\":true,\"valueName\":\"search_term_string\"}}],\"inLanguage\":\"en-US\"},{\"@type\":\"Organization\",\"@id\":\"https:\\\/\\\/darkamazi.site\\\/#organization\",\"name\":\"Darka Mazi T\u00fcrk\u00e7e\",\"alternateName\":\"Darka Mazi\",\"url\":\"https:\\\/\\\/darkamazi.site\\\/\",\"logo\":{\"@type\":\"ImageObject\",\"inLanguage\":\"en-US\",\"@id\":\"https:\\\/\\\/darkamazi.site\\\/#\\\/schema\\\/logo\\\/image\\\/\",\"url\":\"https:\\\/\\\/darkamazi.site\\\/darka-content\\\/uploads\\\/2017\\\/12\\\/darka-mazi-logo.png\",\"contentUrl\":\"https:\\\/\\\/darkamazi.site\\\/darka-content\\\/uploads\\\/2017\\\/12\\\/darka-mazi-logo.png\",\"width\":151,\"height\":75,\"caption\":\"Darka Mazi T\u00fcrk\u00e7e\"},\"image\":{\"@id\":\"https:\\\/\\\/darkamazi.site\\\/#\\\/schema\\\/logo\\\/image\\\/\"},\"sameAs\":[\"https:\\\/\\\/www.facebook.com\\\/DarkaMaziturkce\",\"https:\\\/\\\/x.com\\\/DarkaMaziTurkce\"]},{\"@type\":\"Person\",\"@id\":\"https:\\\/\\\/darkamazi.site\\\/#\\\/schema\\\/person\\\/67986a95ac546c16760365877ef4a9d3\",\"name\":\"darka mazi\",\"sameAs\":[\"https:\\\/\\\/darkamazi.site\"],\"url\":\"https:\\\/\\\/darkamazi.site\\\/archives\\\/author\\\/turkish\"}]}<\/script>\n<!-- \/ Yoast SEO plugin. -->","seo_head_json":{"title":"\u0130ran rejimi 2019 y\u0131l\u0131 boyunca 52 ki\u015fiyi idam etti - Darka Mazi","robots":{"index":"index","follow":"follow","max-snippet":"max-snippet:-1","max-image-preview":"max-image-preview:large","max-video-preview":"max-video-preview:-1"},"canonical":"https:\/\/darkamazi.site\/archives\/1008122","og_locale":"en_US","og_type":"article","og_title":"\u0130ran rejimi 2019 y\u0131l\u0131 boyunca 52 ki\u015fiyi idam etti - Darka Mazi","og_description":"Do\u011fu K\u00fcrdistan \u0130nsan Haklar\u0131 \u00d6rg\u00fct\u00fc Hengaw y\u0131ll\u0131k raporunda ge\u00e7en y\u0131l i\u00e7erisinden 52 K\u00fcrt gencinin \u0130ran rejimi taraf\u0131ndan as\u0131ld\u0131\u011f\u0131n\u0131 duyurdu. Hengaw \u00f6rg\u00fct\u00fc \u0130lam, Loristan, Kirman\u015fah, Sine, Ormiye ve Xorosan eyaletlerinde 52 ki\u015finin idam edildi\u011fini bunlardan 46 tanesinin bilgisinin ellerinde oldu\u011funu fakat geri kalan 6 ki\u015fi hakk\u0131nda bilgi sahibi olmad\u0131klar\u0131n\u0131 duyurdu. 2018 y\u0131l\u0131 boyunca da Do\u011fu K\u00fcrdistan\u2019da [&hellip;]","og_url":"https:\/\/darkamazi.site\/archives\/1008122","og_site_name":"Darka Mazi","article_publisher":"https:\/\/www.facebook.com\/DarkaMaziturkce","article_published_time":"2020-01-15T08:51:02+00:00","article_modified_time":"2026-03-31T13:45:10+00:00","og_image":[{"width":864,"height":486,"url":"https:\/\/darkamazi.site\/file\/2020\/01\/thumbs_b_c_cdd7a57df22143640e5467ace5257953.jpg","type":"image\/jpeg"}],"author":"darka mazi","twitter_card":"summary_large_image","twitter_creator":"@DarkaMaziTurkce","twitter_site":"@DarkaMaziTurkce","twitter_misc":{"Written by":"darka mazi","Est. reading time":"1 minute"},"schema":{"@context":"https:\/\/schema.org","@graph":[{"@type":"NewsArticle","@id":"https:\/\/darkamazi.site\/archives\/1008122#article","isPartOf":{"@id":"https:\/\/darkamazi.site\/archives\/1008122"},"author":{"name":"darka mazi","@id":"https:\/\/darkamazi.site\/#\/schema\/person\/67986a95ac546c16760365877ef4a9d3"},"headline":"\u0130ran rejimi 2019 y\u0131l\u0131 boyunca 52 ki\u015fiyi idam etti","datePublished":"2020-01-15T08:51:02+00:00","dateModified":"2026-03-31T13:45:10+00:00","mainEntityOfPage":{"@id":"https:\/\/darkamazi.site\/archives\/1008122"},"wordCount":160,"publisher":{"@id":"https:\/\/darkamazi.site\/#organization"},"image":{"@id":"https:\/\/darkamazi.site\/archives\/1008122#primaryimage"},"thumbnailUrl":"https:\/\/darkamazi.site\/file\/2020\/01\/thumbs_b_c_cdd7a57df22143640e5467ace5257953.jpg","articleSection":["Kurdistan"],"inLanguage":"en-US"},{"@type":"WebPage","@id":"https:\/\/darkamazi.site\/archives\/1008122","url":"https:\/\/darkamazi.site\/archives\/1008122","name":"\u0130ran rejimi 2019 y\u0131l\u0131 boyunca 52 ki\u015fiyi idam etti - Darka Mazi","isPartOf":{"@id":"https:\/\/darkamazi.site\/#website"},"primaryImageOfPage":{"@id":"https:\/\/darkamazi.site\/archives\/1008122#primaryimage"},"image":{"@id":"https:\/\/darkamazi.site\/archives\/1008122#primaryimage"},"thumbnailUrl":"https:\/\/darkamazi.site\/file\/2020\/01\/thumbs_b_c_cdd7a57df22143640e5467ace5257953.jpg","datePublished":"2020-01-15T08:51:02+00:00","dateModified":"2026-03-31T13:45:10+00:00","breadcrumb":{"@id":"https:\/\/darkamazi.site\/archives\/1008122#breadcrumb"},"inLanguage":"en-US","potentialAction":[{"@type":"ReadAction","target":["https:\/\/darkamazi.site\/archives\/1008122"]}]},{"@type":"ImageObject","inLanguage":"en-US","@id":"https:\/\/darkamazi.site\/archives\/1008122#primaryimage","url":"https:\/\/darkamazi.site\/file\/2020\/01\/thumbs_b_c_cdd7a57df22143640e5467ace5257953.jpg","contentUrl":"https:\/\/darkamazi.site\/file\/2020\/01\/thumbs_b_c_cdd7a57df22143640e5467ace5257953.jpg","width":864,"height":486,"caption":"\u0130ran rejimi 2019 y\u0131l\u0131 boyunca 52 ki\u015fiyi idam etti"},{"@type":"BreadcrumbList","@id":"https:\/\/darkamazi.site\/archives\/1008122#breadcrumb","itemListElement":[{"@type":"ListItem","position":1,"name":"Home","item":"https:\/\/darkamazi.site\/"},{"@type":"ListItem","position":2,"name":"\u0130ran rejimi 2019 y\u0131l\u0131 boyunca 52 ki\u015fiyi idam etti"}]},{"@type":"WebSite","@id":"https:\/\/darkamazi.site\/#website","url":"https:\/\/darkamazi.site\/","name":"Darka Mazi","description":"Ana Sayfa","publisher":{"@id":"https:\/\/darkamazi.site\/#organization"},"potentialAction":[{"@type":"SearchAction","target":{"@type":"EntryPoint","urlTemplate":"https:\/\/darkamazi.site\/?s={search_term_string}"},"query-input":{"@type":"PropertyValueSpecification","valueRequired":true,"valueName":"search_term_string"}}],"inLanguage":"en-US"},{"@type":"Organization","@id":"https:\/\/darkamazi.site\/#organization","name":"Darka Mazi T\u00fcrk\u00e7e","alternateName":"Darka Mazi","url":"https:\/\/darkamazi.site\/","logo":{"@type":"ImageObject","inLanguage":"en-US","@id":"https:\/\/darkamazi.site\/#\/schema\/logo\/image\/","url":"https:\/\/darkamazi.site\/file\/2017\/12\/darka-mazi-logo.png","contentUrl":"https:\/\/darkamazi.site\/file\/2017\/12\/darka-mazi-logo.png","width":151,"height":75,"caption":"Darka Mazi T\u00fcrk\u00e7e"},"image":{"@id":"https:\/\/darkamazi.site\/#\/schema\/logo\/image\/"},"sameAs":["https:\/\/www.facebook.com\/DarkaMaziturkce","https:\/\/x.com\/DarkaMaziTurkce"]},{"@type":"Person","@id":"https:\/\/darkamazi.site\/#\/schema\/person\/67986a95ac546c16760365877ef4a9d3","name":"darka mazi","sameAs":["https:\/\/darkamazi.site"],"url":"https:\/\/darkamazi.site\/archives\/author\/turkish"}]}},"_links":{"self":[{"href":"https:\/\/darkamazi.site\/funavuv\/wp\/v2\/posts\/1008122","targetHints":{"allow":["GET"]}}],"collection":[{"href":"https:\/\/darkamazi.site\/funavuv\/wp\/v2\/posts"}],"about":[{"href":"https:\/\/darkamazi.site\/funavuv\/wp\/v2\/types\/post"}],"author":[{"embeddable":true,"href":"https:\/\/darkamazi.site\/funavuv\/wp\/v2\/users\/2"}],"replies":[{"embeddable":true,"href":"https:\/\/darkamazi.site\/funavuv\/wp\/v2\/comments?post=1008122"}],"version-history":[{"count":0,"href":"https:\/\/darkamazi.site\/funavuv\/wp\/v2\/posts\/1008122\/revisions"}],"wp:featuredmedia":[{"embeddable":true,"href":"https:\/\/darkamazi.site\/funavuv\/wp\/v2\/media\/1008123"}],"wp:attachment":[{"href":"https:\/\/darkamazi.site\/funavuv\/wp\/v2\/media?parent=1008122"}],"wp:term":[{"taxonomy":"category","embeddable":true,"href":"https:\/\/darkamazi.site\/funavuv\/wp\/v2\/categories?post=1008122"},{"taxonomy":"post_tag","embeddable":true,"href":"https:\/\/darkamazi.site\/funavuv\/wp\/v2\/tags?post=1008122"}],"curies":[{"name":"wp","href":"https:\/\/api.w.org\/{rel}","templated":true}]}}