{"id":1008125,"date":"2020-01-15T12:03:24","date_gmt":"2020-01-15T09:03:24","guid":{"rendered":"https:\/\/darkamazi.site\/?p=1008125"},"modified":"2026-03-31T16:45:09","modified_gmt":"2026-03-31T13:45:09","slug":"katar-dis-isleri-bakani-erbile-geliyor","status":"publish","type":"post","link":"https:\/\/darkamazi.site\/archives\/1008125","title":{"rendered":"Katar D\u0131\u015f \u0130\u015fleri Bakan\u0131 Erbil\u2019e geliyor"},"content":{"rendered":"<p>Katar D\u0131\u015fi\u015fleri Bakan\u0131 \u015eeyh Muhammed bin Abdurrahman El-Sani\u2019nin bug\u00fcn Irak\u2019\u0131n ba\u015fkenti Ba\u011fdat\u2019a ziyaretinin ard\u0131ndan Erbil\u2019e gelece\u011fi bildirildi.<\/p>\n<p>Irak D\u0131\u015fi\u015fleri Bakanl\u0131\u011f\u0131 taraf\u0131ndan yap\u0131lan a\u00e7\u0131klamada, Katar D\u0131\u015fi\u015fleri Bakan\u0131 El-Sani&#8217;nin \u0130ranl\u0131 General S\u00fcleymani&#8217;nin Ba\u011fdat&#8217;ta \u00f6ld\u00fcr\u00fclmesinin ard\u0131ndan b\u00f6lgede t\u0131rmanan ABD-\u0130ran gerilimini d\u00fc\u015f\u00fcrmek i\u00e7in yar\u0131n Ba\u011fdat&#8217;\u0131 ziyaret edece\u011fi a\u00e7\u0131kland\u0131.<\/p>\n<p>El Sani\u2019nin Ba\u011fdat\u2019tan sonra Erbil\u2019e gelerek K\u00fcrdistan B\u00f6lgesi yetkilileriyle bir araya gelmesi bekleniyor.<\/p>\n<p>ABD\u2019nin 3 Ocak\u2019ta \u0130ranl\u0131 general Kas\u0131m S\u00fcleymani\u2019yi Ba\u011fdat\u2019ta d\u00fczenlenen operasyonla \u00f6ld\u00fcrmesinin ard\u0131ndan b\u00f6lgede artan gerilimi d\u00fc\u015f\u00fcrmeye \u00e7al\u0131\u015fan Katar, yo\u011fun diplomasi trafi\u011fi ba\u015flatt\u0131.<\/p>\n<p>\u00d6te yandan Katar Emiri \u015eeyh Temim bin Hamed el- Sani de ge\u00e7ti\u011fimiz g\u00fcnlerde Tahran\u2019da \u0130ran Cumhurba\u015fkan\u0131 Ruhani ile bir araya gelmi\u015fti.<\/p>\n<p>&nbsp;<\/p>\n","protected":false},"excerpt":{"rendered":"<p>Katar D\u0131\u015fi\u015fleri Bakan\u0131 \u015eeyh Muhammed bin Abdurrahman El-Sani\u2019nin bug\u00fcn Irak\u2019\u0131n ba\u015fkenti Ba\u011fdat\u2019a ziyaretinin ard\u0131ndan Erbil\u2019e gelece\u011fi bildirildi. Irak D\u0131\u015fi\u015fleri Bakanl\u0131\u011f\u0131 taraf\u0131ndan yap\u0131lan a\u00e7\u0131klamada, Katar D\u0131\u015fi\u015fleri Bakan\u0131 El-Sani&#8217;nin \u0130ranl\u0131 General S\u00fcleymani&#8217;nin Ba\u011fdat&#8217;ta \u00f6ld\u00fcr\u00fclmesinin ard\u0131ndan b\u00f6lgede t\u0131rmanan ABD-\u0130ran gerilimini d\u00fc\u015f\u00fcrmek i\u00e7in yar\u0131n Ba\u011fdat&#8217;\u0131 ziyaret edece\u011fi a\u00e7\u0131kland\u0131. El Sani\u2019nin Ba\u011fdat\u2019tan sonra Erbil\u2019e gelerek K\u00fcrdistan B\u00f6lgesi yetkilileriyle bir araya [&hellip;]<\/p>\n","protected":false},"author":2,"featured_media":1008128,"comment_status":"closed","ping_status":"closed","sticky":false,"template":"","format":"standard","meta":{"footnotes":""},"categories":[3],"tags":[],"class_list":["post-1008125","post","type-post","status-publish","format-standard","has-post-thumbnail","hentry","category-kurdistan"],"blocksy_meta":[],"seo_head":"<!-- This site is optimized with the Yoast SEO plugin v27.5 - https:\/\/yoast.com\/product\/yoast-seo-wordpress\/ -->\n<title>Katar D\u0131\u015f \u0130\u015fleri Bakan\u0131 Erbil\u2019e geliyor - Darka Mazi<\/title>\n<meta name=\"robots\" content=\"index, follow, max-snippet:-1, max-image-preview:large, max-video-preview:-1\" \/>\n<link rel=\"canonical\" href=\"https:\/\/darkamazi.site\/archives\/1008125\" \/>\n<meta property=\"og:locale\" content=\"en_US\" \/>\n<meta property=\"og:type\" content=\"article\" \/>\n<meta property=\"og:title\" content=\"Katar D\u0131\u015f \u0130\u015fleri Bakan\u0131 Erbil\u2019e geliyor - Darka Mazi\" \/>\n<meta property=\"og:description\" content=\"Katar D\u0131\u015fi\u015fleri Bakan\u0131 \u015eeyh Muhammed bin Abdurrahman El-Sani\u2019nin bug\u00fcn Irak\u2019\u0131n ba\u015fkenti Ba\u011fdat\u2019a ziyaretinin ard\u0131ndan Erbil\u2019e gelece\u011fi bildirildi. Irak D\u0131\u015fi\u015fleri Bakanl\u0131\u011f\u0131 taraf\u0131ndan yap\u0131lan a\u00e7\u0131klamada, Katar D\u0131\u015fi\u015fleri Bakan\u0131 El-Sani&#8217;nin \u0130ranl\u0131 General S\u00fcleymani&#8217;nin Ba\u011fdat&#8217;ta \u00f6ld\u00fcr\u00fclmesinin ard\u0131ndan b\u00f6lgede t\u0131rmanan ABD-\u0130ran gerilimini d\u00fc\u015f\u00fcrmek i\u00e7in yar\u0131n Ba\u011fdat&#8217;\u0131 ziyaret edece\u011fi a\u00e7\u0131kland\u0131. El Sani\u2019nin Ba\u011fdat\u2019tan sonra Erbil\u2019e gelerek K\u00fcrdistan B\u00f6lgesi yetkilileriyle bir araya [&hellip;]\" \/>\n<meta property=\"og:url\" content=\"https:\/\/darkamazi.site\/archives\/1008125\" \/>\n<meta property=\"og:site_name\" content=\"Darka Mazi\" \/>\n<meta property=\"article:publisher\" content=\"https:\/\/www.facebook.com\/DarkaMaziturkce\" \/>\n<meta property=\"article:published_time\" content=\"2020-01-15T09:03:24+00:00\" \/>\n<meta property=\"article:modified_time\" content=\"2026-03-31T13:45:09+00:00\" \/>\n<meta property=\"og:image\" content=\"https:\/\/darkamazi.site\/file\/2020\/01\/thumbs_b_c_32257a057a73b441adad64f5deb72960.jpg\" \/>\n\t<meta property=\"og:image:width\" content=\"682\" \/>\n\t<meta property=\"og:image:height\" content=\"350\" \/>\n\t<meta property=\"og:image:type\" content=\"image\/jpeg\" \/>\n<meta name=\"author\" content=\"darka mazi\" \/>\n<meta name=\"twitter:card\" content=\"summary_large_image\" \/>\n<meta name=\"twitter:creator\" content=\"@DarkaMaziTurkce\" \/>\n<meta name=\"twitter:site\" content=\"@DarkaMaziTurkce\" \/>\n<meta name=\"twitter:label1\" content=\"Written by\" \/>\n\t<meta name=\"twitter:data1\" content=\"darka mazi\" \/>\n\t<meta name=\"twitter:label2\" content=\"Est. reading time\" \/>\n\t<meta name=\"twitter:data2\" content=\"1 minute\" \/>\n<script type=\"application\/ld+json\" class=\"seo-schema-graph\">{\"@context\":\"https:\\\/\\\/schema.org\",\"@graph\":[{\"@type\":\"NewsArticle\",\"@id\":\"https:\\\/\\\/darkamazi.site\\\/archives\\\/1008125#article\",\"isPartOf\":{\"@id\":\"https:\\\/\\\/darkamazi.site\\\/archives\\\/1008125\"},\"author\":{\"name\":\"darka mazi\",\"@id\":\"https:\\\/\\\/darkamazi.site\\\/#\\\/schema\\\/person\\\/67986a95ac546c16760365877ef4a9d3\"},\"headline\":\"Katar D\u0131\u015f \u0130\u015fleri Bakan\u0131 Erbil\u2019e geliyor\",\"datePublished\":\"2020-01-15T09:03:24+00:00\",\"dateModified\":\"2026-03-31T13:45:09+00:00\",\"mainEntityOfPage\":{\"@id\":\"https:\\\/\\\/darkamazi.site\\\/archives\\\/1008125\"},\"wordCount\":170,\"publisher\":{\"@id\":\"https:\\\/\\\/darkamazi.site\\\/#organization\"},\"image\":{\"@id\":\"https:\\\/\\\/darkamazi.site\\\/archives\\\/1008125#primaryimage\"},\"thumbnailUrl\":\"https:\\\/\\\/darkamazi.site\\\/darka-content\\\/uploads\\\/2020\\\/01\\\/thumbs_b_c_32257a057a73b441adad64f5deb72960.jpg\",\"articleSection\":[\"Kurdistan\"],\"inLanguage\":\"en-US\"},{\"@type\":\"WebPage\",\"@id\":\"https:\\\/\\\/darkamazi.site\\\/archives\\\/1008125\",\"url\":\"https:\\\/\\\/darkamazi.site\\\/archives\\\/1008125\",\"name\":\"Katar D\u0131\u015f \u0130\u015fleri Bakan\u0131 Erbil\u2019e geliyor - Darka Mazi\",\"isPartOf\":{\"@id\":\"https:\\\/\\\/darkamazi.site\\\/#website\"},\"primaryImageOfPage\":{\"@id\":\"https:\\\/\\\/darkamazi.site\\\/archives\\\/1008125#primaryimage\"},\"image\":{\"@id\":\"https:\\\/\\\/darkamazi.site\\\/archives\\\/1008125#primaryimage\"},\"thumbnailUrl\":\"https:\\\/\\\/darkamazi.site\\\/darka-content\\\/uploads\\\/2020\\\/01\\\/thumbs_b_c_32257a057a73b441adad64f5deb72960.jpg\",\"datePublished\":\"2020-01-15T09:03:24+00:00\",\"dateModified\":\"2026-03-31T13:45:09+00:00\",\"breadcrumb\":{\"@id\":\"https:\\\/\\\/darkamazi.site\\\/archives\\\/1008125#breadcrumb\"},\"inLanguage\":\"en-US\",\"potentialAction\":[{\"@type\":\"ReadAction\",\"target\":[\"https:\\\/\\\/darkamazi.site\\\/archives\\\/1008125\"]}]},{\"@type\":\"ImageObject\",\"inLanguage\":\"en-US\",\"@id\":\"https:\\\/\\\/darkamazi.site\\\/archives\\\/1008125#primaryimage\",\"url\":\"https:\\\/\\\/darkamazi.site\\\/darka-content\\\/uploads\\\/2020\\\/01\\\/thumbs_b_c_32257a057a73b441adad64f5deb72960.jpg\",\"contentUrl\":\"https:\\\/\\\/darkamazi.site\\\/darka-content\\\/uploads\\\/2020\\\/01\\\/thumbs_b_c_32257a057a73b441adad64f5deb72960.jpg\",\"width\":682,\"height\":350,\"caption\":\"Katar D\u0131\u015f \u0130\u015fleri Bakan\u0131 Erbil\u2019e geliyor\"},{\"@type\":\"BreadcrumbList\",\"@id\":\"https:\\\/\\\/darkamazi.site\\\/archives\\\/1008125#breadcrumb\",\"itemListElement\":[{\"@type\":\"ListItem\",\"position\":1,\"name\":\"Home\",\"item\":\"https:\\\/\\\/darkamazi.site\\\/\"},{\"@type\":\"ListItem\",\"position\":2,\"name\":\"Katar D\u0131\u015f \u0130\u015fleri Bakan\u0131 Erbil\u2019e geliyor\"}]},{\"@type\":\"WebSite\",\"@id\":\"https:\\\/\\\/darkamazi.site\\\/#website\",\"url\":\"https:\\\/\\\/darkamazi.site\\\/\",\"name\":\"Darka Mazi\",\"description\":\"Ana Sayfa\",\"publisher\":{\"@id\":\"https:\\\/\\\/darkamazi.site\\\/#organization\"},\"potentialAction\":[{\"@type\":\"SearchAction\",\"target\":{\"@type\":\"EntryPoint\",\"urlTemplate\":\"https:\\\/\\\/darkamazi.site\\\/?s={search_term_string}\"},\"query-input\":{\"@type\":\"PropertyValueSpecification\",\"valueRequired\":true,\"valueName\":\"search_term_string\"}}],\"inLanguage\":\"en-US\"},{\"@type\":\"Organization\",\"@id\":\"https:\\\/\\\/darkamazi.site\\\/#organization\",\"name\":\"Darka Mazi T\u00fcrk\u00e7e\",\"alternateName\":\"Darka Mazi\",\"url\":\"https:\\\/\\\/darkamazi.site\\\/\",\"logo\":{\"@type\":\"ImageObject\",\"inLanguage\":\"en-US\",\"@id\":\"https:\\\/\\\/darkamazi.site\\\/#\\\/schema\\\/logo\\\/image\\\/\",\"url\":\"https:\\\/\\\/darkamazi.site\\\/darka-content\\\/uploads\\\/2017\\\/12\\\/darka-mazi-logo.png\",\"contentUrl\":\"https:\\\/\\\/darkamazi.site\\\/darka-content\\\/uploads\\\/2017\\\/12\\\/darka-mazi-logo.png\",\"width\":151,\"height\":75,\"caption\":\"Darka Mazi T\u00fcrk\u00e7e\"},\"image\":{\"@id\":\"https:\\\/\\\/darkamazi.site\\\/#\\\/schema\\\/logo\\\/image\\\/\"},\"sameAs\":[\"https:\\\/\\\/www.facebook.com\\\/DarkaMaziturkce\",\"https:\\\/\\\/x.com\\\/DarkaMaziTurkce\"]},{\"@type\":\"Person\",\"@id\":\"https:\\\/\\\/darkamazi.site\\\/#\\\/schema\\\/person\\\/67986a95ac546c16760365877ef4a9d3\",\"name\":\"darka mazi\",\"sameAs\":[\"https:\\\/\\\/darkamazi.site\"],\"url\":\"https:\\\/\\\/darkamazi.site\\\/archives\\\/author\\\/turkish\"}]}<\/script>\n<!-- \/ Yoast SEO plugin. -->","seo_head_json":{"title":"Katar D\u0131\u015f \u0130\u015fleri Bakan\u0131 Erbil\u2019e geliyor - Darka Mazi","robots":{"index":"index","follow":"follow","max-snippet":"max-snippet:-1","max-image-preview":"max-image-preview:large","max-video-preview":"max-video-preview:-1"},"canonical":"https:\/\/darkamazi.site\/archives\/1008125","og_locale":"en_US","og_type":"article","og_title":"Katar D\u0131\u015f \u0130\u015fleri Bakan\u0131 Erbil\u2019e geliyor - Darka Mazi","og_description":"Katar D\u0131\u015fi\u015fleri Bakan\u0131 \u015eeyh Muhammed bin Abdurrahman El-Sani\u2019nin bug\u00fcn Irak\u2019\u0131n ba\u015fkenti Ba\u011fdat\u2019a ziyaretinin ard\u0131ndan Erbil\u2019e gelece\u011fi bildirildi. Irak D\u0131\u015fi\u015fleri Bakanl\u0131\u011f\u0131 taraf\u0131ndan yap\u0131lan a\u00e7\u0131klamada, Katar D\u0131\u015fi\u015fleri Bakan\u0131 El-Sani&#8217;nin \u0130ranl\u0131 General S\u00fcleymani&#8217;nin Ba\u011fdat&#8217;ta \u00f6ld\u00fcr\u00fclmesinin ard\u0131ndan b\u00f6lgede t\u0131rmanan ABD-\u0130ran gerilimini d\u00fc\u015f\u00fcrmek i\u00e7in yar\u0131n Ba\u011fdat&#8217;\u0131 ziyaret edece\u011fi a\u00e7\u0131kland\u0131. El Sani\u2019nin Ba\u011fdat\u2019tan sonra Erbil\u2019e gelerek K\u00fcrdistan B\u00f6lgesi yetkilileriyle bir araya [&hellip;]","og_url":"https:\/\/darkamazi.site\/archives\/1008125","og_site_name":"Darka Mazi","article_publisher":"https:\/\/www.facebook.com\/DarkaMaziturkce","article_published_time":"2020-01-15T09:03:24+00:00","article_modified_time":"2026-03-31T13:45:09+00:00","og_image":[{"width":682,"height":350,"url":"https:\/\/darkamazi.site\/file\/2020\/01\/thumbs_b_c_32257a057a73b441adad64f5deb72960.jpg","type":"image\/jpeg"}],"author":"darka mazi","twitter_card":"summary_large_image","twitter_creator":"@DarkaMaziTurkce","twitter_site":"@DarkaMaziTurkce","twitter_misc":{"Written by":"darka mazi","Est. reading time":"1 minute"},"schema":{"@context":"https:\/\/schema.org","@graph":[{"@type":"NewsArticle","@id":"https:\/\/darkamazi.site\/archives\/1008125#article","isPartOf":{"@id":"https:\/\/darkamazi.site\/archives\/1008125"},"author":{"name":"darka mazi","@id":"https:\/\/darkamazi.site\/#\/schema\/person\/67986a95ac546c16760365877ef4a9d3"},"headline":"Katar D\u0131\u015f \u0130\u015fleri Bakan\u0131 Erbil\u2019e geliyor","datePublished":"2020-01-15T09:03:24+00:00","dateModified":"2026-03-31T13:45:09+00:00","mainEntityOfPage":{"@id":"https:\/\/darkamazi.site\/archives\/1008125"},"wordCount":170,"publisher":{"@id":"https:\/\/darkamazi.site\/#organization"},"image":{"@id":"https:\/\/darkamazi.site\/archives\/1008125#primaryimage"},"thumbnailUrl":"https:\/\/darkamazi.site\/file\/2020\/01\/thumbs_b_c_32257a057a73b441adad64f5deb72960.jpg","articleSection":["Kurdistan"],"inLanguage":"en-US"},{"@type":"WebPage","@id":"https:\/\/darkamazi.site\/archives\/1008125","url":"https:\/\/darkamazi.site\/archives\/1008125","name":"Katar D\u0131\u015f \u0130\u015fleri Bakan\u0131 Erbil\u2019e geliyor - Darka Mazi","isPartOf":{"@id":"https:\/\/darkamazi.site\/#website"},"primaryImageOfPage":{"@id":"https:\/\/darkamazi.site\/archives\/1008125#primaryimage"},"image":{"@id":"https:\/\/darkamazi.site\/archives\/1008125#primaryimage"},"thumbnailUrl":"https:\/\/darkamazi.site\/file\/2020\/01\/thumbs_b_c_32257a057a73b441adad64f5deb72960.jpg","datePublished":"2020-01-15T09:03:24+00:00","dateModified":"2026-03-31T13:45:09+00:00","breadcrumb":{"@id":"https:\/\/darkamazi.site\/archives\/1008125#breadcrumb"},"inLanguage":"en-US","potentialAction":[{"@type":"ReadAction","target":["https:\/\/darkamazi.site\/archives\/1008125"]}]},{"@type":"ImageObject","inLanguage":"en-US","@id":"https:\/\/darkamazi.site\/archives\/1008125#primaryimage","url":"https:\/\/darkamazi.site\/file\/2020\/01\/thumbs_b_c_32257a057a73b441adad64f5deb72960.jpg","contentUrl":"https:\/\/darkamazi.site\/file\/2020\/01\/thumbs_b_c_32257a057a73b441adad64f5deb72960.jpg","width":682,"height":350,"caption":"Katar D\u0131\u015f \u0130\u015fleri Bakan\u0131 Erbil\u2019e geliyor"},{"@type":"BreadcrumbList","@id":"https:\/\/darkamazi.site\/archives\/1008125#breadcrumb","itemListElement":[{"@type":"ListItem","position":1,"name":"Home","item":"https:\/\/darkamazi.site\/"},{"@type":"ListItem","position":2,"name":"Katar D\u0131\u015f \u0130\u015fleri Bakan\u0131 Erbil\u2019e geliyor"}]},{"@type":"WebSite","@id":"https:\/\/darkamazi.site\/#website","url":"https:\/\/darkamazi.site\/","name":"Darka Mazi","description":"Ana Sayfa","publisher":{"@id":"https:\/\/darkamazi.site\/#organization"},"potentialAction":[{"@type":"SearchAction","target":{"@type":"EntryPoint","urlTemplate":"https:\/\/darkamazi.site\/?s={search_term_string}"},"query-input":{"@type":"PropertyValueSpecification","valueRequired":true,"valueName":"search_term_string"}}],"inLanguage":"en-US"},{"@type":"Organization","@id":"https:\/\/darkamazi.site\/#organization","name":"Darka Mazi T\u00fcrk\u00e7e","alternateName":"Darka Mazi","url":"https:\/\/darkamazi.site\/","logo":{"@type":"ImageObject","inLanguage":"en-US","@id":"https:\/\/darkamazi.site\/#\/schema\/logo\/image\/","url":"https:\/\/darkamazi.site\/file\/2017\/12\/darka-mazi-logo.png","contentUrl":"https:\/\/darkamazi.site\/file\/2017\/12\/darka-mazi-logo.png","width":151,"height":75,"caption":"Darka Mazi T\u00fcrk\u00e7e"},"image":{"@id":"https:\/\/darkamazi.site\/#\/schema\/logo\/image\/"},"sameAs":["https:\/\/www.facebook.com\/DarkaMaziturkce","https:\/\/x.com\/DarkaMaziTurkce"]},{"@type":"Person","@id":"https:\/\/darkamazi.site\/#\/schema\/person\/67986a95ac546c16760365877ef4a9d3","name":"darka mazi","sameAs":["https:\/\/darkamazi.site"],"url":"https:\/\/darkamazi.site\/archives\/author\/turkish"}]}},"_links":{"self":[{"href":"https:\/\/darkamazi.site\/funavuv\/wp\/v2\/posts\/1008125","targetHints":{"allow":["GET"]}}],"collection":[{"href":"https:\/\/darkamazi.site\/funavuv\/wp\/v2\/posts"}],"about":[{"href":"https:\/\/darkamazi.site\/funavuv\/wp\/v2\/types\/post"}],"author":[{"embeddable":true,"href":"https:\/\/darkamazi.site\/funavuv\/wp\/v2\/users\/2"}],"replies":[{"embeddable":true,"href":"https:\/\/darkamazi.site\/funavuv\/wp\/v2\/comments?post=1008125"}],"version-history":[{"count":0,"href":"https:\/\/darkamazi.site\/funavuv\/wp\/v2\/posts\/1008125\/revisions"}],"wp:featuredmedia":[{"embeddable":true,"href":"https:\/\/darkamazi.site\/funavuv\/wp\/v2\/media\/1008128"}],"wp:attachment":[{"href":"https:\/\/darkamazi.site\/funavuv\/wp\/v2\/media?parent=1008125"}],"wp:term":[{"taxonomy":"category","embeddable":true,"href":"https:\/\/darkamazi.site\/funavuv\/wp\/v2\/categories?post=1008125"},{"taxonomy":"post_tag","embeddable":true,"href":"https:\/\/darkamazi.site\/funavuv\/wp\/v2\/tags?post=1008125"}],"curies":[{"name":"wp","href":"https:\/\/api.w.org\/{rel}","templated":true}]}}